{"id":53086,"date":"2024-02-19T19:47:04","date_gmt":"2024-02-19T19:47:04","guid":{"rendered":"https:\/\/www.africa-press.net\/centrafricaine\/politique\/espionnage-ou-coup-detat-les-dessous-troubles-de-larrestation-de-deux-employes-de-bancroft"},"modified":"2024-02-21T06:59:59","modified_gmt":"2024-02-21T06:59:59","slug":"espionnage-ou-coup-detat-les-dessous-troubles-de-larrestation-de-deux-employes-de-bancroft","status":"publish","type":"post","link":"https:\/\/www.africa-press.net\/centrafricaine\/politique\/espionnage-ou-coup-detat-les-dessous-troubles-de-larrestation-de-deux-employes-de-bancroft","title":{"rendered":"Espionnage ou coup d\u2019\u00e9tat ? Les dessous troubles de l\u2019arrestation de deux employ\u00e9s de Bancroft"},"content":{"rendered":"<p><span style=\"color: #ff6600\"><strong>Africa-Press &#8211; CentrAfricaine. <\/strong><\/span>Le 15 f\u00e9vrier 2024, les forces de s\u00e9curit\u00e9 centrafricaines ont arr\u00eat\u00e9 \u00e0 Bangui Richard Rouget, responsable Afrique de la soci\u00e9t\u00e9 militaire priv\u00e9e am\u00e9ricaine Bancroft, et Michael Stock, fondateur et PDG de Bancroft Global Development. Accus\u00e9s d\u2019espionnage et de tentative de d\u00e9stabilisation du r\u00e9gime du pr\u00e9sident Touad\u00e9ra, leur arrestation a d\u00e9clench\u00e9 une crise diplomatique entre la Centrafrique et les \u00c9tats-Unis.<\/p>\n<p>Un contexte complexe<\/p>\n<p>L\u2019arrestation intervient dans un contexte g\u00e9opolitique tendu en Centrafrique. Le pays, en proie \u00e0 une guerre civile depuis 2013, est devenu le terrain d\u2019une rivalit\u00e9 d\u2019influence entre la Russie et les puissances occidentales.<\/p>\n<p>Un accord secret et ses ramifications<\/p>\n<p>En septembre 2023, la Centrafrique aurait conclu un accord-cadre avec Bancroft pour diversifier ses partenaires s\u00e9curitaires et r\u00e9duire l\u2019influence de Moscou. Cet accord, dissimul\u00e9 pour \u00e9viter de froisser les Russes, visait \u00e0 cr\u00e9er une brigade de protection des ressources naturelles et \u00e0 fournir du renseignement et de l\u2019instruction aux troupes centrafricaines.<\/p>\n<p>Des accusations controvers\u00e9es<\/p>\n<p>Les accusations d\u2019espionnage et de tentative de d\u00e9stabilisation port\u00e9es contre Rouget et Stock semblent peu cr\u00e9dibles aux yeux de nombreux observateurs. La rapidit\u00e9 de l\u2019arrestation et le manque de preuves concr\u00e8tes font craindre un r\u00e8glement de comptes politique.<\/p>\n<p>Un vide institutionnel et l\u2019ombre de Wagner<\/p>\n<p>L\u2019absence de r\u00e9action officielle du gouvernement centrafricain et le silence du pr\u00e9sident Touad\u00e9ra renforcent l\u2019impression d\u2019un r\u00e9gime aux abois, incapable de g\u00e9rer la situation. L\u2019influence grandissante du groupe Wagner, soci\u00e9t\u00e9 militaire priv\u00e9e russe, alimente \u00e9galement les suspicions d\u2019une manipulation politique.<\/p>\n<p>Cons\u00e9quences et perspectives<\/p>\n<p>L\u2019arrestation de Rouget et Stock a provoqu\u00e9 une vive r\u00e9action des \u00c9tats-Unis, qui ont exig\u00e9 leur lib\u00e9ration imm\u00e9diate et menac\u00e9 de suspendre leur aide au pays. La crise diplomatique actuelle fragilise davantage la Centrafrique et entrave ses efforts de reconstruction.<\/p>\n<p>En attendant, l\u2019avenir de la Centrafrique reste incertain, assombri par la violence, l\u2019instabilit\u00e9 et l\u2019opacit\u00e9 des jeux de pouvoir.<\/p>\n<p><strong>Pour plus d&rsquo;informations et d&rsquo;analyses sur la <a href=\"https:\/\/www.africa-press.net\/centrafricaine\">CentrAfricaine<\/a>, suivez <a href=\"https:\/\/www.africa-press.net\/\">Africa-Press<\/a><\/strong><\/p>\n","protected":false},"excerpt":{"rendered":"<p>Africa-Press &#8211; CentrAfricaine. Le 15 f\u00e9vrier 2024, les forces de s\u00e9curit\u00e9 centrafricaines ont arr\u00eat\u00e9 \u00e0 Bangui Richard Rouget, responsable Afrique de la soci\u00e9t\u00e9 militaire priv\u00e9e am\u00e9ricaine Bancroft, et Michael Stock, fondateur et PDG de Bancroft Global Development. Accus\u00e9s d\u2019espionnage et de tentative de d\u00e9stabilisation du r\u00e9gime du pr\u00e9sident Touad\u00e9ra, leur arrestation a d\u00e9clench\u00e9 une crise [&hellip;]<\/p>\n","protected":false},"author":82,"featured_media":53085,"comment_status":"open","ping_status":"closed","sticky":false,"template":"","format":"standard","meta":{"footnotes":""},"categories":[2,10],"tags":[36,58,30],"class_list":["post-53086","post","type-post","status-publish","format-standard","has-post-thumbnail","hentry","category-politique","category-toutes-les-actualites","tag-africa-press","tag-africa-press-centrafricaine","tag-centrafricaine"],"yoast_head":"<!-- This site is optimized with the Yoast SEO Premium plugin v26.1 (Yoast SEO v27.0) - https:\/\/yoast.com\/product\/yoast-seo-premium-wordpress\/ -->\n<title>Espionnage ou coup d\u2019\u00e9tat ? Les dessous troubles de l\u2019arrestation de deux employ\u00e9s de Bancroft - centrafricaine<\/title>\n<meta name=\"description\" content=\"Le 15 fe\u0301vrier 2024, les forces de se\u0301curite\u0301 centrafricaines ont arre\u0302te\u0301 a\u0300 Bangui Richard Rouget, responsable Afrique de la ...\" \/>\n<meta name=\"robots\" content=\"index, follow, max-snippet:-1, max-image-preview:large, max-video-preview:-1\" \/>\n<link rel=\"canonical\" href=\"https:\/\/www.africa-press.net\/centrafricaine\/politique\/espionnage-ou-coup-detat-les-dessous-troubles-de-larrestation-de-deux-employes-de-bancroft\" \/>\n<meta property=\"og:locale\" content=\"fr_FR\" \/>\n<meta property=\"og:type\" content=\"article\" \/>\n<meta property=\"og:title\" content=\"Espionnage ou coup d\u2019\u00e9tat ? Les dessous troubles de l\u2019arrestation de deux employ\u00e9s de Bancroft\" \/>\n<meta property=\"og:description\" content=\"Le 15 fe\u0301vrier 2024, les forces de se\u0301curite\u0301 centrafricaines ont arre\u0302te\u0301 a\u0300 Bangui Richard Rouget, responsable Afrique de la ...\" \/>\n<meta property=\"og:url\" content=\"https:\/\/www.africa-press.net\/centrafricaine\/politique\/espionnage-ou-coup-detat-les-dessous-troubles-de-larrestation-de-deux-employes-de-bancroft\" \/>\n<meta property=\"og:site_name\" content=\"centrafricaine\" \/>\n<meta property=\"article:published_time\" content=\"2024-02-19T19:47:04+00:00\" \/>\n<meta property=\"article:modified_time\" content=\"2024-02-21T06:59:59+00:00\" \/>\n<meta property=\"og:image\" content=\"https:\/\/static.africa-press.net\/centrafricaine\/sites\/45\/2024\/02\/sm_1708361588.287869.jpg\" \/>\n\t<meta property=\"og:image:width\" content=\"720\" \/>\n\t<meta property=\"og:image:height\" content=\"457\" \/>\n\t<meta property=\"og:image:type\" content=\"image\/jpeg\" \/>\n<meta name=\"author\" content=\"cfeditorfr\" \/>\n<meta name=\"twitter:card\" content=\"summary_large_image\" \/>\n<meta name=\"twitter:label1\" content=\"\u00c9crit par\" \/>\n\t<meta name=\"twitter:data1\" content=\"cfeditorfr\" \/>\n\t<meta name=\"twitter:label2\" content=\"Dur\u00e9e de lecture estim\u00e9e\" \/>\n\t<meta name=\"twitter:data2\" content=\"2 minutes\" \/>\n<script type=\"application\/ld+json\" class=\"yoast-schema-graph\">{\"@context\":\"https:\/\/schema.org\",\"@graph\":[{\"@type\":\"Article\",\"@id\":\"https:\/\/www.africa-press.net\/centrafricaine\/politique\/espionnage-ou-coup-detat-les-dessous-troubles-de-larrestation-de-deux-employes-de-bancroft#article\",\"isPartOf\":{\"@id\":\"https:\/\/www.africa-press.net\/centrafricaine\/politique\/espionnage-ou-coup-detat-les-dessous-troubles-de-larrestation-de-deux-employes-de-bancroft\"},\"author\":{\"name\":\"cfeditorfr\",\"@id\":\"https:\/\/www.africa-press.net\/centrafricaine\/#\/schema\/person\/2b1cf3cd81a31e3cd26889ca66d677f1\"},\"headline\":\"Espionnage ou coup d\u2019\u00e9tat ? Les dessous troubles de l\u2019arrestation de deux employ\u00e9s de Bancroft\",\"datePublished\":\"2024-02-19T19:47:04+00:00\",\"dateModified\":\"2024-02-21T06:59:59+00:00\",\"mainEntityOfPage\":{\"@id\":\"https:\/\/www.africa-press.net\/centrafricaine\/politique\/espionnage-ou-coup-detat-les-dessous-troubles-de-larrestation-de-deux-employes-de-bancroft\"},\"wordCount\":377,\"commentCount\":0,\"image\":{\"@id\":\"https:\/\/www.africa-press.net\/centrafricaine\/politique\/espionnage-ou-coup-detat-les-dessous-troubles-de-larrestation-de-deux-employes-de-bancroft#primaryimage\"},\"thumbnailUrl\":\"https:\/\/static.africa-press.net\/centrafricaine\/sites\/45\/2024\/02\/sm_1708361588.287869.jpg\",\"keywords\":[\"Africa Press\",\"Africa Press-CentrAfricaine\",\"CentrAfricaine\"],\"articleSection\":[\"Politique\",\"Toutes les actualit\u00e9s\"],\"inLanguage\":\"fr-FR\",\"potentialAction\":[{\"@type\":\"CommentAction\",\"name\":\"Comment\",\"target\":[\"https:\/\/www.africa-press.net\/centrafricaine\/politique\/espionnage-ou-coup-detat-les-dessous-troubles-de-larrestation-de-deux-employes-de-bancroft#respond\"]}]},{\"@type\":\"WebPage\",\"@id\":\"https:\/\/www.africa-press.net\/centrafricaine\/politique\/espionnage-ou-coup-detat-les-dessous-troubles-de-larrestation-de-deux-employes-de-bancroft\",\"url\":\"https:\/\/www.africa-press.net\/centrafricaine\/politique\/espionnage-ou-coup-detat-les-dessous-troubles-de-larrestation-de-deux-employes-de-bancroft\",\"name\":\"Espionnage ou coup d\u2019\u00e9tat ? Les dessous troubles de l\u2019arrestation de deux employ\u00e9s de Bancroft - centrafricaine\",\"isPartOf\":{\"@id\":\"https:\/\/www.africa-press.net\/centrafricaine\/#website\"},\"primaryImageOfPage\":{\"@id\":\"https:\/\/www.africa-press.net\/centrafricaine\/politique\/espionnage-ou-coup-detat-les-dessous-troubles-de-larrestation-de-deux-employes-de-bancroft#primaryimage\"},\"image\":{\"@id\":\"https:\/\/www.africa-press.net\/centrafricaine\/politique\/espionnage-ou-coup-detat-les-dessous-troubles-de-larrestation-de-deux-employes-de-bancroft#primaryimage\"},\"thumbnailUrl\":\"https:\/\/static.africa-press.net\/centrafricaine\/sites\/45\/2024\/02\/sm_1708361588.287869.jpg\",\"datePublished\":\"2024-02-19T19:47:04+00:00\",\"dateModified\":\"2024-02-21T06:59:59+00:00\",\"author\":{\"@id\":\"https:\/\/www.africa-press.net\/centrafricaine\/#\/schema\/person\/2b1cf3cd81a31e3cd26889ca66d677f1\"},\"description\":\"Le 15 fe\u0301vrier 2024, les forces de se\u0301curite\u0301 centrafricaines ont arre\u0302te\u0301 a\u0300 Bangui Richard Rouget, responsable Afrique de la ...\",\"breadcrumb\":{\"@id\":\"https:\/\/www.africa-press.net\/centrafricaine\/politique\/espionnage-ou-coup-detat-les-dessous-troubles-de-larrestation-de-deux-employes-de-bancroft#breadcrumb\"},\"inLanguage\":\"fr-FR\",\"potentialAction\":[{\"@type\":\"ReadAction\",\"target\":[\"https:\/\/www.africa-press.net\/centrafricaine\/politique\/espionnage-ou-coup-detat-les-dessous-troubles-de-larrestation-de-deux-employes-de-bancroft\"]}]},{\"@type\":\"ImageObject\",\"inLanguage\":\"fr-FR\",\"@id\":\"https:\/\/www.africa-press.net\/centrafricaine\/politique\/espionnage-ou-coup-detat-les-dessous-troubles-de-larrestation-de-deux-employes-de-bancroft#primaryimage\",\"url\":\"https:\/\/static.africa-press.net\/centrafricaine\/sites\/45\/2024\/02\/sm_1708361588.287869.jpg\",\"contentUrl\":\"https:\/\/static.africa-press.net\/centrafricaine\/sites\/45\/2024\/02\/sm_1708361588.287869.jpg\",\"width\":720,\"height\":457,\"caption\":\"Espionnage ou coup d\u2019\u00e9tat ? Les dessous troubles de l\u2019arrestation de deux employ\u00e9s de Bancroft\"},{\"@type\":\"BreadcrumbList\",\"@id\":\"https:\/\/www.africa-press.net\/centrafricaine\/politique\/espionnage-ou-coup-detat-les-dessous-troubles-de-larrestation-de-deux-employes-de-bancroft#breadcrumb\",\"itemListElement\":[{\"@type\":\"ListItem\",\"position\":1,\"name\":\"Accueil\",\"item\":\"https:\/\/www.africa-press.net\/centrafricaine\/\"},{\"@type\":\"ListItem\",\"position\":2,\"name\":\"Espionnage ou coup d\u2019\u00e9tat ? Les dessous troubles de l\u2019arrestation de deux employ\u00e9s de Bancroft\"}]},{\"@type\":\"WebSite\",\"@id\":\"https:\/\/www.africa-press.net\/centrafricaine\/#website\",\"url\":\"https:\/\/www.africa-press.net\/centrafricaine\/\",\"name\":\"centrafricaine\",\"description\":\"Just another Africa News Agency Sites site\",\"potentialAction\":[{\"@type\":\"SearchAction\",\"target\":{\"@type\":\"EntryPoint\",\"urlTemplate\":\"https:\/\/www.africa-press.net\/centrafricaine\/?s={search_term_string}\"},\"query-input\":{\"@type\":\"PropertyValueSpecification\",\"valueRequired\":true,\"valueName\":\"search_term_string\"}}],\"inLanguage\":\"fr-FR\"},{\"@type\":\"Person\",\"@id\":\"https:\/\/www.africa-press.net\/centrafricaine\/#\/schema\/person\/2b1cf3cd81a31e3cd26889ca66d677f1\",\"name\":\"cfeditorfr\"}]}<\/script>\n<!-- \/ Yoast SEO Premium plugin. -->","yoast_head_json":{"title":"Espionnage ou coup d\u2019\u00e9tat ? Les dessous troubles de l\u2019arrestation de deux employ\u00e9s de Bancroft - centrafricaine","description":"Le 15 fe\u0301vrier 2024, les forces de se\u0301curite\u0301 centrafricaines ont arre\u0302te\u0301 a\u0300 Bangui Richard Rouget, responsable Afrique de la ...","robots":{"index":"index","follow":"follow","max-snippet":"max-snippet:-1","max-image-preview":"max-image-preview:large","max-video-preview":"max-video-preview:-1"},"canonical":"https:\/\/www.africa-press.net\/centrafricaine\/politique\/espionnage-ou-coup-detat-les-dessous-troubles-de-larrestation-de-deux-employes-de-bancroft","og_locale":"fr_FR","og_type":"article","og_title":"Espionnage ou coup d\u2019\u00e9tat ? Les dessous troubles de l\u2019arrestation de deux employ\u00e9s de Bancroft","og_description":"Le 15 fe\u0301vrier 2024, les forces de se\u0301curite\u0301 centrafricaines ont arre\u0302te\u0301 a\u0300 Bangui Richard Rouget, responsable Afrique de la ...","og_url":"https:\/\/www.africa-press.net\/centrafricaine\/politique\/espionnage-ou-coup-detat-les-dessous-troubles-de-larrestation-de-deux-employes-de-bancroft","og_site_name":"centrafricaine","article_published_time":"2024-02-19T19:47:04+00:00","article_modified_time":"2024-02-21T06:59:59+00:00","og_image":[{"width":720,"height":457,"url":"https:\/\/static.africa-press.net\/centrafricaine\/sites\/45\/2024\/02\/sm_1708361588.287869.jpg","type":"image\/jpeg"}],"author":"cfeditorfr","twitter_card":"summary_large_image","twitter_misc":{"\u00c9crit par":"cfeditorfr","Dur\u00e9e de lecture estim\u00e9e":"2 minutes"},"schema":{"@context":"https:\/\/schema.org","@graph":[{"@type":"Article","@id":"https:\/\/www.africa-press.net\/centrafricaine\/politique\/espionnage-ou-coup-detat-les-dessous-troubles-de-larrestation-de-deux-employes-de-bancroft#article","isPartOf":{"@id":"https:\/\/www.africa-press.net\/centrafricaine\/politique\/espionnage-ou-coup-detat-les-dessous-troubles-de-larrestation-de-deux-employes-de-bancroft"},"author":{"name":"cfeditorfr","@id":"https:\/\/www.africa-press.net\/centrafricaine\/#\/schema\/person\/2b1cf3cd81a31e3cd26889ca66d677f1"},"headline":"Espionnage ou coup d\u2019\u00e9tat ? Les dessous troubles de l\u2019arrestation de deux employ\u00e9s de Bancroft","datePublished":"2024-02-19T19:47:04+00:00","dateModified":"2024-02-21T06:59:59+00:00","mainEntityOfPage":{"@id":"https:\/\/www.africa-press.net\/centrafricaine\/politique\/espionnage-ou-coup-detat-les-dessous-troubles-de-larrestation-de-deux-employes-de-bancroft"},"wordCount":377,"commentCount":0,"image":{"@id":"https:\/\/www.africa-press.net\/centrafricaine\/politique\/espionnage-ou-coup-detat-les-dessous-troubles-de-larrestation-de-deux-employes-de-bancroft#primaryimage"},"thumbnailUrl":"https:\/\/static.africa-press.net\/centrafricaine\/sites\/45\/2024\/02\/sm_1708361588.287869.jpg","keywords":["Africa Press","Africa Press-CentrAfricaine","CentrAfricaine"],"articleSection":["Politique","Toutes les actualit\u00e9s"],"inLanguage":"fr-FR","potentialAction":[{"@type":"CommentAction","name":"Comment","target":["https:\/\/www.africa-press.net\/centrafricaine\/politique\/espionnage-ou-coup-detat-les-dessous-troubles-de-larrestation-de-deux-employes-de-bancroft#respond"]}]},{"@type":"WebPage","@id":"https:\/\/www.africa-press.net\/centrafricaine\/politique\/espionnage-ou-coup-detat-les-dessous-troubles-de-larrestation-de-deux-employes-de-bancroft","url":"https:\/\/www.africa-press.net\/centrafricaine\/politique\/espionnage-ou-coup-detat-les-dessous-troubles-de-larrestation-de-deux-employes-de-bancroft","name":"Espionnage ou coup d\u2019\u00e9tat ? Les dessous troubles de l\u2019arrestation de deux employ\u00e9s de Bancroft - centrafricaine","isPartOf":{"@id":"https:\/\/www.africa-press.net\/centrafricaine\/#website"},"primaryImageOfPage":{"@id":"https:\/\/www.africa-press.net\/centrafricaine\/politique\/espionnage-ou-coup-detat-les-dessous-troubles-de-larrestation-de-deux-employes-de-bancroft#primaryimage"},"image":{"@id":"https:\/\/www.africa-press.net\/centrafricaine\/politique\/espionnage-ou-coup-detat-les-dessous-troubles-de-larrestation-de-deux-employes-de-bancroft#primaryimage"},"thumbnailUrl":"https:\/\/static.africa-press.net\/centrafricaine\/sites\/45\/2024\/02\/sm_1708361588.287869.jpg","datePublished":"2024-02-19T19:47:04+00:00","dateModified":"2024-02-21T06:59:59+00:00","author":{"@id":"https:\/\/www.africa-press.net\/centrafricaine\/#\/schema\/person\/2b1cf3cd81a31e3cd26889ca66d677f1"},"description":"Le 15 fe\u0301vrier 2024, les forces de se\u0301curite\u0301 centrafricaines ont arre\u0302te\u0301 a\u0300 Bangui Richard Rouget, responsable Afrique de la ...","breadcrumb":{"@id":"https:\/\/www.africa-press.net\/centrafricaine\/politique\/espionnage-ou-coup-detat-les-dessous-troubles-de-larrestation-de-deux-employes-de-bancroft#breadcrumb"},"inLanguage":"fr-FR","potentialAction":[{"@type":"ReadAction","target":["https:\/\/www.africa-press.net\/centrafricaine\/politique\/espionnage-ou-coup-detat-les-dessous-troubles-de-larrestation-de-deux-employes-de-bancroft"]}]},{"@type":"ImageObject","inLanguage":"fr-FR","@id":"https:\/\/www.africa-press.net\/centrafricaine\/politique\/espionnage-ou-coup-detat-les-dessous-troubles-de-larrestation-de-deux-employes-de-bancroft#primaryimage","url":"https:\/\/static.africa-press.net\/centrafricaine\/sites\/45\/2024\/02\/sm_1708361588.287869.jpg","contentUrl":"https:\/\/static.africa-press.net\/centrafricaine\/sites\/45\/2024\/02\/sm_1708361588.287869.jpg","width":720,"height":457,"caption":"Espionnage ou coup d\u2019\u00e9tat ? Les dessous troubles de l\u2019arrestation de deux employ\u00e9s de Bancroft"},{"@type":"BreadcrumbList","@id":"https:\/\/www.africa-press.net\/centrafricaine\/politique\/espionnage-ou-coup-detat-les-dessous-troubles-de-larrestation-de-deux-employes-de-bancroft#breadcrumb","itemListElement":[{"@type":"ListItem","position":1,"name":"Accueil","item":"https:\/\/www.africa-press.net\/centrafricaine\/"},{"@type":"ListItem","position":2,"name":"Espionnage ou coup d\u2019\u00e9tat ? Les dessous troubles de l\u2019arrestation de deux employ\u00e9s de Bancroft"}]},{"@type":"WebSite","@id":"https:\/\/www.africa-press.net\/centrafricaine\/#website","url":"https:\/\/www.africa-press.net\/centrafricaine\/","name":"centrafricaine","description":"Just another Africa News Agency Sites site","potentialAction":[{"@type":"SearchAction","target":{"@type":"EntryPoint","urlTemplate":"https:\/\/www.africa-press.net\/centrafricaine\/?s={search_term_string}"},"query-input":{"@type":"PropertyValueSpecification","valueRequired":true,"valueName":"search_term_string"}}],"inLanguage":"fr-FR"},{"@type":"Person","@id":"https:\/\/www.africa-press.net\/centrafricaine\/#\/schema\/person\/2b1cf3cd81a31e3cd26889ca66d677f1","name":"cfeditorfr"}]}},"_links":{"self":[{"href":"https:\/\/www.africa-press.net\/centrafricaine\/wp-json\/wp\/v2\/posts\/53086","targetHints":{"allow":["GET"]}}],"collection":[{"href":"https:\/\/www.africa-press.net\/centrafricaine\/wp-json\/wp\/v2\/posts"}],"about":[{"href":"https:\/\/www.africa-press.net\/centrafricaine\/wp-json\/wp\/v2\/types\/post"}],"author":[{"embeddable":true,"href":"https:\/\/www.africa-press.net\/centrafricaine\/wp-json\/wp\/v2\/users\/82"}],"replies":[{"embeddable":true,"href":"https:\/\/www.africa-press.net\/centrafricaine\/wp-json\/wp\/v2\/comments?post=53086"}],"version-history":[{"count":0,"href":"https:\/\/www.africa-press.net\/centrafricaine\/wp-json\/wp\/v2\/posts\/53086\/revisions"}],"wp:featuredmedia":[{"embeddable":true,"href":"https:\/\/www.africa-press.net\/centrafricaine\/wp-json\/wp\/v2\/media\/53085"}],"wp:attachment":[{"href":"https:\/\/www.africa-press.net\/centrafricaine\/wp-json\/wp\/v2\/media?parent=53086"}],"wp:term":[{"taxonomy":"category","embeddable":true,"href":"https:\/\/www.africa-press.net\/centrafricaine\/wp-json\/wp\/v2\/categories?post=53086"},{"taxonomy":"post_tag","embeddable":true,"href":"https:\/\/www.africa-press.net\/centrafricaine\/wp-json\/wp\/v2\/tags?post=53086"}],"curies":[{"name":"wp","href":"https:\/\/api.w.org\/{rel}","templated":true}]}}