{"id":53140,"date":"2024-02-21T06:37:06","date_gmt":"2024-02-21T06:37:06","guid":{"rendered":"https:\/\/www.africa-press.net\/centrafricaine\/politique\/election-a-la-caf-le-cadeau-de-patrice-motsepe-aux-federations-africaines"},"modified":"2024-02-21T16:41:24","modified_gmt":"2024-02-21T16:41:24","slug":"election-a-la-caf-le-cadeau-de-patrice-motsepe-aux-federations-africaines","status":"publish","type":"post","link":"https:\/\/www.africa-press.net\/centrafricaine\/sports\/election-a-la-caf-le-cadeau-de-patrice-motsepe-aux-federations-africaines","title":{"rendered":"\u00c9lection \u00e0 la CAF : le cadeau de Patrice Motsepe aux f\u00e9d\u00e9rations africaines"},"content":{"rendered":"<p><b>Alexis Billebault<\/b><\/p>\n<p><span style=\"color: #ff6600\"><strong>Africa-Press &#8211; CentrAfricaine. <\/strong><\/span><b>Patron de la Confe\u0301de\u0301ration africaine de football depuis mars 2021, le Sud-Africain n\u2019est pas officiellement candidat a\u0300 sa succession. Mais il vient de faire un important geste financier a\u0300 l\u2019e\u0301gard des fe\u0301de\u0301rations du continent.<\/b><\/p>\n<p>Patrice Motsepe sera-t-il candidat a\u0300 sa re\u0301e\u0301lection ? Si le patron de la Confe\u0301de\u0301ration africaine de football (CAF) fait encore myste\u0300re de ses ambitions, il semble de\u0301ja\u0300 en pre\u0301campagne. Lors d\u2019une re\u0301union a\u0300 Abidjan avec les pre\u0301sidents des fe\u0301de\u0301rations africaines lors de la phase finale de la Coupe d\u2019Afrique des nations, il leur a annonce\u0301 que leur subvention annuelle alloue\u0301e par la CAF allait e\u0302tre conside\u0301rablement augmente\u0301e pour la pe\u0301riode allant du 1er juillet prochain au 30 juin 2025.<\/p>\n<p><b>Pas d\u2019adversaire de\u0301clare\u0301<\/b><\/p>\n<p>Selon nos informations, ce financement va passer de 210 000 a\u0300 372 000 euros. Il vient s\u2019ajouter a\u0300 la revalorisation de la dotation accorde\u0301e par la Fifa (du 1er janvier 2023 au 31 de\u0301cembre 2026) a\u0300 toutes les fe\u0301de\u0301rations affilie\u0301es. Celles-ci vont toucher 7,437 millions d\u2019euros contre 5,578 millions d\u2019euros sur la pe\u0301riode 2019-2022.<\/p>\n<p>Cet effort financier de la CAF, a\u0300 un an de l\u2019e\u0301lection pour la pre\u0301sidence de l\u2019instance, ne doit rien au hasard. \u00ab Bien su\u0302r, Patrice Motsepe n\u2019a pas annonce\u0301 qu\u2019il sera candidat a\u0300 sa propre succession, mais ce type de geste laisse supposer qu\u2019il le sera \u00bb, explique un dirigeant d\u2019une fe\u0301de\u0301ration subsaharienne. Un avis confirme\u0301 par un autre pre\u0301sident de fe\u0301de\u0301ration, pour qui la candidature du beau-fre\u0300re du chef de l\u2019E\u0301tat sud-africain Cyril Ramaphosa ne semble plus faire aucun doute. \u00ab On dit que Motsepe pourrait e\u0302tre candidat a\u0300 l\u2019e\u0301lection pre\u0301sidentielle dans son pays. Je ne sais pas quel cre\u0301dit accorder a\u0300 ces rumeurs, mais je ne vois pas ce qui pourrait l\u2019empe\u0302cher de briguer un nouveau mandat. \u00bb<\/p>\n<p>Surtout, Patrice Motsepe n\u2019a, pour le moment, pas d\u2019adversaire. Les trois vice-pre\u0301sidents de la CAF, le Marocain Fouzi Lekjaa\u0302, le Se\u0301ne\u0301galais Augustin Senghor et le Mauritanien Ahmed Ould Yahya n\u2019affichent aucune volonte\u0301 de monter au front. Les trois hommes, qui pre\u0301sident leurs fe\u0301de\u0301rations respectives, ont un emploi du temps de\u0301ja\u0300 sature\u0301: Lekjaa\u0302 est ministre de\u0301le\u0301gue\u0301 aupre\u0300s du ministre de l\u2019E\u0301conomie et des Finances, charge\u0301 du Budget, Senghor est avocat et maire de Gore\u0301e, et Ould Yahya est un homme d\u2019affaires actif.<\/p>\n<p><b>Un candidat \u00ab surprise \u00bb ?<\/b><\/p>\n<p>Patrice Motsepe avait e\u0301te\u0301 e\u0301lu en mars 2021 a\u0300 Nouakchott, a\u0300 la suite des retraits d\u2019Ahmed Ould Yahya, puis d\u2019Augustin Senghor et de l\u2019Ivoirien Jacques Anouma a\u0300 la demande de leurs gouvernements respectifs. En coulisses, Gianni Infantino, le pre\u0301sident de la Fifa, avait par ailleurs \u0153uvre\u0301 pour que tous trois se rangent derrie\u0300re le Sud-Africain.<\/p>\n<p>Bien su\u0302r, l\u2019e\u0301mergence d\u2019un candidat \u00ab surprise \u00bb n\u2019est pas a\u0300 exclure d\u2019ici au mois de mars 2025, mais aucun pre\u0301sident de fe\u0301de\u0301ration n\u2019a encore manifeste\u0301 la moindre intention de se lancer dans la course. Me\u0302me constat du co\u0302te\u0301 des anciens joueurs africains be\u0301ne\u0301ficiant d\u2019une forte notorie\u0301te\u0301, comme Didier Drogba, battu lors de l\u2019e\u0301lection a\u0300 la pre\u0301sidence de la Fe\u0301de\u0301ration ivoirienne de football (FIF) en 2022, ou encore George Weah, l\u2019ancien pre\u0301sident du Liberia.<\/p>\n<p>Enfin, Patrice Motsepe n\u2019a pas que des partisans parmi les dirigeants du football africain \u2013 certains l\u2019estiment trop de\u0301pendant de la Fifa, trop peu pre\u0301sent au Caire (sie\u0300ge de la CAF) et me\u0301diatiquement \u2013, mais la tendance du moment est a\u0300 une candidature unique du proprie\u0301taire du Mamelodi Sundowns Football Club.<\/p>\n<p><b>Source: JeuneAfrique<\/b><\/p>\n<p><strong>Pour plus d&rsquo;informations et d&rsquo;analyses sur la <a href=\"https:\/\/www.africa-press.net\/centrafricaine\">CentrAfricaine<\/a>, suivez <a href=\"https:\/\/www.africa-press.net\/\">Africa-Press<\/a><\/strong><\/p>\n","protected":false},"excerpt":{"rendered":"<p>Alexis Billebault Africa-Press &#8211; CentrAfricaine. Patron de la Confe\u0301de\u0301ration africaine de football depuis mars 2021, le Sud-Africain n\u2019est pas officiellement candidat a\u0300 sa succession. Mais il vient de faire un important geste financier a\u0300 l\u2019e\u0301gard des fe\u0301de\u0301rations du continent. Patrice Motsepe sera-t-il candidat a\u0300 sa re\u0301e\u0301lection ? Si le patron de la Confe\u0301de\u0301ration africaine de [&hellip;]<\/p>\n","protected":false},"author":82,"featured_media":53139,"comment_status":"open","ping_status":"closed","sticky":false,"template":"","format":"standard","meta":{"footnotes":""},"categories":[6,10],"tags":[36,58,30],"class_list":["post-53140","post","type-post","status-publish","format-standard","has-post-thumbnail","hentry","category-sports","category-toutes-les-actualites","tag-africa-press","tag-africa-press-centrafricaine","tag-centrafricaine"],"yoast_head":"<!-- This site is optimized with the Yoast SEO Premium plugin v26.1 (Yoast SEO v27.0) - https:\/\/yoast.com\/product\/yoast-seo-premium-wordpress\/ -->\n<title>\u00c9lection \u00e0 la CAF : le cadeau de Patrice Motsepe aux f\u00e9d\u00e9rations africaines - centrafricaine<\/title>\n<meta name=\"description\" content=\"Patron de la Confe\u0301de\u0301ration africaine de football depuis mars 2021, le Sud-Africain n\u2019est pas officiellement candida ...\" \/>\n<meta name=\"robots\" content=\"index, follow, max-snippet:-1, max-image-preview:large, max-video-preview:-1\" \/>\n<link rel=\"canonical\" href=\"https:\/\/www.africa-press.net\/centrafricaine\/sports\/election-a-la-caf-le-cadeau-de-patrice-motsepe-aux-federations-africaines\" \/>\n<meta property=\"og:locale\" content=\"fr_FR\" \/>\n<meta property=\"og:type\" content=\"article\" \/>\n<meta property=\"og:title\" content=\"\u00c9lection \u00e0 la CAF : le cadeau de Patrice Motsepe aux f\u00e9d\u00e9rations africaines\" \/>\n<meta property=\"og:description\" content=\"Patron de la Confe\u0301de\u0301ration africaine de football depuis mars 2021, le Sud-Africain n\u2019est pas officiellement candida ...\" \/>\n<meta property=\"og:url\" content=\"https:\/\/www.africa-press.net\/centrafricaine\/sports\/election-a-la-caf-le-cadeau-de-patrice-motsepe-aux-federations-africaines\" \/>\n<meta property=\"og:site_name\" content=\"centrafricaine\" \/>\n<meta property=\"article:published_time\" content=\"2024-02-21T06:37:06+00:00\" \/>\n<meta property=\"article:modified_time\" content=\"2024-02-21T16:41:24+00:00\" \/>\n<meta property=\"og:image\" content=\"https:\/\/static.africa-press.net\/centrafricaine\/sites\/45\/2024\/02\/sm_1708486002.819671.jpg\" \/>\n\t<meta property=\"og:image:width\" content=\"1280\" \/>\n\t<meta property=\"og:image:height\" content=\"720\" \/>\n\t<meta property=\"og:image:type\" content=\"image\/jpeg\" \/>\n<meta name=\"author\" content=\"cfeditorfr\" \/>\n<meta name=\"twitter:card\" content=\"summary_large_image\" \/>\n<meta name=\"twitter:label1\" content=\"\u00c9crit par\" \/>\n\t<meta name=\"twitter:data1\" content=\"cfeditorfr\" \/>\n\t<meta name=\"twitter:label2\" content=\"Dur\u00e9e de lecture estim\u00e9e\" \/>\n\t<meta name=\"twitter:data2\" content=\"3 minutes\" \/>\n<script type=\"application\/ld+json\" class=\"yoast-schema-graph\">{\"@context\":\"https:\/\/schema.org\",\"@graph\":[{\"@type\":\"Article\",\"@id\":\"https:\/\/www.africa-press.net\/centrafricaine\/sports\/election-a-la-caf-le-cadeau-de-patrice-motsepe-aux-federations-africaines#article\",\"isPartOf\":{\"@id\":\"https:\/\/www.africa-press.net\/centrafricaine\/sports\/election-a-la-caf-le-cadeau-de-patrice-motsepe-aux-federations-africaines\"},\"author\":{\"name\":\"cfeditorfr\",\"@id\":\"https:\/\/www.africa-press.net\/centrafricaine\/#\/schema\/person\/2b1cf3cd81a31e3cd26889ca66d677f1\"},\"headline\":\"\u00c9lection \u00e0 la CAF : le cadeau de Patrice Motsepe aux f\u00e9d\u00e9rations africaines\",\"datePublished\":\"2024-02-21T06:37:06+00:00\",\"dateModified\":\"2024-02-21T16:41:24+00:00\",\"mainEntityOfPage\":{\"@id\":\"https:\/\/www.africa-press.net\/centrafricaine\/sports\/election-a-la-caf-le-cadeau-de-patrice-motsepe-aux-federations-africaines\"},\"wordCount\":676,\"commentCount\":0,\"image\":{\"@id\":\"https:\/\/www.africa-press.net\/centrafricaine\/sports\/election-a-la-caf-le-cadeau-de-patrice-motsepe-aux-federations-africaines#primaryimage\"},\"thumbnailUrl\":\"https:\/\/static.africa-press.net\/centrafricaine\/sites\/45\/2024\/02\/sm_1708486002.819671.jpg\",\"keywords\":[\"Africa Press\",\"Africa Press-CentrAfricaine\",\"CentrAfricaine\"],\"articleSection\":[\"Sports\",\"Toutes les actualit\u00e9s\"],\"inLanguage\":\"fr-FR\",\"potentialAction\":[{\"@type\":\"CommentAction\",\"name\":\"Comment\",\"target\":[\"https:\/\/www.africa-press.net\/centrafricaine\/sports\/election-a-la-caf-le-cadeau-de-patrice-motsepe-aux-federations-africaines#respond\"]}]},{\"@type\":\"WebPage\",\"@id\":\"https:\/\/www.africa-press.net\/centrafricaine\/sports\/election-a-la-caf-le-cadeau-de-patrice-motsepe-aux-federations-africaines\",\"url\":\"https:\/\/www.africa-press.net\/centrafricaine\/sports\/election-a-la-caf-le-cadeau-de-patrice-motsepe-aux-federations-africaines\",\"name\":\"\u00c9lection \u00e0 la CAF : le cadeau de Patrice Motsepe aux f\u00e9d\u00e9rations africaines - centrafricaine\",\"isPartOf\":{\"@id\":\"https:\/\/www.africa-press.net\/centrafricaine\/#website\"},\"primaryImageOfPage\":{\"@id\":\"https:\/\/www.africa-press.net\/centrafricaine\/sports\/election-a-la-caf-le-cadeau-de-patrice-motsepe-aux-federations-africaines#primaryimage\"},\"image\":{\"@id\":\"https:\/\/www.africa-press.net\/centrafricaine\/sports\/election-a-la-caf-le-cadeau-de-patrice-motsepe-aux-federations-africaines#primaryimage\"},\"thumbnailUrl\":\"https:\/\/static.africa-press.net\/centrafricaine\/sites\/45\/2024\/02\/sm_1708486002.819671.jpg\",\"datePublished\":\"2024-02-21T06:37:06+00:00\",\"dateModified\":\"2024-02-21T16:41:24+00:00\",\"author\":{\"@id\":\"https:\/\/www.africa-press.net\/centrafricaine\/#\/schema\/person\/2b1cf3cd81a31e3cd26889ca66d677f1\"},\"description\":\"Patron de la Confe\u0301de\u0301ration africaine de football depuis mars 2021, le Sud-Africain n\u2019est pas officiellement candida ...\",\"breadcrumb\":{\"@id\":\"https:\/\/www.africa-press.net\/centrafricaine\/sports\/election-a-la-caf-le-cadeau-de-patrice-motsepe-aux-federations-africaines#breadcrumb\"},\"inLanguage\":\"fr-FR\",\"potentialAction\":[{\"@type\":\"ReadAction\",\"target\":[\"https:\/\/www.africa-press.net\/centrafricaine\/sports\/election-a-la-caf-le-cadeau-de-patrice-motsepe-aux-federations-africaines\"]}]},{\"@type\":\"ImageObject\",\"inLanguage\":\"fr-FR\",\"@id\":\"https:\/\/www.africa-press.net\/centrafricaine\/sports\/election-a-la-caf-le-cadeau-de-patrice-motsepe-aux-federations-africaines#primaryimage\",\"url\":\"https:\/\/static.africa-press.net\/centrafricaine\/sites\/45\/2024\/02\/sm_1708486002.819671.jpg\",\"contentUrl\":\"https:\/\/static.africa-press.net\/centrafricaine\/sites\/45\/2024\/02\/sm_1708486002.819671.jpg\",\"width\":1280,\"height\":720,\"caption\":\"\u00c9lection \u00e0 la CAF : le cadeau de Patrice Motsepe aux f\u00e9d\u00e9rations africaines\"},{\"@type\":\"BreadcrumbList\",\"@id\":\"https:\/\/www.africa-press.net\/centrafricaine\/sports\/election-a-la-caf-le-cadeau-de-patrice-motsepe-aux-federations-africaines#breadcrumb\",\"itemListElement\":[{\"@type\":\"ListItem\",\"position\":1,\"name\":\"Accueil\",\"item\":\"https:\/\/www.africa-press.net\/centrafricaine\/\"},{\"@type\":\"ListItem\",\"position\":2,\"name\":\"\u00c9lection \u00e0 la CAF : le cadeau de Patrice Motsepe aux f\u00e9d\u00e9rations africaines\"}]},{\"@type\":\"WebSite\",\"@id\":\"https:\/\/www.africa-press.net\/centrafricaine\/#website\",\"url\":\"https:\/\/www.africa-press.net\/centrafricaine\/\",\"name\":\"centrafricaine\",\"description\":\"Just another Africa News Agency Sites site\",\"potentialAction\":[{\"@type\":\"SearchAction\",\"target\":{\"@type\":\"EntryPoint\",\"urlTemplate\":\"https:\/\/www.africa-press.net\/centrafricaine\/?s={search_term_string}\"},\"query-input\":{\"@type\":\"PropertyValueSpecification\",\"valueRequired\":true,\"valueName\":\"search_term_string\"}}],\"inLanguage\":\"fr-FR\"},{\"@type\":\"Person\",\"@id\":\"https:\/\/www.africa-press.net\/centrafricaine\/#\/schema\/person\/2b1cf3cd81a31e3cd26889ca66d677f1\",\"name\":\"cfeditorfr\"}]}<\/script>\n<!-- \/ Yoast SEO Premium plugin. -->","yoast_head_json":{"title":"\u00c9lection \u00e0 la CAF : le cadeau de Patrice Motsepe aux f\u00e9d\u00e9rations africaines - centrafricaine","description":"Patron de la Confe\u0301de\u0301ration africaine de football depuis mars 2021, le Sud-Africain n\u2019est pas officiellement candida ...","robots":{"index":"index","follow":"follow","max-snippet":"max-snippet:-1","max-image-preview":"max-image-preview:large","max-video-preview":"max-video-preview:-1"},"canonical":"https:\/\/www.africa-press.net\/centrafricaine\/sports\/election-a-la-caf-le-cadeau-de-patrice-motsepe-aux-federations-africaines","og_locale":"fr_FR","og_type":"article","og_title":"\u00c9lection \u00e0 la CAF : le cadeau de Patrice Motsepe aux f\u00e9d\u00e9rations africaines","og_description":"Patron de la Confe\u0301de\u0301ration africaine de football depuis mars 2021, le Sud-Africain n\u2019est pas officiellement candida ...","og_url":"https:\/\/www.africa-press.net\/centrafricaine\/sports\/election-a-la-caf-le-cadeau-de-patrice-motsepe-aux-federations-africaines","og_site_name":"centrafricaine","article_published_time":"2024-02-21T06:37:06+00:00","article_modified_time":"2024-02-21T16:41:24+00:00","og_image":[{"width":1280,"height":720,"url":"https:\/\/static.africa-press.net\/centrafricaine\/sites\/45\/2024\/02\/sm_1708486002.819671.jpg","type":"image\/jpeg"}],"author":"cfeditorfr","twitter_card":"summary_large_image","twitter_misc":{"\u00c9crit par":"cfeditorfr","Dur\u00e9e de lecture estim\u00e9e":"3 minutes"},"schema":{"@context":"https:\/\/schema.org","@graph":[{"@type":"Article","@id":"https:\/\/www.africa-press.net\/centrafricaine\/sports\/election-a-la-caf-le-cadeau-de-patrice-motsepe-aux-federations-africaines#article","isPartOf":{"@id":"https:\/\/www.africa-press.net\/centrafricaine\/sports\/election-a-la-caf-le-cadeau-de-patrice-motsepe-aux-federations-africaines"},"author":{"name":"cfeditorfr","@id":"https:\/\/www.africa-press.net\/centrafricaine\/#\/schema\/person\/2b1cf3cd81a31e3cd26889ca66d677f1"},"headline":"\u00c9lection \u00e0 la CAF : le cadeau de Patrice Motsepe aux f\u00e9d\u00e9rations africaines","datePublished":"2024-02-21T06:37:06+00:00","dateModified":"2024-02-21T16:41:24+00:00","mainEntityOfPage":{"@id":"https:\/\/www.africa-press.net\/centrafricaine\/sports\/election-a-la-caf-le-cadeau-de-patrice-motsepe-aux-federations-africaines"},"wordCount":676,"commentCount":0,"image":{"@id":"https:\/\/www.africa-press.net\/centrafricaine\/sports\/election-a-la-caf-le-cadeau-de-patrice-motsepe-aux-federations-africaines#primaryimage"},"thumbnailUrl":"https:\/\/static.africa-press.net\/centrafricaine\/sites\/45\/2024\/02\/sm_1708486002.819671.jpg","keywords":["Africa Press","Africa Press-CentrAfricaine","CentrAfricaine"],"articleSection":["Sports","Toutes les actualit\u00e9s"],"inLanguage":"fr-FR","potentialAction":[{"@type":"CommentAction","name":"Comment","target":["https:\/\/www.africa-press.net\/centrafricaine\/sports\/election-a-la-caf-le-cadeau-de-patrice-motsepe-aux-federations-africaines#respond"]}]},{"@type":"WebPage","@id":"https:\/\/www.africa-press.net\/centrafricaine\/sports\/election-a-la-caf-le-cadeau-de-patrice-motsepe-aux-federations-africaines","url":"https:\/\/www.africa-press.net\/centrafricaine\/sports\/election-a-la-caf-le-cadeau-de-patrice-motsepe-aux-federations-africaines","name":"\u00c9lection \u00e0 la CAF : le cadeau de Patrice Motsepe aux f\u00e9d\u00e9rations africaines - centrafricaine","isPartOf":{"@id":"https:\/\/www.africa-press.net\/centrafricaine\/#website"},"primaryImageOfPage":{"@id":"https:\/\/www.africa-press.net\/centrafricaine\/sports\/election-a-la-caf-le-cadeau-de-patrice-motsepe-aux-federations-africaines#primaryimage"},"image":{"@id":"https:\/\/www.africa-press.net\/centrafricaine\/sports\/election-a-la-caf-le-cadeau-de-patrice-motsepe-aux-federations-africaines#primaryimage"},"thumbnailUrl":"https:\/\/static.africa-press.net\/centrafricaine\/sites\/45\/2024\/02\/sm_1708486002.819671.jpg","datePublished":"2024-02-21T06:37:06+00:00","dateModified":"2024-02-21T16:41:24+00:00","author":{"@id":"https:\/\/www.africa-press.net\/centrafricaine\/#\/schema\/person\/2b1cf3cd81a31e3cd26889ca66d677f1"},"description":"Patron de la Confe\u0301de\u0301ration africaine de football depuis mars 2021, le Sud-Africain n\u2019est pas officiellement candida ...","breadcrumb":{"@id":"https:\/\/www.africa-press.net\/centrafricaine\/sports\/election-a-la-caf-le-cadeau-de-patrice-motsepe-aux-federations-africaines#breadcrumb"},"inLanguage":"fr-FR","potentialAction":[{"@type":"ReadAction","target":["https:\/\/www.africa-press.net\/centrafricaine\/sports\/election-a-la-caf-le-cadeau-de-patrice-motsepe-aux-federations-africaines"]}]},{"@type":"ImageObject","inLanguage":"fr-FR","@id":"https:\/\/www.africa-press.net\/centrafricaine\/sports\/election-a-la-caf-le-cadeau-de-patrice-motsepe-aux-federations-africaines#primaryimage","url":"https:\/\/static.africa-press.net\/centrafricaine\/sites\/45\/2024\/02\/sm_1708486002.819671.jpg","contentUrl":"https:\/\/static.africa-press.net\/centrafricaine\/sites\/45\/2024\/02\/sm_1708486002.819671.jpg","width":1280,"height":720,"caption":"\u00c9lection \u00e0 la CAF : le cadeau de Patrice Motsepe aux f\u00e9d\u00e9rations africaines"},{"@type":"BreadcrumbList","@id":"https:\/\/www.africa-press.net\/centrafricaine\/sports\/election-a-la-caf-le-cadeau-de-patrice-motsepe-aux-federations-africaines#breadcrumb","itemListElement":[{"@type":"ListItem","position":1,"name":"Accueil","item":"https:\/\/www.africa-press.net\/centrafricaine\/"},{"@type":"ListItem","position":2,"name":"\u00c9lection \u00e0 la CAF : le cadeau de Patrice Motsepe aux f\u00e9d\u00e9rations africaines"}]},{"@type":"WebSite","@id":"https:\/\/www.africa-press.net\/centrafricaine\/#website","url":"https:\/\/www.africa-press.net\/centrafricaine\/","name":"centrafricaine","description":"Just another Africa News Agency Sites site","potentialAction":[{"@type":"SearchAction","target":{"@type":"EntryPoint","urlTemplate":"https:\/\/www.africa-press.net\/centrafricaine\/?s={search_term_string}"},"query-input":{"@type":"PropertyValueSpecification","valueRequired":true,"valueName":"search_term_string"}}],"inLanguage":"fr-FR"},{"@type":"Person","@id":"https:\/\/www.africa-press.net\/centrafricaine\/#\/schema\/person\/2b1cf3cd81a31e3cd26889ca66d677f1","name":"cfeditorfr"}]}},"_links":{"self":[{"href":"https:\/\/www.africa-press.net\/centrafricaine\/wp-json\/wp\/v2\/posts\/53140","targetHints":{"allow":["GET"]}}],"collection":[{"href":"https:\/\/www.africa-press.net\/centrafricaine\/wp-json\/wp\/v2\/posts"}],"about":[{"href":"https:\/\/www.africa-press.net\/centrafricaine\/wp-json\/wp\/v2\/types\/post"}],"author":[{"embeddable":true,"href":"https:\/\/www.africa-press.net\/centrafricaine\/wp-json\/wp\/v2\/users\/82"}],"replies":[{"embeddable":true,"href":"https:\/\/www.africa-press.net\/centrafricaine\/wp-json\/wp\/v2\/comments?post=53140"}],"version-history":[{"count":0,"href":"https:\/\/www.africa-press.net\/centrafricaine\/wp-json\/wp\/v2\/posts\/53140\/revisions"}],"wp:featuredmedia":[{"embeddable":true,"href":"https:\/\/www.africa-press.net\/centrafricaine\/wp-json\/wp\/v2\/media\/53139"}],"wp:attachment":[{"href":"https:\/\/www.africa-press.net\/centrafricaine\/wp-json\/wp\/v2\/media?parent=53140"}],"wp:term":[{"taxonomy":"category","embeddable":true,"href":"https:\/\/www.africa-press.net\/centrafricaine\/wp-json\/wp\/v2\/categories?post=53140"},{"taxonomy":"post_tag","embeddable":true,"href":"https:\/\/www.africa-press.net\/centrafricaine\/wp-json\/wp\/v2\/tags?post=53140"}],"curies":[{"name":"wp","href":"https:\/\/api.w.org\/{rel}","templated":true}]}}