{"id":53210,"date":"2024-02-22T18:30:57","date_gmt":"2024-02-22T18:30:57","guid":{"rendered":"https:\/\/www.africa-press.net\/centrafricaine\/politique\/le-gouvernement-et-ses-partenaires-engages-a-promouvoir-la-medecine-legale"},"modified":"2024-02-22T18:50:54","modified_gmt":"2024-02-22T18:50:54","slug":"le-gouvernement-et-ses-partenaires-engages-a-promouvoir-la-medecine-legale","status":"publish","type":"post","link":"https:\/\/www.africa-press.net\/centrafricaine\/toutes-les-actualites\/le-gouvernement-et-ses-partenaires-engages-a-promouvoir-la-medecine-legale","title":{"rendered":"le gouvernement et ses partenaires engag\u00e9s \u00e0 promouvoir la m\u00e9decine l\u00e9gale"},"content":{"rendered":"<p><span style=\"color: #ff6600\"><strong>Africa-Press &#8211; CentrAfricaine. <\/strong><\/span>Dans le but de de\u0301velopper la me\u0301decine le\u0301gale afin de connaitre les causes et aider la justice a\u0300 faire la lumie\u0300re sur des de\u0301ce\u0300s suspects, le gouvernement centrafricain et ses partenaires se sont re\u0301unis le lundi dernier afin de mettre en place les me\u0301canismes pouvant aboutir au de\u0301veloppement de cette branche qui fait partie de la me\u0301decine ge\u0301ne\u0301rale.<\/p>\n<p>De nombreux acteurs et spe\u0301cialistes de la sante\u0301, de la justice, de la se\u0301curite\u0301 et des repre\u0301sentants du gouvernement et d\u2019organisations internationales se sont re\u0301unis le lundi 19 fe\u0301vrier a\u0300 Bangui afin de remettre en place les structures de la me\u0301decine le\u0301gale, cette branche de la me\u0301decine ge\u0301ne\u0301rale qui est d\u2019une importance capitale dans la recherche de la ve\u0301rite\u0301 sur les causes de certains de\u0301ce\u0300s juge\u0301s suspects.<\/p>\n<p>Pour Patrick Lessene, directeur exe\u0301cutif du centre d\u2019e\u0301tude juridique africain base\u0301 a\u0300 Gene\u0300ve <b>: \u00ab l\u2019objectif de cette rencontre est de sensibiliser les acteurs centrafricains qui \u0153uvrent dans la prise en charge des victimes de graves violations des droits humains et des diffe\u0301rentes violences qui ont eu lieu dans ce pays, de re\u0301fle\u0301chir ensemble sur la mise en place d\u2019un centre de me\u0301decine de violence et a\u0300 long terme d\u2019un institut de me\u0301decine le\u0301gale qui prendra en charge les diffe\u0301rentes victimes mais qui proce\u0300dera aux autopsies et a\u0300 des expertises dont on a besoin au niveau de la justice et de la sante\u0301\u00bb<\/b> a-t-il souligne\u0301.<\/p>\n<p>Selon qu\u2019elle l\u2019a de\u0301montre\u0301, la me\u0301decine le\u0301gale qui est confronte\u0301e a\u0300 d\u2019e\u0301normes difficulte\u0301s en RCA peut e\u0302tre utilise\u0301e par les agents de sante\u0301, de justice et de se\u0301curite\u0301 car elle a su faire ses preuves dans la recherche de la ve\u0301rite\u0301 dans des cas de meurtre ou d\u2019atteinte a\u0300 l\u2019inte\u0301grite\u0301 physique d\u2019un individu.<\/p>\n<p><strong>Pour plus d&rsquo;informations et d&rsquo;analyses sur la <a href=\"https:\/\/www.africa-press.net\/centrafricaine\">CentrAfricaine<\/a>, suivez <a href=\"https:\/\/www.africa-press.net\/\">Africa-Press<\/a><\/strong><\/p>\n","protected":false},"excerpt":{"rendered":"<p>Africa-Press &#8211; CentrAfricaine. Dans le but de de\u0301velopper la me\u0301decine le\u0301gale afin de connaitre les causes et aider la justice a\u0300 faire la lumie\u0300re sur des de\u0301ce\u0300s suspects, le gouvernement centrafricain et ses partenaires se sont re\u0301unis le lundi dernier afin de mettre en place les me\u0301canismes pouvant aboutir au de\u0301veloppement de cette branche qui [&hellip;]<\/p>\n","protected":false},"author":82,"featured_media":53209,"comment_status":"open","ping_status":"closed","sticky":false,"template":"","format":"standard","meta":{"footnotes":""},"categories":[21,10],"tags":[36,58,30,41,617,4996],"class_list":["post-53210","post","type-post","status-publish","format-standard","has-post-thumbnail","hentry","category-communaute","category-toutes-les-actualites","tag-africa-press","tag-africa-press-centrafricaine","tag-centrafricaine","tag-centrafrique","tag-gouvernement","tag-medecine-legale"],"yoast_head":"<!-- This site is optimized with the Yoast SEO Premium plugin v26.1 (Yoast SEO v27.0) - https:\/\/yoast.com\/product\/yoast-seo-premium-wordpress\/ -->\n<title>le gouvernement et ses partenaires engag\u00e9s \u00e0 promouvoir la m\u00e9decine l\u00e9gale - centrafricaine<\/title>\n<meta name=\"description\" content=\"Dans le but de de\u0301velopper la me\u0301decine le\u0301gale afin de connaitre les causes et aider la justice a\u0300 faire la lumie\u0300re su ...\" \/>\n<meta name=\"robots\" content=\"index, follow, max-snippet:-1, max-image-preview:large, max-video-preview:-1\" \/>\n<link rel=\"canonical\" href=\"https:\/\/www.africa-press.net\/centrafricaine\/toutes-les-actualites\/le-gouvernement-et-ses-partenaires-engages-a-promouvoir-la-medecine-legale\" \/>\n<meta property=\"og:locale\" content=\"fr_FR\" \/>\n<meta property=\"og:type\" content=\"article\" \/>\n<meta property=\"og:title\" content=\"le gouvernement et ses partenaires engag\u00e9s \u00e0 promouvoir la m\u00e9decine l\u00e9gale\" \/>\n<meta property=\"og:description\" content=\"Dans le but de de\u0301velopper la me\u0301decine le\u0301gale afin de connaitre les causes et aider la justice a\u0300 faire la lumie\u0300re su ...\" \/>\n<meta property=\"og:url\" content=\"https:\/\/www.africa-press.net\/centrafricaine\/toutes-les-actualites\/le-gouvernement-et-ses-partenaires-engages-a-promouvoir-la-medecine-legale\" \/>\n<meta property=\"og:site_name\" content=\"centrafricaine\" \/>\n<meta property=\"article:published_time\" content=\"2024-02-22T18:30:57+00:00\" \/>\n<meta property=\"article:modified_time\" content=\"2024-02-22T18:50:54+00:00\" \/>\n<meta property=\"og:image\" content=\"https:\/\/static.africa-press.net\/centrafricaine\/sites\/45\/2024\/02\/sm_1708615173.276685.jpg\" \/>\n\t<meta property=\"og:image:width\" content=\"720\" \/>\n\t<meta property=\"og:image:height\" content=\"370\" \/>\n\t<meta property=\"og:image:type\" content=\"image\/jpeg\" \/>\n<meta name=\"author\" content=\"cfeditorfr\" \/>\n<meta name=\"twitter:card\" content=\"summary_large_image\" \/>\n<meta name=\"twitter:label1\" content=\"\u00c9crit par\" \/>\n\t<meta name=\"twitter:data1\" content=\"cfeditorfr\" \/>\n\t<meta name=\"twitter:label2\" content=\"Dur\u00e9e de lecture estim\u00e9e\" \/>\n\t<meta name=\"twitter:data2\" content=\"2 minutes\" \/>\n<script type=\"application\/ld+json\" class=\"yoast-schema-graph\">{\"@context\":\"https:\/\/schema.org\",\"@graph\":[{\"@type\":\"Article\",\"@id\":\"https:\/\/www.africa-press.net\/centrafricaine\/toutes-les-actualites\/le-gouvernement-et-ses-partenaires-engages-a-promouvoir-la-medecine-legale#article\",\"isPartOf\":{\"@id\":\"https:\/\/www.africa-press.net\/centrafricaine\/toutes-les-actualites\/le-gouvernement-et-ses-partenaires-engages-a-promouvoir-la-medecine-legale\"},\"author\":{\"name\":\"cfeditorfr\",\"@id\":\"https:\/\/www.africa-press.net\/centrafricaine\/#\/schema\/person\/2b1cf3cd81a31e3cd26889ca66d677f1\"},\"headline\":\"le gouvernement et ses partenaires engag\u00e9s \u00e0 promouvoir la m\u00e9decine l\u00e9gale\",\"datePublished\":\"2024-02-22T18:30:57+00:00\",\"dateModified\":\"2024-02-22T18:50:54+00:00\",\"mainEntityOfPage\":{\"@id\":\"https:\/\/www.africa-press.net\/centrafricaine\/toutes-les-actualites\/le-gouvernement-et-ses-partenaires-engages-a-promouvoir-la-medecine-legale\"},\"wordCount\":368,\"commentCount\":0,\"image\":{\"@id\":\"https:\/\/www.africa-press.net\/centrafricaine\/toutes-les-actualites\/le-gouvernement-et-ses-partenaires-engages-a-promouvoir-la-medecine-legale#primaryimage\"},\"thumbnailUrl\":\"https:\/\/static.africa-press.net\/centrafricaine\/sites\/45\/2024\/02\/sm_1708615173.276685.jpg\",\"keywords\":[\"Africa Press\",\"Africa Press-CentrAfricaine\",\"CentrAfricaine\",\"Centrafrique\",\"gouvernement\",\"m\u00e9decine l\u00e9gale\"],\"articleSection\":[\"Communaut\u00e9\",\"Toutes les actualit\u00e9s\"],\"inLanguage\":\"fr-FR\",\"potentialAction\":[{\"@type\":\"CommentAction\",\"name\":\"Comment\",\"target\":[\"https:\/\/www.africa-press.net\/centrafricaine\/toutes-les-actualites\/le-gouvernement-et-ses-partenaires-engages-a-promouvoir-la-medecine-legale#respond\"]}]},{\"@type\":\"WebPage\",\"@id\":\"https:\/\/www.africa-press.net\/centrafricaine\/toutes-les-actualites\/le-gouvernement-et-ses-partenaires-engages-a-promouvoir-la-medecine-legale\",\"url\":\"https:\/\/www.africa-press.net\/centrafricaine\/toutes-les-actualites\/le-gouvernement-et-ses-partenaires-engages-a-promouvoir-la-medecine-legale\",\"name\":\"le gouvernement et ses partenaires engag\u00e9s \u00e0 promouvoir la m\u00e9decine l\u00e9gale - centrafricaine\",\"isPartOf\":{\"@id\":\"https:\/\/www.africa-press.net\/centrafricaine\/#website\"},\"primaryImageOfPage\":{\"@id\":\"https:\/\/www.africa-press.net\/centrafricaine\/toutes-les-actualites\/le-gouvernement-et-ses-partenaires-engages-a-promouvoir-la-medecine-legale#primaryimage\"},\"image\":{\"@id\":\"https:\/\/www.africa-press.net\/centrafricaine\/toutes-les-actualites\/le-gouvernement-et-ses-partenaires-engages-a-promouvoir-la-medecine-legale#primaryimage\"},\"thumbnailUrl\":\"https:\/\/static.africa-press.net\/centrafricaine\/sites\/45\/2024\/02\/sm_1708615173.276685.jpg\",\"datePublished\":\"2024-02-22T18:30:57+00:00\",\"dateModified\":\"2024-02-22T18:50:54+00:00\",\"author\":{\"@id\":\"https:\/\/www.africa-press.net\/centrafricaine\/#\/schema\/person\/2b1cf3cd81a31e3cd26889ca66d677f1\"},\"description\":\"Dans le but de de\u0301velopper la me\u0301decine le\u0301gale afin de connaitre les causes et aider la justice a\u0300 faire la lumie\u0300re su ...\",\"breadcrumb\":{\"@id\":\"https:\/\/www.africa-press.net\/centrafricaine\/toutes-les-actualites\/le-gouvernement-et-ses-partenaires-engages-a-promouvoir-la-medecine-legale#breadcrumb\"},\"inLanguage\":\"fr-FR\",\"potentialAction\":[{\"@type\":\"ReadAction\",\"target\":[\"https:\/\/www.africa-press.net\/centrafricaine\/toutes-les-actualites\/le-gouvernement-et-ses-partenaires-engages-a-promouvoir-la-medecine-legale\"]}]},{\"@type\":\"ImageObject\",\"inLanguage\":\"fr-FR\",\"@id\":\"https:\/\/www.africa-press.net\/centrafricaine\/toutes-les-actualites\/le-gouvernement-et-ses-partenaires-engages-a-promouvoir-la-medecine-legale#primaryimage\",\"url\":\"https:\/\/static.africa-press.net\/centrafricaine\/sites\/45\/2024\/02\/sm_1708615173.276685.jpg\",\"contentUrl\":\"https:\/\/static.africa-press.net\/centrafricaine\/sites\/45\/2024\/02\/sm_1708615173.276685.jpg\",\"width\":720,\"height\":370,\"caption\":\"le gouvernement et ses partenaires engag\u00e9s \u00e0 promouvoir la m\u00e9decine l\u00e9gale\"},{\"@type\":\"BreadcrumbList\",\"@id\":\"https:\/\/www.africa-press.net\/centrafricaine\/toutes-les-actualites\/le-gouvernement-et-ses-partenaires-engages-a-promouvoir-la-medecine-legale#breadcrumb\",\"itemListElement\":[{\"@type\":\"ListItem\",\"position\":1,\"name\":\"Accueil\",\"item\":\"https:\/\/www.africa-press.net\/centrafricaine\/\"},{\"@type\":\"ListItem\",\"position\":2,\"name\":\"le gouvernement et ses partenaires engag\u00e9s \u00e0 promouvoir la m\u00e9decine l\u00e9gale\"}]},{\"@type\":\"WebSite\",\"@id\":\"https:\/\/www.africa-press.net\/centrafricaine\/#website\",\"url\":\"https:\/\/www.africa-press.net\/centrafricaine\/\",\"name\":\"centrafricaine\",\"description\":\"Just another Africa News Agency Sites site\",\"potentialAction\":[{\"@type\":\"SearchAction\",\"target\":{\"@type\":\"EntryPoint\",\"urlTemplate\":\"https:\/\/www.africa-press.net\/centrafricaine\/?s={search_term_string}\"},\"query-input\":{\"@type\":\"PropertyValueSpecification\",\"valueRequired\":true,\"valueName\":\"search_term_string\"}}],\"inLanguage\":\"fr-FR\"},{\"@type\":\"Person\",\"@id\":\"https:\/\/www.africa-press.net\/centrafricaine\/#\/schema\/person\/2b1cf3cd81a31e3cd26889ca66d677f1\",\"name\":\"cfeditorfr\"}]}<\/script>\n<!-- \/ Yoast SEO Premium plugin. -->","yoast_head_json":{"title":"le gouvernement et ses partenaires engag\u00e9s \u00e0 promouvoir la m\u00e9decine l\u00e9gale - centrafricaine","description":"Dans le but de de\u0301velopper la me\u0301decine le\u0301gale afin de connaitre les causes et aider la justice a\u0300 faire la lumie\u0300re su ...","robots":{"index":"index","follow":"follow","max-snippet":"max-snippet:-1","max-image-preview":"max-image-preview:large","max-video-preview":"max-video-preview:-1"},"canonical":"https:\/\/www.africa-press.net\/centrafricaine\/toutes-les-actualites\/le-gouvernement-et-ses-partenaires-engages-a-promouvoir-la-medecine-legale","og_locale":"fr_FR","og_type":"article","og_title":"le gouvernement et ses partenaires engag\u00e9s \u00e0 promouvoir la m\u00e9decine l\u00e9gale","og_description":"Dans le but de de\u0301velopper la me\u0301decine le\u0301gale afin de connaitre les causes et aider la justice a\u0300 faire la lumie\u0300re su ...","og_url":"https:\/\/www.africa-press.net\/centrafricaine\/toutes-les-actualites\/le-gouvernement-et-ses-partenaires-engages-a-promouvoir-la-medecine-legale","og_site_name":"centrafricaine","article_published_time":"2024-02-22T18:30:57+00:00","article_modified_time":"2024-02-22T18:50:54+00:00","og_image":[{"width":720,"height":370,"url":"https:\/\/static.africa-press.net\/centrafricaine\/sites\/45\/2024\/02\/sm_1708615173.276685.jpg","type":"image\/jpeg"}],"author":"cfeditorfr","twitter_card":"summary_large_image","twitter_misc":{"\u00c9crit par":"cfeditorfr","Dur\u00e9e de lecture estim\u00e9e":"2 minutes"},"schema":{"@context":"https:\/\/schema.org","@graph":[{"@type":"Article","@id":"https:\/\/www.africa-press.net\/centrafricaine\/toutes-les-actualites\/le-gouvernement-et-ses-partenaires-engages-a-promouvoir-la-medecine-legale#article","isPartOf":{"@id":"https:\/\/www.africa-press.net\/centrafricaine\/toutes-les-actualites\/le-gouvernement-et-ses-partenaires-engages-a-promouvoir-la-medecine-legale"},"author":{"name":"cfeditorfr","@id":"https:\/\/www.africa-press.net\/centrafricaine\/#\/schema\/person\/2b1cf3cd81a31e3cd26889ca66d677f1"},"headline":"le gouvernement et ses partenaires engag\u00e9s \u00e0 promouvoir la m\u00e9decine l\u00e9gale","datePublished":"2024-02-22T18:30:57+00:00","dateModified":"2024-02-22T18:50:54+00:00","mainEntityOfPage":{"@id":"https:\/\/www.africa-press.net\/centrafricaine\/toutes-les-actualites\/le-gouvernement-et-ses-partenaires-engages-a-promouvoir-la-medecine-legale"},"wordCount":368,"commentCount":0,"image":{"@id":"https:\/\/www.africa-press.net\/centrafricaine\/toutes-les-actualites\/le-gouvernement-et-ses-partenaires-engages-a-promouvoir-la-medecine-legale#primaryimage"},"thumbnailUrl":"https:\/\/static.africa-press.net\/centrafricaine\/sites\/45\/2024\/02\/sm_1708615173.276685.jpg","keywords":["Africa Press","Africa Press-CentrAfricaine","CentrAfricaine","Centrafrique","gouvernement","m\u00e9decine l\u00e9gale"],"articleSection":["Communaut\u00e9","Toutes les actualit\u00e9s"],"inLanguage":"fr-FR","potentialAction":[{"@type":"CommentAction","name":"Comment","target":["https:\/\/www.africa-press.net\/centrafricaine\/toutes-les-actualites\/le-gouvernement-et-ses-partenaires-engages-a-promouvoir-la-medecine-legale#respond"]}]},{"@type":"WebPage","@id":"https:\/\/www.africa-press.net\/centrafricaine\/toutes-les-actualites\/le-gouvernement-et-ses-partenaires-engages-a-promouvoir-la-medecine-legale","url":"https:\/\/www.africa-press.net\/centrafricaine\/toutes-les-actualites\/le-gouvernement-et-ses-partenaires-engages-a-promouvoir-la-medecine-legale","name":"le gouvernement et ses partenaires engag\u00e9s \u00e0 promouvoir la m\u00e9decine l\u00e9gale - centrafricaine","isPartOf":{"@id":"https:\/\/www.africa-press.net\/centrafricaine\/#website"},"primaryImageOfPage":{"@id":"https:\/\/www.africa-press.net\/centrafricaine\/toutes-les-actualites\/le-gouvernement-et-ses-partenaires-engages-a-promouvoir-la-medecine-legale#primaryimage"},"image":{"@id":"https:\/\/www.africa-press.net\/centrafricaine\/toutes-les-actualites\/le-gouvernement-et-ses-partenaires-engages-a-promouvoir-la-medecine-legale#primaryimage"},"thumbnailUrl":"https:\/\/static.africa-press.net\/centrafricaine\/sites\/45\/2024\/02\/sm_1708615173.276685.jpg","datePublished":"2024-02-22T18:30:57+00:00","dateModified":"2024-02-22T18:50:54+00:00","author":{"@id":"https:\/\/www.africa-press.net\/centrafricaine\/#\/schema\/person\/2b1cf3cd81a31e3cd26889ca66d677f1"},"description":"Dans le but de de\u0301velopper la me\u0301decine le\u0301gale afin de connaitre les causes et aider la justice a\u0300 faire la lumie\u0300re su ...","breadcrumb":{"@id":"https:\/\/www.africa-press.net\/centrafricaine\/toutes-les-actualites\/le-gouvernement-et-ses-partenaires-engages-a-promouvoir-la-medecine-legale#breadcrumb"},"inLanguage":"fr-FR","potentialAction":[{"@type":"ReadAction","target":["https:\/\/www.africa-press.net\/centrafricaine\/toutes-les-actualites\/le-gouvernement-et-ses-partenaires-engages-a-promouvoir-la-medecine-legale"]}]},{"@type":"ImageObject","inLanguage":"fr-FR","@id":"https:\/\/www.africa-press.net\/centrafricaine\/toutes-les-actualites\/le-gouvernement-et-ses-partenaires-engages-a-promouvoir-la-medecine-legale#primaryimage","url":"https:\/\/static.africa-press.net\/centrafricaine\/sites\/45\/2024\/02\/sm_1708615173.276685.jpg","contentUrl":"https:\/\/static.africa-press.net\/centrafricaine\/sites\/45\/2024\/02\/sm_1708615173.276685.jpg","width":720,"height":370,"caption":"le gouvernement et ses partenaires engag\u00e9s \u00e0 promouvoir la m\u00e9decine l\u00e9gale"},{"@type":"BreadcrumbList","@id":"https:\/\/www.africa-press.net\/centrafricaine\/toutes-les-actualites\/le-gouvernement-et-ses-partenaires-engages-a-promouvoir-la-medecine-legale#breadcrumb","itemListElement":[{"@type":"ListItem","position":1,"name":"Accueil","item":"https:\/\/www.africa-press.net\/centrafricaine\/"},{"@type":"ListItem","position":2,"name":"le gouvernement et ses partenaires engag\u00e9s \u00e0 promouvoir la m\u00e9decine l\u00e9gale"}]},{"@type":"WebSite","@id":"https:\/\/www.africa-press.net\/centrafricaine\/#website","url":"https:\/\/www.africa-press.net\/centrafricaine\/","name":"centrafricaine","description":"Just another Africa News Agency Sites site","potentialAction":[{"@type":"SearchAction","target":{"@type":"EntryPoint","urlTemplate":"https:\/\/www.africa-press.net\/centrafricaine\/?s={search_term_string}"},"query-input":{"@type":"PropertyValueSpecification","valueRequired":true,"valueName":"search_term_string"}}],"inLanguage":"fr-FR"},{"@type":"Person","@id":"https:\/\/www.africa-press.net\/centrafricaine\/#\/schema\/person\/2b1cf3cd81a31e3cd26889ca66d677f1","name":"cfeditorfr"}]}},"_links":{"self":[{"href":"https:\/\/www.africa-press.net\/centrafricaine\/wp-json\/wp\/v2\/posts\/53210","targetHints":{"allow":["GET"]}}],"collection":[{"href":"https:\/\/www.africa-press.net\/centrafricaine\/wp-json\/wp\/v2\/posts"}],"about":[{"href":"https:\/\/www.africa-press.net\/centrafricaine\/wp-json\/wp\/v2\/types\/post"}],"author":[{"embeddable":true,"href":"https:\/\/www.africa-press.net\/centrafricaine\/wp-json\/wp\/v2\/users\/82"}],"replies":[{"embeddable":true,"href":"https:\/\/www.africa-press.net\/centrafricaine\/wp-json\/wp\/v2\/comments?post=53210"}],"version-history":[{"count":0,"href":"https:\/\/www.africa-press.net\/centrafricaine\/wp-json\/wp\/v2\/posts\/53210\/revisions"}],"wp:featuredmedia":[{"embeddable":true,"href":"https:\/\/www.africa-press.net\/centrafricaine\/wp-json\/wp\/v2\/media\/53209"}],"wp:attachment":[{"href":"https:\/\/www.africa-press.net\/centrafricaine\/wp-json\/wp\/v2\/media?parent=53210"}],"wp:term":[{"taxonomy":"category","embeddable":true,"href":"https:\/\/www.africa-press.net\/centrafricaine\/wp-json\/wp\/v2\/categories?post=53210"},{"taxonomy":"post_tag","embeddable":true,"href":"https:\/\/www.africa-press.net\/centrafricaine\/wp-json\/wp\/v2\/tags?post=53210"}],"curies":[{"name":"wp","href":"https:\/\/api.w.org\/{rel}","templated":true}]}}