{"id":53232,"date":"2024-02-23T13:43:13","date_gmt":"2024-02-23T13:43:13","guid":{"rendered":"https:\/\/www.africa-press.net\/centrafricaine\/politique\/des-sanctions-a-lencontre-des-agents-de-letat-refractaires-sur-les-barrieres-legales"},"modified":"2024-02-23T14:08:19","modified_gmt":"2024-02-23T14:08:19","slug":"des-sanctions-a-lencontre-des-agents-de-letat-refractaires-sur-les-barrieres-legales","status":"publish","type":"post","link":"https:\/\/www.africa-press.net\/centrafricaine\/politique\/des-sanctions-a-lencontre-des-agents-de-letat-refractaires-sur-les-barrieres-legales","title":{"rendered":"Des sanctions \u00e0 l&rsquo;encontre des agents de l&rsquo;\u00c9tat r\u00e9fractaires sur les barri\u00e8res l\u00e9gales"},"content":{"rendered":"<p><span style=\"color: #ff6600\"><strong>Africa-Press &#8211; CentrAfricaine. <\/strong><\/span>C&rsquo;est lors d&rsquo;une ce\u0301re\u0301monie solennelle a\u0300 laquelle ont pris part tous les membres du comite\u0301 interministe\u0301riel charge\u0301 de la gestion des barrie\u0300res le\u0301gales sur les routes, organise\u0301e ce 20 fe\u0301vrier dans la salle de confe\u0301rence de la Primature, que le Premier Ministre, chef du gouvernement Monsieur Fe\u0301lix Moloua a proce\u0301de\u0301 a\u0300 la signature de l&rsquo;arre\u0302te\u0301 instituant des sanctions a\u0300 l&rsquo;encontre des agents de l&rsquo;E\u0301tat qui extorquent de l&rsquo;argent aux usagers de la route pendant les contro\u0302les de routine d&rsquo;identite\u0301 sur les barrie\u0300res le\u0301gales.<\/p>\n<p>Avant de signer ce texte de loi, le chef du gouvernement a tenu un discours ferme en disant d&rsquo;entre\u0301e que \u00ab\u00a0Nous sommes arrive\u0301s a\u0300 un moment crucial dans la lutte contre les barrie\u0300res ille\u0301gales. La re\u0301cre\u0301ation est termine\u0301e. Il est temps de sanctionner les brebis galeuses qui n&rsquo;ont pas encore compris que l&rsquo;argent qu&rsquo;elles prennent sur les citoyens est la cause principale inflation dans notre pays.\u00a0\u00bb<\/p>\n<p>De\u0301sormais, des quittances se\u0301curise\u0301es seront distribue\u0301es a\u0300 tous les agents installe\u0301s sur les 93 barrie\u0300res le\u0301gales pour contro\u0302ler marchandises et de\u0301livrer quittances si ne\u0301cessaire. Ce qui permettra au ministe\u0300re des Finances et du Budget savoir exactement ce qui doit e\u0302tre verse\u0301 dans caisses E\u0301tat. A\u0300 cet effet, une ce\u0301re\u0301monie officielle de lancement de ces quittances se\u0301curise\u0301es sera organise\u0301e jours venir.<\/p>\n<p><strong>Pour plus d&rsquo;informations et d&rsquo;analyses sur la <a href=\"https:\/\/www.africa-press.net\/centrafricaine\">CentrAfricaine<\/a>, suivez <a href=\"https:\/\/www.africa-press.net\/\">Africa-Press<\/a><\/strong><\/p>\n","protected":false},"excerpt":{"rendered":"<p>Africa-Press &#8211; CentrAfricaine. C&rsquo;est lors d&rsquo;une ce\u0301re\u0301monie solennelle a\u0300 laquelle ont pris part tous les membres du comite\u0301 interministe\u0301riel charge\u0301 de la gestion des barrie\u0300res le\u0301gales sur les routes, organise\u0301e ce 20 fe\u0301vrier dans la salle de confe\u0301rence de la Primature, que le Premier Ministre, chef du gouvernement Monsieur Fe\u0301lix Moloua a proce\u0301de\u0301 a\u0300 la [&hellip;]<\/p>\n","protected":false},"author":82,"featured_media":53231,"comment_status":"open","ping_status":"closed","sticky":false,"template":"","format":"standard","meta":{"footnotes":""},"categories":[2,84,20,10],"tags":[36,58,30],"class_list":["post-53232","post","type-post","status-publish","format-standard","has-post-thumbnail","hentry","category-politique","category-to-homepage","category-top-nouvelles","category-toutes-les-actualites","tag-africa-press","tag-africa-press-centrafricaine","tag-centrafricaine"],"yoast_head":"<!-- This site is optimized with the Yoast SEO Premium plugin v26.1 (Yoast SEO v27.0) - https:\/\/yoast.com\/product\/yoast-seo-premium-wordpress\/ -->\n<title>Des sanctions \u00e0 l&#039;encontre des agents de l&#039;\u00c9tat r\u00e9fractaires sur les barri\u00e8res l\u00e9gales - centrafricaine<\/title>\n<meta name=\"description\" content=\"C&#039;est lors d&#039;une ce\u0301re\u0301monie solennelle a\u0300 laquelle ont pris part tous les membres du comite\u0301 interministe\u0301riel charge\u0301 ...\" \/>\n<meta name=\"robots\" content=\"index, follow, max-snippet:-1, max-image-preview:large, max-video-preview:-1\" \/>\n<link rel=\"canonical\" href=\"https:\/\/www.africa-press.net\/centrafricaine\/politique\/des-sanctions-a-lencontre-des-agents-de-letat-refractaires-sur-les-barrieres-legales\" \/>\n<meta property=\"og:locale\" content=\"fr_FR\" \/>\n<meta property=\"og:type\" content=\"article\" \/>\n<meta property=\"og:title\" content=\"Des sanctions \u00e0 l&#039;encontre des agents de l&#039;\u00c9tat r\u00e9fractaires sur les barri\u00e8res l\u00e9gales\" \/>\n<meta property=\"og:description\" content=\"C&#039;est lors d&#039;une ce\u0301re\u0301monie solennelle a\u0300 laquelle ont pris part tous les membres du comite\u0301 interministe\u0301riel charge\u0301 ...\" \/>\n<meta property=\"og:url\" content=\"https:\/\/www.africa-press.net\/centrafricaine\/politique\/des-sanctions-a-lencontre-des-agents-de-letat-refractaires-sur-les-barrieres-legales\" \/>\n<meta property=\"og:site_name\" content=\"centrafricaine\" \/>\n<meta property=\"article:published_time\" content=\"2024-02-23T13:43:13+00:00\" \/>\n<meta property=\"article:modified_time\" content=\"2024-02-23T14:08:19+00:00\" \/>\n<meta property=\"og:image\" content=\"https:\/\/static.africa-press.net\/centrafricaine\/sites\/45\/2024\/02\/sm_1708684493.877493.jpg\" \/>\n\t<meta property=\"og:image:width\" content=\"1728\" \/>\n\t<meta property=\"og:image:height\" content=\"1151\" \/>\n\t<meta property=\"og:image:type\" content=\"image\/jpeg\" \/>\n<meta name=\"author\" content=\"cfeditorfr\" \/>\n<meta name=\"twitter:card\" content=\"summary_large_image\" \/>\n<meta name=\"twitter:label1\" content=\"\u00c9crit par\" \/>\n\t<meta name=\"twitter:data1\" content=\"cfeditorfr\" \/>\n\t<meta name=\"twitter:label2\" content=\"Dur\u00e9e de lecture estim\u00e9e\" \/>\n\t<meta name=\"twitter:data2\" content=\"2 minutes\" \/>\n<script type=\"application\/ld+json\" class=\"yoast-schema-graph\">{\"@context\":\"https:\/\/schema.org\",\"@graph\":[{\"@type\":\"Article\",\"@id\":\"https:\/\/www.africa-press.net\/centrafricaine\/politique\/des-sanctions-a-lencontre-des-agents-de-letat-refractaires-sur-les-barrieres-legales#article\",\"isPartOf\":{\"@id\":\"https:\/\/www.africa-press.net\/centrafricaine\/politique\/des-sanctions-a-lencontre-des-agents-de-letat-refractaires-sur-les-barrieres-legales\"},\"author\":{\"name\":\"cfeditorfr\",\"@id\":\"https:\/\/www.africa-press.net\/centrafricaine\/#\/schema\/person\/2b1cf3cd81a31e3cd26889ca66d677f1\"},\"headline\":\"Des sanctions \u00e0 l&rsquo;encontre des agents de l&rsquo;\u00c9tat r\u00e9fractaires sur les barri\u00e8res l\u00e9gales\",\"datePublished\":\"2024-02-23T13:43:13+00:00\",\"dateModified\":\"2024-02-23T14:08:19+00:00\",\"mainEntityOfPage\":{\"@id\":\"https:\/\/www.africa-press.net\/centrafricaine\/politique\/des-sanctions-a-lencontre-des-agents-de-letat-refractaires-sur-les-barrieres-legales\"},\"wordCount\":290,\"commentCount\":0,\"image\":{\"@id\":\"https:\/\/www.africa-press.net\/centrafricaine\/politique\/des-sanctions-a-lencontre-des-agents-de-letat-refractaires-sur-les-barrieres-legales#primaryimage\"},\"thumbnailUrl\":\"https:\/\/static.africa-press.net\/centrafricaine\/sites\/45\/2024\/02\/sm_1708684493.877493.jpg\",\"keywords\":[\"Africa Press\",\"Africa Press-CentrAfricaine\",\"CentrAfricaine\"],\"articleSection\":[\"Politique\",\"to-homepage\",\"Top Nouvelles\",\"Toutes les actualit\u00e9s\"],\"inLanguage\":\"fr-FR\",\"potentialAction\":[{\"@type\":\"CommentAction\",\"name\":\"Comment\",\"target\":[\"https:\/\/www.africa-press.net\/centrafricaine\/politique\/des-sanctions-a-lencontre-des-agents-de-letat-refractaires-sur-les-barrieres-legales#respond\"]}]},{\"@type\":\"WebPage\",\"@id\":\"https:\/\/www.africa-press.net\/centrafricaine\/politique\/des-sanctions-a-lencontre-des-agents-de-letat-refractaires-sur-les-barrieres-legales\",\"url\":\"https:\/\/www.africa-press.net\/centrafricaine\/politique\/des-sanctions-a-lencontre-des-agents-de-letat-refractaires-sur-les-barrieres-legales\",\"name\":\"Des sanctions \u00e0 l'encontre des agents de l'\u00c9tat r\u00e9fractaires sur les barri\u00e8res l\u00e9gales - centrafricaine\",\"isPartOf\":{\"@id\":\"https:\/\/www.africa-press.net\/centrafricaine\/#website\"},\"primaryImageOfPage\":{\"@id\":\"https:\/\/www.africa-press.net\/centrafricaine\/politique\/des-sanctions-a-lencontre-des-agents-de-letat-refractaires-sur-les-barrieres-legales#primaryimage\"},\"image\":{\"@id\":\"https:\/\/www.africa-press.net\/centrafricaine\/politique\/des-sanctions-a-lencontre-des-agents-de-letat-refractaires-sur-les-barrieres-legales#primaryimage\"},\"thumbnailUrl\":\"https:\/\/static.africa-press.net\/centrafricaine\/sites\/45\/2024\/02\/sm_1708684493.877493.jpg\",\"datePublished\":\"2024-02-23T13:43:13+00:00\",\"dateModified\":\"2024-02-23T14:08:19+00:00\",\"author\":{\"@id\":\"https:\/\/www.africa-press.net\/centrafricaine\/#\/schema\/person\/2b1cf3cd81a31e3cd26889ca66d677f1\"},\"description\":\"C'est lors d'une ce\u0301re\u0301monie solennelle a\u0300 laquelle ont pris part tous les membres du comite\u0301 interministe\u0301riel charge\u0301 ...\",\"breadcrumb\":{\"@id\":\"https:\/\/www.africa-press.net\/centrafricaine\/politique\/des-sanctions-a-lencontre-des-agents-de-letat-refractaires-sur-les-barrieres-legales#breadcrumb\"},\"inLanguage\":\"fr-FR\",\"potentialAction\":[{\"@type\":\"ReadAction\",\"target\":[\"https:\/\/www.africa-press.net\/centrafricaine\/politique\/des-sanctions-a-lencontre-des-agents-de-letat-refractaires-sur-les-barrieres-legales\"]}]},{\"@type\":\"ImageObject\",\"inLanguage\":\"fr-FR\",\"@id\":\"https:\/\/www.africa-press.net\/centrafricaine\/politique\/des-sanctions-a-lencontre-des-agents-de-letat-refractaires-sur-les-barrieres-legales#primaryimage\",\"url\":\"https:\/\/static.africa-press.net\/centrafricaine\/sites\/45\/2024\/02\/sm_1708684493.877493.jpg\",\"contentUrl\":\"https:\/\/static.africa-press.net\/centrafricaine\/sites\/45\/2024\/02\/sm_1708684493.877493.jpg\",\"width\":1728,\"height\":1151,\"caption\":\"Des sanctions \u00e0 l'encontre des agents de l'\u00c9tat r\u00e9fractaires sur les barri\u00e8res l\u00e9gales\"},{\"@type\":\"BreadcrumbList\",\"@id\":\"https:\/\/www.africa-press.net\/centrafricaine\/politique\/des-sanctions-a-lencontre-des-agents-de-letat-refractaires-sur-les-barrieres-legales#breadcrumb\",\"itemListElement\":[{\"@type\":\"ListItem\",\"position\":1,\"name\":\"Accueil\",\"item\":\"https:\/\/www.africa-press.net\/centrafricaine\/\"},{\"@type\":\"ListItem\",\"position\":2,\"name\":\"Des sanctions \u00e0 l&#8217;encontre des agents de l&#8217;\u00c9tat r\u00e9fractaires sur les barri\u00e8res l\u00e9gales\"}]},{\"@type\":\"WebSite\",\"@id\":\"https:\/\/www.africa-press.net\/centrafricaine\/#website\",\"url\":\"https:\/\/www.africa-press.net\/centrafricaine\/\",\"name\":\"centrafricaine\",\"description\":\"Just another Africa News Agency Sites site\",\"potentialAction\":[{\"@type\":\"SearchAction\",\"target\":{\"@type\":\"EntryPoint\",\"urlTemplate\":\"https:\/\/www.africa-press.net\/centrafricaine\/?s={search_term_string}\"},\"query-input\":{\"@type\":\"PropertyValueSpecification\",\"valueRequired\":true,\"valueName\":\"search_term_string\"}}],\"inLanguage\":\"fr-FR\"},{\"@type\":\"Person\",\"@id\":\"https:\/\/www.africa-press.net\/centrafricaine\/#\/schema\/person\/2b1cf3cd81a31e3cd26889ca66d677f1\",\"name\":\"cfeditorfr\"}]}<\/script>\n<!-- \/ Yoast SEO Premium plugin. -->","yoast_head_json":{"title":"Des sanctions \u00e0 l'encontre des agents de l'\u00c9tat r\u00e9fractaires sur les barri\u00e8res l\u00e9gales - centrafricaine","description":"C'est lors d'une ce\u0301re\u0301monie solennelle a\u0300 laquelle ont pris part tous les membres du comite\u0301 interministe\u0301riel charge\u0301 ...","robots":{"index":"index","follow":"follow","max-snippet":"max-snippet:-1","max-image-preview":"max-image-preview:large","max-video-preview":"max-video-preview:-1"},"canonical":"https:\/\/www.africa-press.net\/centrafricaine\/politique\/des-sanctions-a-lencontre-des-agents-de-letat-refractaires-sur-les-barrieres-legales","og_locale":"fr_FR","og_type":"article","og_title":"Des sanctions \u00e0 l'encontre des agents de l'\u00c9tat r\u00e9fractaires sur les barri\u00e8res l\u00e9gales","og_description":"C'est lors d'une ce\u0301re\u0301monie solennelle a\u0300 laquelle ont pris part tous les membres du comite\u0301 interministe\u0301riel charge\u0301 ...","og_url":"https:\/\/www.africa-press.net\/centrafricaine\/politique\/des-sanctions-a-lencontre-des-agents-de-letat-refractaires-sur-les-barrieres-legales","og_site_name":"centrafricaine","article_published_time":"2024-02-23T13:43:13+00:00","article_modified_time":"2024-02-23T14:08:19+00:00","og_image":[{"width":1728,"height":1151,"url":"https:\/\/static.africa-press.net\/centrafricaine\/sites\/45\/2024\/02\/sm_1708684493.877493.jpg","type":"image\/jpeg"}],"author":"cfeditorfr","twitter_card":"summary_large_image","twitter_misc":{"\u00c9crit par":"cfeditorfr","Dur\u00e9e de lecture estim\u00e9e":"2 minutes"},"schema":{"@context":"https:\/\/schema.org","@graph":[{"@type":"Article","@id":"https:\/\/www.africa-press.net\/centrafricaine\/politique\/des-sanctions-a-lencontre-des-agents-de-letat-refractaires-sur-les-barrieres-legales#article","isPartOf":{"@id":"https:\/\/www.africa-press.net\/centrafricaine\/politique\/des-sanctions-a-lencontre-des-agents-de-letat-refractaires-sur-les-barrieres-legales"},"author":{"name":"cfeditorfr","@id":"https:\/\/www.africa-press.net\/centrafricaine\/#\/schema\/person\/2b1cf3cd81a31e3cd26889ca66d677f1"},"headline":"Des sanctions \u00e0 l&rsquo;encontre des agents de l&rsquo;\u00c9tat r\u00e9fractaires sur les barri\u00e8res l\u00e9gales","datePublished":"2024-02-23T13:43:13+00:00","dateModified":"2024-02-23T14:08:19+00:00","mainEntityOfPage":{"@id":"https:\/\/www.africa-press.net\/centrafricaine\/politique\/des-sanctions-a-lencontre-des-agents-de-letat-refractaires-sur-les-barrieres-legales"},"wordCount":290,"commentCount":0,"image":{"@id":"https:\/\/www.africa-press.net\/centrafricaine\/politique\/des-sanctions-a-lencontre-des-agents-de-letat-refractaires-sur-les-barrieres-legales#primaryimage"},"thumbnailUrl":"https:\/\/static.africa-press.net\/centrafricaine\/sites\/45\/2024\/02\/sm_1708684493.877493.jpg","keywords":["Africa Press","Africa Press-CentrAfricaine","CentrAfricaine"],"articleSection":["Politique","to-homepage","Top Nouvelles","Toutes les actualit\u00e9s"],"inLanguage":"fr-FR","potentialAction":[{"@type":"CommentAction","name":"Comment","target":["https:\/\/www.africa-press.net\/centrafricaine\/politique\/des-sanctions-a-lencontre-des-agents-de-letat-refractaires-sur-les-barrieres-legales#respond"]}]},{"@type":"WebPage","@id":"https:\/\/www.africa-press.net\/centrafricaine\/politique\/des-sanctions-a-lencontre-des-agents-de-letat-refractaires-sur-les-barrieres-legales","url":"https:\/\/www.africa-press.net\/centrafricaine\/politique\/des-sanctions-a-lencontre-des-agents-de-letat-refractaires-sur-les-barrieres-legales","name":"Des sanctions \u00e0 l'encontre des agents de l'\u00c9tat r\u00e9fractaires sur les barri\u00e8res l\u00e9gales - centrafricaine","isPartOf":{"@id":"https:\/\/www.africa-press.net\/centrafricaine\/#website"},"primaryImageOfPage":{"@id":"https:\/\/www.africa-press.net\/centrafricaine\/politique\/des-sanctions-a-lencontre-des-agents-de-letat-refractaires-sur-les-barrieres-legales#primaryimage"},"image":{"@id":"https:\/\/www.africa-press.net\/centrafricaine\/politique\/des-sanctions-a-lencontre-des-agents-de-letat-refractaires-sur-les-barrieres-legales#primaryimage"},"thumbnailUrl":"https:\/\/static.africa-press.net\/centrafricaine\/sites\/45\/2024\/02\/sm_1708684493.877493.jpg","datePublished":"2024-02-23T13:43:13+00:00","dateModified":"2024-02-23T14:08:19+00:00","author":{"@id":"https:\/\/www.africa-press.net\/centrafricaine\/#\/schema\/person\/2b1cf3cd81a31e3cd26889ca66d677f1"},"description":"C'est lors d'une ce\u0301re\u0301monie solennelle a\u0300 laquelle ont pris part tous les membres du comite\u0301 interministe\u0301riel charge\u0301 ...","breadcrumb":{"@id":"https:\/\/www.africa-press.net\/centrafricaine\/politique\/des-sanctions-a-lencontre-des-agents-de-letat-refractaires-sur-les-barrieres-legales#breadcrumb"},"inLanguage":"fr-FR","potentialAction":[{"@type":"ReadAction","target":["https:\/\/www.africa-press.net\/centrafricaine\/politique\/des-sanctions-a-lencontre-des-agents-de-letat-refractaires-sur-les-barrieres-legales"]}]},{"@type":"ImageObject","inLanguage":"fr-FR","@id":"https:\/\/www.africa-press.net\/centrafricaine\/politique\/des-sanctions-a-lencontre-des-agents-de-letat-refractaires-sur-les-barrieres-legales#primaryimage","url":"https:\/\/static.africa-press.net\/centrafricaine\/sites\/45\/2024\/02\/sm_1708684493.877493.jpg","contentUrl":"https:\/\/static.africa-press.net\/centrafricaine\/sites\/45\/2024\/02\/sm_1708684493.877493.jpg","width":1728,"height":1151,"caption":"Des sanctions \u00e0 l'encontre des agents de l'\u00c9tat r\u00e9fractaires sur les barri\u00e8res l\u00e9gales"},{"@type":"BreadcrumbList","@id":"https:\/\/www.africa-press.net\/centrafricaine\/politique\/des-sanctions-a-lencontre-des-agents-de-letat-refractaires-sur-les-barrieres-legales#breadcrumb","itemListElement":[{"@type":"ListItem","position":1,"name":"Accueil","item":"https:\/\/www.africa-press.net\/centrafricaine\/"},{"@type":"ListItem","position":2,"name":"Des sanctions \u00e0 l&#8217;encontre des agents de l&#8217;\u00c9tat r\u00e9fractaires sur les barri\u00e8res l\u00e9gales"}]},{"@type":"WebSite","@id":"https:\/\/www.africa-press.net\/centrafricaine\/#website","url":"https:\/\/www.africa-press.net\/centrafricaine\/","name":"centrafricaine","description":"Just another Africa News Agency Sites site","potentialAction":[{"@type":"SearchAction","target":{"@type":"EntryPoint","urlTemplate":"https:\/\/www.africa-press.net\/centrafricaine\/?s={search_term_string}"},"query-input":{"@type":"PropertyValueSpecification","valueRequired":true,"valueName":"search_term_string"}}],"inLanguage":"fr-FR"},{"@type":"Person","@id":"https:\/\/www.africa-press.net\/centrafricaine\/#\/schema\/person\/2b1cf3cd81a31e3cd26889ca66d677f1","name":"cfeditorfr"}]}},"_links":{"self":[{"href":"https:\/\/www.africa-press.net\/centrafricaine\/wp-json\/wp\/v2\/posts\/53232","targetHints":{"allow":["GET"]}}],"collection":[{"href":"https:\/\/www.africa-press.net\/centrafricaine\/wp-json\/wp\/v2\/posts"}],"about":[{"href":"https:\/\/www.africa-press.net\/centrafricaine\/wp-json\/wp\/v2\/types\/post"}],"author":[{"embeddable":true,"href":"https:\/\/www.africa-press.net\/centrafricaine\/wp-json\/wp\/v2\/users\/82"}],"replies":[{"embeddable":true,"href":"https:\/\/www.africa-press.net\/centrafricaine\/wp-json\/wp\/v2\/comments?post=53232"}],"version-history":[{"count":0,"href":"https:\/\/www.africa-press.net\/centrafricaine\/wp-json\/wp\/v2\/posts\/53232\/revisions"}],"wp:featuredmedia":[{"embeddable":true,"href":"https:\/\/www.africa-press.net\/centrafricaine\/wp-json\/wp\/v2\/media\/53231"}],"wp:attachment":[{"href":"https:\/\/www.africa-press.net\/centrafricaine\/wp-json\/wp\/v2\/media?parent=53232"}],"wp:term":[{"taxonomy":"category","embeddable":true,"href":"https:\/\/www.africa-press.net\/centrafricaine\/wp-json\/wp\/v2\/categories?post=53232"},{"taxonomy":"post_tag","embeddable":true,"href":"https:\/\/www.africa-press.net\/centrafricaine\/wp-json\/wp\/v2\/tags?post=53232"}],"curies":[{"name":"wp","href":"https:\/\/api.w.org\/{rel}","templated":true}]}}