{"id":53247,"date":"2024-02-23T17:00:36","date_gmt":"2024-02-23T17:00:36","guid":{"rendered":"https:\/\/www.africa-press.net\/centrafricaine\/politique\/les-centrafricains-soulages-par-la-1ere-pluie-de-lannee-2024"},"modified":"2024-02-23T17:57:20","modified_gmt":"2024-02-23T17:57:20","slug":"les-centrafricains-soulages-par-la-1ere-pluie-de-lannee-2024","status":"publish","type":"post","link":"https:\/\/www.africa-press.net\/centrafricaine\/toutes-les-actualites\/les-centrafricains-soulages-par-la-1ere-pluie-de-lannee-2024","title":{"rendered":"les Centrafricains soulag\u00e9s par la 1\u00e8re pluie de l\u2019ann\u00e9e 2024"},"content":{"rendered":"<p><span style=\"color: #ff6600\"><strong>Africa-Press &#8211; CentrAfricaine. <\/strong><\/span>Apre\u0300s plusieurs jours de lamentations, de pincements de dents cause\u0301e par la chaleur intense a\u0300 Bangui et dans certaines villes, les Centrafricains sont soulage\u0301s gra\u0302ce a\u0300 la pluie tant attendue qui a arrose\u0301 la capitale ce jeudi 22 fe\u0301vrier 2024.<\/p>\n<p>Le changement climatique qui a secoue\u0301 le monde entier n\u2019a pas du tout e\u0301pargne\u0301 la Re\u0301publique centrafricaine. Des perturbations de climat ayant prolonge\u0301 la pe\u0301riode de la se\u0300cheresse qui a augmente\u0301 le degre\u0301 de la chaleur dans toute la capitale Banguissoise est devenue insupportable pour tout le monde.<\/p>\n<p>Selon un passant il a fallu implorer la gra\u0302ce divine pour voir des gouttes d\u2019eau tombe\u0301es du ciel.<\/p>\n<p><b>\u00ab C\u2019est tout le monde qui se plaignais de cette chaleur caniculaire. Cette chaleur a re\u0301veille\u0301 toutes les maladies chez certains et a cre\u0301e\u0301 chez d\u2019autres. Le jour comme la nuit il fait extre\u0302mement chaud on se lave presque toute les heures pour e\u0301viter de se transpirer mais sans succe\u0300s. Nous avions implore\u0301 le Ciel pour qu\u2019il pleut dans la semaine et c\u2019est le cas Revoir la pluie ce jour est une gra\u0302ce et un ouf de soulagement si cela pouvait continuer ainsi tous les jours \u00bb,<\/b> a exclame\u0301 un <b>Placide<\/b> <b>Te\u0301ngue\u0301re\u0301<\/b> un passant habitant le quartier Ngbe\u0301ngue\u0301we\u0301 dans le 5e\u0300me arrondissement de Bangui.<\/p>\n<p>Cette se\u0300cheresse n\u2019a pas seulement des conse\u0301quences sur l\u2019humanite\u0301 mais aussi sur les re\u0301coltes. Il y\u2019a des agriculteurs qui utilisent l\u2019eau pour arroser leur produits. Mais a\u0300 de\u0301faut de la pluie, certains puits sont devenus se\u0300ches si bien que ces re\u0301coltes sont mauvaises pour ceux qui ne disposent pas des chutes d\u2019eau comme alternative.<\/p>\n<p>Peut-on dire la journe\u0301e du 22 fe\u0301vrier 2024 marque\u0301e par la ce\u0301le\u0301bration de la fe\u0302te du scoutisme cre\u0301e par Badem Powell a cause\u0301 cette pluie ou bien une simple coi\u0308ncidence ? Quelles est donc l\u2019ambiance dans certains quartiers de Bangui avec cette pluie tant souhaite\u0301e par les Centrafricains ? Apre\u0300s la pluie vient le beau temps.<\/p>\n<p><b>Source: Ndjoni Sango<\/b><\/p>\n<p><strong>Pour plus d&rsquo;informations et d&rsquo;analyses sur la <a href=\"https:\/\/www.africa-press.net\/centrafricaine\">CentrAfricaine<\/a>, suivez <a href=\"https:\/\/www.africa-press.net\/\">Africa-Press<\/a><\/strong><\/p>\n","protected":false},"excerpt":{"rendered":"<p>Africa-Press &#8211; CentrAfricaine. Apre\u0300s plusieurs jours de lamentations, de pincements de dents cause\u0301e par la chaleur intense a\u0300 Bangui et dans certaines villes, les Centrafricains sont soulage\u0301s gra\u0302ce a\u0300 la pluie tant attendue qui a arrose\u0301 la capitale ce jeudi 22 fe\u0301vrier 2024. Le changement climatique qui a secoue\u0301 le monde entier n\u2019a pas du [&hellip;]<\/p>\n","protected":false},"author":82,"featured_media":53246,"comment_status":"open","ping_status":"closed","sticky":false,"template":"","format":"standard","meta":{"footnotes":""},"categories":[21,10],"tags":[5007,36,58,30,41,5005,5006],"class_list":["post-53247","post","type-post","status-publish","format-standard","has-post-thumbnail","hentry","category-communaute","category-toutes-les-actualites","tag-1ere-pluie-de-lannee-2024","tag-africa-press","tag-africa-press-centrafricaine","tag-centrafricaine","tag-centrafrique","tag-placide-tenguere","tag-quartier-ngbenguewe"],"yoast_head":"<!-- This site is optimized with the Yoast SEO Premium plugin v26.1 (Yoast SEO v27.0) - https:\/\/yoast.com\/product\/yoast-seo-premium-wordpress\/ -->\n<title>les Centrafricains soulag\u00e9s par la 1\u00e8re pluie de l\u2019ann\u00e9e 2024 - centrafricaine<\/title>\n<meta name=\"description\" content=\"Apre\u0300s plusieurs jours de lamentations, de pincements de dents cause\u0301e par la chaleur intense a\u0300 Bangui et dans certaine ...\" \/>\n<meta name=\"robots\" content=\"index, follow, max-snippet:-1, max-image-preview:large, max-video-preview:-1\" \/>\n<link rel=\"canonical\" href=\"https:\/\/www.africa-press.net\/centrafricaine\/toutes-les-actualites\/les-centrafricains-soulages-par-la-1ere-pluie-de-lannee-2024\" \/>\n<meta property=\"og:locale\" content=\"fr_FR\" \/>\n<meta property=\"og:type\" content=\"article\" \/>\n<meta property=\"og:title\" content=\"les Centrafricains soulag\u00e9s par la 1\u00e8re pluie de l\u2019ann\u00e9e 2024\" \/>\n<meta property=\"og:description\" content=\"Apre\u0300s plusieurs jours de lamentations, de pincements de dents cause\u0301e par la chaleur intense a\u0300 Bangui et dans certaine ...\" \/>\n<meta property=\"og:url\" content=\"https:\/\/www.africa-press.net\/centrafricaine\/toutes-les-actualites\/les-centrafricains-soulages-par-la-1ere-pluie-de-lannee-2024\" \/>\n<meta property=\"og:site_name\" content=\"centrafricaine\" \/>\n<meta property=\"article:published_time\" content=\"2024-02-23T17:00:36+00:00\" \/>\n<meta property=\"article:modified_time\" content=\"2024-02-23T17:57:20+00:00\" \/>\n<meta property=\"og:image\" content=\"https:\/\/static.africa-press.net\/centrafricaine\/sites\/45\/2024\/02\/sm_1708698270.679761.jpg\" \/>\n\t<meta property=\"og:image:width\" content=\"960\" \/>\n\t<meta property=\"og:image:height\" content=\"720\" \/>\n\t<meta property=\"og:image:type\" content=\"image\/jpeg\" \/>\n<meta name=\"author\" content=\"cfeditorfr\" \/>\n<meta name=\"twitter:card\" content=\"summary_large_image\" \/>\n<meta name=\"twitter:label1\" content=\"\u00c9crit par\" \/>\n\t<meta name=\"twitter:data1\" content=\"cfeditorfr\" \/>\n\t<meta name=\"twitter:label2\" content=\"Dur\u00e9e de lecture estim\u00e9e\" \/>\n\t<meta name=\"twitter:data2\" content=\"2 minutes\" \/>\n<script type=\"application\/ld+json\" class=\"yoast-schema-graph\">{\"@context\":\"https:\/\/schema.org\",\"@graph\":[{\"@type\":\"Article\",\"@id\":\"https:\/\/www.africa-press.net\/centrafricaine\/toutes-les-actualites\/les-centrafricains-soulages-par-la-1ere-pluie-de-lannee-2024#article\",\"isPartOf\":{\"@id\":\"https:\/\/www.africa-press.net\/centrafricaine\/toutes-les-actualites\/les-centrafricains-soulages-par-la-1ere-pluie-de-lannee-2024\"},\"author\":{\"name\":\"cfeditorfr\",\"@id\":\"https:\/\/www.africa-press.net\/centrafricaine\/#\/schema\/person\/2b1cf3cd81a31e3cd26889ca66d677f1\"},\"headline\":\"les Centrafricains soulag\u00e9s par la 1\u00e8re pluie de l\u2019ann\u00e9e 2024\",\"datePublished\":\"2024-02-23T17:00:36+00:00\",\"dateModified\":\"2024-02-23T17:57:20+00:00\",\"mainEntityOfPage\":{\"@id\":\"https:\/\/www.africa-press.net\/centrafricaine\/toutes-les-actualites\/les-centrafricains-soulages-par-la-1ere-pluie-de-lannee-2024\"},\"wordCount\":392,\"commentCount\":0,\"image\":{\"@id\":\"https:\/\/www.africa-press.net\/centrafricaine\/toutes-les-actualites\/les-centrafricains-soulages-par-la-1ere-pluie-de-lannee-2024#primaryimage\"},\"thumbnailUrl\":\"https:\/\/static.africa-press.net\/centrafricaine\/sites\/45\/2024\/02\/sm_1708698270.679761.jpg\",\"keywords\":[\"1\u00e8re pluie de l\u2019ann\u00e9e 2024\",\"Africa Press\",\"Africa Press-CentrAfricaine\",\"CentrAfricaine\",\"Centrafrique\",\"Placide T\u00e9ngu\u00e9r\u00e9\",\"quartier Ngb\u00e9ngu\u00e9w\u00e9\"],\"articleSection\":[\"Communaut\u00e9\",\"Toutes les actualit\u00e9s\"],\"inLanguage\":\"fr-FR\",\"potentialAction\":[{\"@type\":\"CommentAction\",\"name\":\"Comment\",\"target\":[\"https:\/\/www.africa-press.net\/centrafricaine\/toutes-les-actualites\/les-centrafricains-soulages-par-la-1ere-pluie-de-lannee-2024#respond\"]}]},{\"@type\":\"WebPage\",\"@id\":\"https:\/\/www.africa-press.net\/centrafricaine\/toutes-les-actualites\/les-centrafricains-soulages-par-la-1ere-pluie-de-lannee-2024\",\"url\":\"https:\/\/www.africa-press.net\/centrafricaine\/toutes-les-actualites\/les-centrafricains-soulages-par-la-1ere-pluie-de-lannee-2024\",\"name\":\"les Centrafricains soulag\u00e9s par la 1\u00e8re pluie de l\u2019ann\u00e9e 2024 - centrafricaine\",\"isPartOf\":{\"@id\":\"https:\/\/www.africa-press.net\/centrafricaine\/#website\"},\"primaryImageOfPage\":{\"@id\":\"https:\/\/www.africa-press.net\/centrafricaine\/toutes-les-actualites\/les-centrafricains-soulages-par-la-1ere-pluie-de-lannee-2024#primaryimage\"},\"image\":{\"@id\":\"https:\/\/www.africa-press.net\/centrafricaine\/toutes-les-actualites\/les-centrafricains-soulages-par-la-1ere-pluie-de-lannee-2024#primaryimage\"},\"thumbnailUrl\":\"https:\/\/static.africa-press.net\/centrafricaine\/sites\/45\/2024\/02\/sm_1708698270.679761.jpg\",\"datePublished\":\"2024-02-23T17:00:36+00:00\",\"dateModified\":\"2024-02-23T17:57:20+00:00\",\"author\":{\"@id\":\"https:\/\/www.africa-press.net\/centrafricaine\/#\/schema\/person\/2b1cf3cd81a31e3cd26889ca66d677f1\"},\"description\":\"Apre\u0300s plusieurs jours de lamentations, de pincements de dents cause\u0301e par la chaleur intense a\u0300 Bangui et dans certaine ...\",\"breadcrumb\":{\"@id\":\"https:\/\/www.africa-press.net\/centrafricaine\/toutes-les-actualites\/les-centrafricains-soulages-par-la-1ere-pluie-de-lannee-2024#breadcrumb\"},\"inLanguage\":\"fr-FR\",\"potentialAction\":[{\"@type\":\"ReadAction\",\"target\":[\"https:\/\/www.africa-press.net\/centrafricaine\/toutes-les-actualites\/les-centrafricains-soulages-par-la-1ere-pluie-de-lannee-2024\"]}]},{\"@type\":\"ImageObject\",\"inLanguage\":\"fr-FR\",\"@id\":\"https:\/\/www.africa-press.net\/centrafricaine\/toutes-les-actualites\/les-centrafricains-soulages-par-la-1ere-pluie-de-lannee-2024#primaryimage\",\"url\":\"https:\/\/static.africa-press.net\/centrafricaine\/sites\/45\/2024\/02\/sm_1708698270.679761.jpg\",\"contentUrl\":\"https:\/\/static.africa-press.net\/centrafricaine\/sites\/45\/2024\/02\/sm_1708698270.679761.jpg\",\"width\":960,\"height\":720,\"caption\":\"les Centrafricains soulag\u00e9s par la 1\u00e8re pluie de l\u2019ann\u00e9e 2024\"},{\"@type\":\"BreadcrumbList\",\"@id\":\"https:\/\/www.africa-press.net\/centrafricaine\/toutes-les-actualites\/les-centrafricains-soulages-par-la-1ere-pluie-de-lannee-2024#breadcrumb\",\"itemListElement\":[{\"@type\":\"ListItem\",\"position\":1,\"name\":\"Accueil\",\"item\":\"https:\/\/www.africa-press.net\/centrafricaine\/\"},{\"@type\":\"ListItem\",\"position\":2,\"name\":\"les Centrafricains soulag\u00e9s par la 1\u00e8re pluie de l\u2019ann\u00e9e 2024\"}]},{\"@type\":\"WebSite\",\"@id\":\"https:\/\/www.africa-press.net\/centrafricaine\/#website\",\"url\":\"https:\/\/www.africa-press.net\/centrafricaine\/\",\"name\":\"centrafricaine\",\"description\":\"Just another Africa News Agency Sites site\",\"potentialAction\":[{\"@type\":\"SearchAction\",\"target\":{\"@type\":\"EntryPoint\",\"urlTemplate\":\"https:\/\/www.africa-press.net\/centrafricaine\/?s={search_term_string}\"},\"query-input\":{\"@type\":\"PropertyValueSpecification\",\"valueRequired\":true,\"valueName\":\"search_term_string\"}}],\"inLanguage\":\"fr-FR\"},{\"@type\":\"Person\",\"@id\":\"https:\/\/www.africa-press.net\/centrafricaine\/#\/schema\/person\/2b1cf3cd81a31e3cd26889ca66d677f1\",\"name\":\"cfeditorfr\"}]}<\/script>\n<!-- \/ Yoast SEO Premium plugin. -->","yoast_head_json":{"title":"les Centrafricains soulag\u00e9s par la 1\u00e8re pluie de l\u2019ann\u00e9e 2024 - centrafricaine","description":"Apre\u0300s plusieurs jours de lamentations, de pincements de dents cause\u0301e par la chaleur intense a\u0300 Bangui et dans certaine ...","robots":{"index":"index","follow":"follow","max-snippet":"max-snippet:-1","max-image-preview":"max-image-preview:large","max-video-preview":"max-video-preview:-1"},"canonical":"https:\/\/www.africa-press.net\/centrafricaine\/toutes-les-actualites\/les-centrafricains-soulages-par-la-1ere-pluie-de-lannee-2024","og_locale":"fr_FR","og_type":"article","og_title":"les Centrafricains soulag\u00e9s par la 1\u00e8re pluie de l\u2019ann\u00e9e 2024","og_description":"Apre\u0300s plusieurs jours de lamentations, de pincements de dents cause\u0301e par la chaleur intense a\u0300 Bangui et dans certaine ...","og_url":"https:\/\/www.africa-press.net\/centrafricaine\/toutes-les-actualites\/les-centrafricains-soulages-par-la-1ere-pluie-de-lannee-2024","og_site_name":"centrafricaine","article_published_time":"2024-02-23T17:00:36+00:00","article_modified_time":"2024-02-23T17:57:20+00:00","og_image":[{"width":960,"height":720,"url":"https:\/\/static.africa-press.net\/centrafricaine\/sites\/45\/2024\/02\/sm_1708698270.679761.jpg","type":"image\/jpeg"}],"author":"cfeditorfr","twitter_card":"summary_large_image","twitter_misc":{"\u00c9crit par":"cfeditorfr","Dur\u00e9e de lecture estim\u00e9e":"2 minutes"},"schema":{"@context":"https:\/\/schema.org","@graph":[{"@type":"Article","@id":"https:\/\/www.africa-press.net\/centrafricaine\/toutes-les-actualites\/les-centrafricains-soulages-par-la-1ere-pluie-de-lannee-2024#article","isPartOf":{"@id":"https:\/\/www.africa-press.net\/centrafricaine\/toutes-les-actualites\/les-centrafricains-soulages-par-la-1ere-pluie-de-lannee-2024"},"author":{"name":"cfeditorfr","@id":"https:\/\/www.africa-press.net\/centrafricaine\/#\/schema\/person\/2b1cf3cd81a31e3cd26889ca66d677f1"},"headline":"les Centrafricains soulag\u00e9s par la 1\u00e8re pluie de l\u2019ann\u00e9e 2024","datePublished":"2024-02-23T17:00:36+00:00","dateModified":"2024-02-23T17:57:20+00:00","mainEntityOfPage":{"@id":"https:\/\/www.africa-press.net\/centrafricaine\/toutes-les-actualites\/les-centrafricains-soulages-par-la-1ere-pluie-de-lannee-2024"},"wordCount":392,"commentCount":0,"image":{"@id":"https:\/\/www.africa-press.net\/centrafricaine\/toutes-les-actualites\/les-centrafricains-soulages-par-la-1ere-pluie-de-lannee-2024#primaryimage"},"thumbnailUrl":"https:\/\/static.africa-press.net\/centrafricaine\/sites\/45\/2024\/02\/sm_1708698270.679761.jpg","keywords":["1\u00e8re pluie de l\u2019ann\u00e9e 2024","Africa Press","Africa Press-CentrAfricaine","CentrAfricaine","Centrafrique","Placide T\u00e9ngu\u00e9r\u00e9","quartier Ngb\u00e9ngu\u00e9w\u00e9"],"articleSection":["Communaut\u00e9","Toutes les actualit\u00e9s"],"inLanguage":"fr-FR","potentialAction":[{"@type":"CommentAction","name":"Comment","target":["https:\/\/www.africa-press.net\/centrafricaine\/toutes-les-actualites\/les-centrafricains-soulages-par-la-1ere-pluie-de-lannee-2024#respond"]}]},{"@type":"WebPage","@id":"https:\/\/www.africa-press.net\/centrafricaine\/toutes-les-actualites\/les-centrafricains-soulages-par-la-1ere-pluie-de-lannee-2024","url":"https:\/\/www.africa-press.net\/centrafricaine\/toutes-les-actualites\/les-centrafricains-soulages-par-la-1ere-pluie-de-lannee-2024","name":"les Centrafricains soulag\u00e9s par la 1\u00e8re pluie de l\u2019ann\u00e9e 2024 - centrafricaine","isPartOf":{"@id":"https:\/\/www.africa-press.net\/centrafricaine\/#website"},"primaryImageOfPage":{"@id":"https:\/\/www.africa-press.net\/centrafricaine\/toutes-les-actualites\/les-centrafricains-soulages-par-la-1ere-pluie-de-lannee-2024#primaryimage"},"image":{"@id":"https:\/\/www.africa-press.net\/centrafricaine\/toutes-les-actualites\/les-centrafricains-soulages-par-la-1ere-pluie-de-lannee-2024#primaryimage"},"thumbnailUrl":"https:\/\/static.africa-press.net\/centrafricaine\/sites\/45\/2024\/02\/sm_1708698270.679761.jpg","datePublished":"2024-02-23T17:00:36+00:00","dateModified":"2024-02-23T17:57:20+00:00","author":{"@id":"https:\/\/www.africa-press.net\/centrafricaine\/#\/schema\/person\/2b1cf3cd81a31e3cd26889ca66d677f1"},"description":"Apre\u0300s plusieurs jours de lamentations, de pincements de dents cause\u0301e par la chaleur intense a\u0300 Bangui et dans certaine ...","breadcrumb":{"@id":"https:\/\/www.africa-press.net\/centrafricaine\/toutes-les-actualites\/les-centrafricains-soulages-par-la-1ere-pluie-de-lannee-2024#breadcrumb"},"inLanguage":"fr-FR","potentialAction":[{"@type":"ReadAction","target":["https:\/\/www.africa-press.net\/centrafricaine\/toutes-les-actualites\/les-centrafricains-soulages-par-la-1ere-pluie-de-lannee-2024"]}]},{"@type":"ImageObject","inLanguage":"fr-FR","@id":"https:\/\/www.africa-press.net\/centrafricaine\/toutes-les-actualites\/les-centrafricains-soulages-par-la-1ere-pluie-de-lannee-2024#primaryimage","url":"https:\/\/static.africa-press.net\/centrafricaine\/sites\/45\/2024\/02\/sm_1708698270.679761.jpg","contentUrl":"https:\/\/static.africa-press.net\/centrafricaine\/sites\/45\/2024\/02\/sm_1708698270.679761.jpg","width":960,"height":720,"caption":"les Centrafricains soulag\u00e9s par la 1\u00e8re pluie de l\u2019ann\u00e9e 2024"},{"@type":"BreadcrumbList","@id":"https:\/\/www.africa-press.net\/centrafricaine\/toutes-les-actualites\/les-centrafricains-soulages-par-la-1ere-pluie-de-lannee-2024#breadcrumb","itemListElement":[{"@type":"ListItem","position":1,"name":"Accueil","item":"https:\/\/www.africa-press.net\/centrafricaine\/"},{"@type":"ListItem","position":2,"name":"les Centrafricains soulag\u00e9s par la 1\u00e8re pluie de l\u2019ann\u00e9e 2024"}]},{"@type":"WebSite","@id":"https:\/\/www.africa-press.net\/centrafricaine\/#website","url":"https:\/\/www.africa-press.net\/centrafricaine\/","name":"centrafricaine","description":"Just another Africa News Agency Sites site","potentialAction":[{"@type":"SearchAction","target":{"@type":"EntryPoint","urlTemplate":"https:\/\/www.africa-press.net\/centrafricaine\/?s={search_term_string}"},"query-input":{"@type":"PropertyValueSpecification","valueRequired":true,"valueName":"search_term_string"}}],"inLanguage":"fr-FR"},{"@type":"Person","@id":"https:\/\/www.africa-press.net\/centrafricaine\/#\/schema\/person\/2b1cf3cd81a31e3cd26889ca66d677f1","name":"cfeditorfr"}]}},"_links":{"self":[{"href":"https:\/\/www.africa-press.net\/centrafricaine\/wp-json\/wp\/v2\/posts\/53247","targetHints":{"allow":["GET"]}}],"collection":[{"href":"https:\/\/www.africa-press.net\/centrafricaine\/wp-json\/wp\/v2\/posts"}],"about":[{"href":"https:\/\/www.africa-press.net\/centrafricaine\/wp-json\/wp\/v2\/types\/post"}],"author":[{"embeddable":true,"href":"https:\/\/www.africa-press.net\/centrafricaine\/wp-json\/wp\/v2\/users\/82"}],"replies":[{"embeddable":true,"href":"https:\/\/www.africa-press.net\/centrafricaine\/wp-json\/wp\/v2\/comments?post=53247"}],"version-history":[{"count":0,"href":"https:\/\/www.africa-press.net\/centrafricaine\/wp-json\/wp\/v2\/posts\/53247\/revisions"}],"wp:featuredmedia":[{"embeddable":true,"href":"https:\/\/www.africa-press.net\/centrafricaine\/wp-json\/wp\/v2\/media\/53246"}],"wp:attachment":[{"href":"https:\/\/www.africa-press.net\/centrafricaine\/wp-json\/wp\/v2\/media?parent=53247"}],"wp:term":[{"taxonomy":"category","embeddable":true,"href":"https:\/\/www.africa-press.net\/centrafricaine\/wp-json\/wp\/v2\/categories?post=53247"},{"taxonomy":"post_tag","embeddable":true,"href":"https:\/\/www.africa-press.net\/centrafricaine\/wp-json\/wp\/v2\/tags?post=53247"}],"curies":[{"name":"wp","href":"https:\/\/api.w.org\/{rel}","templated":true}]}}