{"id":53268,"date":"2024-02-24T17:21:12","date_gmt":"2024-02-24T17:21:12","guid":{"rendered":"https:\/\/www.africa-press.net\/centrafricaine\/politique\/bas-uele-sos-en-faveur-des-67-000-refugies-centrafricains-installes-a-ango"},"modified":"2024-02-24T17:56:05","modified_gmt":"2024-02-24T17:56:05","slug":"bas-uele-sos-en-faveur-des-67-000-refugies-centrafricains-installes-a-ango","status":"publish","type":"post","link":"https:\/\/www.africa-press.net\/centrafricaine\/politique\/bas-uele-sos-en-faveur-des-67-000-refugies-centrafricains-installes-a-ango","title":{"rendered":"Bas-Uele : SOS en faveur des 67 000 r\u00e9fugi\u00e9s centrafricains install\u00e9s \u00e0 Ango"},"content":{"rendered":"<p><span style=\"color: #ff6600\"><strong>Africa-Press &#8211; CentrAfricaine. <\/strong><\/span>L\u2019administrateur du territoire d\u2019Ango (Bas-Uele) plaide pour une assistance humanitaire en faveur des re\u0301fugie\u0301s centrafricains installe\u0301s dans la chefferie Sasa, situe\u0301e a\u0300 plus ou moins 150 km de la frontie\u0300re centrafricaine. Ces personnes ont traverse\u0301 la rivie\u0300re Mbomu, certaines depuis 2017 et d\u2019autres en 2023, fuyant la guerre dans leur pays.<\/p>\n<p>Le nombre des re\u0301fugie\u0301s centrafricains est estime\u0301 actuellement a\u0300 plus de 67 000 personnes dans cette partie du territoire d\u2019Ango. Ils vivent difficilement de leur petite production champe\u0302tre.<\/p>\n<p>L\u2019administrateur du territoire d\u2019Ango, Marcelin Lekabusia, qui en revient d\u2019une mission d\u2019itine\u0301rance, te\u0301moigne qu\u2019ils me\u0300nent une vie mise\u0301rable:<\/p>\n<p>\u00ab Ils ont vraiment le proble\u0300me de l\u2019eau potable et aussi leur survie, ils mangent difficilement. Heureusement, ils ont trouve\u0301 une terre fertile. Ils s\u2019adonnent aux travaux champe\u0302tres pour vivre \u00bb.<\/p>\n<p>Selon lui, ces re\u0301fugie\u0301s e\u0301prouvent aussi des difficulte\u0301s pour assurer l\u2019e\u0301ducation de leurs enfants. Ces derniers \u00ab sont nombreux dans une salle de classe, on peut trouver entre 150 et 200 e\u0301le\u0300ves \u00bb.<\/p>\n<p>Sur le plan se\u0301curitaire, Marcelin Lekabusia de\u0301plore le fait qu\u2019il n\u2019y ait pas une forte pre\u0301sence de l\u2019arme\u0301e pour se\u0301curiser la frontie\u0300re.<\/p>\n<p>\u00ab Il y a des (miliciens centrafricains) Seleka qui sont de l\u2019autre co\u0302te\u0301, ils traversent sans proble\u0300me par des routes-la\u0300, des voies ille\u0301gales. Voila\u0300 qui fait toujours de\u0301sordre sur le terrain \u00bb, poursuit l\u2019administrateur.<\/p>\n<p>Il e\u0301voque e\u0301galement les e\u0301leveurs Mbororos, dont \u00ab quelques-uns sont habitue\u0301s a\u0300 se promener avec des armes dans la brousse. Ils se\u0300ment la terreur dans la population locale. Voila\u0300 la situation se\u0301curitaire, qui n\u2019est pas bonne dans la chefferie Sasa&#8230; \u00bb<\/p>\n<p>Marcelin Lekabusia demande ainsi aux autorite\u0301s congolaises de renforcer les effectifs des militaires FARDC et de les e\u0301quiper, afin de mieux se\u0301curiser la frontie\u0300re avec la RCA.<\/p>\n<p><strong>Pour plus d&rsquo;informations et d&rsquo;analyses sur la <a href=\"https:\/\/www.africa-press.net\/centrafricaine\">CentrAfricaine<\/a>, suivez <a href=\"https:\/\/www.africa-press.net\/\">Africa-Press<\/a><\/strong><\/p>\n","protected":false},"excerpt":{"rendered":"<p>Africa-Press &#8211; CentrAfricaine. L\u2019administrateur du territoire d\u2019Ango (Bas-Uele) plaide pour une assistance humanitaire en faveur des re\u0301fugie\u0301s centrafricains installe\u0301s dans la chefferie Sasa, situe\u0301e a\u0300 plus ou moins 150 km de la frontie\u0300re centrafricaine. Ces personnes ont traverse\u0301 la rivie\u0300re Mbomu, certaines depuis 2017 et d\u2019autres en 2023, fuyant la guerre dans leur pays. Le [&hellip;]<\/p>\n","protected":false},"author":82,"featured_media":53267,"comment_status":"open","ping_status":"closed","sticky":false,"template":"","format":"standard","meta":{"footnotes":""},"categories":[2,10],"tags":[36,58,30],"class_list":["post-53268","post","type-post","status-publish","format-standard","has-post-thumbnail","hentry","category-politique","category-toutes-les-actualites","tag-africa-press","tag-africa-press-centrafricaine","tag-centrafricaine"],"yoast_head":"<!-- This site is optimized with the Yoast SEO Premium plugin v26.1 (Yoast SEO v27.0) - https:\/\/yoast.com\/product\/yoast-seo-premium-wordpress\/ -->\n<title>Bas-Uele : SOS en faveur des 67 000 r\u00e9fugi\u00e9s centrafricains install\u00e9s \u00e0 Ango - centrafricaine<\/title>\n<meta name=\"description\" content=\"L\u2019administrateur du territoire d\u2019Ango (Bas-Uele) plaide pour une assistance humanitaire en faveur des re\u0301fugie\u0301s centraf ...\" \/>\n<meta name=\"robots\" content=\"index, follow, max-snippet:-1, max-image-preview:large, max-video-preview:-1\" \/>\n<link rel=\"canonical\" href=\"https:\/\/www.africa-press.net\/centrafricaine\/politique\/bas-uele-sos-en-faveur-des-67-000-refugies-centrafricains-installes-a-ango\" \/>\n<meta property=\"og:locale\" content=\"fr_FR\" \/>\n<meta property=\"og:type\" content=\"article\" \/>\n<meta property=\"og:title\" content=\"Bas-Uele : SOS en faveur des 67 000 r\u00e9fugi\u00e9s centrafricains install\u00e9s \u00e0 Ango\" \/>\n<meta property=\"og:description\" content=\"L\u2019administrateur du territoire d\u2019Ango (Bas-Uele) plaide pour une assistance humanitaire en faveur des re\u0301fugie\u0301s centraf ...\" \/>\n<meta property=\"og:url\" content=\"https:\/\/www.africa-press.net\/centrafricaine\/politique\/bas-uele-sos-en-faveur-des-67-000-refugies-centrafricains-installes-a-ango\" \/>\n<meta property=\"og:site_name\" content=\"centrafricaine\" \/>\n<meta property=\"article:published_time\" content=\"2024-02-24T17:21:12+00:00\" \/>\n<meta property=\"article:modified_time\" content=\"2024-02-24T17:56:05+00:00\" \/>\n<meta property=\"og:image\" content=\"https:\/\/static.africa-press.net\/centrafricaine\/sites\/45\/2024\/02\/sm_1708784706.807987.jpg\" \/>\n\t<meta property=\"og:image:width\" content=\"500\" \/>\n\t<meta property=\"og:image:height\" content=\"376\" \/>\n\t<meta property=\"og:image:type\" content=\"image\/jpeg\" \/>\n<meta name=\"author\" content=\"cfeditorfr\" \/>\n<meta name=\"twitter:card\" content=\"summary_large_image\" \/>\n<meta name=\"twitter:label1\" content=\"\u00c9crit par\" \/>\n\t<meta name=\"twitter:data1\" content=\"cfeditorfr\" \/>\n\t<meta name=\"twitter:label2\" content=\"Dur\u00e9e de lecture estim\u00e9e\" \/>\n\t<meta name=\"twitter:data2\" content=\"2 minutes\" \/>\n<script type=\"application\/ld+json\" class=\"yoast-schema-graph\">{\"@context\":\"https:\/\/schema.org\",\"@graph\":[{\"@type\":\"Article\",\"@id\":\"https:\/\/www.africa-press.net\/centrafricaine\/politique\/bas-uele-sos-en-faveur-des-67-000-refugies-centrafricains-installes-a-ango#article\",\"isPartOf\":{\"@id\":\"https:\/\/www.africa-press.net\/centrafricaine\/politique\/bas-uele-sos-en-faveur-des-67-000-refugies-centrafricains-installes-a-ango\"},\"author\":{\"name\":\"cfeditorfr\",\"@id\":\"https:\/\/www.africa-press.net\/centrafricaine\/#\/schema\/person\/2b1cf3cd81a31e3cd26889ca66d677f1\"},\"headline\":\"Bas-Uele : SOS en faveur des 67 000 r\u00e9fugi\u00e9s centrafricains install\u00e9s \u00e0 Ango\",\"datePublished\":\"2024-02-24T17:21:12+00:00\",\"dateModified\":\"2024-02-24T17:56:05+00:00\",\"mainEntityOfPage\":{\"@id\":\"https:\/\/www.africa-press.net\/centrafricaine\/politique\/bas-uele-sos-en-faveur-des-67-000-refugies-centrafricains-installes-a-ango\"},\"wordCount\":357,\"commentCount\":0,\"image\":{\"@id\":\"https:\/\/www.africa-press.net\/centrafricaine\/politique\/bas-uele-sos-en-faveur-des-67-000-refugies-centrafricains-installes-a-ango#primaryimage\"},\"thumbnailUrl\":\"https:\/\/static.africa-press.net\/centrafricaine\/sites\/45\/2024\/02\/sm_1708784706.807987.jpg\",\"keywords\":[\"Africa Press\",\"Africa Press-CentrAfricaine\",\"CentrAfricaine\"],\"articleSection\":[\"Politique\",\"Toutes les actualit\u00e9s\"],\"inLanguage\":\"fr-FR\",\"potentialAction\":[{\"@type\":\"CommentAction\",\"name\":\"Comment\",\"target\":[\"https:\/\/www.africa-press.net\/centrafricaine\/politique\/bas-uele-sos-en-faveur-des-67-000-refugies-centrafricains-installes-a-ango#respond\"]}]},{\"@type\":\"WebPage\",\"@id\":\"https:\/\/www.africa-press.net\/centrafricaine\/politique\/bas-uele-sos-en-faveur-des-67-000-refugies-centrafricains-installes-a-ango\",\"url\":\"https:\/\/www.africa-press.net\/centrafricaine\/politique\/bas-uele-sos-en-faveur-des-67-000-refugies-centrafricains-installes-a-ango\",\"name\":\"Bas-Uele : SOS en faveur des 67 000 r\u00e9fugi\u00e9s centrafricains install\u00e9s \u00e0 Ango - centrafricaine\",\"isPartOf\":{\"@id\":\"https:\/\/www.africa-press.net\/centrafricaine\/#website\"},\"primaryImageOfPage\":{\"@id\":\"https:\/\/www.africa-press.net\/centrafricaine\/politique\/bas-uele-sos-en-faveur-des-67-000-refugies-centrafricains-installes-a-ango#primaryimage\"},\"image\":{\"@id\":\"https:\/\/www.africa-press.net\/centrafricaine\/politique\/bas-uele-sos-en-faveur-des-67-000-refugies-centrafricains-installes-a-ango#primaryimage\"},\"thumbnailUrl\":\"https:\/\/static.africa-press.net\/centrafricaine\/sites\/45\/2024\/02\/sm_1708784706.807987.jpg\",\"datePublished\":\"2024-02-24T17:21:12+00:00\",\"dateModified\":\"2024-02-24T17:56:05+00:00\",\"author\":{\"@id\":\"https:\/\/www.africa-press.net\/centrafricaine\/#\/schema\/person\/2b1cf3cd81a31e3cd26889ca66d677f1\"},\"description\":\"L\u2019administrateur du territoire d\u2019Ango (Bas-Uele) plaide pour une assistance humanitaire en faveur des re\u0301fugie\u0301s centraf ...\",\"breadcrumb\":{\"@id\":\"https:\/\/www.africa-press.net\/centrafricaine\/politique\/bas-uele-sos-en-faveur-des-67-000-refugies-centrafricains-installes-a-ango#breadcrumb\"},\"inLanguage\":\"fr-FR\",\"potentialAction\":[{\"@type\":\"ReadAction\",\"target\":[\"https:\/\/www.africa-press.net\/centrafricaine\/politique\/bas-uele-sos-en-faveur-des-67-000-refugies-centrafricains-installes-a-ango\"]}]},{\"@type\":\"ImageObject\",\"inLanguage\":\"fr-FR\",\"@id\":\"https:\/\/www.africa-press.net\/centrafricaine\/politique\/bas-uele-sos-en-faveur-des-67-000-refugies-centrafricains-installes-a-ango#primaryimage\",\"url\":\"https:\/\/static.africa-press.net\/centrafricaine\/sites\/45\/2024\/02\/sm_1708784706.807987.jpg\",\"contentUrl\":\"https:\/\/static.africa-press.net\/centrafricaine\/sites\/45\/2024\/02\/sm_1708784706.807987.jpg\",\"width\":500,\"height\":376,\"caption\":\"Bas-Uele : SOS en faveur des 67 000 r\u00e9fugi\u00e9s centrafricains install\u00e9s \u00e0 Ango\"},{\"@type\":\"BreadcrumbList\",\"@id\":\"https:\/\/www.africa-press.net\/centrafricaine\/politique\/bas-uele-sos-en-faveur-des-67-000-refugies-centrafricains-installes-a-ango#breadcrumb\",\"itemListElement\":[{\"@type\":\"ListItem\",\"position\":1,\"name\":\"Accueil\",\"item\":\"https:\/\/www.africa-press.net\/centrafricaine\/\"},{\"@type\":\"ListItem\",\"position\":2,\"name\":\"Bas-Uele : SOS en faveur des 67 000 r\u00e9fugi\u00e9s centrafricains install\u00e9s \u00e0 Ango\"}]},{\"@type\":\"WebSite\",\"@id\":\"https:\/\/www.africa-press.net\/centrafricaine\/#website\",\"url\":\"https:\/\/www.africa-press.net\/centrafricaine\/\",\"name\":\"centrafricaine\",\"description\":\"Just another Africa News Agency Sites site\",\"potentialAction\":[{\"@type\":\"SearchAction\",\"target\":{\"@type\":\"EntryPoint\",\"urlTemplate\":\"https:\/\/www.africa-press.net\/centrafricaine\/?s={search_term_string}\"},\"query-input\":{\"@type\":\"PropertyValueSpecification\",\"valueRequired\":true,\"valueName\":\"search_term_string\"}}],\"inLanguage\":\"fr-FR\"},{\"@type\":\"Person\",\"@id\":\"https:\/\/www.africa-press.net\/centrafricaine\/#\/schema\/person\/2b1cf3cd81a31e3cd26889ca66d677f1\",\"name\":\"cfeditorfr\"}]}<\/script>\n<!-- \/ Yoast SEO Premium plugin. -->","yoast_head_json":{"title":"Bas-Uele : SOS en faveur des 67 000 r\u00e9fugi\u00e9s centrafricains install\u00e9s \u00e0 Ango - centrafricaine","description":"L\u2019administrateur du territoire d\u2019Ango (Bas-Uele) plaide pour une assistance humanitaire en faveur des re\u0301fugie\u0301s centraf ...","robots":{"index":"index","follow":"follow","max-snippet":"max-snippet:-1","max-image-preview":"max-image-preview:large","max-video-preview":"max-video-preview:-1"},"canonical":"https:\/\/www.africa-press.net\/centrafricaine\/politique\/bas-uele-sos-en-faveur-des-67-000-refugies-centrafricains-installes-a-ango","og_locale":"fr_FR","og_type":"article","og_title":"Bas-Uele : SOS en faveur des 67 000 r\u00e9fugi\u00e9s centrafricains install\u00e9s \u00e0 Ango","og_description":"L\u2019administrateur du territoire d\u2019Ango (Bas-Uele) plaide pour une assistance humanitaire en faveur des re\u0301fugie\u0301s centraf ...","og_url":"https:\/\/www.africa-press.net\/centrafricaine\/politique\/bas-uele-sos-en-faveur-des-67-000-refugies-centrafricains-installes-a-ango","og_site_name":"centrafricaine","article_published_time":"2024-02-24T17:21:12+00:00","article_modified_time":"2024-02-24T17:56:05+00:00","og_image":[{"width":500,"height":376,"url":"https:\/\/static.africa-press.net\/centrafricaine\/sites\/45\/2024\/02\/sm_1708784706.807987.jpg","type":"image\/jpeg"}],"author":"cfeditorfr","twitter_card":"summary_large_image","twitter_misc":{"\u00c9crit par":"cfeditorfr","Dur\u00e9e de lecture estim\u00e9e":"2 minutes"},"schema":{"@context":"https:\/\/schema.org","@graph":[{"@type":"Article","@id":"https:\/\/www.africa-press.net\/centrafricaine\/politique\/bas-uele-sos-en-faveur-des-67-000-refugies-centrafricains-installes-a-ango#article","isPartOf":{"@id":"https:\/\/www.africa-press.net\/centrafricaine\/politique\/bas-uele-sos-en-faveur-des-67-000-refugies-centrafricains-installes-a-ango"},"author":{"name":"cfeditorfr","@id":"https:\/\/www.africa-press.net\/centrafricaine\/#\/schema\/person\/2b1cf3cd81a31e3cd26889ca66d677f1"},"headline":"Bas-Uele : SOS en faveur des 67 000 r\u00e9fugi\u00e9s centrafricains install\u00e9s \u00e0 Ango","datePublished":"2024-02-24T17:21:12+00:00","dateModified":"2024-02-24T17:56:05+00:00","mainEntityOfPage":{"@id":"https:\/\/www.africa-press.net\/centrafricaine\/politique\/bas-uele-sos-en-faveur-des-67-000-refugies-centrafricains-installes-a-ango"},"wordCount":357,"commentCount":0,"image":{"@id":"https:\/\/www.africa-press.net\/centrafricaine\/politique\/bas-uele-sos-en-faveur-des-67-000-refugies-centrafricains-installes-a-ango#primaryimage"},"thumbnailUrl":"https:\/\/static.africa-press.net\/centrafricaine\/sites\/45\/2024\/02\/sm_1708784706.807987.jpg","keywords":["Africa Press","Africa Press-CentrAfricaine","CentrAfricaine"],"articleSection":["Politique","Toutes les actualit\u00e9s"],"inLanguage":"fr-FR","potentialAction":[{"@type":"CommentAction","name":"Comment","target":["https:\/\/www.africa-press.net\/centrafricaine\/politique\/bas-uele-sos-en-faveur-des-67-000-refugies-centrafricains-installes-a-ango#respond"]}]},{"@type":"WebPage","@id":"https:\/\/www.africa-press.net\/centrafricaine\/politique\/bas-uele-sos-en-faveur-des-67-000-refugies-centrafricains-installes-a-ango","url":"https:\/\/www.africa-press.net\/centrafricaine\/politique\/bas-uele-sos-en-faveur-des-67-000-refugies-centrafricains-installes-a-ango","name":"Bas-Uele : SOS en faveur des 67 000 r\u00e9fugi\u00e9s centrafricains install\u00e9s \u00e0 Ango - centrafricaine","isPartOf":{"@id":"https:\/\/www.africa-press.net\/centrafricaine\/#website"},"primaryImageOfPage":{"@id":"https:\/\/www.africa-press.net\/centrafricaine\/politique\/bas-uele-sos-en-faveur-des-67-000-refugies-centrafricains-installes-a-ango#primaryimage"},"image":{"@id":"https:\/\/www.africa-press.net\/centrafricaine\/politique\/bas-uele-sos-en-faveur-des-67-000-refugies-centrafricains-installes-a-ango#primaryimage"},"thumbnailUrl":"https:\/\/static.africa-press.net\/centrafricaine\/sites\/45\/2024\/02\/sm_1708784706.807987.jpg","datePublished":"2024-02-24T17:21:12+00:00","dateModified":"2024-02-24T17:56:05+00:00","author":{"@id":"https:\/\/www.africa-press.net\/centrafricaine\/#\/schema\/person\/2b1cf3cd81a31e3cd26889ca66d677f1"},"description":"L\u2019administrateur du territoire d\u2019Ango (Bas-Uele) plaide pour une assistance humanitaire en faveur des re\u0301fugie\u0301s centraf ...","breadcrumb":{"@id":"https:\/\/www.africa-press.net\/centrafricaine\/politique\/bas-uele-sos-en-faveur-des-67-000-refugies-centrafricains-installes-a-ango#breadcrumb"},"inLanguage":"fr-FR","potentialAction":[{"@type":"ReadAction","target":["https:\/\/www.africa-press.net\/centrafricaine\/politique\/bas-uele-sos-en-faveur-des-67-000-refugies-centrafricains-installes-a-ango"]}]},{"@type":"ImageObject","inLanguage":"fr-FR","@id":"https:\/\/www.africa-press.net\/centrafricaine\/politique\/bas-uele-sos-en-faveur-des-67-000-refugies-centrafricains-installes-a-ango#primaryimage","url":"https:\/\/static.africa-press.net\/centrafricaine\/sites\/45\/2024\/02\/sm_1708784706.807987.jpg","contentUrl":"https:\/\/static.africa-press.net\/centrafricaine\/sites\/45\/2024\/02\/sm_1708784706.807987.jpg","width":500,"height":376,"caption":"Bas-Uele : SOS en faveur des 67 000 r\u00e9fugi\u00e9s centrafricains install\u00e9s \u00e0 Ango"},{"@type":"BreadcrumbList","@id":"https:\/\/www.africa-press.net\/centrafricaine\/politique\/bas-uele-sos-en-faveur-des-67-000-refugies-centrafricains-installes-a-ango#breadcrumb","itemListElement":[{"@type":"ListItem","position":1,"name":"Accueil","item":"https:\/\/www.africa-press.net\/centrafricaine\/"},{"@type":"ListItem","position":2,"name":"Bas-Uele : SOS en faveur des 67 000 r\u00e9fugi\u00e9s centrafricains install\u00e9s \u00e0 Ango"}]},{"@type":"WebSite","@id":"https:\/\/www.africa-press.net\/centrafricaine\/#website","url":"https:\/\/www.africa-press.net\/centrafricaine\/","name":"centrafricaine","description":"Just another Africa News Agency Sites site","potentialAction":[{"@type":"SearchAction","target":{"@type":"EntryPoint","urlTemplate":"https:\/\/www.africa-press.net\/centrafricaine\/?s={search_term_string}"},"query-input":{"@type":"PropertyValueSpecification","valueRequired":true,"valueName":"search_term_string"}}],"inLanguage":"fr-FR"},{"@type":"Person","@id":"https:\/\/www.africa-press.net\/centrafricaine\/#\/schema\/person\/2b1cf3cd81a31e3cd26889ca66d677f1","name":"cfeditorfr"}]}},"_links":{"self":[{"href":"https:\/\/www.africa-press.net\/centrafricaine\/wp-json\/wp\/v2\/posts\/53268","targetHints":{"allow":["GET"]}}],"collection":[{"href":"https:\/\/www.africa-press.net\/centrafricaine\/wp-json\/wp\/v2\/posts"}],"about":[{"href":"https:\/\/www.africa-press.net\/centrafricaine\/wp-json\/wp\/v2\/types\/post"}],"author":[{"embeddable":true,"href":"https:\/\/www.africa-press.net\/centrafricaine\/wp-json\/wp\/v2\/users\/82"}],"replies":[{"embeddable":true,"href":"https:\/\/www.africa-press.net\/centrafricaine\/wp-json\/wp\/v2\/comments?post=53268"}],"version-history":[{"count":0,"href":"https:\/\/www.africa-press.net\/centrafricaine\/wp-json\/wp\/v2\/posts\/53268\/revisions"}],"wp:featuredmedia":[{"embeddable":true,"href":"https:\/\/www.africa-press.net\/centrafricaine\/wp-json\/wp\/v2\/media\/53267"}],"wp:attachment":[{"href":"https:\/\/www.africa-press.net\/centrafricaine\/wp-json\/wp\/v2\/media?parent=53268"}],"wp:term":[{"taxonomy":"category","embeddable":true,"href":"https:\/\/www.africa-press.net\/centrafricaine\/wp-json\/wp\/v2\/categories?post=53268"},{"taxonomy":"post_tag","embeddable":true,"href":"https:\/\/www.africa-press.net\/centrafricaine\/wp-json\/wp\/v2\/tags?post=53268"}],"curies":[{"name":"wp","href":"https:\/\/api.w.org\/{rel}","templated":true}]}}