{"id":53270,"date":"2024-02-24T17:22:03","date_gmt":"2024-02-24T17:22:03","guid":{"rendered":"https:\/\/www.africa-press.net\/centrafricaine\/politique\/onu-hilale-reelu-a-la-presidence-de-la-configuration-republique-centrafricaine"},"modified":"2024-02-24T17:56:30","modified_gmt":"2024-02-24T17:56:30","slug":"onu-hilale-reelu-a-la-presidence-de-la-configuration-republique-centrafricaine","status":"publish","type":"post","link":"https:\/\/www.africa-press.net\/centrafricaine\/politique\/onu-hilale-reelu-a-la-presidence-de-la-configuration-republique-centrafricaine","title":{"rendered":"ONU: Hilale r\u00e9\u00e9lu \u00e0 la pr\u00e9sidence de la Configuration R\u00e9publique Centrafricaine"},"content":{"rendered":"<p><span style=\"color: #ff6600\"><strong>Africa-Press &#8211; CentrAfricaine. <\/strong><\/span>L\u2019ambassadeur, repre\u0301sentant permanent du Maroc aupre\u0300s des Nations Unies a\u0300 New York, Omar Hilale, a e\u0301te\u0301 re\u0301e\u0301lu, par acclamation, par les membres de la Commission de la consolidation de la paix (CCP), a\u0300 la pre\u0301sidence de la Configuration Re\u0301publique Centrafricaine.<\/p>\n<p>Ce ple\u0301biscite, renouvele\u0301 pour la dixie\u0300me anne\u0301e conse\u0301cutive, te\u0301moigne de la confiance continue dont jouit l\u2019ambassadeur du Maroc dans la conduite re\u0301ussie de sa mission. Il repre\u0301sente, e\u0301galement, une reconnaissance sans ambages de ses efforts et son engagement en faveur de la paix et la stabilite\u0301 pe\u0301rennes en Re\u0301publique Centrafricaine.<\/p>\n<p>Une confiance et une reconnaissance par ailleurs re\u0301affirme\u0301es par Faustin Archange Touadera, pre\u0301sident de la Re\u0301publique centrafricaine, lors d\u2019une rencontre avec Hilale en marge des travaux du Sommet du Mouvement des Non-Aligne\u0301s, tenu a\u0300 Kampala en janvier 2024.<\/p>\n<p>Au cours de cette rencontre, Touadera a remercie\u0301 le Maroc pour tout le soutien et l\u2019accompagnement multiformes apporte\u0301s a\u0300 la Re\u0301publique Centrafricaine depuis de nombreuses anne\u0301es, tant au niveau bilate\u0301ral, qu\u2019au niveau multilate\u0301ral, notamment a\u0300 travers sa pre\u0301sidence de la Configuration Re\u0301publique Centrafricaine de la CCP. Il a, en outre, invite\u0301 l\u2019ambassadeur marocain a\u0300 effectuer une visite de travail a\u0300 Bangui, en 2024.<\/p>\n<p>Hilale a, pour sa part, salue\u0301 le leadership du pre\u0301sident Touadera et lui a re\u0301ite\u0301re\u0301 le plein soutien du Maroc pour la concre\u0301tisation des priorite\u0301s de la Re\u0301publique Centrafricaine, identifie\u0301es par les autorite\u0301s centrafricaines et partage\u0301es avec lui lors de sa dernie\u0300re visite a\u0300 Bangui, du 07 au 11 novembre 2023.<\/p>\n<p>Il s\u2019agit, principalement, de l\u2019organisation re\u0301ussie des e\u0301lections locales \u2013 les premie\u0300res dans le pays depuis plus de trois de\u0301cennies -, enjeu politique et de\u0301mocratique majeur pour la Re\u0301publique Centrafricaine, et gage d\u2019une gouvernance locale efficace et d\u2019une repre\u0301sentativite\u0301 locale le\u0301gitime, tous deux vecteurs d\u2019une paix durable dans le pays.<\/p>\n<p>Il s\u2019agit, e\u0301galement, de l\u2019investissement dans le de\u0301veloppement et la rele\u0300ve e\u0301conomiques en Re\u0301publique Centrafricaine, afin d\u2019ope\u0301rer le changement de paradigme voulu par le pre\u0301sident Touadera, qui sortira le pays d\u2019une situation de de\u0301pendance de l\u2019assistance humanitaire et permettra aux populations centrafricaines d\u2019enregistrer les be\u0301ne\u0301fices d\u2019un de\u0301veloppement socio-e\u0301conomique durable.<\/p>\n<p>A cet effet, l\u2019ambassadeur du Maroc veillera au cours de son mandat actuel a\u0300 la te\u0302te de la Configuration Re\u0301publique Centrafricaine a\u0300 continuer de mobiliser le soutien politique et diplomatique de la communaute\u0301 internationale et a\u0300 engager les partenaires re\u0301gionaux et sous-re\u0301gionaux techniques et financiers pour redoubler le soutien a\u0300 la Re\u0301publique Centrafricaine dans le cadre de sa vision a\u0300 plus long terme en faveur d\u2019une paix et d\u2019une stabilite\u0301 pe\u0301rennes et d\u2019un de\u0301veloppement socio-e\u0301conomique efficace et durable.<\/p>\n<p>La Configuration se penchera, e\u0301galement, sur l\u2019e\u0301laboration de conseils et de recommandations au Conseil de se\u0301curite\u0301 a\u0300 la veille du renouvellement du mandat de la Mission multidimensionnelle inte\u0301gre\u0301e des Nations Unies pour la stabilisation en Centrafrique (MINUSCA).<\/p>\n<p><strong>Pour plus d&rsquo;informations et d&rsquo;analyses sur la <a href=\"https:\/\/www.africa-press.net\/centrafricaine\">CentrAfricaine<\/a>, suivez <a href=\"https:\/\/www.africa-press.net\/\">Africa-Press<\/a><\/strong><\/p>\n","protected":false},"excerpt":{"rendered":"<p>Africa-Press &#8211; CentrAfricaine. L\u2019ambassadeur, repre\u0301sentant permanent du Maroc aupre\u0300s des Nations Unies a\u0300 New York, Omar Hilale, a e\u0301te\u0301 re\u0301e\u0301lu, par acclamation, par les membres de la Commission de la consolidation de la paix (CCP), a\u0300 la pre\u0301sidence de la Configuration Re\u0301publique Centrafricaine. Ce ple\u0301biscite, renouvele\u0301 pour la dixie\u0300me anne\u0301e conse\u0301cutive, te\u0301moigne de la confiance [&hellip;]<\/p>\n","protected":false},"author":82,"featured_media":53269,"comment_status":"open","ping_status":"closed","sticky":false,"template":"","format":"standard","meta":{"footnotes":""},"categories":[2,20,10],"tags":[36,58,30],"class_list":["post-53270","post","type-post","status-publish","format-standard","has-post-thumbnail","hentry","category-politique","category-top-nouvelles","category-toutes-les-actualites","tag-africa-press","tag-africa-press-centrafricaine","tag-centrafricaine"],"yoast_head":"<!-- This site is optimized with the Yoast SEO Premium plugin v26.1 (Yoast SEO v27.0) - https:\/\/yoast.com\/product\/yoast-seo-premium-wordpress\/ -->\n<title>ONU: Hilale r\u00e9\u00e9lu \u00e0 la pr\u00e9sidence de la Configuration R\u00e9publique Centrafricaine - centrafricaine<\/title>\n<meta name=\"description\" content=\"L\u2019ambassadeur, repre\u0301sentant permanent du Maroc aupre\u0300s des Nations Unies a\u0300 New York, Omar Hilale, a e\u0301te\u0301 re\u0301e\u0301lu, par ...\" \/>\n<meta name=\"robots\" content=\"index, follow, max-snippet:-1, max-image-preview:large, max-video-preview:-1\" \/>\n<link rel=\"canonical\" href=\"https:\/\/www.africa-press.net\/centrafricaine\/politique\/onu-hilale-reelu-a-la-presidence-de-la-configuration-republique-centrafricaine\" \/>\n<meta property=\"og:locale\" content=\"fr_FR\" \/>\n<meta property=\"og:type\" content=\"article\" \/>\n<meta property=\"og:title\" content=\"ONU: Hilale r\u00e9\u00e9lu \u00e0 la pr\u00e9sidence de la Configuration R\u00e9publique Centrafricaine\" \/>\n<meta property=\"og:description\" content=\"L\u2019ambassadeur, repre\u0301sentant permanent du Maroc aupre\u0300s des Nations Unies a\u0300 New York, Omar Hilale, a e\u0301te\u0301 re\u0301e\u0301lu, par ...\" \/>\n<meta property=\"og:url\" content=\"https:\/\/www.africa-press.net\/centrafricaine\/politique\/onu-hilale-reelu-a-la-presidence-de-la-configuration-republique-centrafricaine\" \/>\n<meta property=\"og:site_name\" content=\"centrafricaine\" \/>\n<meta property=\"article:published_time\" content=\"2024-02-24T17:22:03+00:00\" \/>\n<meta property=\"article:modified_time\" content=\"2024-02-24T17:56:30+00:00\" \/>\n<meta property=\"og:image\" content=\"https:\/\/static.africa-press.net\/centrafricaine\/sites\/45\/2024\/02\/sm_1708784729.686839.jpg\" \/>\n\t<meta property=\"og:image:width\" content=\"696\" \/>\n\t<meta property=\"og:image:height\" content=\"348\" \/>\n\t<meta property=\"og:image:type\" content=\"image\/jpeg\" \/>\n<meta name=\"author\" content=\"cfeditorfr\" \/>\n<meta name=\"twitter:card\" content=\"summary_large_image\" \/>\n<meta name=\"twitter:label1\" content=\"\u00c9crit par\" \/>\n\t<meta name=\"twitter:data1\" content=\"cfeditorfr\" \/>\n\t<meta name=\"twitter:label2\" content=\"Dur\u00e9e de lecture estim\u00e9e\" \/>\n\t<meta name=\"twitter:data2\" content=\"3 minutes\" \/>\n<script type=\"application\/ld+json\" class=\"yoast-schema-graph\">{\"@context\":\"https:\/\/schema.org\",\"@graph\":[{\"@type\":\"Article\",\"@id\":\"https:\/\/www.africa-press.net\/centrafricaine\/politique\/onu-hilale-reelu-a-la-presidence-de-la-configuration-republique-centrafricaine#article\",\"isPartOf\":{\"@id\":\"https:\/\/www.africa-press.net\/centrafricaine\/politique\/onu-hilale-reelu-a-la-presidence-de-la-configuration-republique-centrafricaine\"},\"author\":{\"name\":\"cfeditorfr\",\"@id\":\"https:\/\/www.africa-press.net\/centrafricaine\/#\/schema\/person\/2b1cf3cd81a31e3cd26889ca66d677f1\"},\"headline\":\"ONU: Hilale r\u00e9\u00e9lu \u00e0 la pr\u00e9sidence de la Configuration R\u00e9publique Centrafricaine\",\"datePublished\":\"2024-02-24T17:22:03+00:00\",\"dateModified\":\"2024-02-24T17:56:30+00:00\",\"mainEntityOfPage\":{\"@id\":\"https:\/\/www.africa-press.net\/centrafricaine\/politique\/onu-hilale-reelu-a-la-presidence-de-la-configuration-republique-centrafricaine\"},\"wordCount\":573,\"commentCount\":0,\"image\":{\"@id\":\"https:\/\/www.africa-press.net\/centrafricaine\/politique\/onu-hilale-reelu-a-la-presidence-de-la-configuration-republique-centrafricaine#primaryimage\"},\"thumbnailUrl\":\"https:\/\/static.africa-press.net\/centrafricaine\/sites\/45\/2024\/02\/sm_1708784729.686839.jpg\",\"keywords\":[\"Africa Press\",\"Africa Press-CentrAfricaine\",\"CentrAfricaine\"],\"articleSection\":[\"Politique\",\"Top Nouvelles\",\"Toutes les actualit\u00e9s\"],\"inLanguage\":\"fr-FR\",\"potentialAction\":[{\"@type\":\"CommentAction\",\"name\":\"Comment\",\"target\":[\"https:\/\/www.africa-press.net\/centrafricaine\/politique\/onu-hilale-reelu-a-la-presidence-de-la-configuration-republique-centrafricaine#respond\"]}]},{\"@type\":\"WebPage\",\"@id\":\"https:\/\/www.africa-press.net\/centrafricaine\/politique\/onu-hilale-reelu-a-la-presidence-de-la-configuration-republique-centrafricaine\",\"url\":\"https:\/\/www.africa-press.net\/centrafricaine\/politique\/onu-hilale-reelu-a-la-presidence-de-la-configuration-republique-centrafricaine\",\"name\":\"ONU: Hilale r\u00e9\u00e9lu \u00e0 la pr\u00e9sidence de la Configuration R\u00e9publique Centrafricaine - centrafricaine\",\"isPartOf\":{\"@id\":\"https:\/\/www.africa-press.net\/centrafricaine\/#website\"},\"primaryImageOfPage\":{\"@id\":\"https:\/\/www.africa-press.net\/centrafricaine\/politique\/onu-hilale-reelu-a-la-presidence-de-la-configuration-republique-centrafricaine#primaryimage\"},\"image\":{\"@id\":\"https:\/\/www.africa-press.net\/centrafricaine\/politique\/onu-hilale-reelu-a-la-presidence-de-la-configuration-republique-centrafricaine#primaryimage\"},\"thumbnailUrl\":\"https:\/\/static.africa-press.net\/centrafricaine\/sites\/45\/2024\/02\/sm_1708784729.686839.jpg\",\"datePublished\":\"2024-02-24T17:22:03+00:00\",\"dateModified\":\"2024-02-24T17:56:30+00:00\",\"author\":{\"@id\":\"https:\/\/www.africa-press.net\/centrafricaine\/#\/schema\/person\/2b1cf3cd81a31e3cd26889ca66d677f1\"},\"description\":\"L\u2019ambassadeur, repre\u0301sentant permanent du Maroc aupre\u0300s des Nations Unies a\u0300 New York, Omar Hilale, a e\u0301te\u0301 re\u0301e\u0301lu, par ...\",\"breadcrumb\":{\"@id\":\"https:\/\/www.africa-press.net\/centrafricaine\/politique\/onu-hilale-reelu-a-la-presidence-de-la-configuration-republique-centrafricaine#breadcrumb\"},\"inLanguage\":\"fr-FR\",\"potentialAction\":[{\"@type\":\"ReadAction\",\"target\":[\"https:\/\/www.africa-press.net\/centrafricaine\/politique\/onu-hilale-reelu-a-la-presidence-de-la-configuration-republique-centrafricaine\"]}]},{\"@type\":\"ImageObject\",\"inLanguage\":\"fr-FR\",\"@id\":\"https:\/\/www.africa-press.net\/centrafricaine\/politique\/onu-hilale-reelu-a-la-presidence-de-la-configuration-republique-centrafricaine#primaryimage\",\"url\":\"https:\/\/static.africa-press.net\/centrafricaine\/sites\/45\/2024\/02\/sm_1708784729.686839.jpg\",\"contentUrl\":\"https:\/\/static.africa-press.net\/centrafricaine\/sites\/45\/2024\/02\/sm_1708784729.686839.jpg\",\"width\":696,\"height\":348,\"caption\":\"ONU: Hilale r\u00e9\u00e9lu \u00e0 la pr\u00e9sidence de la Configuration R\u00e9publique Centrafricaine\"},{\"@type\":\"BreadcrumbList\",\"@id\":\"https:\/\/www.africa-press.net\/centrafricaine\/politique\/onu-hilale-reelu-a-la-presidence-de-la-configuration-republique-centrafricaine#breadcrumb\",\"itemListElement\":[{\"@type\":\"ListItem\",\"position\":1,\"name\":\"Accueil\",\"item\":\"https:\/\/www.africa-press.net\/centrafricaine\/\"},{\"@type\":\"ListItem\",\"position\":2,\"name\":\"ONU: Hilale r\u00e9\u00e9lu \u00e0 la pr\u00e9sidence de la Configuration R\u00e9publique Centrafricaine\"}]},{\"@type\":\"WebSite\",\"@id\":\"https:\/\/www.africa-press.net\/centrafricaine\/#website\",\"url\":\"https:\/\/www.africa-press.net\/centrafricaine\/\",\"name\":\"centrafricaine\",\"description\":\"Just another Africa News Agency Sites site\",\"potentialAction\":[{\"@type\":\"SearchAction\",\"target\":{\"@type\":\"EntryPoint\",\"urlTemplate\":\"https:\/\/www.africa-press.net\/centrafricaine\/?s={search_term_string}\"},\"query-input\":{\"@type\":\"PropertyValueSpecification\",\"valueRequired\":true,\"valueName\":\"search_term_string\"}}],\"inLanguage\":\"fr-FR\"},{\"@type\":\"Person\",\"@id\":\"https:\/\/www.africa-press.net\/centrafricaine\/#\/schema\/person\/2b1cf3cd81a31e3cd26889ca66d677f1\",\"name\":\"cfeditorfr\"}]}<\/script>\n<!-- \/ Yoast SEO Premium plugin. -->","yoast_head_json":{"title":"ONU: Hilale r\u00e9\u00e9lu \u00e0 la pr\u00e9sidence de la Configuration R\u00e9publique Centrafricaine - centrafricaine","description":"L\u2019ambassadeur, repre\u0301sentant permanent du Maroc aupre\u0300s des Nations Unies a\u0300 New York, Omar Hilale, a e\u0301te\u0301 re\u0301e\u0301lu, par ...","robots":{"index":"index","follow":"follow","max-snippet":"max-snippet:-1","max-image-preview":"max-image-preview:large","max-video-preview":"max-video-preview:-1"},"canonical":"https:\/\/www.africa-press.net\/centrafricaine\/politique\/onu-hilale-reelu-a-la-presidence-de-la-configuration-republique-centrafricaine","og_locale":"fr_FR","og_type":"article","og_title":"ONU: Hilale r\u00e9\u00e9lu \u00e0 la pr\u00e9sidence de la Configuration R\u00e9publique Centrafricaine","og_description":"L\u2019ambassadeur, repre\u0301sentant permanent du Maroc aupre\u0300s des Nations Unies a\u0300 New York, Omar Hilale, a e\u0301te\u0301 re\u0301e\u0301lu, par ...","og_url":"https:\/\/www.africa-press.net\/centrafricaine\/politique\/onu-hilale-reelu-a-la-presidence-de-la-configuration-republique-centrafricaine","og_site_name":"centrafricaine","article_published_time":"2024-02-24T17:22:03+00:00","article_modified_time":"2024-02-24T17:56:30+00:00","og_image":[{"width":696,"height":348,"url":"https:\/\/static.africa-press.net\/centrafricaine\/sites\/45\/2024\/02\/sm_1708784729.686839.jpg","type":"image\/jpeg"}],"author":"cfeditorfr","twitter_card":"summary_large_image","twitter_misc":{"\u00c9crit par":"cfeditorfr","Dur\u00e9e de lecture estim\u00e9e":"3 minutes"},"schema":{"@context":"https:\/\/schema.org","@graph":[{"@type":"Article","@id":"https:\/\/www.africa-press.net\/centrafricaine\/politique\/onu-hilale-reelu-a-la-presidence-de-la-configuration-republique-centrafricaine#article","isPartOf":{"@id":"https:\/\/www.africa-press.net\/centrafricaine\/politique\/onu-hilale-reelu-a-la-presidence-de-la-configuration-republique-centrafricaine"},"author":{"name":"cfeditorfr","@id":"https:\/\/www.africa-press.net\/centrafricaine\/#\/schema\/person\/2b1cf3cd81a31e3cd26889ca66d677f1"},"headline":"ONU: Hilale r\u00e9\u00e9lu \u00e0 la pr\u00e9sidence de la Configuration R\u00e9publique Centrafricaine","datePublished":"2024-02-24T17:22:03+00:00","dateModified":"2024-02-24T17:56:30+00:00","mainEntityOfPage":{"@id":"https:\/\/www.africa-press.net\/centrafricaine\/politique\/onu-hilale-reelu-a-la-presidence-de-la-configuration-republique-centrafricaine"},"wordCount":573,"commentCount":0,"image":{"@id":"https:\/\/www.africa-press.net\/centrafricaine\/politique\/onu-hilale-reelu-a-la-presidence-de-la-configuration-republique-centrafricaine#primaryimage"},"thumbnailUrl":"https:\/\/static.africa-press.net\/centrafricaine\/sites\/45\/2024\/02\/sm_1708784729.686839.jpg","keywords":["Africa Press","Africa Press-CentrAfricaine","CentrAfricaine"],"articleSection":["Politique","Top Nouvelles","Toutes les actualit\u00e9s"],"inLanguage":"fr-FR","potentialAction":[{"@type":"CommentAction","name":"Comment","target":["https:\/\/www.africa-press.net\/centrafricaine\/politique\/onu-hilale-reelu-a-la-presidence-de-la-configuration-republique-centrafricaine#respond"]}]},{"@type":"WebPage","@id":"https:\/\/www.africa-press.net\/centrafricaine\/politique\/onu-hilale-reelu-a-la-presidence-de-la-configuration-republique-centrafricaine","url":"https:\/\/www.africa-press.net\/centrafricaine\/politique\/onu-hilale-reelu-a-la-presidence-de-la-configuration-republique-centrafricaine","name":"ONU: Hilale r\u00e9\u00e9lu \u00e0 la pr\u00e9sidence de la Configuration R\u00e9publique Centrafricaine - centrafricaine","isPartOf":{"@id":"https:\/\/www.africa-press.net\/centrafricaine\/#website"},"primaryImageOfPage":{"@id":"https:\/\/www.africa-press.net\/centrafricaine\/politique\/onu-hilale-reelu-a-la-presidence-de-la-configuration-republique-centrafricaine#primaryimage"},"image":{"@id":"https:\/\/www.africa-press.net\/centrafricaine\/politique\/onu-hilale-reelu-a-la-presidence-de-la-configuration-republique-centrafricaine#primaryimage"},"thumbnailUrl":"https:\/\/static.africa-press.net\/centrafricaine\/sites\/45\/2024\/02\/sm_1708784729.686839.jpg","datePublished":"2024-02-24T17:22:03+00:00","dateModified":"2024-02-24T17:56:30+00:00","author":{"@id":"https:\/\/www.africa-press.net\/centrafricaine\/#\/schema\/person\/2b1cf3cd81a31e3cd26889ca66d677f1"},"description":"L\u2019ambassadeur, repre\u0301sentant permanent du Maroc aupre\u0300s des Nations Unies a\u0300 New York, Omar Hilale, a e\u0301te\u0301 re\u0301e\u0301lu, par ...","breadcrumb":{"@id":"https:\/\/www.africa-press.net\/centrafricaine\/politique\/onu-hilale-reelu-a-la-presidence-de-la-configuration-republique-centrafricaine#breadcrumb"},"inLanguage":"fr-FR","potentialAction":[{"@type":"ReadAction","target":["https:\/\/www.africa-press.net\/centrafricaine\/politique\/onu-hilale-reelu-a-la-presidence-de-la-configuration-republique-centrafricaine"]}]},{"@type":"ImageObject","inLanguage":"fr-FR","@id":"https:\/\/www.africa-press.net\/centrafricaine\/politique\/onu-hilale-reelu-a-la-presidence-de-la-configuration-republique-centrafricaine#primaryimage","url":"https:\/\/static.africa-press.net\/centrafricaine\/sites\/45\/2024\/02\/sm_1708784729.686839.jpg","contentUrl":"https:\/\/static.africa-press.net\/centrafricaine\/sites\/45\/2024\/02\/sm_1708784729.686839.jpg","width":696,"height":348,"caption":"ONU: Hilale r\u00e9\u00e9lu \u00e0 la pr\u00e9sidence de la Configuration R\u00e9publique Centrafricaine"},{"@type":"BreadcrumbList","@id":"https:\/\/www.africa-press.net\/centrafricaine\/politique\/onu-hilale-reelu-a-la-presidence-de-la-configuration-republique-centrafricaine#breadcrumb","itemListElement":[{"@type":"ListItem","position":1,"name":"Accueil","item":"https:\/\/www.africa-press.net\/centrafricaine\/"},{"@type":"ListItem","position":2,"name":"ONU: Hilale r\u00e9\u00e9lu \u00e0 la pr\u00e9sidence de la Configuration R\u00e9publique Centrafricaine"}]},{"@type":"WebSite","@id":"https:\/\/www.africa-press.net\/centrafricaine\/#website","url":"https:\/\/www.africa-press.net\/centrafricaine\/","name":"centrafricaine","description":"Just another Africa News Agency Sites site","potentialAction":[{"@type":"SearchAction","target":{"@type":"EntryPoint","urlTemplate":"https:\/\/www.africa-press.net\/centrafricaine\/?s={search_term_string}"},"query-input":{"@type":"PropertyValueSpecification","valueRequired":true,"valueName":"search_term_string"}}],"inLanguage":"fr-FR"},{"@type":"Person","@id":"https:\/\/www.africa-press.net\/centrafricaine\/#\/schema\/person\/2b1cf3cd81a31e3cd26889ca66d677f1","name":"cfeditorfr"}]}},"_links":{"self":[{"href":"https:\/\/www.africa-press.net\/centrafricaine\/wp-json\/wp\/v2\/posts\/53270","targetHints":{"allow":["GET"]}}],"collection":[{"href":"https:\/\/www.africa-press.net\/centrafricaine\/wp-json\/wp\/v2\/posts"}],"about":[{"href":"https:\/\/www.africa-press.net\/centrafricaine\/wp-json\/wp\/v2\/types\/post"}],"author":[{"embeddable":true,"href":"https:\/\/www.africa-press.net\/centrafricaine\/wp-json\/wp\/v2\/users\/82"}],"replies":[{"embeddable":true,"href":"https:\/\/www.africa-press.net\/centrafricaine\/wp-json\/wp\/v2\/comments?post=53270"}],"version-history":[{"count":0,"href":"https:\/\/www.africa-press.net\/centrafricaine\/wp-json\/wp\/v2\/posts\/53270\/revisions"}],"wp:featuredmedia":[{"embeddable":true,"href":"https:\/\/www.africa-press.net\/centrafricaine\/wp-json\/wp\/v2\/media\/53269"}],"wp:attachment":[{"href":"https:\/\/www.africa-press.net\/centrafricaine\/wp-json\/wp\/v2\/media?parent=53270"}],"wp:term":[{"taxonomy":"category","embeddable":true,"href":"https:\/\/www.africa-press.net\/centrafricaine\/wp-json\/wp\/v2\/categories?post=53270"},{"taxonomy":"post_tag","embeddable":true,"href":"https:\/\/www.africa-press.net\/centrafricaine\/wp-json\/wp\/v2\/tags?post=53270"}],"curies":[{"name":"wp","href":"https:\/\/api.w.org\/{rel}","templated":true}]}}