{"id":53280,"date":"2024-02-24T17:16:45","date_gmt":"2024-02-24T17:16:45","guid":{"rendered":"https:\/\/www.africa-press.net\/centrafricaine\/politique\/sylvain-lautie-nomme-selectionneur-de-la-centrafrique"},"modified":"2024-02-24T17:59:59","modified_gmt":"2024-02-24T17:59:59","slug":"sylvain-lautie-nomme-selectionneur-de-la-centrafrique","status":"publish","type":"post","link":"https:\/\/www.africa-press.net\/centrafricaine\/sports\/sylvain-lautie-nomme-selectionneur-de-la-centrafrique","title":{"rendered":"SYLVAIN LAUTI\u00c9 NOMM\u00c9 S\u00c9LECTIONNEUR DE LA CENTRAFRIQUE"},"content":{"rendered":"<p><span style=\"color: #ff6600\"><strong>Africa-Press &#8211; CentrAfricaine. <\/strong><\/span>Ancien s\u00e9lectionneur du Mali, Sylvain Lauti\u00e9 reprend du service, cette fois avec la Centrafrique.<\/p>\n<p>Alors que le temps est \u00e0 la tr\u00eave en Betclic Elite apr\u00e8s la Leaders Cup, tout le monde n\u2019est pas au repos. L\u2019Est R\u00e9publicain rapporte que l\u2019entra\u00eeneur du SLUC, Sylvain Lauti\u00e9 (55 ans), a \u00e9t\u00e9 sollicit\u00e9 par la f\u00e9d\u00e9ration centrafricaine pour prendre en main l\u2019\u00e9quipe nationale. Premier test ce vendredi en Egypte dans le cadre des qualifications pour l\u2019Afrobasket 2025.<\/p>\n<p>Ancien coach de Boulazac, Sylvain Lauti\u00e9 n\u2019est pas \u00e0 son coup d\u2019essai avec une s\u00e9lection nationale. Il a \u00e9t\u00e9 s\u00e9lectionneur du Mali en 2005 et 2015 avant d\u2019en prendre en main la s\u00e9lection f\u00e9minine entre 2017 et 2019.<\/p>\n<p><strong>Pour plus d&rsquo;informations et d&rsquo;analyses sur la <a href=\"https:\/\/www.africa-press.net\/centrafricaine\">CentrAfricaine<\/a>, suivez <a href=\"https:\/\/www.africa-press.net\/\">Africa-Press<\/a><\/strong><\/p>\n","protected":false},"excerpt":{"rendered":"<p>Africa-Press &#8211; CentrAfricaine. Ancien s\u00e9lectionneur du Mali, Sylvain Lauti\u00e9 reprend du service, cette fois avec la Centrafrique. Alors que le temps est \u00e0 la tr\u00eave en Betclic Elite apr\u00e8s la Leaders Cup, tout le monde n\u2019est pas au repos. L\u2019Est R\u00e9publicain rapporte que l\u2019entra\u00eeneur du SLUC, Sylvain Lauti\u00e9 (55 ans), a \u00e9t\u00e9 sollicit\u00e9 par la [&hellip;]<\/p>\n","protected":false},"author":82,"featured_media":53279,"comment_status":"open","ping_status":"closed","sticky":false,"template":"","format":"standard","meta":{"footnotes":""},"categories":[6,10],"tags":[36,58,30],"class_list":["post-53280","post","type-post","status-publish","format-standard","has-post-thumbnail","hentry","category-sports","category-toutes-les-actualites","tag-africa-press","tag-africa-press-centrafricaine","tag-centrafricaine"],"yoast_head":"<!-- This site is optimized with the Yoast SEO Premium plugin v26.1 (Yoast SEO v27.0) - https:\/\/yoast.com\/product\/yoast-seo-premium-wordpress\/ -->\n<title>SYLVAIN LAUTI\u00c9 NOMM\u00c9 S\u00c9LECTIONNEUR DE LA CENTRAFRIQUE - centrafricaine<\/title>\n<meta name=\"description\" content=\"Ancien se\u0301lectionneur du Mali, Sylvain Lautie\u0301 reprend du service, cette fois avec la Centrafrique. Alors que le temps e ...\" \/>\n<meta name=\"robots\" content=\"index, follow, max-snippet:-1, max-image-preview:large, max-video-preview:-1\" \/>\n<link rel=\"canonical\" href=\"https:\/\/www.africa-press.net\/centrafricaine\/sports\/sylvain-lautie-nomme-selectionneur-de-la-centrafrique\" \/>\n<meta property=\"og:locale\" content=\"fr_FR\" \/>\n<meta property=\"og:type\" content=\"article\" \/>\n<meta property=\"og:title\" content=\"SYLVAIN LAUTI\u00c9 NOMM\u00c9 S\u00c9LECTIONNEUR DE LA CENTRAFRIQUE\" \/>\n<meta property=\"og:description\" content=\"Ancien se\u0301lectionneur du Mali, Sylvain Lautie\u0301 reprend du service, cette fois avec la Centrafrique. Alors que le temps e ...\" \/>\n<meta property=\"og:url\" content=\"https:\/\/www.africa-press.net\/centrafricaine\/sports\/sylvain-lautie-nomme-selectionneur-de-la-centrafrique\" \/>\n<meta property=\"og:site_name\" content=\"centrafricaine\" \/>\n<meta property=\"article:published_time\" content=\"2024-02-24T17:16:45+00:00\" \/>\n<meta property=\"article:modified_time\" content=\"2024-02-24T17:59:59+00:00\" \/>\n<meta property=\"og:image\" content=\"https:\/\/static.africa-press.net\/centrafricaine\/sites\/45\/2024\/02\/sm_1708784915.168373.jpg\" \/>\n\t<meta property=\"og:image:width\" content=\"1280\" \/>\n\t<meta property=\"og:image:height\" content=\"720\" \/>\n\t<meta property=\"og:image:type\" content=\"image\/jpeg\" \/>\n<meta name=\"author\" content=\"cfeditorfr\" \/>\n<meta name=\"twitter:card\" content=\"summary_large_image\" \/>\n<meta name=\"twitter:label1\" content=\"\u00c9crit par\" \/>\n\t<meta name=\"twitter:data1\" content=\"cfeditorfr\" \/>\n\t<meta name=\"twitter:label2\" content=\"Dur\u00e9e de lecture estim\u00e9e\" \/>\n\t<meta name=\"twitter:data2\" content=\"1 minute\" \/>\n<script type=\"application\/ld+json\" class=\"yoast-schema-graph\">{\"@context\":\"https:\/\/schema.org\",\"@graph\":[{\"@type\":\"Article\",\"@id\":\"https:\/\/www.africa-press.net\/centrafricaine\/sports\/sylvain-lautie-nomme-selectionneur-de-la-centrafrique#article\",\"isPartOf\":{\"@id\":\"https:\/\/www.africa-press.net\/centrafricaine\/sports\/sylvain-lautie-nomme-selectionneur-de-la-centrafrique\"},\"author\":{\"name\":\"cfeditorfr\",\"@id\":\"https:\/\/www.africa-press.net\/centrafricaine\/#\/schema\/person\/2b1cf3cd81a31e3cd26889ca66d677f1\"},\"headline\":\"SYLVAIN LAUTI\u00c9 NOMM\u00c9 S\u00c9LECTIONNEUR DE LA CENTRAFRIQUE\",\"datePublished\":\"2024-02-24T17:16:45+00:00\",\"dateModified\":\"2024-02-24T17:59:59+00:00\",\"mainEntityOfPage\":{\"@id\":\"https:\/\/www.africa-press.net\/centrafricaine\/sports\/sylvain-lautie-nomme-selectionneur-de-la-centrafrique\"},\"wordCount\":146,\"commentCount\":0,\"image\":{\"@id\":\"https:\/\/www.africa-press.net\/centrafricaine\/sports\/sylvain-lautie-nomme-selectionneur-de-la-centrafrique#primaryimage\"},\"thumbnailUrl\":\"https:\/\/static.africa-press.net\/centrafricaine\/sites\/45\/2024\/02\/sm_1708784915.168373.jpg\",\"keywords\":[\"Africa Press\",\"Africa Press-CentrAfricaine\",\"CentrAfricaine\"],\"articleSection\":[\"Sports\",\"Toutes les actualit\u00e9s\"],\"inLanguage\":\"fr-FR\",\"potentialAction\":[{\"@type\":\"CommentAction\",\"name\":\"Comment\",\"target\":[\"https:\/\/www.africa-press.net\/centrafricaine\/sports\/sylvain-lautie-nomme-selectionneur-de-la-centrafrique#respond\"]}]},{\"@type\":\"WebPage\",\"@id\":\"https:\/\/www.africa-press.net\/centrafricaine\/sports\/sylvain-lautie-nomme-selectionneur-de-la-centrafrique\",\"url\":\"https:\/\/www.africa-press.net\/centrafricaine\/sports\/sylvain-lautie-nomme-selectionneur-de-la-centrafrique\",\"name\":\"SYLVAIN LAUTI\u00c9 NOMM\u00c9 S\u00c9LECTIONNEUR DE LA CENTRAFRIQUE - centrafricaine\",\"isPartOf\":{\"@id\":\"https:\/\/www.africa-press.net\/centrafricaine\/#website\"},\"primaryImageOfPage\":{\"@id\":\"https:\/\/www.africa-press.net\/centrafricaine\/sports\/sylvain-lautie-nomme-selectionneur-de-la-centrafrique#primaryimage\"},\"image\":{\"@id\":\"https:\/\/www.africa-press.net\/centrafricaine\/sports\/sylvain-lautie-nomme-selectionneur-de-la-centrafrique#primaryimage\"},\"thumbnailUrl\":\"https:\/\/static.africa-press.net\/centrafricaine\/sites\/45\/2024\/02\/sm_1708784915.168373.jpg\",\"datePublished\":\"2024-02-24T17:16:45+00:00\",\"dateModified\":\"2024-02-24T17:59:59+00:00\",\"author\":{\"@id\":\"https:\/\/www.africa-press.net\/centrafricaine\/#\/schema\/person\/2b1cf3cd81a31e3cd26889ca66d677f1\"},\"description\":\"Ancien se\u0301lectionneur du Mali, Sylvain Lautie\u0301 reprend du service, cette fois avec la Centrafrique. Alors que le temps e ...\",\"breadcrumb\":{\"@id\":\"https:\/\/www.africa-press.net\/centrafricaine\/sports\/sylvain-lautie-nomme-selectionneur-de-la-centrafrique#breadcrumb\"},\"inLanguage\":\"fr-FR\",\"potentialAction\":[{\"@type\":\"ReadAction\",\"target\":[\"https:\/\/www.africa-press.net\/centrafricaine\/sports\/sylvain-lautie-nomme-selectionneur-de-la-centrafrique\"]}]},{\"@type\":\"ImageObject\",\"inLanguage\":\"fr-FR\",\"@id\":\"https:\/\/www.africa-press.net\/centrafricaine\/sports\/sylvain-lautie-nomme-selectionneur-de-la-centrafrique#primaryimage\",\"url\":\"https:\/\/static.africa-press.net\/centrafricaine\/sites\/45\/2024\/02\/sm_1708784915.168373.jpg\",\"contentUrl\":\"https:\/\/static.africa-press.net\/centrafricaine\/sites\/45\/2024\/02\/sm_1708784915.168373.jpg\",\"width\":1280,\"height\":720,\"caption\":\"SYLVAIN LAUTI\u00c9 NOMM\u00c9 S\u00c9LECTIONNEUR DE LA CENTRAFRIQUE\"},{\"@type\":\"BreadcrumbList\",\"@id\":\"https:\/\/www.africa-press.net\/centrafricaine\/sports\/sylvain-lautie-nomme-selectionneur-de-la-centrafrique#breadcrumb\",\"itemListElement\":[{\"@type\":\"ListItem\",\"position\":1,\"name\":\"Accueil\",\"item\":\"https:\/\/www.africa-press.net\/centrafricaine\/\"},{\"@type\":\"ListItem\",\"position\":2,\"name\":\"SYLVAIN LAUTI\u00c9 NOMM\u00c9 S\u00c9LECTIONNEUR DE LA CENTRAFRIQUE\"}]},{\"@type\":\"WebSite\",\"@id\":\"https:\/\/www.africa-press.net\/centrafricaine\/#website\",\"url\":\"https:\/\/www.africa-press.net\/centrafricaine\/\",\"name\":\"centrafricaine\",\"description\":\"Just another Africa News Agency Sites site\",\"potentialAction\":[{\"@type\":\"SearchAction\",\"target\":{\"@type\":\"EntryPoint\",\"urlTemplate\":\"https:\/\/www.africa-press.net\/centrafricaine\/?s={search_term_string}\"},\"query-input\":{\"@type\":\"PropertyValueSpecification\",\"valueRequired\":true,\"valueName\":\"search_term_string\"}}],\"inLanguage\":\"fr-FR\"},{\"@type\":\"Person\",\"@id\":\"https:\/\/www.africa-press.net\/centrafricaine\/#\/schema\/person\/2b1cf3cd81a31e3cd26889ca66d677f1\",\"name\":\"cfeditorfr\"}]}<\/script>\n<!-- \/ Yoast SEO Premium plugin. -->","yoast_head_json":{"title":"SYLVAIN LAUTI\u00c9 NOMM\u00c9 S\u00c9LECTIONNEUR DE LA CENTRAFRIQUE - centrafricaine","description":"Ancien se\u0301lectionneur du Mali, Sylvain Lautie\u0301 reprend du service, cette fois avec la Centrafrique. Alors que le temps e ...","robots":{"index":"index","follow":"follow","max-snippet":"max-snippet:-1","max-image-preview":"max-image-preview:large","max-video-preview":"max-video-preview:-1"},"canonical":"https:\/\/www.africa-press.net\/centrafricaine\/sports\/sylvain-lautie-nomme-selectionneur-de-la-centrafrique","og_locale":"fr_FR","og_type":"article","og_title":"SYLVAIN LAUTI\u00c9 NOMM\u00c9 S\u00c9LECTIONNEUR DE LA CENTRAFRIQUE","og_description":"Ancien se\u0301lectionneur du Mali, Sylvain Lautie\u0301 reprend du service, cette fois avec la Centrafrique. Alors que le temps e ...","og_url":"https:\/\/www.africa-press.net\/centrafricaine\/sports\/sylvain-lautie-nomme-selectionneur-de-la-centrafrique","og_site_name":"centrafricaine","article_published_time":"2024-02-24T17:16:45+00:00","article_modified_time":"2024-02-24T17:59:59+00:00","og_image":[{"width":1280,"height":720,"url":"https:\/\/static.africa-press.net\/centrafricaine\/sites\/45\/2024\/02\/sm_1708784915.168373.jpg","type":"image\/jpeg"}],"author":"cfeditorfr","twitter_card":"summary_large_image","twitter_misc":{"\u00c9crit par":"cfeditorfr","Dur\u00e9e de lecture estim\u00e9e":"1 minute"},"schema":{"@context":"https:\/\/schema.org","@graph":[{"@type":"Article","@id":"https:\/\/www.africa-press.net\/centrafricaine\/sports\/sylvain-lautie-nomme-selectionneur-de-la-centrafrique#article","isPartOf":{"@id":"https:\/\/www.africa-press.net\/centrafricaine\/sports\/sylvain-lautie-nomme-selectionneur-de-la-centrafrique"},"author":{"name":"cfeditorfr","@id":"https:\/\/www.africa-press.net\/centrafricaine\/#\/schema\/person\/2b1cf3cd81a31e3cd26889ca66d677f1"},"headline":"SYLVAIN LAUTI\u00c9 NOMM\u00c9 S\u00c9LECTIONNEUR DE LA CENTRAFRIQUE","datePublished":"2024-02-24T17:16:45+00:00","dateModified":"2024-02-24T17:59:59+00:00","mainEntityOfPage":{"@id":"https:\/\/www.africa-press.net\/centrafricaine\/sports\/sylvain-lautie-nomme-selectionneur-de-la-centrafrique"},"wordCount":146,"commentCount":0,"image":{"@id":"https:\/\/www.africa-press.net\/centrafricaine\/sports\/sylvain-lautie-nomme-selectionneur-de-la-centrafrique#primaryimage"},"thumbnailUrl":"https:\/\/static.africa-press.net\/centrafricaine\/sites\/45\/2024\/02\/sm_1708784915.168373.jpg","keywords":["Africa Press","Africa Press-CentrAfricaine","CentrAfricaine"],"articleSection":["Sports","Toutes les actualit\u00e9s"],"inLanguage":"fr-FR","potentialAction":[{"@type":"CommentAction","name":"Comment","target":["https:\/\/www.africa-press.net\/centrafricaine\/sports\/sylvain-lautie-nomme-selectionneur-de-la-centrafrique#respond"]}]},{"@type":"WebPage","@id":"https:\/\/www.africa-press.net\/centrafricaine\/sports\/sylvain-lautie-nomme-selectionneur-de-la-centrafrique","url":"https:\/\/www.africa-press.net\/centrafricaine\/sports\/sylvain-lautie-nomme-selectionneur-de-la-centrafrique","name":"SYLVAIN LAUTI\u00c9 NOMM\u00c9 S\u00c9LECTIONNEUR DE LA CENTRAFRIQUE - centrafricaine","isPartOf":{"@id":"https:\/\/www.africa-press.net\/centrafricaine\/#website"},"primaryImageOfPage":{"@id":"https:\/\/www.africa-press.net\/centrafricaine\/sports\/sylvain-lautie-nomme-selectionneur-de-la-centrafrique#primaryimage"},"image":{"@id":"https:\/\/www.africa-press.net\/centrafricaine\/sports\/sylvain-lautie-nomme-selectionneur-de-la-centrafrique#primaryimage"},"thumbnailUrl":"https:\/\/static.africa-press.net\/centrafricaine\/sites\/45\/2024\/02\/sm_1708784915.168373.jpg","datePublished":"2024-02-24T17:16:45+00:00","dateModified":"2024-02-24T17:59:59+00:00","author":{"@id":"https:\/\/www.africa-press.net\/centrafricaine\/#\/schema\/person\/2b1cf3cd81a31e3cd26889ca66d677f1"},"description":"Ancien se\u0301lectionneur du Mali, Sylvain Lautie\u0301 reprend du service, cette fois avec la Centrafrique. Alors que le temps e ...","breadcrumb":{"@id":"https:\/\/www.africa-press.net\/centrafricaine\/sports\/sylvain-lautie-nomme-selectionneur-de-la-centrafrique#breadcrumb"},"inLanguage":"fr-FR","potentialAction":[{"@type":"ReadAction","target":["https:\/\/www.africa-press.net\/centrafricaine\/sports\/sylvain-lautie-nomme-selectionneur-de-la-centrafrique"]}]},{"@type":"ImageObject","inLanguage":"fr-FR","@id":"https:\/\/www.africa-press.net\/centrafricaine\/sports\/sylvain-lautie-nomme-selectionneur-de-la-centrafrique#primaryimage","url":"https:\/\/static.africa-press.net\/centrafricaine\/sites\/45\/2024\/02\/sm_1708784915.168373.jpg","contentUrl":"https:\/\/static.africa-press.net\/centrafricaine\/sites\/45\/2024\/02\/sm_1708784915.168373.jpg","width":1280,"height":720,"caption":"SYLVAIN LAUTI\u00c9 NOMM\u00c9 S\u00c9LECTIONNEUR DE LA CENTRAFRIQUE"},{"@type":"BreadcrumbList","@id":"https:\/\/www.africa-press.net\/centrafricaine\/sports\/sylvain-lautie-nomme-selectionneur-de-la-centrafrique#breadcrumb","itemListElement":[{"@type":"ListItem","position":1,"name":"Accueil","item":"https:\/\/www.africa-press.net\/centrafricaine\/"},{"@type":"ListItem","position":2,"name":"SYLVAIN LAUTI\u00c9 NOMM\u00c9 S\u00c9LECTIONNEUR DE LA CENTRAFRIQUE"}]},{"@type":"WebSite","@id":"https:\/\/www.africa-press.net\/centrafricaine\/#website","url":"https:\/\/www.africa-press.net\/centrafricaine\/","name":"centrafricaine","description":"Just another Africa News Agency Sites site","potentialAction":[{"@type":"SearchAction","target":{"@type":"EntryPoint","urlTemplate":"https:\/\/www.africa-press.net\/centrafricaine\/?s={search_term_string}"},"query-input":{"@type":"PropertyValueSpecification","valueRequired":true,"valueName":"search_term_string"}}],"inLanguage":"fr-FR"},{"@type":"Person","@id":"https:\/\/www.africa-press.net\/centrafricaine\/#\/schema\/person\/2b1cf3cd81a31e3cd26889ca66d677f1","name":"cfeditorfr"}]}},"_links":{"self":[{"href":"https:\/\/www.africa-press.net\/centrafricaine\/wp-json\/wp\/v2\/posts\/53280","targetHints":{"allow":["GET"]}}],"collection":[{"href":"https:\/\/www.africa-press.net\/centrafricaine\/wp-json\/wp\/v2\/posts"}],"about":[{"href":"https:\/\/www.africa-press.net\/centrafricaine\/wp-json\/wp\/v2\/types\/post"}],"author":[{"embeddable":true,"href":"https:\/\/www.africa-press.net\/centrafricaine\/wp-json\/wp\/v2\/users\/82"}],"replies":[{"embeddable":true,"href":"https:\/\/www.africa-press.net\/centrafricaine\/wp-json\/wp\/v2\/comments?post=53280"}],"version-history":[{"count":0,"href":"https:\/\/www.africa-press.net\/centrafricaine\/wp-json\/wp\/v2\/posts\/53280\/revisions"}],"wp:featuredmedia":[{"embeddable":true,"href":"https:\/\/www.africa-press.net\/centrafricaine\/wp-json\/wp\/v2\/media\/53279"}],"wp:attachment":[{"href":"https:\/\/www.africa-press.net\/centrafricaine\/wp-json\/wp\/v2\/media?parent=53280"}],"wp:term":[{"taxonomy":"category","embeddable":true,"href":"https:\/\/www.africa-press.net\/centrafricaine\/wp-json\/wp\/v2\/categories?post=53280"},{"taxonomy":"post_tag","embeddable":true,"href":"https:\/\/www.africa-press.net\/centrafricaine\/wp-json\/wp\/v2\/tags?post=53280"}],"curies":[{"name":"wp","href":"https:\/\/api.w.org\/{rel}","templated":true}]}}