{"id":53308,"date":"2024-02-25T20:02:40","date_gmt":"2024-02-25T20:02:40","guid":{"rendered":"https:\/\/www.africa-press.net\/centrafricaine\/politique\/presentation-du-rapport-du-secretaire-general-de-lonu-sur-la-situation-de-la-rca"},"modified":"2024-02-25T20:02:40","modified_gmt":"2024-02-25T20:02:40","slug":"presentation-du-rapport-du-secretaire-general-de-lonu-sur-la-situation-de-la-rca","status":"publish","type":"post","link":"https:\/\/www.africa-press.net\/centrafricaine\/politique\/presentation-du-rapport-du-secretaire-general-de-lonu-sur-la-situation-de-la-rca","title":{"rendered":"Pr\u00e9sentation du rapport du secr\u00e9taire g\u00e9n\u00e9ral de l\u2019ONU sur la situation de la RCA"},"content":{"rendered":"<p><span style=\"color: #ff6600\"><strong>Africa-Press &#8211; CentrAfricaine. <\/strong><\/span>La Cheffe de la Minusca, Valentine Rugwabiza a pr\u00e9sent\u00e9 le 21 f\u00e9vrier 2024 devant le Conseil de s\u00e9curit\u00e9 de l\u2019ONU le rapport du Secr\u00e9taire g\u00e9n\u00e9ral de l\u2019ONU sur la situation de la RCA. Cette prise de parole a permis de dresser la situation g\u00e9n\u00e9rale du pays \u00e0 travers les aspects, politiques s\u00e9curitaires et humanitaires.<\/p>\n<p>Devant le Conseil de s\u00e9curit\u00e9, la Cheffe de la MINUSCA Valentine Rugwabiza a rappel\u00e9 la tenue de la session sp\u00e9ciale du Comit\u00e9 de suivi de l&rsquo;Accord politique pour la paix et la r\u00e9conciliation en RCA, le 06 f\u00e9vrier 2024.<\/p>\n<p>La session, organis\u00e9e pour comm\u00e9morer le 5e anniversaire de cet accord et pr\u00e9sid\u00e9e par le Pr\u00e9sident Touadera a permis de faire le point des progr\u00e8s de la mise en \u0153uvre dudit accord et de la Feuille de route de Luanda. Les participants ont appr\u00e9ci\u00e9 le soutien de la communaut\u00e9 internationale et appel\u00e9 \u00e0 plus d&rsquo;appui pour la mise en \u0153uvre des engagements restants ainsi qu\u2019\u00e0 la d\u00e9centralisation du processus de paix.<\/p>\n<p><strong>Pour plus d&rsquo;informations et d&rsquo;analyses sur la <a href=\"https:\/\/www.africa-press.net\/centrafricaine\">CentrAfricaine<\/a>, suivez <a href=\"https:\/\/www.africa-press.net\/\">Africa-Press<\/a><\/strong><\/p>\n","protected":false},"excerpt":{"rendered":"<p>Africa-Press &#8211; CentrAfricaine. La Cheffe de la Minusca, Valentine Rugwabiza a pr\u00e9sent\u00e9 le 21 f\u00e9vrier 2024 devant le Conseil de s\u00e9curit\u00e9 de l\u2019ONU le rapport du Secr\u00e9taire g\u00e9n\u00e9ral de l\u2019ONU sur la situation de la RCA. Cette prise de parole a permis de dresser la situation g\u00e9n\u00e9rale du pays \u00e0 travers les aspects, politiques s\u00e9curitaires [&hellip;]<\/p>\n","protected":false},"author":82,"featured_media":53307,"comment_status":"open","ping_status":"closed","sticky":false,"template":"","format":"standard","meta":{"footnotes":""},"categories":[2,20,10],"tags":[36,58,30],"class_list":["post-53308","post","type-post","status-publish","format-standard","has-post-thumbnail","hentry","category-politique","category-top-nouvelles","category-toutes-les-actualites","tag-africa-press","tag-africa-press-centrafricaine","tag-centrafricaine"],"yoast_head":"<!-- This site is optimized with the Yoast SEO Premium plugin v26.1 (Yoast SEO v27.0) - https:\/\/yoast.com\/product\/yoast-seo-premium-wordpress\/ -->\n<title>Pr\u00e9sentation du rapport du secr\u00e9taire g\u00e9n\u00e9ral de l\u2019ONU sur la situation de la RCA - centrafricaine<\/title>\n<meta name=\"robots\" content=\"index, follow, max-snippet:-1, max-image-preview:large, max-video-preview:-1\" \/>\n<link rel=\"canonical\" href=\"https:\/\/www.africa-press.net\/centrafricaine\/politique\/presentation-du-rapport-du-secretaire-general-de-lonu-sur-la-situation-de-la-rca\" \/>\n<meta property=\"og:locale\" content=\"fr_FR\" \/>\n<meta property=\"og:type\" content=\"article\" \/>\n<meta property=\"og:title\" content=\"Pr\u00e9sentation du rapport du secr\u00e9taire g\u00e9n\u00e9ral de l\u2019ONU sur la situation de la RCA\" \/>\n<meta property=\"og:description\" content=\"Africa-Press &#8211; CentrAfricaine. La Cheffe de la Minusca, Valentine Rugwabiza a pr\u00e9sent\u00e9 le 21 f\u00e9vrier 2024 devant le Conseil de s\u00e9curit\u00e9 de l\u2019ONU le rapport du Secr\u00e9taire g\u00e9n\u00e9ral de l\u2019ONU sur la situation de la RCA. Cette prise de parole a permis de dresser la situation g\u00e9n\u00e9rale du pays \u00e0 travers les aspects, politiques s\u00e9curitaires [&hellip;]\" \/>\n<meta property=\"og:url\" content=\"https:\/\/www.africa-press.net\/centrafricaine\/politique\/presentation-du-rapport-du-secretaire-general-de-lonu-sur-la-situation-de-la-rca\" \/>\n<meta property=\"og:site_name\" content=\"centrafricaine\" \/>\n<meta property=\"article:published_time\" content=\"2024-02-25T20:02:40+00:00\" \/>\n<meta name=\"author\" content=\"cfeditorfr\" \/>\n<meta name=\"twitter:card\" content=\"summary_large_image\" \/>\n<meta name=\"twitter:label1\" content=\"\u00c9crit par\" \/>\n\t<meta name=\"twitter:data1\" content=\"cfeditorfr\" \/>\n\t<meta name=\"twitter:label2\" content=\"Dur\u00e9e de lecture estim\u00e9e\" \/>\n\t<meta name=\"twitter:data2\" content=\"1 minute\" \/>\n<script type=\"application\/ld+json\" class=\"yoast-schema-graph\">{\"@context\":\"https:\/\/schema.org\",\"@graph\":[{\"@type\":\"Article\",\"@id\":\"https:\/\/www.africa-press.net\/centrafricaine\/politique\/presentation-du-rapport-du-secretaire-general-de-lonu-sur-la-situation-de-la-rca#article\",\"isPartOf\":{\"@id\":\"https:\/\/www.africa-press.net\/centrafricaine\/politique\/presentation-du-rapport-du-secretaire-general-de-lonu-sur-la-situation-de-la-rca\"},\"author\":{\"name\":\"cfeditorfr\",\"@id\":\"https:\/\/www.africa-press.net\/centrafricaine\/#\/schema\/person\/2b1cf3cd81a31e3cd26889ca66d677f1\"},\"headline\":\"Pr\u00e9sentation du rapport du secr\u00e9taire g\u00e9n\u00e9ral de l\u2019ONU sur la situation de la RCA\",\"datePublished\":\"2024-02-25T20:02:40+00:00\",\"mainEntityOfPage\":{\"@id\":\"https:\/\/www.africa-press.net\/centrafricaine\/politique\/presentation-du-rapport-du-secretaire-general-de-lonu-sur-la-situation-de-la-rca\"},\"wordCount\":217,\"commentCount\":0,\"image\":{\"@id\":\"https:\/\/www.africa-press.net\/centrafricaine\/politique\/presentation-du-rapport-du-secretaire-general-de-lonu-sur-la-situation-de-la-rca#primaryimage\"},\"thumbnailUrl\":\"https:\/\/static.africa-press.net\/centrafricaine\/sites\/45\/2024\/02\/sm_1708879067.551544.jpg\",\"keywords\":[\"Africa Press\",\"Africa Press-CentrAfricaine\",\"CentrAfricaine\"],\"articleSection\":[\"Politique\",\"Top Nouvelles\",\"Toutes les actualit\u00e9s\"],\"inLanguage\":\"fr-FR\",\"potentialAction\":[{\"@type\":\"CommentAction\",\"name\":\"Comment\",\"target\":[\"https:\/\/www.africa-press.net\/centrafricaine\/politique\/presentation-du-rapport-du-secretaire-general-de-lonu-sur-la-situation-de-la-rca#respond\"]}]},{\"@type\":\"WebPage\",\"@id\":\"https:\/\/www.africa-press.net\/centrafricaine\/politique\/presentation-du-rapport-du-secretaire-general-de-lonu-sur-la-situation-de-la-rca\",\"url\":\"https:\/\/www.africa-press.net\/centrafricaine\/politique\/presentation-du-rapport-du-secretaire-general-de-lonu-sur-la-situation-de-la-rca\",\"name\":\"Pr\u00e9sentation du rapport du secr\u00e9taire g\u00e9n\u00e9ral de l\u2019ONU sur la situation de la RCA - centrafricaine\",\"isPartOf\":{\"@id\":\"https:\/\/www.africa-press.net\/centrafricaine\/#website\"},\"primaryImageOfPage\":{\"@id\":\"https:\/\/www.africa-press.net\/centrafricaine\/politique\/presentation-du-rapport-du-secretaire-general-de-lonu-sur-la-situation-de-la-rca#primaryimage\"},\"image\":{\"@id\":\"https:\/\/www.africa-press.net\/centrafricaine\/politique\/presentation-du-rapport-du-secretaire-general-de-lonu-sur-la-situation-de-la-rca#primaryimage\"},\"thumbnailUrl\":\"https:\/\/static.africa-press.net\/centrafricaine\/sites\/45\/2024\/02\/sm_1708879067.551544.jpg\",\"datePublished\":\"2024-02-25T20:02:40+00:00\",\"author\":{\"@id\":\"https:\/\/www.africa-press.net\/centrafricaine\/#\/schema\/person\/2b1cf3cd81a31e3cd26889ca66d677f1\"},\"breadcrumb\":{\"@id\":\"https:\/\/www.africa-press.net\/centrafricaine\/politique\/presentation-du-rapport-du-secretaire-general-de-lonu-sur-la-situation-de-la-rca#breadcrumb\"},\"inLanguage\":\"fr-FR\",\"potentialAction\":[{\"@type\":\"ReadAction\",\"target\":[\"https:\/\/www.africa-press.net\/centrafricaine\/politique\/presentation-du-rapport-du-secretaire-general-de-lonu-sur-la-situation-de-la-rca\"]}]},{\"@type\":\"ImageObject\",\"inLanguage\":\"fr-FR\",\"@id\":\"https:\/\/www.africa-press.net\/centrafricaine\/politique\/presentation-du-rapport-du-secretaire-general-de-lonu-sur-la-situation-de-la-rca#primaryimage\",\"url\":\"https:\/\/static.africa-press.net\/centrafricaine\/sites\/45\/2024\/02\/sm_1708879067.551544.jpg\",\"contentUrl\":\"https:\/\/static.africa-press.net\/centrafricaine\/sites\/45\/2024\/02\/sm_1708879067.551544.jpg\",\"width\":720,\"height\":414,\"caption\":\"Pr\u00e9sentation du rapport du secr\u00e9taire g\u00e9n\u00e9ral de l\u2019ONU sur la situation de la RCA\"},{\"@type\":\"BreadcrumbList\",\"@id\":\"https:\/\/www.africa-press.net\/centrafricaine\/politique\/presentation-du-rapport-du-secretaire-general-de-lonu-sur-la-situation-de-la-rca#breadcrumb\",\"itemListElement\":[{\"@type\":\"ListItem\",\"position\":1,\"name\":\"Accueil\",\"item\":\"https:\/\/www.africa-press.net\/centrafricaine\/\"},{\"@type\":\"ListItem\",\"position\":2,\"name\":\"Pr\u00e9sentation du rapport du secr\u00e9taire g\u00e9n\u00e9ral de l\u2019ONU sur la situation de la RCA\"}]},{\"@type\":\"WebSite\",\"@id\":\"https:\/\/www.africa-press.net\/centrafricaine\/#website\",\"url\":\"https:\/\/www.africa-press.net\/centrafricaine\/\",\"name\":\"centrafricaine\",\"description\":\"Just another Africa News Agency Sites site\",\"potentialAction\":[{\"@type\":\"SearchAction\",\"target\":{\"@type\":\"EntryPoint\",\"urlTemplate\":\"https:\/\/www.africa-press.net\/centrafricaine\/?s={search_term_string}\"},\"query-input\":{\"@type\":\"PropertyValueSpecification\",\"valueRequired\":true,\"valueName\":\"search_term_string\"}}],\"inLanguage\":\"fr-FR\"},{\"@type\":\"Person\",\"@id\":\"https:\/\/www.africa-press.net\/centrafricaine\/#\/schema\/person\/2b1cf3cd81a31e3cd26889ca66d677f1\",\"name\":\"cfeditorfr\"}]}<\/script>\n<!-- \/ Yoast SEO Premium plugin. -->","yoast_head_json":{"title":"Pr\u00e9sentation du rapport du secr\u00e9taire g\u00e9n\u00e9ral de l\u2019ONU sur la situation de la RCA - centrafricaine","robots":{"index":"index","follow":"follow","max-snippet":"max-snippet:-1","max-image-preview":"max-image-preview:large","max-video-preview":"max-video-preview:-1"},"canonical":"https:\/\/www.africa-press.net\/centrafricaine\/politique\/presentation-du-rapport-du-secretaire-general-de-lonu-sur-la-situation-de-la-rca","og_locale":"fr_FR","og_type":"article","og_title":"Pr\u00e9sentation du rapport du secr\u00e9taire g\u00e9n\u00e9ral de l\u2019ONU sur la situation de la RCA","og_description":"Africa-Press &#8211; CentrAfricaine. La Cheffe de la Minusca, Valentine Rugwabiza a pr\u00e9sent\u00e9 le 21 f\u00e9vrier 2024 devant le Conseil de s\u00e9curit\u00e9 de l\u2019ONU le rapport du Secr\u00e9taire g\u00e9n\u00e9ral de l\u2019ONU sur la situation de la RCA. Cette prise de parole a permis de dresser la situation g\u00e9n\u00e9rale du pays \u00e0 travers les aspects, politiques s\u00e9curitaires [&hellip;]","og_url":"https:\/\/www.africa-press.net\/centrafricaine\/politique\/presentation-du-rapport-du-secretaire-general-de-lonu-sur-la-situation-de-la-rca","og_site_name":"centrafricaine","article_published_time":"2024-02-25T20:02:40+00:00","author":"cfeditorfr","twitter_card":"summary_large_image","twitter_misc":{"\u00c9crit par":"cfeditorfr","Dur\u00e9e de lecture estim\u00e9e":"1 minute"},"schema":{"@context":"https:\/\/schema.org","@graph":[{"@type":"Article","@id":"https:\/\/www.africa-press.net\/centrafricaine\/politique\/presentation-du-rapport-du-secretaire-general-de-lonu-sur-la-situation-de-la-rca#article","isPartOf":{"@id":"https:\/\/www.africa-press.net\/centrafricaine\/politique\/presentation-du-rapport-du-secretaire-general-de-lonu-sur-la-situation-de-la-rca"},"author":{"name":"cfeditorfr","@id":"https:\/\/www.africa-press.net\/centrafricaine\/#\/schema\/person\/2b1cf3cd81a31e3cd26889ca66d677f1"},"headline":"Pr\u00e9sentation du rapport du secr\u00e9taire g\u00e9n\u00e9ral de l\u2019ONU sur la situation de la RCA","datePublished":"2024-02-25T20:02:40+00:00","mainEntityOfPage":{"@id":"https:\/\/www.africa-press.net\/centrafricaine\/politique\/presentation-du-rapport-du-secretaire-general-de-lonu-sur-la-situation-de-la-rca"},"wordCount":217,"commentCount":0,"image":{"@id":"https:\/\/www.africa-press.net\/centrafricaine\/politique\/presentation-du-rapport-du-secretaire-general-de-lonu-sur-la-situation-de-la-rca#primaryimage"},"thumbnailUrl":"https:\/\/static.africa-press.net\/centrafricaine\/sites\/45\/2024\/02\/sm_1708879067.551544.jpg","keywords":["Africa Press","Africa Press-CentrAfricaine","CentrAfricaine"],"articleSection":["Politique","Top Nouvelles","Toutes les actualit\u00e9s"],"inLanguage":"fr-FR","potentialAction":[{"@type":"CommentAction","name":"Comment","target":["https:\/\/www.africa-press.net\/centrafricaine\/politique\/presentation-du-rapport-du-secretaire-general-de-lonu-sur-la-situation-de-la-rca#respond"]}]},{"@type":"WebPage","@id":"https:\/\/www.africa-press.net\/centrafricaine\/politique\/presentation-du-rapport-du-secretaire-general-de-lonu-sur-la-situation-de-la-rca","url":"https:\/\/www.africa-press.net\/centrafricaine\/politique\/presentation-du-rapport-du-secretaire-general-de-lonu-sur-la-situation-de-la-rca","name":"Pr\u00e9sentation du rapport du secr\u00e9taire g\u00e9n\u00e9ral de l\u2019ONU sur la situation de la RCA - centrafricaine","isPartOf":{"@id":"https:\/\/www.africa-press.net\/centrafricaine\/#website"},"primaryImageOfPage":{"@id":"https:\/\/www.africa-press.net\/centrafricaine\/politique\/presentation-du-rapport-du-secretaire-general-de-lonu-sur-la-situation-de-la-rca#primaryimage"},"image":{"@id":"https:\/\/www.africa-press.net\/centrafricaine\/politique\/presentation-du-rapport-du-secretaire-general-de-lonu-sur-la-situation-de-la-rca#primaryimage"},"thumbnailUrl":"https:\/\/static.africa-press.net\/centrafricaine\/sites\/45\/2024\/02\/sm_1708879067.551544.jpg","datePublished":"2024-02-25T20:02:40+00:00","author":{"@id":"https:\/\/www.africa-press.net\/centrafricaine\/#\/schema\/person\/2b1cf3cd81a31e3cd26889ca66d677f1"},"breadcrumb":{"@id":"https:\/\/www.africa-press.net\/centrafricaine\/politique\/presentation-du-rapport-du-secretaire-general-de-lonu-sur-la-situation-de-la-rca#breadcrumb"},"inLanguage":"fr-FR","potentialAction":[{"@type":"ReadAction","target":["https:\/\/www.africa-press.net\/centrafricaine\/politique\/presentation-du-rapport-du-secretaire-general-de-lonu-sur-la-situation-de-la-rca"]}]},{"@type":"ImageObject","inLanguage":"fr-FR","@id":"https:\/\/www.africa-press.net\/centrafricaine\/politique\/presentation-du-rapport-du-secretaire-general-de-lonu-sur-la-situation-de-la-rca#primaryimage","url":"https:\/\/static.africa-press.net\/centrafricaine\/sites\/45\/2024\/02\/sm_1708879067.551544.jpg","contentUrl":"https:\/\/static.africa-press.net\/centrafricaine\/sites\/45\/2024\/02\/sm_1708879067.551544.jpg","width":720,"height":414,"caption":"Pr\u00e9sentation du rapport du secr\u00e9taire g\u00e9n\u00e9ral de l\u2019ONU sur la situation de la RCA"},{"@type":"BreadcrumbList","@id":"https:\/\/www.africa-press.net\/centrafricaine\/politique\/presentation-du-rapport-du-secretaire-general-de-lonu-sur-la-situation-de-la-rca#breadcrumb","itemListElement":[{"@type":"ListItem","position":1,"name":"Accueil","item":"https:\/\/www.africa-press.net\/centrafricaine\/"},{"@type":"ListItem","position":2,"name":"Pr\u00e9sentation du rapport du secr\u00e9taire g\u00e9n\u00e9ral de l\u2019ONU sur la situation de la RCA"}]},{"@type":"WebSite","@id":"https:\/\/www.africa-press.net\/centrafricaine\/#website","url":"https:\/\/www.africa-press.net\/centrafricaine\/","name":"centrafricaine","description":"Just another Africa News Agency Sites site","potentialAction":[{"@type":"SearchAction","target":{"@type":"EntryPoint","urlTemplate":"https:\/\/www.africa-press.net\/centrafricaine\/?s={search_term_string}"},"query-input":{"@type":"PropertyValueSpecification","valueRequired":true,"valueName":"search_term_string"}}],"inLanguage":"fr-FR"},{"@type":"Person","@id":"https:\/\/www.africa-press.net\/centrafricaine\/#\/schema\/person\/2b1cf3cd81a31e3cd26889ca66d677f1","name":"cfeditorfr"}]}},"_links":{"self":[{"href":"https:\/\/www.africa-press.net\/centrafricaine\/wp-json\/wp\/v2\/posts\/53308","targetHints":{"allow":["GET"]}}],"collection":[{"href":"https:\/\/www.africa-press.net\/centrafricaine\/wp-json\/wp\/v2\/posts"}],"about":[{"href":"https:\/\/www.africa-press.net\/centrafricaine\/wp-json\/wp\/v2\/types\/post"}],"author":[{"embeddable":true,"href":"https:\/\/www.africa-press.net\/centrafricaine\/wp-json\/wp\/v2\/users\/82"}],"replies":[{"embeddable":true,"href":"https:\/\/www.africa-press.net\/centrafricaine\/wp-json\/wp\/v2\/comments?post=53308"}],"version-history":[{"count":0,"href":"https:\/\/www.africa-press.net\/centrafricaine\/wp-json\/wp\/v2\/posts\/53308\/revisions"}],"wp:featuredmedia":[{"embeddable":true,"href":"https:\/\/www.africa-press.net\/centrafricaine\/wp-json\/wp\/v2\/media\/53307"}],"wp:attachment":[{"href":"https:\/\/www.africa-press.net\/centrafricaine\/wp-json\/wp\/v2\/media?parent=53308"}],"wp:term":[{"taxonomy":"category","embeddable":true,"href":"https:\/\/www.africa-press.net\/centrafricaine\/wp-json\/wp\/v2\/categories?post=53308"},{"taxonomy":"post_tag","embeddable":true,"href":"https:\/\/www.africa-press.net\/centrafricaine\/wp-json\/wp\/v2\/tags?post=53308"}],"curies":[{"name":"wp","href":"https:\/\/api.w.org\/{rel}","templated":true}]}}