{"id":53797,"date":"2024-03-09T06:50:43","date_gmt":"2024-03-09T06:50:43","guid":{"rendered":"https:\/\/www.africa-press.net\/centrafricaine\/politique\/un-investisseur-qatari-recu-par-le-premier-ministre-felix-moloua"},"modified":"2024-03-09T07:29:13","modified_gmt":"2024-03-09T07:29:13","slug":"un-investisseur-qatari-recu-par-le-premier-ministre-felix-moloua","status":"publish","type":"post","link":"https:\/\/www.africa-press.net\/centrafricaine\/economie\/un-investisseur-qatari-recu-par-le-premier-ministre-felix-moloua","title":{"rendered":"Un investisseur Qatari re\u00e7u par le premier Ministre F\u00e9lix Moloua"},"content":{"rendered":"<p><span style=\"color: #ff6600\"><strong>Africa-Press &#8211; CentrAfricaine. <\/strong><\/span>Le directeur r\u00e9gional de l&rsquo;Afrique de l&rsquo;Ouest du groupe Al Sulaiteen , en s\u00e9jour d&rsquo;exploration des opportunit\u00e9s d&rsquo;affaires sur les bords de l&rsquo;Oubangui a \u00e9t\u00e9 re\u00e7u par le Premier Ministre centrafricain.<br \/>\nLe Premier Ministre, Chef du Gouvernement monsieur F\u00e9lix MOLOUA a accord\u00e9 ce 4 Mars 2024 en son cabinet de travail le directeur r\u00e9gional du groupe Al Sulaiteen monsieur Ahmed YOUSSOUF ABDOU qui est venu en Centrafrique explorer les potentialit\u00e9s \u00e9conomiques du pays. Le d\u00e9put\u00e9 Nalke DOROGO accompagnait le repr\u00e9sentant de ce groupe d&rsquo;affaires bas\u00e9 au Qatar.<br \/>\nA sa sortie d&rsquo;audience, monsieur YOUSSOUF ABDOU a appr\u00e9ci\u00e9 sa rencontre avec le Chef du Gouvernement qui lui a permis de pr\u00e9senter les domaines dans lesquels son groupe compte investir en Centrafrique : infrastructures, agriculture, la sant\u00e9 et l&rsquo;\u00e9ducation.<br \/>\nLe Premier Ministre, Chef du Gouvernement des r\u00e9sultats concrets pour l&rsquo;am\u00e9lioration des conditions de vie de ses concitoyens, a demand\u00e9 \u00e0 son interlocuteur de bien ficeler le dossier et de revenir le voir \u00e0 la fin du mois de Mars.<br \/>\nIl est important de noter que dans sa mission de mettre en ex\u00e9cution la vision politique du Pr\u00e9sident de la R\u00e9publique, Chef de l&rsquo;\u00c9tat notamment une \u00e9conomie plus ouverte \u00e0 la concurrence, le Premier Ministre multiplie des rencontres avec tous les investisseurs qui sont attir\u00e9s par la RCA.<\/p>\n<p><strong>Pour plus d&rsquo;informations et d&rsquo;analyses sur la <a href=\"https:\/\/www.africa-press.net\/centrafricaine\">CentrAfricaine<\/a>, suivez <a href=\"https:\/\/www.africa-press.net\/\">Africa-Press<\/a><\/strong><\/p>\n","protected":false},"excerpt":{"rendered":"<p>Africa-Press &#8211; CentrAfricaine. Le directeur r\u00e9gional de l&rsquo;Afrique de l&rsquo;Ouest du groupe Al Sulaiteen , en s\u00e9jour d&rsquo;exploration des opportunit\u00e9s d&rsquo;affaires sur les bords de l&rsquo;Oubangui a \u00e9t\u00e9 re\u00e7u par le Premier Ministre centrafricain. Le Premier Ministre, Chef du Gouvernement monsieur F\u00e9lix MOLOUA a accord\u00e9 ce 4 Mars 2024 en son cabinet de travail le [&hellip;]<\/p>\n","protected":false},"author":82,"featured_media":53796,"comment_status":"open","ping_status":"closed","sticky":false,"template":"","format":"standard","meta":{"footnotes":""},"categories":[3,10],"tags":[36,58,30],"class_list":["post-53797","post","type-post","status-publish","format-standard","has-post-thumbnail","hentry","category-economie","category-toutes-les-actualites","tag-africa-press","tag-africa-press-centrafricaine","tag-centrafricaine"],"yoast_head":"<!-- This site is optimized with the Yoast SEO Premium plugin v26.1 (Yoast SEO v27.0) - https:\/\/yoast.com\/product\/yoast-seo-premium-wordpress\/ -->\n<title>Un investisseur Qatari re\u00e7u par le premier Ministre F\u00e9lix Moloua - centrafricaine<\/title>\n<meta name=\"description\" content=\"Le directeur re\u0301gional de l&#039;Afrique de l&#039;Ouest du groupe Al Sulaiteen , en se\u0301jour d&#039;exploration des opportunite\u0301s d&#039;affair ...\" \/>\n<meta name=\"robots\" content=\"index, follow, max-snippet:-1, max-image-preview:large, max-video-preview:-1\" \/>\n<link rel=\"canonical\" href=\"https:\/\/www.africa-press.net\/centrafricaine\/economie\/un-investisseur-qatari-recu-par-le-premier-ministre-felix-moloua\" \/>\n<meta property=\"og:locale\" content=\"fr_FR\" \/>\n<meta property=\"og:type\" content=\"article\" \/>\n<meta property=\"og:title\" content=\"Un investisseur Qatari re\u00e7u par le premier Ministre F\u00e9lix Moloua\" \/>\n<meta property=\"og:description\" content=\"Le directeur re\u0301gional de l&#039;Afrique de l&#039;Ouest du groupe Al Sulaiteen , en se\u0301jour d&#039;exploration des opportunite\u0301s d&#039;affair ...\" \/>\n<meta property=\"og:url\" content=\"https:\/\/www.africa-press.net\/centrafricaine\/economie\/un-investisseur-qatari-recu-par-le-premier-ministre-felix-moloua\" \/>\n<meta property=\"og:site_name\" content=\"centrafricaine\" \/>\n<meta property=\"article:published_time\" content=\"2024-03-09T06:50:43+00:00\" \/>\n<meta property=\"article:modified_time\" content=\"2024-03-09T07:29:13+00:00\" \/>\n<meta property=\"og:image\" content=\"https:\/\/static.africa-press.net\/centrafricaine\/sites\/45\/2024\/03\/sm_1709956516.073549.jpg\" \/>\n\t<meta property=\"og:image:width\" content=\"720\" \/>\n\t<meta property=\"og:image:height\" content=\"477\" \/>\n\t<meta property=\"og:image:type\" content=\"image\/jpeg\" \/>\n<meta name=\"author\" content=\"cfeditorfr\" \/>\n<meta name=\"twitter:card\" content=\"summary_large_image\" \/>\n<meta name=\"twitter:label1\" content=\"\u00c9crit par\" \/>\n\t<meta name=\"twitter:data1\" content=\"cfeditorfr\" \/>\n\t<meta name=\"twitter:label2\" content=\"Dur\u00e9e de lecture estim\u00e9e\" \/>\n\t<meta name=\"twitter:data2\" content=\"1 minute\" \/>\n<script type=\"application\/ld+json\" class=\"yoast-schema-graph\">{\"@context\":\"https:\/\/schema.org\",\"@graph\":[{\"@type\":\"Article\",\"@id\":\"https:\/\/www.africa-press.net\/centrafricaine\/economie\/un-investisseur-qatari-recu-par-le-premier-ministre-felix-moloua#article\",\"isPartOf\":{\"@id\":\"https:\/\/www.africa-press.net\/centrafricaine\/economie\/un-investisseur-qatari-recu-par-le-premier-ministre-felix-moloua\"},\"author\":{\"name\":\"cfeditorfr\",\"@id\":\"https:\/\/www.africa-press.net\/centrafricaine\/#\/schema\/person\/2b1cf3cd81a31e3cd26889ca66d677f1\"},\"headline\":\"Un investisseur Qatari re\u00e7u par le premier Ministre F\u00e9lix Moloua\",\"datePublished\":\"2024-03-09T06:50:43+00:00\",\"dateModified\":\"2024-03-09T07:29:13+00:00\",\"mainEntityOfPage\":{\"@id\":\"https:\/\/www.africa-press.net\/centrafricaine\/economie\/un-investisseur-qatari-recu-par-le-premier-ministre-felix-moloua\"},\"wordCount\":261,\"commentCount\":0,\"image\":{\"@id\":\"https:\/\/www.africa-press.net\/centrafricaine\/economie\/un-investisseur-qatari-recu-par-le-premier-ministre-felix-moloua#primaryimage\"},\"thumbnailUrl\":\"https:\/\/static.africa-press.net\/centrafricaine\/sites\/45\/2024\/03\/sm_1709956516.073549.jpg\",\"keywords\":[\"Africa Press\",\"Africa Press-CentrAfricaine\",\"CentrAfricaine\"],\"articleSection\":[\"\u00c9conomie\",\"Toutes les actualit\u00e9s\"],\"inLanguage\":\"fr-FR\",\"potentialAction\":[{\"@type\":\"CommentAction\",\"name\":\"Comment\",\"target\":[\"https:\/\/www.africa-press.net\/centrafricaine\/economie\/un-investisseur-qatari-recu-par-le-premier-ministre-felix-moloua#respond\"]}]},{\"@type\":\"WebPage\",\"@id\":\"https:\/\/www.africa-press.net\/centrafricaine\/economie\/un-investisseur-qatari-recu-par-le-premier-ministre-felix-moloua\",\"url\":\"https:\/\/www.africa-press.net\/centrafricaine\/economie\/un-investisseur-qatari-recu-par-le-premier-ministre-felix-moloua\",\"name\":\"Un investisseur Qatari re\u00e7u par le premier Ministre F\u00e9lix Moloua - centrafricaine\",\"isPartOf\":{\"@id\":\"https:\/\/www.africa-press.net\/centrafricaine\/#website\"},\"primaryImageOfPage\":{\"@id\":\"https:\/\/www.africa-press.net\/centrafricaine\/economie\/un-investisseur-qatari-recu-par-le-premier-ministre-felix-moloua#primaryimage\"},\"image\":{\"@id\":\"https:\/\/www.africa-press.net\/centrafricaine\/economie\/un-investisseur-qatari-recu-par-le-premier-ministre-felix-moloua#primaryimage\"},\"thumbnailUrl\":\"https:\/\/static.africa-press.net\/centrafricaine\/sites\/45\/2024\/03\/sm_1709956516.073549.jpg\",\"datePublished\":\"2024-03-09T06:50:43+00:00\",\"dateModified\":\"2024-03-09T07:29:13+00:00\",\"author\":{\"@id\":\"https:\/\/www.africa-press.net\/centrafricaine\/#\/schema\/person\/2b1cf3cd81a31e3cd26889ca66d677f1\"},\"description\":\"Le directeur re\u0301gional de l'Afrique de l'Ouest du groupe Al Sulaiteen , en se\u0301jour d'exploration des opportunite\u0301s d'affair ...\",\"breadcrumb\":{\"@id\":\"https:\/\/www.africa-press.net\/centrafricaine\/economie\/un-investisseur-qatari-recu-par-le-premier-ministre-felix-moloua#breadcrumb\"},\"inLanguage\":\"fr-FR\",\"potentialAction\":[{\"@type\":\"ReadAction\",\"target\":[\"https:\/\/www.africa-press.net\/centrafricaine\/economie\/un-investisseur-qatari-recu-par-le-premier-ministre-felix-moloua\"]}]},{\"@type\":\"ImageObject\",\"inLanguage\":\"fr-FR\",\"@id\":\"https:\/\/www.africa-press.net\/centrafricaine\/economie\/un-investisseur-qatari-recu-par-le-premier-ministre-felix-moloua#primaryimage\",\"url\":\"https:\/\/static.africa-press.net\/centrafricaine\/sites\/45\/2024\/03\/sm_1709956516.073549.jpg\",\"contentUrl\":\"https:\/\/static.africa-press.net\/centrafricaine\/sites\/45\/2024\/03\/sm_1709956516.073549.jpg\",\"width\":720,\"height\":477,\"caption\":\"Un investisseur Qatari re\u00e7u par le premier Ministre F\u00e9lix Moloua\"},{\"@type\":\"BreadcrumbList\",\"@id\":\"https:\/\/www.africa-press.net\/centrafricaine\/economie\/un-investisseur-qatari-recu-par-le-premier-ministre-felix-moloua#breadcrumb\",\"itemListElement\":[{\"@type\":\"ListItem\",\"position\":1,\"name\":\"Accueil\",\"item\":\"https:\/\/www.africa-press.net\/centrafricaine\/\"},{\"@type\":\"ListItem\",\"position\":2,\"name\":\"Un investisseur Qatari re\u00e7u par le premier Ministre F\u00e9lix Moloua\"}]},{\"@type\":\"WebSite\",\"@id\":\"https:\/\/www.africa-press.net\/centrafricaine\/#website\",\"url\":\"https:\/\/www.africa-press.net\/centrafricaine\/\",\"name\":\"centrafricaine\",\"description\":\"Just another Africa News Agency Sites site\",\"potentialAction\":[{\"@type\":\"SearchAction\",\"target\":{\"@type\":\"EntryPoint\",\"urlTemplate\":\"https:\/\/www.africa-press.net\/centrafricaine\/?s={search_term_string}\"},\"query-input\":{\"@type\":\"PropertyValueSpecification\",\"valueRequired\":true,\"valueName\":\"search_term_string\"}}],\"inLanguage\":\"fr-FR\"},{\"@type\":\"Person\",\"@id\":\"https:\/\/www.africa-press.net\/centrafricaine\/#\/schema\/person\/2b1cf3cd81a31e3cd26889ca66d677f1\",\"name\":\"cfeditorfr\"}]}<\/script>\n<!-- \/ Yoast SEO Premium plugin. -->","yoast_head_json":{"title":"Un investisseur Qatari re\u00e7u par le premier Ministre F\u00e9lix Moloua - centrafricaine","description":"Le directeur re\u0301gional de l'Afrique de l'Ouest du groupe Al Sulaiteen , en se\u0301jour d'exploration des opportunite\u0301s d'affair ...","robots":{"index":"index","follow":"follow","max-snippet":"max-snippet:-1","max-image-preview":"max-image-preview:large","max-video-preview":"max-video-preview:-1"},"canonical":"https:\/\/www.africa-press.net\/centrafricaine\/economie\/un-investisseur-qatari-recu-par-le-premier-ministre-felix-moloua","og_locale":"fr_FR","og_type":"article","og_title":"Un investisseur Qatari re\u00e7u par le premier Ministre F\u00e9lix Moloua","og_description":"Le directeur re\u0301gional de l'Afrique de l'Ouest du groupe Al Sulaiteen , en se\u0301jour d'exploration des opportunite\u0301s d'affair ...","og_url":"https:\/\/www.africa-press.net\/centrafricaine\/economie\/un-investisseur-qatari-recu-par-le-premier-ministre-felix-moloua","og_site_name":"centrafricaine","article_published_time":"2024-03-09T06:50:43+00:00","article_modified_time":"2024-03-09T07:29:13+00:00","og_image":[{"width":720,"height":477,"url":"https:\/\/static.africa-press.net\/centrafricaine\/sites\/45\/2024\/03\/sm_1709956516.073549.jpg","type":"image\/jpeg"}],"author":"cfeditorfr","twitter_card":"summary_large_image","twitter_misc":{"\u00c9crit par":"cfeditorfr","Dur\u00e9e de lecture estim\u00e9e":"1 minute"},"schema":{"@context":"https:\/\/schema.org","@graph":[{"@type":"Article","@id":"https:\/\/www.africa-press.net\/centrafricaine\/economie\/un-investisseur-qatari-recu-par-le-premier-ministre-felix-moloua#article","isPartOf":{"@id":"https:\/\/www.africa-press.net\/centrafricaine\/economie\/un-investisseur-qatari-recu-par-le-premier-ministre-felix-moloua"},"author":{"name":"cfeditorfr","@id":"https:\/\/www.africa-press.net\/centrafricaine\/#\/schema\/person\/2b1cf3cd81a31e3cd26889ca66d677f1"},"headline":"Un investisseur Qatari re\u00e7u par le premier Ministre F\u00e9lix Moloua","datePublished":"2024-03-09T06:50:43+00:00","dateModified":"2024-03-09T07:29:13+00:00","mainEntityOfPage":{"@id":"https:\/\/www.africa-press.net\/centrafricaine\/economie\/un-investisseur-qatari-recu-par-le-premier-ministre-felix-moloua"},"wordCount":261,"commentCount":0,"image":{"@id":"https:\/\/www.africa-press.net\/centrafricaine\/economie\/un-investisseur-qatari-recu-par-le-premier-ministre-felix-moloua#primaryimage"},"thumbnailUrl":"https:\/\/static.africa-press.net\/centrafricaine\/sites\/45\/2024\/03\/sm_1709956516.073549.jpg","keywords":["Africa Press","Africa Press-CentrAfricaine","CentrAfricaine"],"articleSection":["\u00c9conomie","Toutes les actualit\u00e9s"],"inLanguage":"fr-FR","potentialAction":[{"@type":"CommentAction","name":"Comment","target":["https:\/\/www.africa-press.net\/centrafricaine\/economie\/un-investisseur-qatari-recu-par-le-premier-ministre-felix-moloua#respond"]}]},{"@type":"WebPage","@id":"https:\/\/www.africa-press.net\/centrafricaine\/economie\/un-investisseur-qatari-recu-par-le-premier-ministre-felix-moloua","url":"https:\/\/www.africa-press.net\/centrafricaine\/economie\/un-investisseur-qatari-recu-par-le-premier-ministre-felix-moloua","name":"Un investisseur Qatari re\u00e7u par le premier Ministre F\u00e9lix Moloua - centrafricaine","isPartOf":{"@id":"https:\/\/www.africa-press.net\/centrafricaine\/#website"},"primaryImageOfPage":{"@id":"https:\/\/www.africa-press.net\/centrafricaine\/economie\/un-investisseur-qatari-recu-par-le-premier-ministre-felix-moloua#primaryimage"},"image":{"@id":"https:\/\/www.africa-press.net\/centrafricaine\/economie\/un-investisseur-qatari-recu-par-le-premier-ministre-felix-moloua#primaryimage"},"thumbnailUrl":"https:\/\/static.africa-press.net\/centrafricaine\/sites\/45\/2024\/03\/sm_1709956516.073549.jpg","datePublished":"2024-03-09T06:50:43+00:00","dateModified":"2024-03-09T07:29:13+00:00","author":{"@id":"https:\/\/www.africa-press.net\/centrafricaine\/#\/schema\/person\/2b1cf3cd81a31e3cd26889ca66d677f1"},"description":"Le directeur re\u0301gional de l'Afrique de l'Ouest du groupe Al Sulaiteen , en se\u0301jour d'exploration des opportunite\u0301s d'affair ...","breadcrumb":{"@id":"https:\/\/www.africa-press.net\/centrafricaine\/economie\/un-investisseur-qatari-recu-par-le-premier-ministre-felix-moloua#breadcrumb"},"inLanguage":"fr-FR","potentialAction":[{"@type":"ReadAction","target":["https:\/\/www.africa-press.net\/centrafricaine\/economie\/un-investisseur-qatari-recu-par-le-premier-ministre-felix-moloua"]}]},{"@type":"ImageObject","inLanguage":"fr-FR","@id":"https:\/\/www.africa-press.net\/centrafricaine\/economie\/un-investisseur-qatari-recu-par-le-premier-ministre-felix-moloua#primaryimage","url":"https:\/\/static.africa-press.net\/centrafricaine\/sites\/45\/2024\/03\/sm_1709956516.073549.jpg","contentUrl":"https:\/\/static.africa-press.net\/centrafricaine\/sites\/45\/2024\/03\/sm_1709956516.073549.jpg","width":720,"height":477,"caption":"Un investisseur Qatari re\u00e7u par le premier Ministre F\u00e9lix Moloua"},{"@type":"BreadcrumbList","@id":"https:\/\/www.africa-press.net\/centrafricaine\/economie\/un-investisseur-qatari-recu-par-le-premier-ministre-felix-moloua#breadcrumb","itemListElement":[{"@type":"ListItem","position":1,"name":"Accueil","item":"https:\/\/www.africa-press.net\/centrafricaine\/"},{"@type":"ListItem","position":2,"name":"Un investisseur Qatari re\u00e7u par le premier Ministre F\u00e9lix Moloua"}]},{"@type":"WebSite","@id":"https:\/\/www.africa-press.net\/centrafricaine\/#website","url":"https:\/\/www.africa-press.net\/centrafricaine\/","name":"centrafricaine","description":"Just another Africa News Agency Sites site","potentialAction":[{"@type":"SearchAction","target":{"@type":"EntryPoint","urlTemplate":"https:\/\/www.africa-press.net\/centrafricaine\/?s={search_term_string}"},"query-input":{"@type":"PropertyValueSpecification","valueRequired":true,"valueName":"search_term_string"}}],"inLanguage":"fr-FR"},{"@type":"Person","@id":"https:\/\/www.africa-press.net\/centrafricaine\/#\/schema\/person\/2b1cf3cd81a31e3cd26889ca66d677f1","name":"cfeditorfr"}]}},"_links":{"self":[{"href":"https:\/\/www.africa-press.net\/centrafricaine\/wp-json\/wp\/v2\/posts\/53797","targetHints":{"allow":["GET"]}}],"collection":[{"href":"https:\/\/www.africa-press.net\/centrafricaine\/wp-json\/wp\/v2\/posts"}],"about":[{"href":"https:\/\/www.africa-press.net\/centrafricaine\/wp-json\/wp\/v2\/types\/post"}],"author":[{"embeddable":true,"href":"https:\/\/www.africa-press.net\/centrafricaine\/wp-json\/wp\/v2\/users\/82"}],"replies":[{"embeddable":true,"href":"https:\/\/www.africa-press.net\/centrafricaine\/wp-json\/wp\/v2\/comments?post=53797"}],"version-history":[{"count":0,"href":"https:\/\/www.africa-press.net\/centrafricaine\/wp-json\/wp\/v2\/posts\/53797\/revisions"}],"wp:featuredmedia":[{"embeddable":true,"href":"https:\/\/www.africa-press.net\/centrafricaine\/wp-json\/wp\/v2\/media\/53796"}],"wp:attachment":[{"href":"https:\/\/www.africa-press.net\/centrafricaine\/wp-json\/wp\/v2\/media?parent=53797"}],"wp:term":[{"taxonomy":"category","embeddable":true,"href":"https:\/\/www.africa-press.net\/centrafricaine\/wp-json\/wp\/v2\/categories?post=53797"},{"taxonomy":"post_tag","embeddable":true,"href":"https:\/\/www.africa-press.net\/centrafricaine\/wp-json\/wp\/v2\/tags?post=53797"}],"curies":[{"name":"wp","href":"https:\/\/api.w.org\/{rel}","templated":true}]}}