{"id":53806,"date":"2024-03-09T06:53:41","date_gmt":"2024-03-09T06:53:41","guid":{"rendered":"https:\/\/www.africa-press.net\/centrafricaine\/politique\/le-gouvernement-et-la-minusca-entendent-renforcer-leur-partenariat"},"modified":"2024-03-09T07:32:55","modified_gmt":"2024-03-09T07:32:55","slug":"le-gouvernement-et-la-minusca-entendent-renforcer-leur-partenariat","status":"publish","type":"post","link":"https:\/\/www.africa-press.net\/centrafricaine\/politique\/le-gouvernement-et-la-minusca-entendent-renforcer-leur-partenariat","title":{"rendered":"Le gouvernement et la Minusca entendent renforcer leur partenariat"},"content":{"rendered":"<p><span style=\"color: #ff6600\"><strong>Africa-Press &#8211; CentrAfricaine. <\/strong><\/span>Le gouvernement centrafricain et la MINUSCA entendent renforcer leur partenariat \u00e0 travers des actions conjointes sur le terrain. Les deux parties ont partag\u00e9 cette vision lors d\u2019une conf\u00e9rence de presse anim\u00e9e par le ministre de la Communication et des m\u00e9dias et la cheffe de la MINUSCA, le 06 mars 2024 \u00e0 Bangui. L\u2019\u00e9change avec la presse a permis de faire la lumi\u00e8re sur des actions d\u00e9j\u00e0 men\u00e9es ou envisag\u00e9es par la Mission en appui au Gouvernement pour stabiliser le pays.<\/p>\n<p>Plusieurs points ont fait l\u2019objet de l\u2019\u00e9change avec les journalistes : entre autres, l\u2019extension de l\u2019autorit\u00e9 de l\u2019Etat et le d\u00e9ploiement des Forces de d\u00e9fense et de s\u00e9curit\u00e9 dans les r\u00e9gions. Mais aussi la question de la menace que constitue les engins explosifs et qui reste un d\u00e9fi majeur pour le gouvernement et la MINUSCA ainsi que la gestion des fronti\u00e8res en vue de lutter efficacement contre la prolif\u00e9ration des armes.<br \/>\nValentine Rugwabiza a expliqu\u00e9 avoir fait un \u00ab plaidoyer appuy\u00e9 \u00bb aupr\u00e8s des membres du Conseil de s\u00e9curit\u00e9 concernant la menace des engins explosifs lors de la pr\u00e9sentation du rapport du Secr\u00e9taire g\u00e9n\u00e9ral sur la RCA, le 21 f\u00e9vrier 2024. \u00ab Depuis le premier incident en juin 2020, la MINUSCA en a enregistr\u00e9 192 autres \u00e0 ce jour, dont 147 dans le secteur Ouest, tuant 75 personnes, dont 57 civils, et en blessant 162 autres, dont 101 civils \u00bb, a-t-elle indiqu\u00e9, pr\u00e9cisant que \u00ab les civils sont les plus affect\u00e9s par ce ph\u00e9nom\u00e8ne \u00bb.<\/p>\n<p>Elle a \u00e9galement annonc\u00e9 que depuis novembre 2023, 202 membres du personnel militaire centrafricain, dont 19 femmes, ont \u00e9t\u00e9 form\u00e9s par la MINUSCA et le Service de lutte anti-mines des Nations Unies ( l\u2019UNMAS) pour r\u00e9duire les risques li\u00e9s aux engins explosifs.<\/p>\n<p>Pour sa part, le ministre de la Communication et des media, porte-parole du gouvernement, Maxime Balalou, a \u00e9voqu\u00e9 des avanc\u00e9es significatives sur le plan s\u00e9curitaire m\u00eame s\u2019il note un certain nombre de difficult\u00e9s. Maxime Balalou a soulign\u00e9 l\u2019 \u00ab appui constant \u00bb de la MINUSCA au gouvernement pour ramener la paix dans le pays. \u201cOn ne peut pas faire le d\u00e9veloppement sans la paix, sans la s\u00e9curit\u00e9 c\u2019est pour cette raison que nous allons passer \u00e0 l\u2019\u00e9chelle sup\u00e9rieur dans le cas de notre coop\u00e9ration si agissante en luttant contre les mines. Par ce que c\u2019est une action qui risque, si on n\u2019y prend pas garde de cr\u00e9er de v\u00e9ritables probl\u00e8mes dans notre pays \u00bb, a-t-il ajout\u00e9.<\/p>\n<p>En marge de cette conf\u00e9rence de presse, la MINUSCA a remis un lot de mat\u00e9riel de communication et de bureau au minist\u00e8re de la Communication<\/p>\n<p><strong>Pour plus d&rsquo;informations et d&rsquo;analyses sur la <a href=\"https:\/\/www.africa-press.net\/centrafricaine\">CentrAfricaine<\/a>, suivez <a href=\"https:\/\/www.africa-press.net\/\">Africa-Press<\/a><\/strong><\/p>\n","protected":false},"excerpt":{"rendered":"<p>Africa-Press &#8211; CentrAfricaine. Le gouvernement centrafricain et la MINUSCA entendent renforcer leur partenariat \u00e0 travers des actions conjointes sur le terrain. Les deux parties ont partag\u00e9 cette vision lors d\u2019une conf\u00e9rence de presse anim\u00e9e par le ministre de la Communication et des m\u00e9dias et la cheffe de la MINUSCA, le 06 mars 2024 \u00e0 Bangui. [&hellip;]<\/p>\n","protected":false},"author":82,"featured_media":53804,"comment_status":"open","ping_status":"closed","sticky":false,"template":"","format":"standard","meta":{"footnotes":""},"categories":[2,10],"tags":[36,58,30],"class_list":["post-53806","post","type-post","status-publish","format-standard","has-post-thumbnail","hentry","category-politique","category-toutes-les-actualites","tag-africa-press","tag-africa-press-centrafricaine","tag-centrafricaine"],"yoast_head":"<!-- This site is optimized with the Yoast SEO Premium plugin v26.1 (Yoast SEO v27.0) - https:\/\/yoast.com\/product\/yoast-seo-premium-wordpress\/ -->\n<title>Le gouvernement et la Minusca entendent renforcer leur partenariat - centrafricaine<\/title>\n<meta name=\"description\" content=\"Le gouvernement centrafricain et la MINUSCA entendent renforcer leur partenariat a\u0300 travers des actions conjointes sur le ...\" \/>\n<meta name=\"robots\" content=\"index, follow, max-snippet:-1, max-image-preview:large, max-video-preview:-1\" \/>\n<link rel=\"canonical\" href=\"https:\/\/www.africa-press.net\/centrafricaine\/politique\/le-gouvernement-et-la-minusca-entendent-renforcer-leur-partenariat\" \/>\n<meta property=\"og:locale\" content=\"fr_FR\" \/>\n<meta property=\"og:type\" content=\"article\" \/>\n<meta property=\"og:title\" content=\"Le gouvernement et la Minusca entendent renforcer leur partenariat\" \/>\n<meta property=\"og:description\" content=\"Le gouvernement centrafricain et la MINUSCA entendent renforcer leur partenariat a\u0300 travers des actions conjointes sur le ...\" \/>\n<meta property=\"og:url\" content=\"https:\/\/www.africa-press.net\/centrafricaine\/politique\/le-gouvernement-et-la-minusca-entendent-renforcer-leur-partenariat\" \/>\n<meta property=\"og:site_name\" content=\"centrafricaine\" \/>\n<meta property=\"article:published_time\" content=\"2024-03-09T06:53:41+00:00\" \/>\n<meta property=\"article:modified_time\" content=\"2024-03-09T07:32:55+00:00\" \/>\n<meta property=\"og:image\" content=\"https:\/\/static.africa-press.net\/centrafricaine\/sites\/45\/2024\/03\/sm_1709956696.061778.jpg\" \/>\n\t<meta property=\"og:image:width\" content=\"720\" \/>\n\t<meta property=\"og:image:height\" content=\"414\" \/>\n\t<meta property=\"og:image:type\" content=\"image\/jpeg\" \/>\n<meta name=\"author\" content=\"cfeditorfr\" \/>\n<meta name=\"twitter:card\" content=\"summary_large_image\" \/>\n<meta name=\"twitter:label1\" content=\"\u00c9crit par\" \/>\n\t<meta name=\"twitter:data1\" content=\"cfeditorfr\" \/>\n\t<meta name=\"twitter:label2\" content=\"Dur\u00e9e de lecture estim\u00e9e\" \/>\n\t<meta name=\"twitter:data2\" content=\"3 minutes\" \/>\n<script type=\"application\/ld+json\" class=\"yoast-schema-graph\">{\"@context\":\"https:\/\/schema.org\",\"@graph\":[{\"@type\":\"Article\",\"@id\":\"https:\/\/www.africa-press.net\/centrafricaine\/politique\/le-gouvernement-et-la-minusca-entendent-renforcer-leur-partenariat#article\",\"isPartOf\":{\"@id\":\"https:\/\/www.africa-press.net\/centrafricaine\/politique\/le-gouvernement-et-la-minusca-entendent-renforcer-leur-partenariat\"},\"author\":{\"name\":\"cfeditorfr\",\"@id\":\"https:\/\/www.africa-press.net\/centrafricaine\/#\/schema\/person\/2b1cf3cd81a31e3cd26889ca66d677f1\"},\"headline\":\"Le gouvernement et la Minusca entendent renforcer leur partenariat\",\"datePublished\":\"2024-03-09T06:53:41+00:00\",\"dateModified\":\"2024-03-09T07:32:55+00:00\",\"mainEntityOfPage\":{\"@id\":\"https:\/\/www.africa-press.net\/centrafricaine\/politique\/le-gouvernement-et-la-minusca-entendent-renforcer-leur-partenariat\"},\"wordCount\":478,\"commentCount\":0,\"image\":{\"@id\":\"https:\/\/www.africa-press.net\/centrafricaine\/politique\/le-gouvernement-et-la-minusca-entendent-renforcer-leur-partenariat#primaryimage\"},\"thumbnailUrl\":\"https:\/\/static.africa-press.net\/centrafricaine\/sites\/45\/2024\/03\/sm_1709956696.061778.jpg\",\"keywords\":[\"Africa Press\",\"Africa Press-CentrAfricaine\",\"CentrAfricaine\"],\"articleSection\":[\"Politique\",\"Toutes les actualit\u00e9s\"],\"inLanguage\":\"fr-FR\",\"potentialAction\":[{\"@type\":\"CommentAction\",\"name\":\"Comment\",\"target\":[\"https:\/\/www.africa-press.net\/centrafricaine\/politique\/le-gouvernement-et-la-minusca-entendent-renforcer-leur-partenariat#respond\"]}]},{\"@type\":\"WebPage\",\"@id\":\"https:\/\/www.africa-press.net\/centrafricaine\/politique\/le-gouvernement-et-la-minusca-entendent-renforcer-leur-partenariat\",\"url\":\"https:\/\/www.africa-press.net\/centrafricaine\/politique\/le-gouvernement-et-la-minusca-entendent-renforcer-leur-partenariat\",\"name\":\"Le gouvernement et la Minusca entendent renforcer leur partenariat - centrafricaine\",\"isPartOf\":{\"@id\":\"https:\/\/www.africa-press.net\/centrafricaine\/#website\"},\"primaryImageOfPage\":{\"@id\":\"https:\/\/www.africa-press.net\/centrafricaine\/politique\/le-gouvernement-et-la-minusca-entendent-renforcer-leur-partenariat#primaryimage\"},\"image\":{\"@id\":\"https:\/\/www.africa-press.net\/centrafricaine\/politique\/le-gouvernement-et-la-minusca-entendent-renforcer-leur-partenariat#primaryimage\"},\"thumbnailUrl\":\"https:\/\/static.africa-press.net\/centrafricaine\/sites\/45\/2024\/03\/sm_1709956696.061778.jpg\",\"datePublished\":\"2024-03-09T06:53:41+00:00\",\"dateModified\":\"2024-03-09T07:32:55+00:00\",\"author\":{\"@id\":\"https:\/\/www.africa-press.net\/centrafricaine\/#\/schema\/person\/2b1cf3cd81a31e3cd26889ca66d677f1\"},\"description\":\"Le gouvernement centrafricain et la MINUSCA entendent renforcer leur partenariat a\u0300 travers des actions conjointes sur le ...\",\"breadcrumb\":{\"@id\":\"https:\/\/www.africa-press.net\/centrafricaine\/politique\/le-gouvernement-et-la-minusca-entendent-renforcer-leur-partenariat#breadcrumb\"},\"inLanguage\":\"fr-FR\",\"potentialAction\":[{\"@type\":\"ReadAction\",\"target\":[\"https:\/\/www.africa-press.net\/centrafricaine\/politique\/le-gouvernement-et-la-minusca-entendent-renforcer-leur-partenariat\"]}]},{\"@type\":\"ImageObject\",\"inLanguage\":\"fr-FR\",\"@id\":\"https:\/\/www.africa-press.net\/centrafricaine\/politique\/le-gouvernement-et-la-minusca-entendent-renforcer-leur-partenariat#primaryimage\",\"url\":\"https:\/\/static.africa-press.net\/centrafricaine\/sites\/45\/2024\/03\/sm_1709956696.061778.jpg\",\"contentUrl\":\"https:\/\/static.africa-press.net\/centrafricaine\/sites\/45\/2024\/03\/sm_1709956696.061778.jpg\",\"width\":720,\"height\":414,\"caption\":\"Le gouvernement et la Minusca entendent renforcer leur partenariat\"},{\"@type\":\"BreadcrumbList\",\"@id\":\"https:\/\/www.africa-press.net\/centrafricaine\/politique\/le-gouvernement-et-la-minusca-entendent-renforcer-leur-partenariat#breadcrumb\",\"itemListElement\":[{\"@type\":\"ListItem\",\"position\":1,\"name\":\"Accueil\",\"item\":\"https:\/\/www.africa-press.net\/centrafricaine\/\"},{\"@type\":\"ListItem\",\"position\":2,\"name\":\"Le gouvernement et la Minusca entendent renforcer leur partenariat\"}]},{\"@type\":\"WebSite\",\"@id\":\"https:\/\/www.africa-press.net\/centrafricaine\/#website\",\"url\":\"https:\/\/www.africa-press.net\/centrafricaine\/\",\"name\":\"centrafricaine\",\"description\":\"Just another Africa News Agency Sites site\",\"potentialAction\":[{\"@type\":\"SearchAction\",\"target\":{\"@type\":\"EntryPoint\",\"urlTemplate\":\"https:\/\/www.africa-press.net\/centrafricaine\/?s={search_term_string}\"},\"query-input\":{\"@type\":\"PropertyValueSpecification\",\"valueRequired\":true,\"valueName\":\"search_term_string\"}}],\"inLanguage\":\"fr-FR\"},{\"@type\":\"Person\",\"@id\":\"https:\/\/www.africa-press.net\/centrafricaine\/#\/schema\/person\/2b1cf3cd81a31e3cd26889ca66d677f1\",\"name\":\"cfeditorfr\"}]}<\/script>\n<!-- \/ Yoast SEO Premium plugin. -->","yoast_head_json":{"title":"Le gouvernement et la Minusca entendent renforcer leur partenariat - centrafricaine","description":"Le gouvernement centrafricain et la MINUSCA entendent renforcer leur partenariat a\u0300 travers des actions conjointes sur le ...","robots":{"index":"index","follow":"follow","max-snippet":"max-snippet:-1","max-image-preview":"max-image-preview:large","max-video-preview":"max-video-preview:-1"},"canonical":"https:\/\/www.africa-press.net\/centrafricaine\/politique\/le-gouvernement-et-la-minusca-entendent-renforcer-leur-partenariat","og_locale":"fr_FR","og_type":"article","og_title":"Le gouvernement et la Minusca entendent renforcer leur partenariat","og_description":"Le gouvernement centrafricain et la MINUSCA entendent renforcer leur partenariat a\u0300 travers des actions conjointes sur le ...","og_url":"https:\/\/www.africa-press.net\/centrafricaine\/politique\/le-gouvernement-et-la-minusca-entendent-renforcer-leur-partenariat","og_site_name":"centrafricaine","article_published_time":"2024-03-09T06:53:41+00:00","article_modified_time":"2024-03-09T07:32:55+00:00","og_image":[{"width":720,"height":414,"url":"https:\/\/static.africa-press.net\/centrafricaine\/sites\/45\/2024\/03\/sm_1709956696.061778.jpg","type":"image\/jpeg"}],"author":"cfeditorfr","twitter_card":"summary_large_image","twitter_misc":{"\u00c9crit par":"cfeditorfr","Dur\u00e9e de lecture estim\u00e9e":"3 minutes"},"schema":{"@context":"https:\/\/schema.org","@graph":[{"@type":"Article","@id":"https:\/\/www.africa-press.net\/centrafricaine\/politique\/le-gouvernement-et-la-minusca-entendent-renforcer-leur-partenariat#article","isPartOf":{"@id":"https:\/\/www.africa-press.net\/centrafricaine\/politique\/le-gouvernement-et-la-minusca-entendent-renforcer-leur-partenariat"},"author":{"name":"cfeditorfr","@id":"https:\/\/www.africa-press.net\/centrafricaine\/#\/schema\/person\/2b1cf3cd81a31e3cd26889ca66d677f1"},"headline":"Le gouvernement et la Minusca entendent renforcer leur partenariat","datePublished":"2024-03-09T06:53:41+00:00","dateModified":"2024-03-09T07:32:55+00:00","mainEntityOfPage":{"@id":"https:\/\/www.africa-press.net\/centrafricaine\/politique\/le-gouvernement-et-la-minusca-entendent-renforcer-leur-partenariat"},"wordCount":478,"commentCount":0,"image":{"@id":"https:\/\/www.africa-press.net\/centrafricaine\/politique\/le-gouvernement-et-la-minusca-entendent-renforcer-leur-partenariat#primaryimage"},"thumbnailUrl":"https:\/\/static.africa-press.net\/centrafricaine\/sites\/45\/2024\/03\/sm_1709956696.061778.jpg","keywords":["Africa Press","Africa Press-CentrAfricaine","CentrAfricaine"],"articleSection":["Politique","Toutes les actualit\u00e9s"],"inLanguage":"fr-FR","potentialAction":[{"@type":"CommentAction","name":"Comment","target":["https:\/\/www.africa-press.net\/centrafricaine\/politique\/le-gouvernement-et-la-minusca-entendent-renforcer-leur-partenariat#respond"]}]},{"@type":"WebPage","@id":"https:\/\/www.africa-press.net\/centrafricaine\/politique\/le-gouvernement-et-la-minusca-entendent-renforcer-leur-partenariat","url":"https:\/\/www.africa-press.net\/centrafricaine\/politique\/le-gouvernement-et-la-minusca-entendent-renforcer-leur-partenariat","name":"Le gouvernement et la Minusca entendent renforcer leur partenariat - centrafricaine","isPartOf":{"@id":"https:\/\/www.africa-press.net\/centrafricaine\/#website"},"primaryImageOfPage":{"@id":"https:\/\/www.africa-press.net\/centrafricaine\/politique\/le-gouvernement-et-la-minusca-entendent-renforcer-leur-partenariat#primaryimage"},"image":{"@id":"https:\/\/www.africa-press.net\/centrafricaine\/politique\/le-gouvernement-et-la-minusca-entendent-renforcer-leur-partenariat#primaryimage"},"thumbnailUrl":"https:\/\/static.africa-press.net\/centrafricaine\/sites\/45\/2024\/03\/sm_1709956696.061778.jpg","datePublished":"2024-03-09T06:53:41+00:00","dateModified":"2024-03-09T07:32:55+00:00","author":{"@id":"https:\/\/www.africa-press.net\/centrafricaine\/#\/schema\/person\/2b1cf3cd81a31e3cd26889ca66d677f1"},"description":"Le gouvernement centrafricain et la MINUSCA entendent renforcer leur partenariat a\u0300 travers des actions conjointes sur le ...","breadcrumb":{"@id":"https:\/\/www.africa-press.net\/centrafricaine\/politique\/le-gouvernement-et-la-minusca-entendent-renforcer-leur-partenariat#breadcrumb"},"inLanguage":"fr-FR","potentialAction":[{"@type":"ReadAction","target":["https:\/\/www.africa-press.net\/centrafricaine\/politique\/le-gouvernement-et-la-minusca-entendent-renforcer-leur-partenariat"]}]},{"@type":"ImageObject","inLanguage":"fr-FR","@id":"https:\/\/www.africa-press.net\/centrafricaine\/politique\/le-gouvernement-et-la-minusca-entendent-renforcer-leur-partenariat#primaryimage","url":"https:\/\/static.africa-press.net\/centrafricaine\/sites\/45\/2024\/03\/sm_1709956696.061778.jpg","contentUrl":"https:\/\/static.africa-press.net\/centrafricaine\/sites\/45\/2024\/03\/sm_1709956696.061778.jpg","width":720,"height":414,"caption":"Le gouvernement et la Minusca entendent renforcer leur partenariat"},{"@type":"BreadcrumbList","@id":"https:\/\/www.africa-press.net\/centrafricaine\/politique\/le-gouvernement-et-la-minusca-entendent-renforcer-leur-partenariat#breadcrumb","itemListElement":[{"@type":"ListItem","position":1,"name":"Accueil","item":"https:\/\/www.africa-press.net\/centrafricaine\/"},{"@type":"ListItem","position":2,"name":"Le gouvernement et la Minusca entendent renforcer leur partenariat"}]},{"@type":"WebSite","@id":"https:\/\/www.africa-press.net\/centrafricaine\/#website","url":"https:\/\/www.africa-press.net\/centrafricaine\/","name":"centrafricaine","description":"Just another Africa News Agency Sites site","potentialAction":[{"@type":"SearchAction","target":{"@type":"EntryPoint","urlTemplate":"https:\/\/www.africa-press.net\/centrafricaine\/?s={search_term_string}"},"query-input":{"@type":"PropertyValueSpecification","valueRequired":true,"valueName":"search_term_string"}}],"inLanguage":"fr-FR"},{"@type":"Person","@id":"https:\/\/www.africa-press.net\/centrafricaine\/#\/schema\/person\/2b1cf3cd81a31e3cd26889ca66d677f1","name":"cfeditorfr"}]}},"_links":{"self":[{"href":"https:\/\/www.africa-press.net\/centrafricaine\/wp-json\/wp\/v2\/posts\/53806","targetHints":{"allow":["GET"]}}],"collection":[{"href":"https:\/\/www.africa-press.net\/centrafricaine\/wp-json\/wp\/v2\/posts"}],"about":[{"href":"https:\/\/www.africa-press.net\/centrafricaine\/wp-json\/wp\/v2\/types\/post"}],"author":[{"embeddable":true,"href":"https:\/\/www.africa-press.net\/centrafricaine\/wp-json\/wp\/v2\/users\/82"}],"replies":[{"embeddable":true,"href":"https:\/\/www.africa-press.net\/centrafricaine\/wp-json\/wp\/v2\/comments?post=53806"}],"version-history":[{"count":0,"href":"https:\/\/www.africa-press.net\/centrafricaine\/wp-json\/wp\/v2\/posts\/53806\/revisions"}],"wp:featuredmedia":[{"embeddable":true,"href":"https:\/\/www.africa-press.net\/centrafricaine\/wp-json\/wp\/v2\/media\/53804"}],"wp:attachment":[{"href":"https:\/\/www.africa-press.net\/centrafricaine\/wp-json\/wp\/v2\/media?parent=53806"}],"wp:term":[{"taxonomy":"category","embeddable":true,"href":"https:\/\/www.africa-press.net\/centrafricaine\/wp-json\/wp\/v2\/categories?post=53806"},{"taxonomy":"post_tag","embeddable":true,"href":"https:\/\/www.africa-press.net\/centrafricaine\/wp-json\/wp\/v2\/tags?post=53806"}],"curies":[{"name":"wp","href":"https:\/\/api.w.org\/{rel}","templated":true}]}}