{"id":53808,"date":"2024-03-09T06:54:22","date_gmt":"2024-03-09T06:54:22","guid":{"rendered":"https:\/\/www.africa-press.net\/centrafricaine\/politique\/renouvellement-partiel-du-bureau-de-lassemblee-nationale"},"modified":"2024-03-09T07:33:31","modified_gmt":"2024-03-09T07:33:31","slug":"renouvellement-partiel-du-bureau-de-lassemblee-nationale","status":"publish","type":"post","link":"https:\/\/www.africa-press.net\/centrafricaine\/politique\/renouvellement-partiel-du-bureau-de-lassemblee-nationale","title":{"rendered":"renouvellement partiel du bureau de l\u2019Assembl\u00e9e nationale"},"content":{"rendered":"<p><span style=\"color: #ff6600\"><strong>Africa-Press &#8211; CentrAfricaine. <\/strong><\/span>Autres membres du bureau doivent e\u0302tre re\u0301e\u0301lus. Sans surprise, E\u0301variste Ngamana, de\u0301pute\u0301 de la majorite\u0301 et actuel pre\u0301sident du Parlement de la CEMAC, est reconduit par ses pairs pour la 4e fois conse\u0301cutive. Il est seconde\u0301 du de\u0301pute\u0301 de l\u2019opposition, Bernard Dillah, qui, lui aussi, rempile pour la 4e fois au poste de 2e vice-pre\u0301sident.<\/p>\n<p>Ernest Mize\u0301dio, de\u0301pute\u0301 d\u2019Obo 1, n\u2019a pas pu maintenir son poste de 3e vice-pre\u0301sident au profit de Marie Christiane Patasse\u0301, de\u0301pute\u0301e de Nana-Bakassa. Cependant, Marien Djeme\u0301, l\u2019e\u0301lu de la 2e circonscription de Nola, conserve son fauteuil de 4e Vice-pre\u0301sident.<\/p>\n<p>Au niveau de la questure, Jocelyn Makango, de\u0301pute\u0301 de Mbai\u0308ki 5, est re\u0301e\u0301lu premier questeur. Il sera entoure\u0301 de Sylvain Marandji et Junior Fleury Pabandji, respectivement de\u0301pute\u0301s de Kouango 2 et de Bouar 1.<\/p>\n<p>Par contre, le 1er secre\u0301taire parlementaire revient a\u0300 Cle\u0301ment Ndombe\u0301, pre\u0301sident du groupe parlementaire MCU, parti politique du pre\u0301sident de la Re\u0301publique. Parmi les 14 de\u0301pute\u0301s membres, on note une faible repre\u0301sentation des femmes. L\u2019on peut compter seulement trois qui ont fait leur entre\u0301e dans ce nouveau bureau du Parlement centrafricain.<\/p>\n<p>Tous les 140 de\u0301pute\u0301s ont participe\u0301 directement ou bien par mandat a\u0300 ce vote de renouvellement partiel de leur bureau. Et selon le re\u0300glement inte\u0301rieur de l\u2019Assemble\u0301e nationale, ceux qui sont empe\u0302che\u0301s peuvent participer au vote a\u0300 travers un mandat de\u0301livre\u0301. C\u2019est ce qu\u2019a fait e\u0301galement le de\u0301pute\u0301 de la 1e\u0300re circonscription du 4e arrdt de Bangui, E\u0301phrem Dominique Yandoka, encore en prison.<\/p>\n<p><strong>Pour plus d&rsquo;informations et d&rsquo;analyses sur la <a href=\"https:\/\/www.africa-press.net\/centrafricaine\">CentrAfricaine<\/a>, suivez <a href=\"https:\/\/www.africa-press.net\/\">Africa-Press<\/a><\/strong><\/p>\n","protected":false},"excerpt":{"rendered":"<p>Africa-Press &#8211; CentrAfricaine. Autres membres du bureau doivent e\u0302tre re\u0301e\u0301lus. Sans surprise, E\u0301variste Ngamana, de\u0301pute\u0301 de la majorite\u0301 et actuel pre\u0301sident du Parlement de la CEMAC, est reconduit par ses pairs pour la 4e fois conse\u0301cutive. Il est seconde\u0301 du de\u0301pute\u0301 de l\u2019opposition, Bernard Dillah, qui, lui aussi, rempile pour la 4e fois au poste [&hellip;]<\/p>\n","protected":false},"author":82,"featured_media":53807,"comment_status":"open","ping_status":"closed","sticky":false,"template":"","format":"standard","meta":{"footnotes":""},"categories":[2,10],"tags":[36,58,30],"class_list":["post-53808","post","type-post","status-publish","format-standard","has-post-thumbnail","hentry","category-politique","category-toutes-les-actualites","tag-africa-press","tag-africa-press-centrafricaine","tag-centrafricaine"],"yoast_head":"<!-- This site is optimized with the Yoast SEO Premium plugin v26.1 (Yoast SEO v27.0) - https:\/\/yoast.com\/product\/yoast-seo-premium-wordpress\/ -->\n<title>renouvellement partiel du bureau de l\u2019Assembl\u00e9e nationale - centrafricaine<\/title>\n<meta name=\"description\" content=\"Autres membres du bureau doivent e\u0302tre re\u0301e\u0301lus. Sans surprise, E\u0301variste Ngamana, de\u0301pute\u0301 de la majorite\u0301 et actuel pr ...\" \/>\n<meta name=\"robots\" content=\"index, follow, max-snippet:-1, max-image-preview:large, max-video-preview:-1\" \/>\n<link rel=\"canonical\" href=\"https:\/\/www.africa-press.net\/centrafricaine\/politique\/renouvellement-partiel-du-bureau-de-lassemblee-nationale\" \/>\n<meta property=\"og:locale\" content=\"fr_FR\" \/>\n<meta property=\"og:type\" content=\"article\" \/>\n<meta property=\"og:title\" content=\"renouvellement partiel du bureau de l\u2019Assembl\u00e9e nationale\" \/>\n<meta property=\"og:description\" content=\"Autres membres du bureau doivent e\u0302tre re\u0301e\u0301lus. Sans surprise, E\u0301variste Ngamana, de\u0301pute\u0301 de la majorite\u0301 et actuel pr ...\" \/>\n<meta property=\"og:url\" content=\"https:\/\/www.africa-press.net\/centrafricaine\/politique\/renouvellement-partiel-du-bureau-de-lassemblee-nationale\" \/>\n<meta property=\"og:site_name\" content=\"centrafricaine\" \/>\n<meta property=\"article:published_time\" content=\"2024-03-09T06:54:22+00:00\" \/>\n<meta property=\"article:modified_time\" content=\"2024-03-09T07:33:31+00:00\" \/>\n<meta property=\"og:image\" content=\"https:\/\/static.africa-press.net\/centrafricaine\/sites\/45\/2024\/03\/sm_1709956719.044736.jpg\" \/>\n\t<meta property=\"og:image:width\" content=\"720\" \/>\n\t<meta property=\"og:image:height\" content=\"480\" \/>\n\t<meta property=\"og:image:type\" content=\"image\/jpeg\" \/>\n<meta name=\"author\" content=\"cfeditorfr\" \/>\n<meta name=\"twitter:card\" content=\"summary_large_image\" \/>\n<meta name=\"twitter:label1\" content=\"\u00c9crit par\" \/>\n\t<meta name=\"twitter:data1\" content=\"cfeditorfr\" \/>\n\t<meta name=\"twitter:label2\" content=\"Dur\u00e9e de lecture estim\u00e9e\" \/>\n\t<meta name=\"twitter:data2\" content=\"2 minutes\" \/>\n<script type=\"application\/ld+json\" class=\"yoast-schema-graph\">{\"@context\":\"https:\/\/schema.org\",\"@graph\":[{\"@type\":\"Article\",\"@id\":\"https:\/\/www.africa-press.net\/centrafricaine\/politique\/renouvellement-partiel-du-bureau-de-lassemblee-nationale#article\",\"isPartOf\":{\"@id\":\"https:\/\/www.africa-press.net\/centrafricaine\/politique\/renouvellement-partiel-du-bureau-de-lassemblee-nationale\"},\"author\":{\"name\":\"cfeditorfr\",\"@id\":\"https:\/\/www.africa-press.net\/centrafricaine\/#\/schema\/person\/2b1cf3cd81a31e3cd26889ca66d677f1\"},\"headline\":\"renouvellement partiel du bureau de l\u2019Assembl\u00e9e nationale\",\"datePublished\":\"2024-03-09T06:54:22+00:00\",\"dateModified\":\"2024-03-09T07:33:31+00:00\",\"mainEntityOfPage\":{\"@id\":\"https:\/\/www.africa-press.net\/centrafricaine\/politique\/renouvellement-partiel-du-bureau-de-lassemblee-nationale\"},\"wordCount\":311,\"commentCount\":0,\"image\":{\"@id\":\"https:\/\/www.africa-press.net\/centrafricaine\/politique\/renouvellement-partiel-du-bureau-de-lassemblee-nationale#primaryimage\"},\"thumbnailUrl\":\"https:\/\/static.africa-press.net\/centrafricaine\/sites\/45\/2024\/03\/sm_1709956719.044736.jpg\",\"keywords\":[\"Africa Press\",\"Africa Press-CentrAfricaine\",\"CentrAfricaine\"],\"articleSection\":[\"Politique\",\"Toutes les actualit\u00e9s\"],\"inLanguage\":\"fr-FR\",\"potentialAction\":[{\"@type\":\"CommentAction\",\"name\":\"Comment\",\"target\":[\"https:\/\/www.africa-press.net\/centrafricaine\/politique\/renouvellement-partiel-du-bureau-de-lassemblee-nationale#respond\"]}]},{\"@type\":\"WebPage\",\"@id\":\"https:\/\/www.africa-press.net\/centrafricaine\/politique\/renouvellement-partiel-du-bureau-de-lassemblee-nationale\",\"url\":\"https:\/\/www.africa-press.net\/centrafricaine\/politique\/renouvellement-partiel-du-bureau-de-lassemblee-nationale\",\"name\":\"renouvellement partiel du bureau de l\u2019Assembl\u00e9e nationale - centrafricaine\",\"isPartOf\":{\"@id\":\"https:\/\/www.africa-press.net\/centrafricaine\/#website\"},\"primaryImageOfPage\":{\"@id\":\"https:\/\/www.africa-press.net\/centrafricaine\/politique\/renouvellement-partiel-du-bureau-de-lassemblee-nationale#primaryimage\"},\"image\":{\"@id\":\"https:\/\/www.africa-press.net\/centrafricaine\/politique\/renouvellement-partiel-du-bureau-de-lassemblee-nationale#primaryimage\"},\"thumbnailUrl\":\"https:\/\/static.africa-press.net\/centrafricaine\/sites\/45\/2024\/03\/sm_1709956719.044736.jpg\",\"datePublished\":\"2024-03-09T06:54:22+00:00\",\"dateModified\":\"2024-03-09T07:33:31+00:00\",\"author\":{\"@id\":\"https:\/\/www.africa-press.net\/centrafricaine\/#\/schema\/person\/2b1cf3cd81a31e3cd26889ca66d677f1\"},\"description\":\"Autres membres du bureau doivent e\u0302tre re\u0301e\u0301lus. Sans surprise, E\u0301variste Ngamana, de\u0301pute\u0301 de la majorite\u0301 et actuel pr ...\",\"breadcrumb\":{\"@id\":\"https:\/\/www.africa-press.net\/centrafricaine\/politique\/renouvellement-partiel-du-bureau-de-lassemblee-nationale#breadcrumb\"},\"inLanguage\":\"fr-FR\",\"potentialAction\":[{\"@type\":\"ReadAction\",\"target\":[\"https:\/\/www.africa-press.net\/centrafricaine\/politique\/renouvellement-partiel-du-bureau-de-lassemblee-nationale\"]}]},{\"@type\":\"ImageObject\",\"inLanguage\":\"fr-FR\",\"@id\":\"https:\/\/www.africa-press.net\/centrafricaine\/politique\/renouvellement-partiel-du-bureau-de-lassemblee-nationale#primaryimage\",\"url\":\"https:\/\/static.africa-press.net\/centrafricaine\/sites\/45\/2024\/03\/sm_1709956719.044736.jpg\",\"contentUrl\":\"https:\/\/static.africa-press.net\/centrafricaine\/sites\/45\/2024\/03\/sm_1709956719.044736.jpg\",\"width\":720,\"height\":480,\"caption\":\"renouvellement partiel du bureau de l\u2019Assembl\u00e9e nationale\"},{\"@type\":\"BreadcrumbList\",\"@id\":\"https:\/\/www.africa-press.net\/centrafricaine\/politique\/renouvellement-partiel-du-bureau-de-lassemblee-nationale#breadcrumb\",\"itemListElement\":[{\"@type\":\"ListItem\",\"position\":1,\"name\":\"Accueil\",\"item\":\"https:\/\/www.africa-press.net\/centrafricaine\/\"},{\"@type\":\"ListItem\",\"position\":2,\"name\":\"renouvellement partiel du bureau de l\u2019Assembl\u00e9e nationale\"}]},{\"@type\":\"WebSite\",\"@id\":\"https:\/\/www.africa-press.net\/centrafricaine\/#website\",\"url\":\"https:\/\/www.africa-press.net\/centrafricaine\/\",\"name\":\"centrafricaine\",\"description\":\"Just another Africa News Agency Sites site\",\"potentialAction\":[{\"@type\":\"SearchAction\",\"target\":{\"@type\":\"EntryPoint\",\"urlTemplate\":\"https:\/\/www.africa-press.net\/centrafricaine\/?s={search_term_string}\"},\"query-input\":{\"@type\":\"PropertyValueSpecification\",\"valueRequired\":true,\"valueName\":\"search_term_string\"}}],\"inLanguage\":\"fr-FR\"},{\"@type\":\"Person\",\"@id\":\"https:\/\/www.africa-press.net\/centrafricaine\/#\/schema\/person\/2b1cf3cd81a31e3cd26889ca66d677f1\",\"name\":\"cfeditorfr\"}]}<\/script>\n<!-- \/ Yoast SEO Premium plugin. -->","yoast_head_json":{"title":"renouvellement partiel du bureau de l\u2019Assembl\u00e9e nationale - centrafricaine","description":"Autres membres du bureau doivent e\u0302tre re\u0301e\u0301lus. Sans surprise, E\u0301variste Ngamana, de\u0301pute\u0301 de la majorite\u0301 et actuel pr ...","robots":{"index":"index","follow":"follow","max-snippet":"max-snippet:-1","max-image-preview":"max-image-preview:large","max-video-preview":"max-video-preview:-1"},"canonical":"https:\/\/www.africa-press.net\/centrafricaine\/politique\/renouvellement-partiel-du-bureau-de-lassemblee-nationale","og_locale":"fr_FR","og_type":"article","og_title":"renouvellement partiel du bureau de l\u2019Assembl\u00e9e nationale","og_description":"Autres membres du bureau doivent e\u0302tre re\u0301e\u0301lus. Sans surprise, E\u0301variste Ngamana, de\u0301pute\u0301 de la majorite\u0301 et actuel pr ...","og_url":"https:\/\/www.africa-press.net\/centrafricaine\/politique\/renouvellement-partiel-du-bureau-de-lassemblee-nationale","og_site_name":"centrafricaine","article_published_time":"2024-03-09T06:54:22+00:00","article_modified_time":"2024-03-09T07:33:31+00:00","og_image":[{"width":720,"height":480,"url":"https:\/\/static.africa-press.net\/centrafricaine\/sites\/45\/2024\/03\/sm_1709956719.044736.jpg","type":"image\/jpeg"}],"author":"cfeditorfr","twitter_card":"summary_large_image","twitter_misc":{"\u00c9crit par":"cfeditorfr","Dur\u00e9e de lecture estim\u00e9e":"2 minutes"},"schema":{"@context":"https:\/\/schema.org","@graph":[{"@type":"Article","@id":"https:\/\/www.africa-press.net\/centrafricaine\/politique\/renouvellement-partiel-du-bureau-de-lassemblee-nationale#article","isPartOf":{"@id":"https:\/\/www.africa-press.net\/centrafricaine\/politique\/renouvellement-partiel-du-bureau-de-lassemblee-nationale"},"author":{"name":"cfeditorfr","@id":"https:\/\/www.africa-press.net\/centrafricaine\/#\/schema\/person\/2b1cf3cd81a31e3cd26889ca66d677f1"},"headline":"renouvellement partiel du bureau de l\u2019Assembl\u00e9e nationale","datePublished":"2024-03-09T06:54:22+00:00","dateModified":"2024-03-09T07:33:31+00:00","mainEntityOfPage":{"@id":"https:\/\/www.africa-press.net\/centrafricaine\/politique\/renouvellement-partiel-du-bureau-de-lassemblee-nationale"},"wordCount":311,"commentCount":0,"image":{"@id":"https:\/\/www.africa-press.net\/centrafricaine\/politique\/renouvellement-partiel-du-bureau-de-lassemblee-nationale#primaryimage"},"thumbnailUrl":"https:\/\/static.africa-press.net\/centrafricaine\/sites\/45\/2024\/03\/sm_1709956719.044736.jpg","keywords":["Africa Press","Africa Press-CentrAfricaine","CentrAfricaine"],"articleSection":["Politique","Toutes les actualit\u00e9s"],"inLanguage":"fr-FR","potentialAction":[{"@type":"CommentAction","name":"Comment","target":["https:\/\/www.africa-press.net\/centrafricaine\/politique\/renouvellement-partiel-du-bureau-de-lassemblee-nationale#respond"]}]},{"@type":"WebPage","@id":"https:\/\/www.africa-press.net\/centrafricaine\/politique\/renouvellement-partiel-du-bureau-de-lassemblee-nationale","url":"https:\/\/www.africa-press.net\/centrafricaine\/politique\/renouvellement-partiel-du-bureau-de-lassemblee-nationale","name":"renouvellement partiel du bureau de l\u2019Assembl\u00e9e nationale - centrafricaine","isPartOf":{"@id":"https:\/\/www.africa-press.net\/centrafricaine\/#website"},"primaryImageOfPage":{"@id":"https:\/\/www.africa-press.net\/centrafricaine\/politique\/renouvellement-partiel-du-bureau-de-lassemblee-nationale#primaryimage"},"image":{"@id":"https:\/\/www.africa-press.net\/centrafricaine\/politique\/renouvellement-partiel-du-bureau-de-lassemblee-nationale#primaryimage"},"thumbnailUrl":"https:\/\/static.africa-press.net\/centrafricaine\/sites\/45\/2024\/03\/sm_1709956719.044736.jpg","datePublished":"2024-03-09T06:54:22+00:00","dateModified":"2024-03-09T07:33:31+00:00","author":{"@id":"https:\/\/www.africa-press.net\/centrafricaine\/#\/schema\/person\/2b1cf3cd81a31e3cd26889ca66d677f1"},"description":"Autres membres du bureau doivent e\u0302tre re\u0301e\u0301lus. Sans surprise, E\u0301variste Ngamana, de\u0301pute\u0301 de la majorite\u0301 et actuel pr ...","breadcrumb":{"@id":"https:\/\/www.africa-press.net\/centrafricaine\/politique\/renouvellement-partiel-du-bureau-de-lassemblee-nationale#breadcrumb"},"inLanguage":"fr-FR","potentialAction":[{"@type":"ReadAction","target":["https:\/\/www.africa-press.net\/centrafricaine\/politique\/renouvellement-partiel-du-bureau-de-lassemblee-nationale"]}]},{"@type":"ImageObject","inLanguage":"fr-FR","@id":"https:\/\/www.africa-press.net\/centrafricaine\/politique\/renouvellement-partiel-du-bureau-de-lassemblee-nationale#primaryimage","url":"https:\/\/static.africa-press.net\/centrafricaine\/sites\/45\/2024\/03\/sm_1709956719.044736.jpg","contentUrl":"https:\/\/static.africa-press.net\/centrafricaine\/sites\/45\/2024\/03\/sm_1709956719.044736.jpg","width":720,"height":480,"caption":"renouvellement partiel du bureau de l\u2019Assembl\u00e9e nationale"},{"@type":"BreadcrumbList","@id":"https:\/\/www.africa-press.net\/centrafricaine\/politique\/renouvellement-partiel-du-bureau-de-lassemblee-nationale#breadcrumb","itemListElement":[{"@type":"ListItem","position":1,"name":"Accueil","item":"https:\/\/www.africa-press.net\/centrafricaine\/"},{"@type":"ListItem","position":2,"name":"renouvellement partiel du bureau de l\u2019Assembl\u00e9e nationale"}]},{"@type":"WebSite","@id":"https:\/\/www.africa-press.net\/centrafricaine\/#website","url":"https:\/\/www.africa-press.net\/centrafricaine\/","name":"centrafricaine","description":"Just another Africa News Agency Sites site","potentialAction":[{"@type":"SearchAction","target":{"@type":"EntryPoint","urlTemplate":"https:\/\/www.africa-press.net\/centrafricaine\/?s={search_term_string}"},"query-input":{"@type":"PropertyValueSpecification","valueRequired":true,"valueName":"search_term_string"}}],"inLanguage":"fr-FR"},{"@type":"Person","@id":"https:\/\/www.africa-press.net\/centrafricaine\/#\/schema\/person\/2b1cf3cd81a31e3cd26889ca66d677f1","name":"cfeditorfr"}]}},"_links":{"self":[{"href":"https:\/\/www.africa-press.net\/centrafricaine\/wp-json\/wp\/v2\/posts\/53808","targetHints":{"allow":["GET"]}}],"collection":[{"href":"https:\/\/www.africa-press.net\/centrafricaine\/wp-json\/wp\/v2\/posts"}],"about":[{"href":"https:\/\/www.africa-press.net\/centrafricaine\/wp-json\/wp\/v2\/types\/post"}],"author":[{"embeddable":true,"href":"https:\/\/www.africa-press.net\/centrafricaine\/wp-json\/wp\/v2\/users\/82"}],"replies":[{"embeddable":true,"href":"https:\/\/www.africa-press.net\/centrafricaine\/wp-json\/wp\/v2\/comments?post=53808"}],"version-history":[{"count":0,"href":"https:\/\/www.africa-press.net\/centrafricaine\/wp-json\/wp\/v2\/posts\/53808\/revisions"}],"wp:featuredmedia":[{"embeddable":true,"href":"https:\/\/www.africa-press.net\/centrafricaine\/wp-json\/wp\/v2\/media\/53807"}],"wp:attachment":[{"href":"https:\/\/www.africa-press.net\/centrafricaine\/wp-json\/wp\/v2\/media?parent=53808"}],"wp:term":[{"taxonomy":"category","embeddable":true,"href":"https:\/\/www.africa-press.net\/centrafricaine\/wp-json\/wp\/v2\/categories?post=53808"},{"taxonomy":"post_tag","embeddable":true,"href":"https:\/\/www.africa-press.net\/centrafricaine\/wp-json\/wp\/v2\/tags?post=53808"}],"curies":[{"name":"wp","href":"https:\/\/api.w.org\/{rel}","templated":true}]}}