{"id":53839,"date":"2024-03-11T17:13:38","date_gmt":"2024-03-11T17:13:38","guid":{"rendered":"https:\/\/www.africa-press.net\/centrafricaine\/politique\/bilan-des-combats-apres-la-reprise-de-la-ville-de-sikikede"},"modified":"2024-03-11T17:47:08","modified_gmt":"2024-03-11T17:47:08","slug":"bilan-des-combats-apres-la-reprise-de-la-ville-de-sikikede","status":"publish","type":"post","link":"https:\/\/www.africa-press.net\/centrafricaine\/politique\/bilan-des-combats-apres-la-reprise-de-la-ville-de-sikikede","title":{"rendered":"bilan des combats apr\u00e8s la reprise de la ville de Sikik\u00e9d\u00e9"},"content":{"rendered":"<p><span style=\"color: #ff6600\"><strong>Africa-Press &#8211; CentrAfricaine. <\/strong><\/span>En Centrafrique, l\u2019e\u0301tat-major des arme\u0301es annonce la reprise de la ville de Sikike\u0301de\u0301 dans la pre\u0301fecture de Vakaga des mains des rebelles de la Coalition des patriotes pour le changement (CPC).<\/p>\n<p>Jeudi 7 mars, Sikike\u0301de\u0301, localite\u0301 situe\u0301e a\u0300 l&rsquo;extre\u0302me nord-est du pays, e\u0301tait passe\u0301e sous contro\u0302le des rebelles de la CPC qui menac\u0327aient d&rsquo;e\u0301tendre leur progression dans d\u2019autres re\u0301gions. Dans un communique\u0301 publie\u0301 le samedi 9 mars, l&rsquo;e\u0301tat-major des arme\u0301es dresse le bilan des combats et pre\u0301cise que le ratissage se poursuit dans la localite\u0301:\u00ab L\u2019intention de ces ennemis de la paix est d\u2019entretenir un climat d\u2019inse\u0301curite\u0301 dans la zone, en testant leur capacite\u0301 de nuisance aupre\u0300s de notre force, afin de faire comprendre a\u0300 l\u2019opinion nationale et internationale qu\u2019ils sont de retour pour replonger le pays dans un nouveau chaos \u00bb.<\/p>\n<p>\u00ab Malheureusement pour eux, les forces arme\u0301es centrafricaines ont fait montre de de\u0301termination et de professionnalisme, les mettant en de\u0301route en leur infligeant de lourdes pertes avec le bilan ci-apre\u0300s: plus d\u2019une quarantaine de rebelles tue\u0301s et plusieurs motos de\u0301truites par l\u2019aviation ; plusieurs blesse\u0301s en fuite ainsi qu\u2019un passeport et une carte d\u2019identite\u0301 e\u0301trange\u0300re saisis. Du co\u0302te\u0301 des forces arme\u0301es centrafricaines (FACA), il a e\u0301te\u0301 enregistre\u0301 un cas de blessure et la perte de cinq e\u0301le\u0301ments tombe\u0301s sur le champ d\u2019honneur \u00bb, poursuivent les militaires centrafricains.<\/p>\n<p>\u00ab Quant a\u0300 la Coalition des patriotes pour le changement, en ge\u0301ne\u0301ral, l\u2019e\u0301tat-major des arme\u0301es leur demande de de\u0301poser les armes sans de\u0301lai \u00bb, a de\u0301clare\u0301 le commandant Franck Gonide\u0301, porte-parole de l&rsquo;e\u0301tat major.<\/p>\n<p><strong>Pour plus d&rsquo;informations et d&rsquo;analyses sur la <a href=\"https:\/\/www.africa-press.net\/centrafricaine\">CentrAfricaine<\/a>, suivez <a href=\"https:\/\/www.africa-press.net\/\">Africa-Press<\/a><\/strong><\/p>\n","protected":false},"excerpt":{"rendered":"<p>Africa-Press &#8211; CentrAfricaine. En Centrafrique, l\u2019e\u0301tat-major des arme\u0301es annonce la reprise de la ville de Sikike\u0301de\u0301 dans la pre\u0301fecture de Vakaga des mains des rebelles de la Coalition des patriotes pour le changement (CPC). Jeudi 7 mars, Sikike\u0301de\u0301, localite\u0301 situe\u0301e a\u0300 l&rsquo;extre\u0302me nord-est du pays, e\u0301tait passe\u0301e sous contro\u0302le des rebelles de la CPC qui [&hellip;]<\/p>\n","protected":false},"author":82,"featured_media":53838,"comment_status":"open","ping_status":"closed","sticky":false,"template":"","format":"standard","meta":{"footnotes":""},"categories":[2,20,10],"tags":[36,58,30],"class_list":["post-53839","post","type-post","status-publish","format-standard","has-post-thumbnail","hentry","category-politique","category-top-nouvelles","category-toutes-les-actualites","tag-africa-press","tag-africa-press-centrafricaine","tag-centrafricaine"],"yoast_head":"<!-- This site is optimized with the Yoast SEO Premium plugin v26.1 (Yoast SEO v27.0) - https:\/\/yoast.com\/product\/yoast-seo-premium-wordpress\/ -->\n<title>bilan des combats apr\u00e8s la reprise de la ville de Sikik\u00e9d\u00e9 - centrafricaine<\/title>\n<meta name=\"description\" content=\"En Centrafrique, l\u2019e\u0301tat-major des arme\u0301es annonce la reprise de la ville de Sikike\u0301de\u0301 dans la pre\u0301fecture de Vakaga de ...\" \/>\n<meta name=\"robots\" content=\"index, follow, max-snippet:-1, max-image-preview:large, max-video-preview:-1\" \/>\n<link rel=\"canonical\" href=\"https:\/\/www.africa-press.net\/centrafricaine\/politique\/bilan-des-combats-apres-la-reprise-de-la-ville-de-sikikede\" \/>\n<meta property=\"og:locale\" content=\"fr_FR\" \/>\n<meta property=\"og:type\" content=\"article\" \/>\n<meta property=\"og:title\" content=\"bilan des combats apr\u00e8s la reprise de la ville de Sikik\u00e9d\u00e9\" \/>\n<meta property=\"og:description\" content=\"En Centrafrique, l\u2019e\u0301tat-major des arme\u0301es annonce la reprise de la ville de Sikike\u0301de\u0301 dans la pre\u0301fecture de Vakaga de ...\" \/>\n<meta property=\"og:url\" content=\"https:\/\/www.africa-press.net\/centrafricaine\/politique\/bilan-des-combats-apres-la-reprise-de-la-ville-de-sikikede\" \/>\n<meta property=\"og:site_name\" content=\"centrafricaine\" \/>\n<meta property=\"article:published_time\" content=\"2024-03-11T17:13:38+00:00\" \/>\n<meta property=\"article:modified_time\" content=\"2024-03-11T17:47:08+00:00\" \/>\n<meta property=\"og:image\" content=\"https:\/\/static.africa-press.net\/centrafricaine\/sites\/45\/2024\/03\/sm_1710165838.245121.jpg\" \/>\n\t<meta property=\"og:image:width\" content=\"980\" \/>\n\t<meta property=\"og:image:height\" content=\"551\" \/>\n\t<meta property=\"og:image:type\" content=\"image\/jpeg\" \/>\n<meta name=\"author\" content=\"cfeditorfr\" \/>\n<meta name=\"twitter:card\" content=\"summary_large_image\" \/>\n<meta name=\"twitter:label1\" content=\"\u00c9crit par\" \/>\n\t<meta name=\"twitter:data1\" content=\"cfeditorfr\" \/>\n\t<meta name=\"twitter:label2\" content=\"Dur\u00e9e de lecture estim\u00e9e\" \/>\n\t<meta name=\"twitter:data2\" content=\"2 minutes\" \/>\n<script type=\"application\/ld+json\" class=\"yoast-schema-graph\">{\"@context\":\"https:\/\/schema.org\",\"@graph\":[{\"@type\":\"Article\",\"@id\":\"https:\/\/www.africa-press.net\/centrafricaine\/politique\/bilan-des-combats-apres-la-reprise-de-la-ville-de-sikikede#article\",\"isPartOf\":{\"@id\":\"https:\/\/www.africa-press.net\/centrafricaine\/politique\/bilan-des-combats-apres-la-reprise-de-la-ville-de-sikikede\"},\"author\":{\"name\":\"cfeditorfr\",\"@id\":\"https:\/\/www.africa-press.net\/centrafricaine\/#\/schema\/person\/2b1cf3cd81a31e3cd26889ca66d677f1\"},\"headline\":\"bilan des combats apr\u00e8s la reprise de la ville de Sikik\u00e9d\u00e9\",\"datePublished\":\"2024-03-11T17:13:38+00:00\",\"dateModified\":\"2024-03-11T17:47:08+00:00\",\"mainEntityOfPage\":{\"@id\":\"https:\/\/www.africa-press.net\/centrafricaine\/politique\/bilan-des-combats-apres-la-reprise-de-la-ville-de-sikikede\"},\"wordCount\":331,\"commentCount\":0,\"image\":{\"@id\":\"https:\/\/www.africa-press.net\/centrafricaine\/politique\/bilan-des-combats-apres-la-reprise-de-la-ville-de-sikikede#primaryimage\"},\"thumbnailUrl\":\"https:\/\/static.africa-press.net\/centrafricaine\/sites\/45\/2024\/03\/sm_1710165838.245121.jpg\",\"keywords\":[\"Africa Press\",\"Africa Press-CentrAfricaine\",\"CentrAfricaine\"],\"articleSection\":[\"Politique\",\"Top Nouvelles\",\"Toutes les actualit\u00e9s\"],\"inLanguage\":\"fr-FR\",\"potentialAction\":[{\"@type\":\"CommentAction\",\"name\":\"Comment\",\"target\":[\"https:\/\/www.africa-press.net\/centrafricaine\/politique\/bilan-des-combats-apres-la-reprise-de-la-ville-de-sikikede#respond\"]}]},{\"@type\":\"WebPage\",\"@id\":\"https:\/\/www.africa-press.net\/centrafricaine\/politique\/bilan-des-combats-apres-la-reprise-de-la-ville-de-sikikede\",\"url\":\"https:\/\/www.africa-press.net\/centrafricaine\/politique\/bilan-des-combats-apres-la-reprise-de-la-ville-de-sikikede\",\"name\":\"bilan des combats apr\u00e8s la reprise de la ville de Sikik\u00e9d\u00e9 - centrafricaine\",\"isPartOf\":{\"@id\":\"https:\/\/www.africa-press.net\/centrafricaine\/#website\"},\"primaryImageOfPage\":{\"@id\":\"https:\/\/www.africa-press.net\/centrafricaine\/politique\/bilan-des-combats-apres-la-reprise-de-la-ville-de-sikikede#primaryimage\"},\"image\":{\"@id\":\"https:\/\/www.africa-press.net\/centrafricaine\/politique\/bilan-des-combats-apres-la-reprise-de-la-ville-de-sikikede#primaryimage\"},\"thumbnailUrl\":\"https:\/\/static.africa-press.net\/centrafricaine\/sites\/45\/2024\/03\/sm_1710165838.245121.jpg\",\"datePublished\":\"2024-03-11T17:13:38+00:00\",\"dateModified\":\"2024-03-11T17:47:08+00:00\",\"author\":{\"@id\":\"https:\/\/www.africa-press.net\/centrafricaine\/#\/schema\/person\/2b1cf3cd81a31e3cd26889ca66d677f1\"},\"description\":\"En Centrafrique, l\u2019e\u0301tat-major des arme\u0301es annonce la reprise de la ville de Sikike\u0301de\u0301 dans la pre\u0301fecture de Vakaga de ...\",\"breadcrumb\":{\"@id\":\"https:\/\/www.africa-press.net\/centrafricaine\/politique\/bilan-des-combats-apres-la-reprise-de-la-ville-de-sikikede#breadcrumb\"},\"inLanguage\":\"fr-FR\",\"potentialAction\":[{\"@type\":\"ReadAction\",\"target\":[\"https:\/\/www.africa-press.net\/centrafricaine\/politique\/bilan-des-combats-apres-la-reprise-de-la-ville-de-sikikede\"]}]},{\"@type\":\"ImageObject\",\"inLanguage\":\"fr-FR\",\"@id\":\"https:\/\/www.africa-press.net\/centrafricaine\/politique\/bilan-des-combats-apres-la-reprise-de-la-ville-de-sikikede#primaryimage\",\"url\":\"https:\/\/static.africa-press.net\/centrafricaine\/sites\/45\/2024\/03\/sm_1710165838.245121.jpg\",\"contentUrl\":\"https:\/\/static.africa-press.net\/centrafricaine\/sites\/45\/2024\/03\/sm_1710165838.245121.jpg\",\"width\":980,\"height\":551,\"caption\":\"bilan des combats apr\u00e8s la reprise de la ville de Sikik\u00e9d\u00e9\"},{\"@type\":\"BreadcrumbList\",\"@id\":\"https:\/\/www.africa-press.net\/centrafricaine\/politique\/bilan-des-combats-apres-la-reprise-de-la-ville-de-sikikede#breadcrumb\",\"itemListElement\":[{\"@type\":\"ListItem\",\"position\":1,\"name\":\"Accueil\",\"item\":\"https:\/\/www.africa-press.net\/centrafricaine\/\"},{\"@type\":\"ListItem\",\"position\":2,\"name\":\"bilan des combats apr\u00e8s la reprise de la ville de Sikik\u00e9d\u00e9\"}]},{\"@type\":\"WebSite\",\"@id\":\"https:\/\/www.africa-press.net\/centrafricaine\/#website\",\"url\":\"https:\/\/www.africa-press.net\/centrafricaine\/\",\"name\":\"centrafricaine\",\"description\":\"Just another Africa News Agency Sites site\",\"potentialAction\":[{\"@type\":\"SearchAction\",\"target\":{\"@type\":\"EntryPoint\",\"urlTemplate\":\"https:\/\/www.africa-press.net\/centrafricaine\/?s={search_term_string}\"},\"query-input\":{\"@type\":\"PropertyValueSpecification\",\"valueRequired\":true,\"valueName\":\"search_term_string\"}}],\"inLanguage\":\"fr-FR\"},{\"@type\":\"Person\",\"@id\":\"https:\/\/www.africa-press.net\/centrafricaine\/#\/schema\/person\/2b1cf3cd81a31e3cd26889ca66d677f1\",\"name\":\"cfeditorfr\"}]}<\/script>\n<!-- \/ Yoast SEO Premium plugin. -->","yoast_head_json":{"title":"bilan des combats apr\u00e8s la reprise de la ville de Sikik\u00e9d\u00e9 - centrafricaine","description":"En Centrafrique, l\u2019e\u0301tat-major des arme\u0301es annonce la reprise de la ville de Sikike\u0301de\u0301 dans la pre\u0301fecture de Vakaga de ...","robots":{"index":"index","follow":"follow","max-snippet":"max-snippet:-1","max-image-preview":"max-image-preview:large","max-video-preview":"max-video-preview:-1"},"canonical":"https:\/\/www.africa-press.net\/centrafricaine\/politique\/bilan-des-combats-apres-la-reprise-de-la-ville-de-sikikede","og_locale":"fr_FR","og_type":"article","og_title":"bilan des combats apr\u00e8s la reprise de la ville de Sikik\u00e9d\u00e9","og_description":"En Centrafrique, l\u2019e\u0301tat-major des arme\u0301es annonce la reprise de la ville de Sikike\u0301de\u0301 dans la pre\u0301fecture de Vakaga de ...","og_url":"https:\/\/www.africa-press.net\/centrafricaine\/politique\/bilan-des-combats-apres-la-reprise-de-la-ville-de-sikikede","og_site_name":"centrafricaine","article_published_time":"2024-03-11T17:13:38+00:00","article_modified_time":"2024-03-11T17:47:08+00:00","og_image":[{"width":980,"height":551,"url":"https:\/\/static.africa-press.net\/centrafricaine\/sites\/45\/2024\/03\/sm_1710165838.245121.jpg","type":"image\/jpeg"}],"author":"cfeditorfr","twitter_card":"summary_large_image","twitter_misc":{"\u00c9crit par":"cfeditorfr","Dur\u00e9e de lecture estim\u00e9e":"2 minutes"},"schema":{"@context":"https:\/\/schema.org","@graph":[{"@type":"Article","@id":"https:\/\/www.africa-press.net\/centrafricaine\/politique\/bilan-des-combats-apres-la-reprise-de-la-ville-de-sikikede#article","isPartOf":{"@id":"https:\/\/www.africa-press.net\/centrafricaine\/politique\/bilan-des-combats-apres-la-reprise-de-la-ville-de-sikikede"},"author":{"name":"cfeditorfr","@id":"https:\/\/www.africa-press.net\/centrafricaine\/#\/schema\/person\/2b1cf3cd81a31e3cd26889ca66d677f1"},"headline":"bilan des combats apr\u00e8s la reprise de la ville de Sikik\u00e9d\u00e9","datePublished":"2024-03-11T17:13:38+00:00","dateModified":"2024-03-11T17:47:08+00:00","mainEntityOfPage":{"@id":"https:\/\/www.africa-press.net\/centrafricaine\/politique\/bilan-des-combats-apres-la-reprise-de-la-ville-de-sikikede"},"wordCount":331,"commentCount":0,"image":{"@id":"https:\/\/www.africa-press.net\/centrafricaine\/politique\/bilan-des-combats-apres-la-reprise-de-la-ville-de-sikikede#primaryimage"},"thumbnailUrl":"https:\/\/static.africa-press.net\/centrafricaine\/sites\/45\/2024\/03\/sm_1710165838.245121.jpg","keywords":["Africa Press","Africa Press-CentrAfricaine","CentrAfricaine"],"articleSection":["Politique","Top Nouvelles","Toutes les actualit\u00e9s"],"inLanguage":"fr-FR","potentialAction":[{"@type":"CommentAction","name":"Comment","target":["https:\/\/www.africa-press.net\/centrafricaine\/politique\/bilan-des-combats-apres-la-reprise-de-la-ville-de-sikikede#respond"]}]},{"@type":"WebPage","@id":"https:\/\/www.africa-press.net\/centrafricaine\/politique\/bilan-des-combats-apres-la-reprise-de-la-ville-de-sikikede","url":"https:\/\/www.africa-press.net\/centrafricaine\/politique\/bilan-des-combats-apres-la-reprise-de-la-ville-de-sikikede","name":"bilan des combats apr\u00e8s la reprise de la ville de Sikik\u00e9d\u00e9 - centrafricaine","isPartOf":{"@id":"https:\/\/www.africa-press.net\/centrafricaine\/#website"},"primaryImageOfPage":{"@id":"https:\/\/www.africa-press.net\/centrafricaine\/politique\/bilan-des-combats-apres-la-reprise-de-la-ville-de-sikikede#primaryimage"},"image":{"@id":"https:\/\/www.africa-press.net\/centrafricaine\/politique\/bilan-des-combats-apres-la-reprise-de-la-ville-de-sikikede#primaryimage"},"thumbnailUrl":"https:\/\/static.africa-press.net\/centrafricaine\/sites\/45\/2024\/03\/sm_1710165838.245121.jpg","datePublished":"2024-03-11T17:13:38+00:00","dateModified":"2024-03-11T17:47:08+00:00","author":{"@id":"https:\/\/www.africa-press.net\/centrafricaine\/#\/schema\/person\/2b1cf3cd81a31e3cd26889ca66d677f1"},"description":"En Centrafrique, l\u2019e\u0301tat-major des arme\u0301es annonce la reprise de la ville de Sikike\u0301de\u0301 dans la pre\u0301fecture de Vakaga de ...","breadcrumb":{"@id":"https:\/\/www.africa-press.net\/centrafricaine\/politique\/bilan-des-combats-apres-la-reprise-de-la-ville-de-sikikede#breadcrumb"},"inLanguage":"fr-FR","potentialAction":[{"@type":"ReadAction","target":["https:\/\/www.africa-press.net\/centrafricaine\/politique\/bilan-des-combats-apres-la-reprise-de-la-ville-de-sikikede"]}]},{"@type":"ImageObject","inLanguage":"fr-FR","@id":"https:\/\/www.africa-press.net\/centrafricaine\/politique\/bilan-des-combats-apres-la-reprise-de-la-ville-de-sikikede#primaryimage","url":"https:\/\/static.africa-press.net\/centrafricaine\/sites\/45\/2024\/03\/sm_1710165838.245121.jpg","contentUrl":"https:\/\/static.africa-press.net\/centrafricaine\/sites\/45\/2024\/03\/sm_1710165838.245121.jpg","width":980,"height":551,"caption":"bilan des combats apr\u00e8s la reprise de la ville de Sikik\u00e9d\u00e9"},{"@type":"BreadcrumbList","@id":"https:\/\/www.africa-press.net\/centrafricaine\/politique\/bilan-des-combats-apres-la-reprise-de-la-ville-de-sikikede#breadcrumb","itemListElement":[{"@type":"ListItem","position":1,"name":"Accueil","item":"https:\/\/www.africa-press.net\/centrafricaine\/"},{"@type":"ListItem","position":2,"name":"bilan des combats apr\u00e8s la reprise de la ville de Sikik\u00e9d\u00e9"}]},{"@type":"WebSite","@id":"https:\/\/www.africa-press.net\/centrafricaine\/#website","url":"https:\/\/www.africa-press.net\/centrafricaine\/","name":"centrafricaine","description":"Just another Africa News Agency Sites site","potentialAction":[{"@type":"SearchAction","target":{"@type":"EntryPoint","urlTemplate":"https:\/\/www.africa-press.net\/centrafricaine\/?s={search_term_string}"},"query-input":{"@type":"PropertyValueSpecification","valueRequired":true,"valueName":"search_term_string"}}],"inLanguage":"fr-FR"},{"@type":"Person","@id":"https:\/\/www.africa-press.net\/centrafricaine\/#\/schema\/person\/2b1cf3cd81a31e3cd26889ca66d677f1","name":"cfeditorfr"}]}},"_links":{"self":[{"href":"https:\/\/www.africa-press.net\/centrafricaine\/wp-json\/wp\/v2\/posts\/53839","targetHints":{"allow":["GET"]}}],"collection":[{"href":"https:\/\/www.africa-press.net\/centrafricaine\/wp-json\/wp\/v2\/posts"}],"about":[{"href":"https:\/\/www.africa-press.net\/centrafricaine\/wp-json\/wp\/v2\/types\/post"}],"author":[{"embeddable":true,"href":"https:\/\/www.africa-press.net\/centrafricaine\/wp-json\/wp\/v2\/users\/82"}],"replies":[{"embeddable":true,"href":"https:\/\/www.africa-press.net\/centrafricaine\/wp-json\/wp\/v2\/comments?post=53839"}],"version-history":[{"count":0,"href":"https:\/\/www.africa-press.net\/centrafricaine\/wp-json\/wp\/v2\/posts\/53839\/revisions"}],"wp:featuredmedia":[{"embeddable":true,"href":"https:\/\/www.africa-press.net\/centrafricaine\/wp-json\/wp\/v2\/media\/53838"}],"wp:attachment":[{"href":"https:\/\/www.africa-press.net\/centrafricaine\/wp-json\/wp\/v2\/media?parent=53839"}],"wp:term":[{"taxonomy":"category","embeddable":true,"href":"https:\/\/www.africa-press.net\/centrafricaine\/wp-json\/wp\/v2\/categories?post=53839"},{"taxonomy":"post_tag","embeddable":true,"href":"https:\/\/www.africa-press.net\/centrafricaine\/wp-json\/wp\/v2\/tags?post=53839"}],"curies":[{"name":"wp","href":"https:\/\/api.w.org\/{rel}","templated":true}]}}