{"id":53843,"date":"2024-03-11T17:14:26","date_gmt":"2024-03-11T17:14:26","guid":{"rendered":"https:\/\/www.africa-press.net\/centrafricaine\/politique\/le-gouvernement-veut-une-mutualisation-des-efforts-avec-la-minusca"},"modified":"2024-03-11T17:54:06","modified_gmt":"2024-03-11T17:54:06","slug":"le-gouvernement-veut-une-mutualisation-des-efforts-avec-la-minusca","status":"publish","type":"post","link":"https:\/\/www.africa-press.net\/centrafricaine\/politique\/le-gouvernement-veut-une-mutualisation-des-efforts-avec-la-minusca","title":{"rendered":"le gouvernement veut une mutualisation des efforts avec la Minusca"},"content":{"rendered":"<p><span style=\"color: #ff6600\"><strong>Africa-Press &#8211; CentrAfricaine. <\/strong><\/span>Le gouvernement centrafricain sollicite une mutualisation des efforts avec la Minusca pour re\u0301ussir ses actions. Demande formule\u0301e par son porte-parole, Maxime Balalou, au cours d\u2019une confe\u0301rence de presse conjointe anime\u0301e, mercredi 06 mars. De son co\u0302te\u0301, la repre\u0301sentante du Secre\u0301taire ge\u0301ne\u0301ral des Nations-Unies, Valentine Rugwabiza, a mis l\u2019accent sur les de\u0301fis de la paix et de la se\u0301curite\u0301 en Centrafrique.<\/p>\n<p>Les points essentiels au centre de la rencontre avec la presse sont entre autres, la se\u0301curite\u0301, les e\u0301lections locales, le retour de la paix et la lutte contre la de\u0301sinformation.<\/p>\n<p>Me\u0302me si pour le gouvernement, les e\u0301lections locales restent une priorite\u0301, son porte-parole, Maxime Balalou, estime qu\u2019il faut e\u0301galement lutter efficacement contre la de\u0301sinformation, obstacle a\u0300 la tenue des scrutins. Selon le membre du gouvernement, pour y parvenir, la mutualisation des efforts s\u2019ave\u0300re importante.<\/p>\n<p>\u00ab Nous fe\u0301licitons la Minusca qui travaille avec le gouvernement afin de re\u0301duire la de\u0301sinformation, les messages d\u2019incitation a\u0300 la haine. Nos populations meurtries sont des proies faciles a\u0300 e\u0302tre manipule\u0301es. Pour des e\u0301lections pacifiques, cette collaboration doit e\u0302tre renforce\u0301e \u00bb, a rappele\u0301 le membre du gouvernement.<\/p>\n<p><b>\u00ab Contrer cette menace et prote\u0301ger les civils \u00bb<\/b><\/p>\n<p>Pour sa part, la Minusca, en plus du travail qui se fait dans le cadre de la lutte contre la de\u0301sinformation, insiste sur la situation se\u0301curitaire.<\/p>\n<p>En Fe\u0301vrier dernier, Valentine Rugwabiza, la cheffe de la Minusca, a pre\u0301sente\u0301 la situation en Re\u0301publique centrafricaine devant le Conseil de se\u0301curite\u0301 de l\u2019ONU. Elle avait de\u0301plore\u0301 l\u2019usage des engins explosifs dans l\u2019Ouest du pays.<\/p>\n<p>\u00ab J\u2019ai fait un plaidoyer afin d\u2019attirer le regard des membres du Conseil de se\u0301curite\u0301 de l\u2019ONU concernant l\u2019usage des engins explosifs dans le pays. En Re\u0301publique centrafricaine, cette menace reste se\u0301rieuse et tre\u0300s localise\u0301e dans la re\u0301gion de l\u2019Ouest du pays ou\u0300 re\u0301side 50% de la population centrafricaine. Depuis juin 2020, nous avons enregistre\u0301 192 incidents, causant 75 de\u0301ce\u0300s et blessant 162 autres. La coope\u0301ration est essentielle pour contrer cette menace et prote\u0301ger les civils \u00bb, a-t-elle indique\u0301.<\/p>\n<p>Ainsi, devant le danger que repre\u0301sentent les mines, la Minusca et le gouvernement s\u2019engagent a\u0300 former les forces de de\u0301fense et de se\u0301curite\u0301 de la Re\u0301publique centrafricaine sur le de\u0301minage.<\/p>\n<p><strong>Pour plus d&rsquo;informations et d&rsquo;analyses sur la <a href=\"https:\/\/www.africa-press.net\/centrafricaine\">CentrAfricaine<\/a>, suivez <a href=\"https:\/\/www.africa-press.net\/\">Africa-Press<\/a><\/strong><\/p>\n","protected":false},"excerpt":{"rendered":"<p>Africa-Press &#8211; CentrAfricaine. Le gouvernement centrafricain sollicite une mutualisation des efforts avec la Minusca pour re\u0301ussir ses actions. Demande formule\u0301e par son porte-parole, Maxime Balalou, au cours d\u2019une confe\u0301rence de presse conjointe anime\u0301e, mercredi 06 mars. De son co\u0302te\u0301, la repre\u0301sentante du Secre\u0301taire ge\u0301ne\u0301ral des Nations-Unies, Valentine Rugwabiza, a mis l\u2019accent sur les de\u0301fis de [&hellip;]<\/p>\n","protected":false},"author":82,"featured_media":53842,"comment_status":"open","ping_status":"closed","sticky":false,"template":"","format":"standard","meta":{"footnotes":""},"categories":[2,10],"tags":[36,58,30],"class_list":["post-53843","post","type-post","status-publish","format-standard","has-post-thumbnail","hentry","category-politique","category-toutes-les-actualites","tag-africa-press","tag-africa-press-centrafricaine","tag-centrafricaine"],"yoast_head":"<!-- This site is optimized with the Yoast SEO Premium plugin v26.1 (Yoast SEO v27.0) - https:\/\/yoast.com\/product\/yoast-seo-premium-wordpress\/ -->\n<title>le gouvernement veut une mutualisation des efforts avec la Minusca - centrafricaine<\/title>\n<meta name=\"description\" content=\"Le gouvernement centrafricain sollicite une mutualisation des efforts avec la Minusca pour re\u0301ussir ses actions. Demande ...\" \/>\n<meta name=\"robots\" content=\"index, follow, max-snippet:-1, max-image-preview:large, max-video-preview:-1\" \/>\n<link rel=\"canonical\" href=\"https:\/\/www.africa-press.net\/centrafricaine\/politique\/le-gouvernement-veut-une-mutualisation-des-efforts-avec-la-minusca\" \/>\n<meta property=\"og:locale\" content=\"fr_FR\" \/>\n<meta property=\"og:type\" content=\"article\" \/>\n<meta property=\"og:title\" content=\"le gouvernement veut une mutualisation des efforts avec la Minusca\" \/>\n<meta property=\"og:description\" content=\"Le gouvernement centrafricain sollicite une mutualisation des efforts avec la Minusca pour re\u0301ussir ses actions. Demande ...\" \/>\n<meta property=\"og:url\" content=\"https:\/\/www.africa-press.net\/centrafricaine\/politique\/le-gouvernement-veut-une-mutualisation-des-efforts-avec-la-minusca\" \/>\n<meta property=\"og:site_name\" content=\"centrafricaine\" \/>\n<meta property=\"article:published_time\" content=\"2024-03-11T17:14:26+00:00\" \/>\n<meta property=\"article:modified_time\" content=\"2024-03-11T17:54:06+00:00\" \/>\n<meta property=\"og:image\" content=\"https:\/\/static.africa-press.net\/centrafricaine\/sites\/45\/2024\/03\/sm_1710166709.517542.jpg\" \/>\n\t<meta property=\"og:image:width\" content=\"720\" \/>\n\t<meta property=\"og:image:height\" content=\"481\" \/>\n\t<meta property=\"og:image:type\" content=\"image\/jpeg\" \/>\n<meta name=\"author\" content=\"cfeditorfr\" \/>\n<meta name=\"twitter:card\" content=\"summary_large_image\" \/>\n<meta name=\"twitter:label1\" content=\"\u00c9crit par\" \/>\n\t<meta name=\"twitter:data1\" content=\"cfeditorfr\" \/>\n\t<meta name=\"twitter:label2\" content=\"Dur\u00e9e de lecture estim\u00e9e\" \/>\n\t<meta name=\"twitter:data2\" content=\"3 minutes\" \/>\n<script type=\"application\/ld+json\" class=\"yoast-schema-graph\">{\"@context\":\"https:\/\/schema.org\",\"@graph\":[{\"@type\":\"Article\",\"@id\":\"https:\/\/www.africa-press.net\/centrafricaine\/politique\/le-gouvernement-veut-une-mutualisation-des-efforts-avec-la-minusca#article\",\"isPartOf\":{\"@id\":\"https:\/\/www.africa-press.net\/centrafricaine\/politique\/le-gouvernement-veut-une-mutualisation-des-efforts-avec-la-minusca\"},\"author\":{\"name\":\"cfeditorfr\",\"@id\":\"https:\/\/www.africa-press.net\/centrafricaine\/#\/schema\/person\/2b1cf3cd81a31e3cd26889ca66d677f1\"},\"headline\":\"le gouvernement veut une mutualisation des efforts avec la Minusca\",\"datePublished\":\"2024-03-11T17:14:26+00:00\",\"dateModified\":\"2024-03-11T17:54:06+00:00\",\"mainEntityOfPage\":{\"@id\":\"https:\/\/www.africa-press.net\/centrafricaine\/politique\/le-gouvernement-veut-une-mutualisation-des-efforts-avec-la-minusca\"},\"wordCount\":438,\"commentCount\":0,\"image\":{\"@id\":\"https:\/\/www.africa-press.net\/centrafricaine\/politique\/le-gouvernement-veut-une-mutualisation-des-efforts-avec-la-minusca#primaryimage\"},\"thumbnailUrl\":\"https:\/\/static.africa-press.net\/centrafricaine\/sites\/45\/2024\/03\/sm_1710166709.517542.jpg\",\"keywords\":[\"Africa Press\",\"Africa Press-CentrAfricaine\",\"CentrAfricaine\"],\"articleSection\":[\"Politique\",\"Toutes les actualit\u00e9s\"],\"inLanguage\":\"fr-FR\",\"potentialAction\":[{\"@type\":\"CommentAction\",\"name\":\"Comment\",\"target\":[\"https:\/\/www.africa-press.net\/centrafricaine\/politique\/le-gouvernement-veut-une-mutualisation-des-efforts-avec-la-minusca#respond\"]}]},{\"@type\":\"WebPage\",\"@id\":\"https:\/\/www.africa-press.net\/centrafricaine\/politique\/le-gouvernement-veut-une-mutualisation-des-efforts-avec-la-minusca\",\"url\":\"https:\/\/www.africa-press.net\/centrafricaine\/politique\/le-gouvernement-veut-une-mutualisation-des-efforts-avec-la-minusca\",\"name\":\"le gouvernement veut une mutualisation des efforts avec la Minusca - centrafricaine\",\"isPartOf\":{\"@id\":\"https:\/\/www.africa-press.net\/centrafricaine\/#website\"},\"primaryImageOfPage\":{\"@id\":\"https:\/\/www.africa-press.net\/centrafricaine\/politique\/le-gouvernement-veut-une-mutualisation-des-efforts-avec-la-minusca#primaryimage\"},\"image\":{\"@id\":\"https:\/\/www.africa-press.net\/centrafricaine\/politique\/le-gouvernement-veut-une-mutualisation-des-efforts-avec-la-minusca#primaryimage\"},\"thumbnailUrl\":\"https:\/\/static.africa-press.net\/centrafricaine\/sites\/45\/2024\/03\/sm_1710166709.517542.jpg\",\"datePublished\":\"2024-03-11T17:14:26+00:00\",\"dateModified\":\"2024-03-11T17:54:06+00:00\",\"author\":{\"@id\":\"https:\/\/www.africa-press.net\/centrafricaine\/#\/schema\/person\/2b1cf3cd81a31e3cd26889ca66d677f1\"},\"description\":\"Le gouvernement centrafricain sollicite une mutualisation des efforts avec la Minusca pour re\u0301ussir ses actions. Demande ...\",\"breadcrumb\":{\"@id\":\"https:\/\/www.africa-press.net\/centrafricaine\/politique\/le-gouvernement-veut-une-mutualisation-des-efforts-avec-la-minusca#breadcrumb\"},\"inLanguage\":\"fr-FR\",\"potentialAction\":[{\"@type\":\"ReadAction\",\"target\":[\"https:\/\/www.africa-press.net\/centrafricaine\/politique\/le-gouvernement-veut-une-mutualisation-des-efforts-avec-la-minusca\"]}]},{\"@type\":\"ImageObject\",\"inLanguage\":\"fr-FR\",\"@id\":\"https:\/\/www.africa-press.net\/centrafricaine\/politique\/le-gouvernement-veut-une-mutualisation-des-efforts-avec-la-minusca#primaryimage\",\"url\":\"https:\/\/static.africa-press.net\/centrafricaine\/sites\/45\/2024\/03\/sm_1710166709.517542.jpg\",\"contentUrl\":\"https:\/\/static.africa-press.net\/centrafricaine\/sites\/45\/2024\/03\/sm_1710166709.517542.jpg\",\"width\":720,\"height\":481,\"caption\":\"le gouvernement veut une mutualisation des efforts avec la Minusca\"},{\"@type\":\"BreadcrumbList\",\"@id\":\"https:\/\/www.africa-press.net\/centrafricaine\/politique\/le-gouvernement-veut-une-mutualisation-des-efforts-avec-la-minusca#breadcrumb\",\"itemListElement\":[{\"@type\":\"ListItem\",\"position\":1,\"name\":\"Accueil\",\"item\":\"https:\/\/www.africa-press.net\/centrafricaine\/\"},{\"@type\":\"ListItem\",\"position\":2,\"name\":\"le gouvernement veut une mutualisation des efforts avec la Minusca\"}]},{\"@type\":\"WebSite\",\"@id\":\"https:\/\/www.africa-press.net\/centrafricaine\/#website\",\"url\":\"https:\/\/www.africa-press.net\/centrafricaine\/\",\"name\":\"centrafricaine\",\"description\":\"Just another Africa News Agency Sites site\",\"potentialAction\":[{\"@type\":\"SearchAction\",\"target\":{\"@type\":\"EntryPoint\",\"urlTemplate\":\"https:\/\/www.africa-press.net\/centrafricaine\/?s={search_term_string}\"},\"query-input\":{\"@type\":\"PropertyValueSpecification\",\"valueRequired\":true,\"valueName\":\"search_term_string\"}}],\"inLanguage\":\"fr-FR\"},{\"@type\":\"Person\",\"@id\":\"https:\/\/www.africa-press.net\/centrafricaine\/#\/schema\/person\/2b1cf3cd81a31e3cd26889ca66d677f1\",\"name\":\"cfeditorfr\"}]}<\/script>\n<!-- \/ Yoast SEO Premium plugin. -->","yoast_head_json":{"title":"le gouvernement veut une mutualisation des efforts avec la Minusca - centrafricaine","description":"Le gouvernement centrafricain sollicite une mutualisation des efforts avec la Minusca pour re\u0301ussir ses actions. Demande ...","robots":{"index":"index","follow":"follow","max-snippet":"max-snippet:-1","max-image-preview":"max-image-preview:large","max-video-preview":"max-video-preview:-1"},"canonical":"https:\/\/www.africa-press.net\/centrafricaine\/politique\/le-gouvernement-veut-une-mutualisation-des-efforts-avec-la-minusca","og_locale":"fr_FR","og_type":"article","og_title":"le gouvernement veut une mutualisation des efforts avec la Minusca","og_description":"Le gouvernement centrafricain sollicite une mutualisation des efforts avec la Minusca pour re\u0301ussir ses actions. Demande ...","og_url":"https:\/\/www.africa-press.net\/centrafricaine\/politique\/le-gouvernement-veut-une-mutualisation-des-efforts-avec-la-minusca","og_site_name":"centrafricaine","article_published_time":"2024-03-11T17:14:26+00:00","article_modified_time":"2024-03-11T17:54:06+00:00","og_image":[{"width":720,"height":481,"url":"https:\/\/static.africa-press.net\/centrafricaine\/sites\/45\/2024\/03\/sm_1710166709.517542.jpg","type":"image\/jpeg"}],"author":"cfeditorfr","twitter_card":"summary_large_image","twitter_misc":{"\u00c9crit par":"cfeditorfr","Dur\u00e9e de lecture estim\u00e9e":"3 minutes"},"schema":{"@context":"https:\/\/schema.org","@graph":[{"@type":"Article","@id":"https:\/\/www.africa-press.net\/centrafricaine\/politique\/le-gouvernement-veut-une-mutualisation-des-efforts-avec-la-minusca#article","isPartOf":{"@id":"https:\/\/www.africa-press.net\/centrafricaine\/politique\/le-gouvernement-veut-une-mutualisation-des-efforts-avec-la-minusca"},"author":{"name":"cfeditorfr","@id":"https:\/\/www.africa-press.net\/centrafricaine\/#\/schema\/person\/2b1cf3cd81a31e3cd26889ca66d677f1"},"headline":"le gouvernement veut une mutualisation des efforts avec la Minusca","datePublished":"2024-03-11T17:14:26+00:00","dateModified":"2024-03-11T17:54:06+00:00","mainEntityOfPage":{"@id":"https:\/\/www.africa-press.net\/centrafricaine\/politique\/le-gouvernement-veut-une-mutualisation-des-efforts-avec-la-minusca"},"wordCount":438,"commentCount":0,"image":{"@id":"https:\/\/www.africa-press.net\/centrafricaine\/politique\/le-gouvernement-veut-une-mutualisation-des-efforts-avec-la-minusca#primaryimage"},"thumbnailUrl":"https:\/\/static.africa-press.net\/centrafricaine\/sites\/45\/2024\/03\/sm_1710166709.517542.jpg","keywords":["Africa Press","Africa Press-CentrAfricaine","CentrAfricaine"],"articleSection":["Politique","Toutes les actualit\u00e9s"],"inLanguage":"fr-FR","potentialAction":[{"@type":"CommentAction","name":"Comment","target":["https:\/\/www.africa-press.net\/centrafricaine\/politique\/le-gouvernement-veut-une-mutualisation-des-efforts-avec-la-minusca#respond"]}]},{"@type":"WebPage","@id":"https:\/\/www.africa-press.net\/centrafricaine\/politique\/le-gouvernement-veut-une-mutualisation-des-efforts-avec-la-minusca","url":"https:\/\/www.africa-press.net\/centrafricaine\/politique\/le-gouvernement-veut-une-mutualisation-des-efforts-avec-la-minusca","name":"le gouvernement veut une mutualisation des efforts avec la Minusca - centrafricaine","isPartOf":{"@id":"https:\/\/www.africa-press.net\/centrafricaine\/#website"},"primaryImageOfPage":{"@id":"https:\/\/www.africa-press.net\/centrafricaine\/politique\/le-gouvernement-veut-une-mutualisation-des-efforts-avec-la-minusca#primaryimage"},"image":{"@id":"https:\/\/www.africa-press.net\/centrafricaine\/politique\/le-gouvernement-veut-une-mutualisation-des-efforts-avec-la-minusca#primaryimage"},"thumbnailUrl":"https:\/\/static.africa-press.net\/centrafricaine\/sites\/45\/2024\/03\/sm_1710166709.517542.jpg","datePublished":"2024-03-11T17:14:26+00:00","dateModified":"2024-03-11T17:54:06+00:00","author":{"@id":"https:\/\/www.africa-press.net\/centrafricaine\/#\/schema\/person\/2b1cf3cd81a31e3cd26889ca66d677f1"},"description":"Le gouvernement centrafricain sollicite une mutualisation des efforts avec la Minusca pour re\u0301ussir ses actions. Demande ...","breadcrumb":{"@id":"https:\/\/www.africa-press.net\/centrafricaine\/politique\/le-gouvernement-veut-une-mutualisation-des-efforts-avec-la-minusca#breadcrumb"},"inLanguage":"fr-FR","potentialAction":[{"@type":"ReadAction","target":["https:\/\/www.africa-press.net\/centrafricaine\/politique\/le-gouvernement-veut-une-mutualisation-des-efforts-avec-la-minusca"]}]},{"@type":"ImageObject","inLanguage":"fr-FR","@id":"https:\/\/www.africa-press.net\/centrafricaine\/politique\/le-gouvernement-veut-une-mutualisation-des-efforts-avec-la-minusca#primaryimage","url":"https:\/\/static.africa-press.net\/centrafricaine\/sites\/45\/2024\/03\/sm_1710166709.517542.jpg","contentUrl":"https:\/\/static.africa-press.net\/centrafricaine\/sites\/45\/2024\/03\/sm_1710166709.517542.jpg","width":720,"height":481,"caption":"le gouvernement veut une mutualisation des efforts avec la Minusca"},{"@type":"BreadcrumbList","@id":"https:\/\/www.africa-press.net\/centrafricaine\/politique\/le-gouvernement-veut-une-mutualisation-des-efforts-avec-la-minusca#breadcrumb","itemListElement":[{"@type":"ListItem","position":1,"name":"Accueil","item":"https:\/\/www.africa-press.net\/centrafricaine\/"},{"@type":"ListItem","position":2,"name":"le gouvernement veut une mutualisation des efforts avec la Minusca"}]},{"@type":"WebSite","@id":"https:\/\/www.africa-press.net\/centrafricaine\/#website","url":"https:\/\/www.africa-press.net\/centrafricaine\/","name":"centrafricaine","description":"Just another Africa News Agency Sites site","potentialAction":[{"@type":"SearchAction","target":{"@type":"EntryPoint","urlTemplate":"https:\/\/www.africa-press.net\/centrafricaine\/?s={search_term_string}"},"query-input":{"@type":"PropertyValueSpecification","valueRequired":true,"valueName":"search_term_string"}}],"inLanguage":"fr-FR"},{"@type":"Person","@id":"https:\/\/www.africa-press.net\/centrafricaine\/#\/schema\/person\/2b1cf3cd81a31e3cd26889ca66d677f1","name":"cfeditorfr"}]}},"_links":{"self":[{"href":"https:\/\/www.africa-press.net\/centrafricaine\/wp-json\/wp\/v2\/posts\/53843","targetHints":{"allow":["GET"]}}],"collection":[{"href":"https:\/\/www.africa-press.net\/centrafricaine\/wp-json\/wp\/v2\/posts"}],"about":[{"href":"https:\/\/www.africa-press.net\/centrafricaine\/wp-json\/wp\/v2\/types\/post"}],"author":[{"embeddable":true,"href":"https:\/\/www.africa-press.net\/centrafricaine\/wp-json\/wp\/v2\/users\/82"}],"replies":[{"embeddable":true,"href":"https:\/\/www.africa-press.net\/centrafricaine\/wp-json\/wp\/v2\/comments?post=53843"}],"version-history":[{"count":0,"href":"https:\/\/www.africa-press.net\/centrafricaine\/wp-json\/wp\/v2\/posts\/53843\/revisions"}],"wp:featuredmedia":[{"embeddable":true,"href":"https:\/\/www.africa-press.net\/centrafricaine\/wp-json\/wp\/v2\/media\/53842"}],"wp:attachment":[{"href":"https:\/\/www.africa-press.net\/centrafricaine\/wp-json\/wp\/v2\/media?parent=53843"}],"wp:term":[{"taxonomy":"category","embeddable":true,"href":"https:\/\/www.africa-press.net\/centrafricaine\/wp-json\/wp\/v2\/categories?post=53843"},{"taxonomy":"post_tag","embeddable":true,"href":"https:\/\/www.africa-press.net\/centrafricaine\/wp-json\/wp\/v2\/tags?post=53843"}],"curies":[{"name":"wp","href":"https:\/\/api.w.org\/{rel}","templated":true}]}}