{"id":53849,"date":"2024-03-11T18:15:48","date_gmt":"2024-03-11T18:15:48","guid":{"rendered":"https:\/\/www.africa-press.net\/centrafricaine\/politique\/des-avancees-positives-enregistrees-dans-linitiative-de-rehabilitation-de-laxe-berberati-babaza"},"modified":"2024-03-11T19:58:36","modified_gmt":"2024-03-11T19:58:36","slug":"des-avancees-positives-enregistrees-dans-linitiative-de-rehabilitation-de-laxe-berberati-babaza","status":"publish","type":"post","link":"https:\/\/www.africa-press.net\/centrafricaine\/economie\/des-avancees-positives-enregistrees-dans-linitiative-de-rehabilitation-de-laxe-berberati-babaza","title":{"rendered":"des avanc\u00e9es positives enregistr\u00e9es dans l\u2019initiative de r\u00e9habilitation de l\u2019axe Berberati-Babaza"},"content":{"rendered":"<p><span style=\"color: #ff6600\"><strong>Africa-Press &#8211; CentrAfricaine. <\/strong><\/span>Dans le souci d\u2019ame\u0301nager les infrastructures routie\u0300res dans la pre\u0301fecture de Mambere\u0301-Kade\u0301i\u0308, les autorite\u0301s locales, notamment des cadres des douanes, des transporteurs et des ope\u0301rateurs e\u0301conomiques continuent de de\u0301ployer des e\u0301nergies afin de faciliter les activite\u0301s e\u0301conomiques dans la re\u0301gion. C\u2019est dans cette dynamique de collecte de fonds et de dons en nature aupre\u0300s des couches sociales, qu\u2019elles ont enregistre\u0301 des avance\u0301es significatives qui vont conduire au de\u0301marrage des travaux de re\u0301habilitation de l\u2019axe Berberati-Babaza, avec l\u2019appui sollicite\u0301 du ge\u0301nie militaire de la Minusca locale.<\/p>\n<p>En effet, les autorite\u0301s militaires, civiles et e\u0301conomiques de la pre\u0301fecture de de Mambere\u0301-Kade\u0301i\u0308<b> ont initie\u0301 <\/b>un projet de collecte de fonds visant la re\u0301habilitation des infrastructures routie\u0300res de la re\u0301gion. Il s\u2019agit d\u2019une initiative locale permettant aux services de\u0301concentre\u0301s de gouvernement de re\u0301ussir leur mission de renflouer le tre\u0301sor public, face a\u0300 la tension e\u0301conomique auxquelles fait face la Re\u0301publique centrafricaine.<\/p>\n<p>Il se trouve que les activite\u0301s e\u0301conomiques sont tre\u0300s actives dans la re\u0301gion, mais l\u2019impraticabilite\u0301 des routes qui doit faciliter les e\u0301changes commerciaux dans la re\u0301gion fait de\u0301faut.<\/p>\n<p>Apre\u0300s un mois du lancement des activite\u0301s de collecte, sous la supervision du Conseiller E\u0301conomique, Social et Environnemental, <b>Daguerre ANDIBA<\/b>, des avance\u0301es vont permettre le re\u0301ame\u0301nagement des infrastructures routie\u0300res. Dans une note adresse\u0301e au bureau local de la Minusca sollicitant l\u2019appui du ge\u0301nie militaire, le Directeur re\u0301gional de douane fait le point.<\/p>\n<p>\u00ab<b>Suite aux diffe\u0301rentes activite\u0301s de collecte mene\u0301es par les membres du Comite\u0301 sur le terrain aupre\u0300s des diffe\u0301rentes couches sociales, un fonds a e\u0301te\u0301 provisoirement mobilise\u0301 atteignant une somme d\u2019un montant de trois millions trois cent quatre-vingt-un francs CFA (3 381 000 FCFA) ainsi que cinq (05) fu\u0302ts de carburant recueillis dont la valeur sur le marche\u0301 domestique est estime\u0301e a\u0300 un million trois cents soixante-quinze mille francs CFA (1 375 000 FCFA), soit un total de quatre millions trois cents quatre-vingt-six mille francs CFA (4 786 000 FCFA). En sus de ce fonds et dons en nature, la socie\u0301te\u0301 forestie\u0300re VICA-Naze\u0301mbe\u0301, le HCR et la BEAC ont promis de mettre a\u0300 notre disposition, au moment opportun, respectivement une (01) machine excavatrice pour l\u2019approvisionnement en terre late\u0301ritique, deux cents (200) sacs de ciment et du carburant. Nous continuons toujours a\u0300 proce\u0301der a\u0300 la collecte des fonds et dons en nature<\/b> \u00bb, a fait savoir Alexandre G. BAMBE\u0301LE\u0301, Directeur Re\u0301gional N\u00b02 des Douanes faisant parti du Comite\u0301 de l\u2019Initiative de collecte de fonds alloue\u0301 a\u0300 l\u2019ame\u0301nagement de route.<\/p>\n<p>En pre\u0301lude des travaux d\u2019ame\u0301nagement de l\u2019axe routier Berberati-Bagaza, le Comite\u0301 charge\u0301 de la collecte des Fonds s\u2019est de\u0301ploye\u0301 a\u0300 Babaza, le 6 mars 2024 pour appre\u0301cier l\u2019e\u0301tat de la route et faire ressortir les endroits ne\u0301cessitant des travaux tout en mettant en exergue les distances y relatives aux fins de rendre l\u2019effectivite\u0301 desdits travaux aise\u0301e et pratique, avant la saison pluvieuse. C\u2019e\u0301tait une de\u0301le\u0301gation compose\u0301e de: <b>Alexandre Georges BAMBE\u0301LE\u0301, Vianney LIMBONA, Ghislain NGANABOY<\/b> et <b>Arse\u0300ne LIMBONA<\/b>, respectivement Directeur Re\u0301gional n\u00b02 des Douanes, De\u0301pute\u0301 Supple\u0301ant de Berbe\u0301rati 1, De\u0301le\u0301gue\u0301 Re\u0301gional du Syndicat des Transporteurs et De\u0301le\u0301gue\u0301 Re\u0301gional des Ope\u0301rateurs Economiques.<\/p>\n<p>A la demande du comite\u0301 a\u0300 la Minusca pour son appui a\u0300 travers son ge\u0301nie militaire, le Directeur Re\u0301gional n\u00b02 des Douanes a informe\u0301 de la rassurance de la Cheffe du bureau local de la Minusca a\u0300 rendre disponible les inge\u0301nieurs onusiens pour l\u2019exe\u0301cution des travaux.<\/p>\n<p>\u00ab <b>Primo, je tiens a\u0300 vous dire que la Cheffe de Bureau de la MINUSCA nous a rec\u0327us dans son bureau, le lundi passe\u0301 et nous a rassure\u0301 de son appui, vu les efforts de\u0301ploye\u0301s et notre bonne foi pour changer les choses dans la ville de Berbe\u0301rati et autres. Nous avons profite\u0301 de cette visite pour parler des projets soumis par la Mairie pour l\u2019entretien des voies routie\u0300res, des activite\u0301s sur la gestion des frontie\u0300res de concert avec toutes les entite\u0301s de la Forces de de\u0301fense et de se\u0301curite\u0301 inte\u0301rieure y compris la Douane. Secondo, suite a\u0300 cet entretien, elle nous a demande\u0301 un avis technique. C\u2019est ainsi que nous nous sommes de\u0301ploye\u0301s hier au nombre de quatre a\u0300 Babaza pour faire ressortir les donne\u0301es a\u0300 travers l\u2019avis technique que copie vous est soumise<\/b> \u00bb, a indique\u0301 <b>Alexandre Georges BAMBE\u0301LE\u0301<\/b> Directeur Re\u0301gional n\u00b02 des Douanes.<\/p>\n<p>Face a\u0300 la crise e\u0301conomique a\u0300 laquelle face le pays depuis la suspension a\u0300 dessein de l\u2019aide financie\u0300re internationale des partenaires traditionnels, le gouvernement centrafricain compte de\u0301sormais sur les ressources inte\u0301rieures pour parvenir a\u0300 assurer ses charges re\u0301gulie\u0300res a\u0300 travers les recettes fiscalo-douanie\u0300res.<\/p>\n<p>C\u2019est dans cette optique du rele\u0300vement e\u0301conomique du pays, que les autorite\u0301s n\u00b02 des Douanes, des transports et des ope\u0301rateurs e\u0301conomiques de\u0301ploient des efforts pour rendre fluide le circuit e\u0301conomique de la pre\u0301fecture de Mambere\u0301-Kade\u0301i\u0308 a\u0300 travers le re\u0301ame\u0301nagement de l\u2019axe routier Berberati-Bagaza devenu impraticable.<\/p>\n<p><strong>Pour plus d&rsquo;informations et d&rsquo;analyses sur la <a href=\"https:\/\/www.africa-press.net\/centrafricaine\">CentrAfricaine<\/a>, suivez <a href=\"https:\/\/www.africa-press.net\/\">Africa-Press<\/a><\/strong><\/p>\n","protected":false},"excerpt":{"rendered":"<p>Africa-Press &#8211; CentrAfricaine. Dans le souci d\u2019ame\u0301nager les infrastructures routie\u0300res dans la pre\u0301fecture de Mambere\u0301-Kade\u0301i\u0308, les autorite\u0301s locales, notamment des cadres des douanes, des transporteurs et des ope\u0301rateurs e\u0301conomiques continuent de de\u0301ployer des e\u0301nergies afin de faciliter les activite\u0301s e\u0301conomiques dans la re\u0301gion. C\u2019est dans cette dynamique de collecte de fonds et de dons en [&hellip;]<\/p>\n","protected":false},"author":82,"featured_media":53848,"comment_status":"open","ping_status":"closed","sticky":false,"template":"","format":"standard","meta":{"footnotes":""},"categories":[3,10],"tags":[36,58,574,30,1693],"class_list":["post-53849","post","type-post","status-publish","format-standard","has-post-thumbnail","hentry","category-economie","category-toutes-les-actualites","tag-africa-press","tag-africa-press-centrafricaine","tag-berberati","tag-centrafricaine","tag-route"],"yoast_head":"<!-- This site is optimized with the Yoast SEO Premium plugin v26.1 (Yoast SEO v27.0) - https:\/\/yoast.com\/product\/yoast-seo-premium-wordpress\/ -->\n<title>des avanc\u00e9es positives enregistr\u00e9es dans l\u2019initiative de r\u00e9habilitation de l\u2019axe Berberati-Babaza - centrafricaine<\/title>\n<meta name=\"description\" content=\"Dans le souci d\u2019ame\u0301nager les infrastructures routie\u0300res dans la pre\u0301fecture de Mambere\u0301-Kade\u0301i\u0308, les autorite\u0301s locales ...\" \/>\n<meta name=\"robots\" content=\"index, follow, max-snippet:-1, max-image-preview:large, max-video-preview:-1\" \/>\n<link rel=\"canonical\" href=\"https:\/\/www.africa-press.net\/centrafricaine\/economie\/des-avancees-positives-enregistrees-dans-linitiative-de-rehabilitation-de-laxe-berberati-babaza\" \/>\n<meta property=\"og:locale\" content=\"fr_FR\" \/>\n<meta property=\"og:type\" content=\"article\" \/>\n<meta property=\"og:title\" content=\"des avanc\u00e9es positives enregistr\u00e9es dans l\u2019initiative de r\u00e9habilitation de l\u2019axe Berberati-Babaza\" \/>\n<meta property=\"og:description\" content=\"Dans le souci d\u2019ame\u0301nager les infrastructures routie\u0300res dans la pre\u0301fecture de Mambere\u0301-Kade\u0301i\u0308, les autorite\u0301s locales ...\" \/>\n<meta property=\"og:url\" content=\"https:\/\/www.africa-press.net\/centrafricaine\/economie\/des-avancees-positives-enregistrees-dans-linitiative-de-rehabilitation-de-laxe-berberati-babaza\" \/>\n<meta property=\"og:site_name\" content=\"centrafricaine\" \/>\n<meta property=\"article:published_time\" content=\"2024-03-11T18:15:48+00:00\" \/>\n<meta property=\"article:modified_time\" content=\"2024-03-11T19:58:36+00:00\" \/>\n<meta property=\"og:image\" content=\"https:\/\/static.africa-press.net\/centrafricaine\/sites\/45\/2024\/03\/sm_1710169496.466202.jpg\" \/>\n\t<meta property=\"og:image:width\" content=\"720\" \/>\n\t<meta property=\"og:image:height\" content=\"423\" \/>\n\t<meta property=\"og:image:type\" content=\"image\/jpeg\" \/>\n<meta name=\"author\" content=\"cfeditorfr\" \/>\n<meta name=\"twitter:card\" content=\"summary_large_image\" \/>\n<meta name=\"twitter:label1\" content=\"\u00c9crit par\" \/>\n\t<meta name=\"twitter:data1\" content=\"cfeditorfr\" \/>\n\t<meta name=\"twitter:label2\" content=\"Dur\u00e9e de lecture estim\u00e9e\" \/>\n\t<meta name=\"twitter:data2\" content=\"5 minutes\" \/>\n<script type=\"application\/ld+json\" class=\"yoast-schema-graph\">{\"@context\":\"https:\/\/schema.org\",\"@graph\":[{\"@type\":\"Article\",\"@id\":\"https:\/\/www.africa-press.net\/centrafricaine\/economie\/des-avancees-positives-enregistrees-dans-linitiative-de-rehabilitation-de-laxe-berberati-babaza#article\",\"isPartOf\":{\"@id\":\"https:\/\/www.africa-press.net\/centrafricaine\/economie\/des-avancees-positives-enregistrees-dans-linitiative-de-rehabilitation-de-laxe-berberati-babaza\"},\"author\":{\"name\":\"cfeditorfr\",\"@id\":\"https:\/\/www.africa-press.net\/centrafricaine\/#\/schema\/person\/2b1cf3cd81a31e3cd26889ca66d677f1\"},\"headline\":\"des avanc\u00e9es positives enregistr\u00e9es dans l\u2019initiative de r\u00e9habilitation de l\u2019axe Berberati-Babaza\",\"datePublished\":\"2024-03-11T18:15:48+00:00\",\"dateModified\":\"2024-03-11T19:58:36+00:00\",\"mainEntityOfPage\":{\"@id\":\"https:\/\/www.africa-press.net\/centrafricaine\/economie\/des-avancees-positives-enregistrees-dans-linitiative-de-rehabilitation-de-laxe-berberati-babaza\"},\"wordCount\":951,\"commentCount\":0,\"image\":{\"@id\":\"https:\/\/www.africa-press.net\/centrafricaine\/economie\/des-avancees-positives-enregistrees-dans-linitiative-de-rehabilitation-de-laxe-berberati-babaza#primaryimage\"},\"thumbnailUrl\":\"https:\/\/static.africa-press.net\/centrafricaine\/sites\/45\/2024\/03\/sm_1710169496.466202.jpg\",\"keywords\":[\"Africa Press\",\"Africa Press-CentrAfricaine\",\"Berberati\",\"CentrAfricaine\",\"route\"],\"articleSection\":[\"\u00c9conomie\",\"Toutes les actualit\u00e9s\"],\"inLanguage\":\"fr-FR\",\"potentialAction\":[{\"@type\":\"CommentAction\",\"name\":\"Comment\",\"target\":[\"https:\/\/www.africa-press.net\/centrafricaine\/economie\/des-avancees-positives-enregistrees-dans-linitiative-de-rehabilitation-de-laxe-berberati-babaza#respond\"]}]},{\"@type\":\"WebPage\",\"@id\":\"https:\/\/www.africa-press.net\/centrafricaine\/economie\/des-avancees-positives-enregistrees-dans-linitiative-de-rehabilitation-de-laxe-berberati-babaza\",\"url\":\"https:\/\/www.africa-press.net\/centrafricaine\/economie\/des-avancees-positives-enregistrees-dans-linitiative-de-rehabilitation-de-laxe-berberati-babaza\",\"name\":\"des avanc\u00e9es positives enregistr\u00e9es dans l\u2019initiative de r\u00e9habilitation de l\u2019axe Berberati-Babaza - centrafricaine\",\"isPartOf\":{\"@id\":\"https:\/\/www.africa-press.net\/centrafricaine\/#website\"},\"primaryImageOfPage\":{\"@id\":\"https:\/\/www.africa-press.net\/centrafricaine\/economie\/des-avancees-positives-enregistrees-dans-linitiative-de-rehabilitation-de-laxe-berberati-babaza#primaryimage\"},\"image\":{\"@id\":\"https:\/\/www.africa-press.net\/centrafricaine\/economie\/des-avancees-positives-enregistrees-dans-linitiative-de-rehabilitation-de-laxe-berberati-babaza#primaryimage\"},\"thumbnailUrl\":\"https:\/\/static.africa-press.net\/centrafricaine\/sites\/45\/2024\/03\/sm_1710169496.466202.jpg\",\"datePublished\":\"2024-03-11T18:15:48+00:00\",\"dateModified\":\"2024-03-11T19:58:36+00:00\",\"author\":{\"@id\":\"https:\/\/www.africa-press.net\/centrafricaine\/#\/schema\/person\/2b1cf3cd81a31e3cd26889ca66d677f1\"},\"description\":\"Dans le souci d\u2019ame\u0301nager les infrastructures routie\u0300res dans la pre\u0301fecture de Mambere\u0301-Kade\u0301i\u0308, les autorite\u0301s locales ...\",\"breadcrumb\":{\"@id\":\"https:\/\/www.africa-press.net\/centrafricaine\/economie\/des-avancees-positives-enregistrees-dans-linitiative-de-rehabilitation-de-laxe-berberati-babaza#breadcrumb\"},\"inLanguage\":\"fr-FR\",\"potentialAction\":[{\"@type\":\"ReadAction\",\"target\":[\"https:\/\/www.africa-press.net\/centrafricaine\/economie\/des-avancees-positives-enregistrees-dans-linitiative-de-rehabilitation-de-laxe-berberati-babaza\"]}]},{\"@type\":\"ImageObject\",\"inLanguage\":\"fr-FR\",\"@id\":\"https:\/\/www.africa-press.net\/centrafricaine\/economie\/des-avancees-positives-enregistrees-dans-linitiative-de-rehabilitation-de-laxe-berberati-babaza#primaryimage\",\"url\":\"https:\/\/static.africa-press.net\/centrafricaine\/sites\/45\/2024\/03\/sm_1710169496.466202.jpg\",\"contentUrl\":\"https:\/\/static.africa-press.net\/centrafricaine\/sites\/45\/2024\/03\/sm_1710169496.466202.jpg\",\"width\":720,\"height\":423,\"caption\":\"des avanc\u00e9es positives enregistr\u00e9es dans l\u2019initiative de r\u00e9habilitation de l\u2019axe Berberati-Babaza\"},{\"@type\":\"BreadcrumbList\",\"@id\":\"https:\/\/www.africa-press.net\/centrafricaine\/economie\/des-avancees-positives-enregistrees-dans-linitiative-de-rehabilitation-de-laxe-berberati-babaza#breadcrumb\",\"itemListElement\":[{\"@type\":\"ListItem\",\"position\":1,\"name\":\"Accueil\",\"item\":\"https:\/\/www.africa-press.net\/centrafricaine\/\"},{\"@type\":\"ListItem\",\"position\":2,\"name\":\"des avanc\u00e9es positives enregistr\u00e9es dans l\u2019initiative de r\u00e9habilitation de l\u2019axe Berberati-Babaza\"}]},{\"@type\":\"WebSite\",\"@id\":\"https:\/\/www.africa-press.net\/centrafricaine\/#website\",\"url\":\"https:\/\/www.africa-press.net\/centrafricaine\/\",\"name\":\"centrafricaine\",\"description\":\"Just another Africa News Agency Sites site\",\"potentialAction\":[{\"@type\":\"SearchAction\",\"target\":{\"@type\":\"EntryPoint\",\"urlTemplate\":\"https:\/\/www.africa-press.net\/centrafricaine\/?s={search_term_string}\"},\"query-input\":{\"@type\":\"PropertyValueSpecification\",\"valueRequired\":true,\"valueName\":\"search_term_string\"}}],\"inLanguage\":\"fr-FR\"},{\"@type\":\"Person\",\"@id\":\"https:\/\/www.africa-press.net\/centrafricaine\/#\/schema\/person\/2b1cf3cd81a31e3cd26889ca66d677f1\",\"name\":\"cfeditorfr\"}]}<\/script>\n<!-- \/ Yoast SEO Premium plugin. -->","yoast_head_json":{"title":"des avanc\u00e9es positives enregistr\u00e9es dans l\u2019initiative de r\u00e9habilitation de l\u2019axe Berberati-Babaza - centrafricaine","description":"Dans le souci d\u2019ame\u0301nager les infrastructures routie\u0300res dans la pre\u0301fecture de Mambere\u0301-Kade\u0301i\u0308, les autorite\u0301s locales ...","robots":{"index":"index","follow":"follow","max-snippet":"max-snippet:-1","max-image-preview":"max-image-preview:large","max-video-preview":"max-video-preview:-1"},"canonical":"https:\/\/www.africa-press.net\/centrafricaine\/economie\/des-avancees-positives-enregistrees-dans-linitiative-de-rehabilitation-de-laxe-berberati-babaza","og_locale":"fr_FR","og_type":"article","og_title":"des avanc\u00e9es positives enregistr\u00e9es dans l\u2019initiative de r\u00e9habilitation de l\u2019axe Berberati-Babaza","og_description":"Dans le souci d\u2019ame\u0301nager les infrastructures routie\u0300res dans la pre\u0301fecture de Mambere\u0301-Kade\u0301i\u0308, les autorite\u0301s locales ...","og_url":"https:\/\/www.africa-press.net\/centrafricaine\/economie\/des-avancees-positives-enregistrees-dans-linitiative-de-rehabilitation-de-laxe-berberati-babaza","og_site_name":"centrafricaine","article_published_time":"2024-03-11T18:15:48+00:00","article_modified_time":"2024-03-11T19:58:36+00:00","og_image":[{"width":720,"height":423,"url":"https:\/\/static.africa-press.net\/centrafricaine\/sites\/45\/2024\/03\/sm_1710169496.466202.jpg","type":"image\/jpeg"}],"author":"cfeditorfr","twitter_card":"summary_large_image","twitter_misc":{"\u00c9crit par":"cfeditorfr","Dur\u00e9e de lecture estim\u00e9e":"5 minutes"},"schema":{"@context":"https:\/\/schema.org","@graph":[{"@type":"Article","@id":"https:\/\/www.africa-press.net\/centrafricaine\/economie\/des-avancees-positives-enregistrees-dans-linitiative-de-rehabilitation-de-laxe-berberati-babaza#article","isPartOf":{"@id":"https:\/\/www.africa-press.net\/centrafricaine\/economie\/des-avancees-positives-enregistrees-dans-linitiative-de-rehabilitation-de-laxe-berberati-babaza"},"author":{"name":"cfeditorfr","@id":"https:\/\/www.africa-press.net\/centrafricaine\/#\/schema\/person\/2b1cf3cd81a31e3cd26889ca66d677f1"},"headline":"des avanc\u00e9es positives enregistr\u00e9es dans l\u2019initiative de r\u00e9habilitation de l\u2019axe Berberati-Babaza","datePublished":"2024-03-11T18:15:48+00:00","dateModified":"2024-03-11T19:58:36+00:00","mainEntityOfPage":{"@id":"https:\/\/www.africa-press.net\/centrafricaine\/economie\/des-avancees-positives-enregistrees-dans-linitiative-de-rehabilitation-de-laxe-berberati-babaza"},"wordCount":951,"commentCount":0,"image":{"@id":"https:\/\/www.africa-press.net\/centrafricaine\/economie\/des-avancees-positives-enregistrees-dans-linitiative-de-rehabilitation-de-laxe-berberati-babaza#primaryimage"},"thumbnailUrl":"https:\/\/static.africa-press.net\/centrafricaine\/sites\/45\/2024\/03\/sm_1710169496.466202.jpg","keywords":["Africa Press","Africa Press-CentrAfricaine","Berberati","CentrAfricaine","route"],"articleSection":["\u00c9conomie","Toutes les actualit\u00e9s"],"inLanguage":"fr-FR","potentialAction":[{"@type":"CommentAction","name":"Comment","target":["https:\/\/www.africa-press.net\/centrafricaine\/economie\/des-avancees-positives-enregistrees-dans-linitiative-de-rehabilitation-de-laxe-berberati-babaza#respond"]}]},{"@type":"WebPage","@id":"https:\/\/www.africa-press.net\/centrafricaine\/economie\/des-avancees-positives-enregistrees-dans-linitiative-de-rehabilitation-de-laxe-berberati-babaza","url":"https:\/\/www.africa-press.net\/centrafricaine\/economie\/des-avancees-positives-enregistrees-dans-linitiative-de-rehabilitation-de-laxe-berberati-babaza","name":"des avanc\u00e9es positives enregistr\u00e9es dans l\u2019initiative de r\u00e9habilitation de l\u2019axe Berberati-Babaza - centrafricaine","isPartOf":{"@id":"https:\/\/www.africa-press.net\/centrafricaine\/#website"},"primaryImageOfPage":{"@id":"https:\/\/www.africa-press.net\/centrafricaine\/economie\/des-avancees-positives-enregistrees-dans-linitiative-de-rehabilitation-de-laxe-berberati-babaza#primaryimage"},"image":{"@id":"https:\/\/www.africa-press.net\/centrafricaine\/economie\/des-avancees-positives-enregistrees-dans-linitiative-de-rehabilitation-de-laxe-berberati-babaza#primaryimage"},"thumbnailUrl":"https:\/\/static.africa-press.net\/centrafricaine\/sites\/45\/2024\/03\/sm_1710169496.466202.jpg","datePublished":"2024-03-11T18:15:48+00:00","dateModified":"2024-03-11T19:58:36+00:00","author":{"@id":"https:\/\/www.africa-press.net\/centrafricaine\/#\/schema\/person\/2b1cf3cd81a31e3cd26889ca66d677f1"},"description":"Dans le souci d\u2019ame\u0301nager les infrastructures routie\u0300res dans la pre\u0301fecture de Mambere\u0301-Kade\u0301i\u0308, les autorite\u0301s locales ...","breadcrumb":{"@id":"https:\/\/www.africa-press.net\/centrafricaine\/economie\/des-avancees-positives-enregistrees-dans-linitiative-de-rehabilitation-de-laxe-berberati-babaza#breadcrumb"},"inLanguage":"fr-FR","potentialAction":[{"@type":"ReadAction","target":["https:\/\/www.africa-press.net\/centrafricaine\/economie\/des-avancees-positives-enregistrees-dans-linitiative-de-rehabilitation-de-laxe-berberati-babaza"]}]},{"@type":"ImageObject","inLanguage":"fr-FR","@id":"https:\/\/www.africa-press.net\/centrafricaine\/economie\/des-avancees-positives-enregistrees-dans-linitiative-de-rehabilitation-de-laxe-berberati-babaza#primaryimage","url":"https:\/\/static.africa-press.net\/centrafricaine\/sites\/45\/2024\/03\/sm_1710169496.466202.jpg","contentUrl":"https:\/\/static.africa-press.net\/centrafricaine\/sites\/45\/2024\/03\/sm_1710169496.466202.jpg","width":720,"height":423,"caption":"des avanc\u00e9es positives enregistr\u00e9es dans l\u2019initiative de r\u00e9habilitation de l\u2019axe Berberati-Babaza"},{"@type":"BreadcrumbList","@id":"https:\/\/www.africa-press.net\/centrafricaine\/economie\/des-avancees-positives-enregistrees-dans-linitiative-de-rehabilitation-de-laxe-berberati-babaza#breadcrumb","itemListElement":[{"@type":"ListItem","position":1,"name":"Accueil","item":"https:\/\/www.africa-press.net\/centrafricaine\/"},{"@type":"ListItem","position":2,"name":"des avanc\u00e9es positives enregistr\u00e9es dans l\u2019initiative de r\u00e9habilitation de l\u2019axe Berberati-Babaza"}]},{"@type":"WebSite","@id":"https:\/\/www.africa-press.net\/centrafricaine\/#website","url":"https:\/\/www.africa-press.net\/centrafricaine\/","name":"centrafricaine","description":"Just another Africa News Agency Sites site","potentialAction":[{"@type":"SearchAction","target":{"@type":"EntryPoint","urlTemplate":"https:\/\/www.africa-press.net\/centrafricaine\/?s={search_term_string}"},"query-input":{"@type":"PropertyValueSpecification","valueRequired":true,"valueName":"search_term_string"}}],"inLanguage":"fr-FR"},{"@type":"Person","@id":"https:\/\/www.africa-press.net\/centrafricaine\/#\/schema\/person\/2b1cf3cd81a31e3cd26889ca66d677f1","name":"cfeditorfr"}]}},"_links":{"self":[{"href":"https:\/\/www.africa-press.net\/centrafricaine\/wp-json\/wp\/v2\/posts\/53849","targetHints":{"allow":["GET"]}}],"collection":[{"href":"https:\/\/www.africa-press.net\/centrafricaine\/wp-json\/wp\/v2\/posts"}],"about":[{"href":"https:\/\/www.africa-press.net\/centrafricaine\/wp-json\/wp\/v2\/types\/post"}],"author":[{"embeddable":true,"href":"https:\/\/www.africa-press.net\/centrafricaine\/wp-json\/wp\/v2\/users\/82"}],"replies":[{"embeddable":true,"href":"https:\/\/www.africa-press.net\/centrafricaine\/wp-json\/wp\/v2\/comments?post=53849"}],"version-history":[{"count":0,"href":"https:\/\/www.africa-press.net\/centrafricaine\/wp-json\/wp\/v2\/posts\/53849\/revisions"}],"wp:featuredmedia":[{"embeddable":true,"href":"https:\/\/www.africa-press.net\/centrafricaine\/wp-json\/wp\/v2\/media\/53848"}],"wp:attachment":[{"href":"https:\/\/www.africa-press.net\/centrafricaine\/wp-json\/wp\/v2\/media?parent=53849"}],"wp:term":[{"taxonomy":"category","embeddable":true,"href":"https:\/\/www.africa-press.net\/centrafricaine\/wp-json\/wp\/v2\/categories?post=53849"},{"taxonomy":"post_tag","embeddable":true,"href":"https:\/\/www.africa-press.net\/centrafricaine\/wp-json\/wp\/v2\/tags?post=53849"}],"curies":[{"name":"wp","href":"https:\/\/api.w.org\/{rel}","templated":true}]}}