{"id":54363,"date":"2024-03-22T15:15:18","date_gmt":"2024-03-22T15:15:18","guid":{"rendered":"https:\/\/www.africa-press.net\/centrafricaine\/politique\/proces-de-crepin-mboli-goumba-le-procureur-reclame-douze-mois-de-prison-et-des-dommages-interets"},"modified":"2024-03-22T15:59:35","modified_gmt":"2024-03-22T15:59:35","slug":"proces-de-crepin-mboli-goumba-le-procureur-reclame-douze-mois-de-prison-et-des-dommages-interets","status":"publish","type":"post","link":"https:\/\/www.africa-press.net\/centrafricaine\/politique\/proces-de-crepin-mboli-goumba-le-procureur-reclame-douze-mois-de-prison-et-des-dommages-interets","title":{"rendered":"Proc\u00e8s de Cr\u00e9pin Mboli-Goumba : le Procureur r\u00e9clame douze mois de prison et des dommages-int\u00e9r\u00eats"},"content":{"rendered":"<p><span style=\"color: #ff6600\"><strong>Africa-Press &#8211; CentrAfricaine. <\/strong><\/span>Cr\u00e9pin Mboli-Goumba, figure de l\u2019opposition en Centrafrique, est au c\u0153ur d\u2019un proc\u00e8s \u00e0 Bangui pour des accusations de diffamation et d\u2019outrage \u00e0 magistrats. Lors de l\u2019audience, le procureur a requis une peine de douze mois de prison assortie d\u2019une indemnisation de 125 millions de francs CFA (environ 191 000 euros) pour chaque magistrat impliqu\u00e9 dans l\u2019affaire.<\/p>\n<p>L\u2019avocat, \u201cmanifestement affaibli\u201d, selon Jeune Afrique, a choisi de se d\u00e9fendre seul, d\u00e9non\u00e7ant les conditions de son arrestation qu\u2019il juge \u201cill\u00e9gales\u201d. Il a \u00e9galement refus\u00e9 de r\u00e9pondre aux questions du minist\u00e8re public, affirmant qu\u2019il attendait sa condamnation pour ne pas l\u00e9galiser l\u2019ill\u00e9gal.<\/p>\n<p>Pour rappel, le fondateur du Parti africain pour une transformation radicale et l\u2019int\u00e9gration des \u00c9tats (Patrie), \u00e9galement coordinateur du Bloc r\u00e9publicain pour la d\u00e9fense de la Constitution (BRDC), avait \u00e9t\u00e9 arr\u00eat\u00e9 d\u00e9but mars \u00e0 l\u2019a\u00e9roport de Bangui alors qu\u2019il s\u2019appr\u00eatait \u00e0 voyager vers le Cameroun.<\/p>\n<p>Le parquet a justifi\u00e9 son arrestation par des propos qu\u2019il aurait tenus lors d\u2019une conf\u00e9rence de presse et dans une interview, o\u00f9 il aurait accus\u00e9 \u201ccertains magistrats d\u2019\u00eatre complaisants voire corrompus\u201d.<\/p>\n<p>Notons que le verdict de ce proc\u00e8s tr\u00e8s m\u00e9diatis\u00e9 en Centrafrique est attendu le 27 mars prochain.<\/p>\n<p><strong>Pour plus d&rsquo;informations et d&rsquo;analyses sur la <a href=\"https:\/\/www.africa-press.net\/centrafricaine\">CentrAfricaine<\/a>, suivez <a href=\"https:\/\/www.africa-press.net\/\">Africa-Press<\/a><\/strong><\/p>\n","protected":false},"excerpt":{"rendered":"<p>Africa-Press &#8211; CentrAfricaine. Cr\u00e9pin Mboli-Goumba, figure de l\u2019opposition en Centrafrique, est au c\u0153ur d\u2019un proc\u00e8s \u00e0 Bangui pour des accusations de diffamation et d\u2019outrage \u00e0 magistrats. Lors de l\u2019audience, le procureur a requis une peine de douze mois de prison assortie d\u2019une indemnisation de 125 millions de francs CFA (environ 191 000 euros) pour chaque [&hellip;]<\/p>\n","protected":false},"author":82,"featured_media":54362,"comment_status":"open","ping_status":"closed","sticky":false,"template":"","format":"standard","meta":{"footnotes":""},"categories":[2,10],"tags":[36,58,30],"class_list":["post-54363","post","type-post","status-publish","format-standard","has-post-thumbnail","hentry","category-politique","category-toutes-les-actualites","tag-africa-press","tag-africa-press-centrafricaine","tag-centrafricaine"],"yoast_head":"<!-- This site is optimized with the Yoast SEO Premium plugin v26.1 (Yoast SEO v27.0) - https:\/\/yoast.com\/product\/yoast-seo-premium-wordpress\/ -->\n<title>Proc\u00e8s de Cr\u00e9pin Mboli-Goumba : le Procureur r\u00e9clame douze mois de prison et des dommages-int\u00e9r\u00eats - centrafricaine<\/title>\n<meta name=\"description\" content=\"Cre\u0301pin Mboli-Goumba, figure de l\u2019opposition en Centrafrique, est au c\u0153ur d\u2019un proce\u0300s a\u0300 Bangui pour des accusations de di ...\" \/>\n<meta name=\"robots\" content=\"index, follow, max-snippet:-1, max-image-preview:large, max-video-preview:-1\" \/>\n<link rel=\"canonical\" href=\"https:\/\/www.africa-press.net\/centrafricaine\/politique\/proces-de-crepin-mboli-goumba-le-procureur-reclame-douze-mois-de-prison-et-des-dommages-interets\" \/>\n<meta property=\"og:locale\" content=\"fr_FR\" \/>\n<meta property=\"og:type\" content=\"article\" \/>\n<meta property=\"og:title\" content=\"Proc\u00e8s de Cr\u00e9pin Mboli-Goumba : le Procureur r\u00e9clame douze mois de prison et des dommages-int\u00e9r\u00eats\" \/>\n<meta property=\"og:description\" content=\"Cre\u0301pin Mboli-Goumba, figure de l\u2019opposition en Centrafrique, est au c\u0153ur d\u2019un proce\u0300s a\u0300 Bangui pour des accusations de di ...\" \/>\n<meta property=\"og:url\" content=\"https:\/\/www.africa-press.net\/centrafricaine\/politique\/proces-de-crepin-mboli-goumba-le-procureur-reclame-douze-mois-de-prison-et-des-dommages-interets\" \/>\n<meta property=\"og:site_name\" content=\"centrafricaine\" \/>\n<meta property=\"article:published_time\" content=\"2024-03-22T15:15:18+00:00\" \/>\n<meta property=\"article:modified_time\" content=\"2024-03-22T15:59:35+00:00\" \/>\n<meta property=\"og:image\" content=\"https:\/\/static.africa-press.net\/centrafricaine\/sites\/45\/2024\/03\/sm_1711110278.724542.jpg\" \/>\n\t<meta property=\"og:image:width\" content=\"720\" \/>\n\t<meta property=\"og:image:height\" content=\"480\" \/>\n\t<meta property=\"og:image:type\" content=\"image\/jpeg\" \/>\n<meta name=\"author\" content=\"cfeditorfr\" \/>\n<meta name=\"twitter:card\" content=\"summary_large_image\" \/>\n<meta name=\"twitter:label1\" content=\"\u00c9crit par\" \/>\n\t<meta name=\"twitter:data1\" content=\"cfeditorfr\" \/>\n\t<meta name=\"twitter:label2\" content=\"Dur\u00e9e de lecture estim\u00e9e\" \/>\n\t<meta name=\"twitter:data2\" content=\"2 minutes\" \/>\n<script type=\"application\/ld+json\" class=\"yoast-schema-graph\">{\"@context\":\"https:\/\/schema.org\",\"@graph\":[{\"@type\":\"Article\",\"@id\":\"https:\/\/www.africa-press.net\/centrafricaine\/politique\/proces-de-crepin-mboli-goumba-le-procureur-reclame-douze-mois-de-prison-et-des-dommages-interets#article\",\"isPartOf\":{\"@id\":\"https:\/\/www.africa-press.net\/centrafricaine\/politique\/proces-de-crepin-mboli-goumba-le-procureur-reclame-douze-mois-de-prison-et-des-dommages-interets\"},\"author\":{\"name\":\"cfeditorfr\",\"@id\":\"https:\/\/www.africa-press.net\/centrafricaine\/#\/schema\/person\/2b1cf3cd81a31e3cd26889ca66d677f1\"},\"headline\":\"Proc\u00e8s de Cr\u00e9pin Mboli-Goumba : le Procureur r\u00e9clame douze mois de prison et des dommages-int\u00e9r\u00eats\",\"datePublished\":\"2024-03-22T15:15:18+00:00\",\"dateModified\":\"2024-03-22T15:59:35+00:00\",\"mainEntityOfPage\":{\"@id\":\"https:\/\/www.africa-press.net\/centrafricaine\/politique\/proces-de-crepin-mboli-goumba-le-procureur-reclame-douze-mois-de-prison-et-des-dommages-interets\"},\"wordCount\":256,\"commentCount\":1,\"image\":{\"@id\":\"https:\/\/www.africa-press.net\/centrafricaine\/politique\/proces-de-crepin-mboli-goumba-le-procureur-reclame-douze-mois-de-prison-et-des-dommages-interets#primaryimage\"},\"thumbnailUrl\":\"https:\/\/static.africa-press.net\/centrafricaine\/sites\/45\/2024\/03\/sm_1711110278.724542.jpg\",\"keywords\":[\"Africa Press\",\"Africa Press-CentrAfricaine\",\"CentrAfricaine\"],\"articleSection\":[\"Politique\",\"Toutes les actualit\u00e9s\"],\"inLanguage\":\"fr-FR\",\"potentialAction\":[{\"@type\":\"CommentAction\",\"name\":\"Comment\",\"target\":[\"https:\/\/www.africa-press.net\/centrafricaine\/politique\/proces-de-crepin-mboli-goumba-le-procureur-reclame-douze-mois-de-prison-et-des-dommages-interets#respond\"]}]},{\"@type\":\"WebPage\",\"@id\":\"https:\/\/www.africa-press.net\/centrafricaine\/politique\/proces-de-crepin-mboli-goumba-le-procureur-reclame-douze-mois-de-prison-et-des-dommages-interets\",\"url\":\"https:\/\/www.africa-press.net\/centrafricaine\/politique\/proces-de-crepin-mboli-goumba-le-procureur-reclame-douze-mois-de-prison-et-des-dommages-interets\",\"name\":\"Proc\u00e8s de Cr\u00e9pin Mboli-Goumba : le Procureur r\u00e9clame douze mois de prison et des dommages-int\u00e9r\u00eats - centrafricaine\",\"isPartOf\":{\"@id\":\"https:\/\/www.africa-press.net\/centrafricaine\/#website\"},\"primaryImageOfPage\":{\"@id\":\"https:\/\/www.africa-press.net\/centrafricaine\/politique\/proces-de-crepin-mboli-goumba-le-procureur-reclame-douze-mois-de-prison-et-des-dommages-interets#primaryimage\"},\"image\":{\"@id\":\"https:\/\/www.africa-press.net\/centrafricaine\/politique\/proces-de-crepin-mboli-goumba-le-procureur-reclame-douze-mois-de-prison-et-des-dommages-interets#primaryimage\"},\"thumbnailUrl\":\"https:\/\/static.africa-press.net\/centrafricaine\/sites\/45\/2024\/03\/sm_1711110278.724542.jpg\",\"datePublished\":\"2024-03-22T15:15:18+00:00\",\"dateModified\":\"2024-03-22T15:59:35+00:00\",\"author\":{\"@id\":\"https:\/\/www.africa-press.net\/centrafricaine\/#\/schema\/person\/2b1cf3cd81a31e3cd26889ca66d677f1\"},\"description\":\"Cre\u0301pin Mboli-Goumba, figure de l\u2019opposition en Centrafrique, est au c\u0153ur d\u2019un proce\u0300s a\u0300 Bangui pour des accusations de di ...\",\"breadcrumb\":{\"@id\":\"https:\/\/www.africa-press.net\/centrafricaine\/politique\/proces-de-crepin-mboli-goumba-le-procureur-reclame-douze-mois-de-prison-et-des-dommages-interets#breadcrumb\"},\"inLanguage\":\"fr-FR\",\"potentialAction\":[{\"@type\":\"ReadAction\",\"target\":[\"https:\/\/www.africa-press.net\/centrafricaine\/politique\/proces-de-crepin-mboli-goumba-le-procureur-reclame-douze-mois-de-prison-et-des-dommages-interets\"]}]},{\"@type\":\"ImageObject\",\"inLanguage\":\"fr-FR\",\"@id\":\"https:\/\/www.africa-press.net\/centrafricaine\/politique\/proces-de-crepin-mboli-goumba-le-procureur-reclame-douze-mois-de-prison-et-des-dommages-interets#primaryimage\",\"url\":\"https:\/\/static.africa-press.net\/centrafricaine\/sites\/45\/2024\/03\/sm_1711110278.724542.jpg\",\"contentUrl\":\"https:\/\/static.africa-press.net\/centrafricaine\/sites\/45\/2024\/03\/sm_1711110278.724542.jpg\",\"width\":720,\"height\":480,\"caption\":\"Proc\u00e8s de Cr\u00e9pin Mboli-Goumba : le Procureur r\u00e9clame douze mois de prison et des dommages-int\u00e9r\u00eats\"},{\"@type\":\"BreadcrumbList\",\"@id\":\"https:\/\/www.africa-press.net\/centrafricaine\/politique\/proces-de-crepin-mboli-goumba-le-procureur-reclame-douze-mois-de-prison-et-des-dommages-interets#breadcrumb\",\"itemListElement\":[{\"@type\":\"ListItem\",\"position\":1,\"name\":\"Accueil\",\"item\":\"https:\/\/www.africa-press.net\/centrafricaine\/\"},{\"@type\":\"ListItem\",\"position\":2,\"name\":\"Proc\u00e8s de Cr\u00e9pin Mboli-Goumba : le Procureur r\u00e9clame douze mois de prison et des dommages-int\u00e9r\u00eats\"}]},{\"@type\":\"WebSite\",\"@id\":\"https:\/\/www.africa-press.net\/centrafricaine\/#website\",\"url\":\"https:\/\/www.africa-press.net\/centrafricaine\/\",\"name\":\"centrafricaine\",\"description\":\"Just another Africa News Agency Sites site\",\"potentialAction\":[{\"@type\":\"SearchAction\",\"target\":{\"@type\":\"EntryPoint\",\"urlTemplate\":\"https:\/\/www.africa-press.net\/centrafricaine\/?s={search_term_string}\"},\"query-input\":{\"@type\":\"PropertyValueSpecification\",\"valueRequired\":true,\"valueName\":\"search_term_string\"}}],\"inLanguage\":\"fr-FR\"},{\"@type\":\"Person\",\"@id\":\"https:\/\/www.africa-press.net\/centrafricaine\/#\/schema\/person\/2b1cf3cd81a31e3cd26889ca66d677f1\",\"name\":\"cfeditorfr\"}]}<\/script>\n<!-- \/ Yoast SEO Premium plugin. -->","yoast_head_json":{"title":"Proc\u00e8s de Cr\u00e9pin Mboli-Goumba : le Procureur r\u00e9clame douze mois de prison et des dommages-int\u00e9r\u00eats - centrafricaine","description":"Cre\u0301pin Mboli-Goumba, figure de l\u2019opposition en Centrafrique, est au c\u0153ur d\u2019un proce\u0300s a\u0300 Bangui pour des accusations de di ...","robots":{"index":"index","follow":"follow","max-snippet":"max-snippet:-1","max-image-preview":"max-image-preview:large","max-video-preview":"max-video-preview:-1"},"canonical":"https:\/\/www.africa-press.net\/centrafricaine\/politique\/proces-de-crepin-mboli-goumba-le-procureur-reclame-douze-mois-de-prison-et-des-dommages-interets","og_locale":"fr_FR","og_type":"article","og_title":"Proc\u00e8s de Cr\u00e9pin Mboli-Goumba : le Procureur r\u00e9clame douze mois de prison et des dommages-int\u00e9r\u00eats","og_description":"Cre\u0301pin Mboli-Goumba, figure de l\u2019opposition en Centrafrique, est au c\u0153ur d\u2019un proce\u0300s a\u0300 Bangui pour des accusations de di ...","og_url":"https:\/\/www.africa-press.net\/centrafricaine\/politique\/proces-de-crepin-mboli-goumba-le-procureur-reclame-douze-mois-de-prison-et-des-dommages-interets","og_site_name":"centrafricaine","article_published_time":"2024-03-22T15:15:18+00:00","article_modified_time":"2024-03-22T15:59:35+00:00","og_image":[{"width":720,"height":480,"url":"https:\/\/static.africa-press.net\/centrafricaine\/sites\/45\/2024\/03\/sm_1711110278.724542.jpg","type":"image\/jpeg"}],"author":"cfeditorfr","twitter_card":"summary_large_image","twitter_misc":{"\u00c9crit par":"cfeditorfr","Dur\u00e9e de lecture estim\u00e9e":"2 minutes"},"schema":{"@context":"https:\/\/schema.org","@graph":[{"@type":"Article","@id":"https:\/\/www.africa-press.net\/centrafricaine\/politique\/proces-de-crepin-mboli-goumba-le-procureur-reclame-douze-mois-de-prison-et-des-dommages-interets#article","isPartOf":{"@id":"https:\/\/www.africa-press.net\/centrafricaine\/politique\/proces-de-crepin-mboli-goumba-le-procureur-reclame-douze-mois-de-prison-et-des-dommages-interets"},"author":{"name":"cfeditorfr","@id":"https:\/\/www.africa-press.net\/centrafricaine\/#\/schema\/person\/2b1cf3cd81a31e3cd26889ca66d677f1"},"headline":"Proc\u00e8s de Cr\u00e9pin Mboli-Goumba : le Procureur r\u00e9clame douze mois de prison et des dommages-int\u00e9r\u00eats","datePublished":"2024-03-22T15:15:18+00:00","dateModified":"2024-03-22T15:59:35+00:00","mainEntityOfPage":{"@id":"https:\/\/www.africa-press.net\/centrafricaine\/politique\/proces-de-crepin-mboli-goumba-le-procureur-reclame-douze-mois-de-prison-et-des-dommages-interets"},"wordCount":256,"commentCount":1,"image":{"@id":"https:\/\/www.africa-press.net\/centrafricaine\/politique\/proces-de-crepin-mboli-goumba-le-procureur-reclame-douze-mois-de-prison-et-des-dommages-interets#primaryimage"},"thumbnailUrl":"https:\/\/static.africa-press.net\/centrafricaine\/sites\/45\/2024\/03\/sm_1711110278.724542.jpg","keywords":["Africa Press","Africa Press-CentrAfricaine","CentrAfricaine"],"articleSection":["Politique","Toutes les actualit\u00e9s"],"inLanguage":"fr-FR","potentialAction":[{"@type":"CommentAction","name":"Comment","target":["https:\/\/www.africa-press.net\/centrafricaine\/politique\/proces-de-crepin-mboli-goumba-le-procureur-reclame-douze-mois-de-prison-et-des-dommages-interets#respond"]}]},{"@type":"WebPage","@id":"https:\/\/www.africa-press.net\/centrafricaine\/politique\/proces-de-crepin-mboli-goumba-le-procureur-reclame-douze-mois-de-prison-et-des-dommages-interets","url":"https:\/\/www.africa-press.net\/centrafricaine\/politique\/proces-de-crepin-mboli-goumba-le-procureur-reclame-douze-mois-de-prison-et-des-dommages-interets","name":"Proc\u00e8s de Cr\u00e9pin Mboli-Goumba : le Procureur r\u00e9clame douze mois de prison et des dommages-int\u00e9r\u00eats - centrafricaine","isPartOf":{"@id":"https:\/\/www.africa-press.net\/centrafricaine\/#website"},"primaryImageOfPage":{"@id":"https:\/\/www.africa-press.net\/centrafricaine\/politique\/proces-de-crepin-mboli-goumba-le-procureur-reclame-douze-mois-de-prison-et-des-dommages-interets#primaryimage"},"image":{"@id":"https:\/\/www.africa-press.net\/centrafricaine\/politique\/proces-de-crepin-mboli-goumba-le-procureur-reclame-douze-mois-de-prison-et-des-dommages-interets#primaryimage"},"thumbnailUrl":"https:\/\/static.africa-press.net\/centrafricaine\/sites\/45\/2024\/03\/sm_1711110278.724542.jpg","datePublished":"2024-03-22T15:15:18+00:00","dateModified":"2024-03-22T15:59:35+00:00","author":{"@id":"https:\/\/www.africa-press.net\/centrafricaine\/#\/schema\/person\/2b1cf3cd81a31e3cd26889ca66d677f1"},"description":"Cre\u0301pin Mboli-Goumba, figure de l\u2019opposition en Centrafrique, est au c\u0153ur d\u2019un proce\u0300s a\u0300 Bangui pour des accusations de di ...","breadcrumb":{"@id":"https:\/\/www.africa-press.net\/centrafricaine\/politique\/proces-de-crepin-mboli-goumba-le-procureur-reclame-douze-mois-de-prison-et-des-dommages-interets#breadcrumb"},"inLanguage":"fr-FR","potentialAction":[{"@type":"ReadAction","target":["https:\/\/www.africa-press.net\/centrafricaine\/politique\/proces-de-crepin-mboli-goumba-le-procureur-reclame-douze-mois-de-prison-et-des-dommages-interets"]}]},{"@type":"ImageObject","inLanguage":"fr-FR","@id":"https:\/\/www.africa-press.net\/centrafricaine\/politique\/proces-de-crepin-mboli-goumba-le-procureur-reclame-douze-mois-de-prison-et-des-dommages-interets#primaryimage","url":"https:\/\/static.africa-press.net\/centrafricaine\/sites\/45\/2024\/03\/sm_1711110278.724542.jpg","contentUrl":"https:\/\/static.africa-press.net\/centrafricaine\/sites\/45\/2024\/03\/sm_1711110278.724542.jpg","width":720,"height":480,"caption":"Proc\u00e8s de Cr\u00e9pin Mboli-Goumba : le Procureur r\u00e9clame douze mois de prison et des dommages-int\u00e9r\u00eats"},{"@type":"BreadcrumbList","@id":"https:\/\/www.africa-press.net\/centrafricaine\/politique\/proces-de-crepin-mboli-goumba-le-procureur-reclame-douze-mois-de-prison-et-des-dommages-interets#breadcrumb","itemListElement":[{"@type":"ListItem","position":1,"name":"Accueil","item":"https:\/\/www.africa-press.net\/centrafricaine\/"},{"@type":"ListItem","position":2,"name":"Proc\u00e8s de Cr\u00e9pin Mboli-Goumba : le Procureur r\u00e9clame douze mois de prison et des dommages-int\u00e9r\u00eats"}]},{"@type":"WebSite","@id":"https:\/\/www.africa-press.net\/centrafricaine\/#website","url":"https:\/\/www.africa-press.net\/centrafricaine\/","name":"centrafricaine","description":"Just another Africa News Agency Sites site","potentialAction":[{"@type":"SearchAction","target":{"@type":"EntryPoint","urlTemplate":"https:\/\/www.africa-press.net\/centrafricaine\/?s={search_term_string}"},"query-input":{"@type":"PropertyValueSpecification","valueRequired":true,"valueName":"search_term_string"}}],"inLanguage":"fr-FR"},{"@type":"Person","@id":"https:\/\/www.africa-press.net\/centrafricaine\/#\/schema\/person\/2b1cf3cd81a31e3cd26889ca66d677f1","name":"cfeditorfr"}]}},"_links":{"self":[{"href":"https:\/\/www.africa-press.net\/centrafricaine\/wp-json\/wp\/v2\/posts\/54363","targetHints":{"allow":["GET"]}}],"collection":[{"href":"https:\/\/www.africa-press.net\/centrafricaine\/wp-json\/wp\/v2\/posts"}],"about":[{"href":"https:\/\/www.africa-press.net\/centrafricaine\/wp-json\/wp\/v2\/types\/post"}],"author":[{"embeddable":true,"href":"https:\/\/www.africa-press.net\/centrafricaine\/wp-json\/wp\/v2\/users\/82"}],"replies":[{"embeddable":true,"href":"https:\/\/www.africa-press.net\/centrafricaine\/wp-json\/wp\/v2\/comments?post=54363"}],"version-history":[{"count":0,"href":"https:\/\/www.africa-press.net\/centrafricaine\/wp-json\/wp\/v2\/posts\/54363\/revisions"}],"wp:featuredmedia":[{"embeddable":true,"href":"https:\/\/www.africa-press.net\/centrafricaine\/wp-json\/wp\/v2\/media\/54362"}],"wp:attachment":[{"href":"https:\/\/www.africa-press.net\/centrafricaine\/wp-json\/wp\/v2\/media?parent=54363"}],"wp:term":[{"taxonomy":"category","embeddable":true,"href":"https:\/\/www.africa-press.net\/centrafricaine\/wp-json\/wp\/v2\/categories?post=54363"},{"taxonomy":"post_tag","embeddable":true,"href":"https:\/\/www.africa-press.net\/centrafricaine\/wp-json\/wp\/v2\/tags?post=54363"}],"curies":[{"name":"wp","href":"https:\/\/api.w.org\/{rel}","templated":true}]}}