{"id":56797,"date":"2024-05-20T18:30:51","date_gmt":"2024-05-20T18:30:51","guid":{"rendered":"https:\/\/www.africa-press.net\/centrafricaine\/politique\/lancement-officiel-des-travaux-damenagement-de-laxe-routier-berberati-babaza"},"modified":"2024-05-20T19:14:59","modified_gmt":"2024-05-20T19:14:59","slug":"lancement-officiel-des-travaux-damenagement-de-laxe-routier-berberati-babaza","status":"publish","type":"post","link":"https:\/\/www.africa-press.net\/centrafricaine\/economie\/lancement-officiel-des-travaux-damenagement-de-laxe-routier-berberati-babaza","title":{"rendered":"lancement officiel des travaux d\u2019am\u00e9nagement de l\u2019axe routier Berberati-Babaza"},"content":{"rendered":"<p><span style=\"color: #ff6600\"><strong>Africa-Press &#8211; CentrAfricaine. <\/strong><\/span>Les autorite\u0301s administratives et e\u0301conomiques ont finalement lance\u0301 les travaux tant attendus de l\u2019axe routier reliant la ville de Berberati a\u0300 celle de Babaza dans la Mambere\u0301-Kade\u0301i\u0308 a\u0300 l\u2019ouest du pays. La ce\u0301re\u0301monie du lancement des travaux a eu lieu samedi dernier sur l\u2019esplanade de tribune officielle de Berberati en pre\u0301sence des autorite\u0301s locales, ope\u0301rateurs e\u0301conomiques, et des repre\u0301sentants des organisations internationales.<\/p>\n<p>\u00ab <b>Nous sommes aujourd\u2019hui ici pour la ce\u0301re\u0301monie du lancement officiel des travaux du re\u0301ame\u0301nagement de l\u2019axe routier Berbe\u0301rati \u2013 Babaza. Permettez-moi tout d\u2019abord, au nom du Gouvernement que dirige Son Excellence Monsieur Fe\u0301lix MOLOUA, Premier Ministre, Chef du Gouvernement sous la tre\u0300s haute impulsion de Son Excellence Professeur Faustin Archange TOUADERA, Pre\u0301sident de la Re\u0301publique, Chef de l\u2019Etat, combien je suis heureux d\u2019annoncer a\u0300 la population de la ville de Berbe\u0301rati et a\u0300 celles des villages environnants et logeant le tronc\u0327on, objet des activite\u0301s sur le terrain du Comite\u0301 tripartite charge\u0301 de la Collecte des Fonds pour le Re\u0301ame\u0301nagement de l\u2019Axe Routier Berbe\u0301rati \u2013 Babaza<\/b> \u00bb, a ainsi lance\u0301 le Pre\u0301sident du comite\u0301 de l\u2019initiative de re\u0301habilitation de cette infrastructure routie\u0300re, <b>Danguerre Andiba<\/b>, par ailleurs Conseiller e\u0301conomique.<\/p>\n<p>Les acteurs de ce projet mesurent l\u2019importance que le de\u0301veloppement socio-e\u0301conomique passe par ce corridor Kentzou-Berbe\u0301rati. Car, la re\u0301habilitation de cet axe pourra non seulement faciliter la libre circulation des biens et des personnes, mais aussi contribuer a\u0300 la se\u0301curite\u0301 et a\u0300 la sante\u0301 des populations qui ne\u0301cessitent des infrastructures routie\u0300res de bonne qualite\u0301, afin de de faciliter le de\u0301ploiement des forces de se\u0301curite\u0301 et de de\u0301fense et l\u2019e\u0301vacuation sanitaire rapide, en cas d\u2019intervention d\u2019urgence, d\u2019accouchement difficile ou d\u2019accident.<\/p>\n<p>\u00ab<b>Le re\u0301ame\u0301nagement de cet axe routier a pour objectif imme\u0301diat, la facilitation du trafic pour fluidifier les e\u0301changes commerciaux, le de\u0301ploiement rapide en cas d\u2019urgence quelconque tant sur le plan se\u0301curitaire que sanitaire<\/b> \u00bb, a souligne\u0301 le Pre\u0301sident du comite\u0301 d\u2019ame\u0301nagement.<\/p>\n<p><b>L\u2019implication des populations de la re\u0301gion<\/b><\/p>\n<p>La mise en \u0153uvre de ce projet est le fruit de l\u2019implication de toutes les couches sociales de la population de la re\u0301gion. C\u2019est pourquoi, le pre\u0301sident du comite\u0301 d\u2019initiative n\u2019a manque\u0301 d\u2019exprimer les gratitudes du comite\u0301 a\u0300 tous ceux qui ont contribue\u0301 a\u0300 la mise en \u0153uvre dudit projet, notamment les dynamiques populations de Berbe\u0301rati et des villages environnants, pour la mobilisation et l\u2019accueil et leur attachement a\u0300 cette initiative des travaux du re\u0301ame\u0301nagement de l\u2019axe routier Berbe\u0301rati \u2013 Babaza, lors des multiples missions et sensibilisation aupre\u0300s d\u2019elles.<\/p>\n<p>Il faut de\u0301ja\u0300 souligner que c\u2019est un projet e\u0301manant d\u2019une initiative locale pour l\u2019ame\u0301nagement des infrastructures locales de la re\u0301gion auquel se sont adonne\u0301s les membres du comite\u0301, devient aujourd\u2019hui une re\u0301alite\u0301, en de\u0301pit de doute et de promesses non tenues par certains partenaires internationaux notamment la Minusca.<\/p>\n<p>\u00ab <b>Certains partenaires n\u2019ont pas compris le bien-fonde\u0301 de cette initiative locale, d\u2019autres ont me\u0302me doute\u0301, he\u0301site\u0301 de contribue\u0301 par le fait de l\u2019expe\u0301rience dans le passe\u0301 et commenc\u0327ait a\u0300 taxer les membres du Comite\u0301 d\u2019avoir de\u0301tourne\u0301 les fonds collecte\u0301s ainsi que les dons en nature a\u0300 des fins personnelles. Cependant, la ve\u0301rite\u0301 a triomphe\u0301 et nous voici tous aujourd\u2019hui devant les faits accomplis <\/b>\u00bb, a martele\u0301 <b>Daguerre Andjiba<\/b>, dans son discours devant l\u2019assistance.<\/p>\n<p><b>L\u2019appui des partenaires locaux et internationaux<\/b><\/p>\n<p>Pour atteindre cet objectif, le Comite\u0301 s\u2019est investi avec l\u2019appui de certaines partenaires traditionnels, notamment la Socie\u0301te\u0301 Forestie\u0300re Vica-Naze\u0301mbe\u0301, la Socie\u0301te\u0301 Forestie\u0300re Timberland, la Socie\u0301te\u0301 SEFCA, le HCR, la BEAC, a\u0300 travers la dotation en machines et autres dons en nature a\u0300 savoir le carburant, le ciment de\u0301te\u0301riore\u0301, ainsi que les contributions multiformes provenant des Commerc\u0327ants, des Transporteurs, des Camionneurs, des Administrateurs de l\u2019Etat et de certains organismes parae\u0301tatiques.<\/p>\n<p>\u00ab<b>Nous comptons sur vous, chers partenaires, pour l\u2019e\u0301tat d\u2019avancement des travaux de cette premie\u0300re initiative dans la Re\u0301gion de l\u2019E\u0301quateur, projet unique dans son genre pour le de\u0301veloppement socio-e\u0301conomique de notre pays en ge\u0301ne\u0301ral, et en particulier, de notre Re\u0301gion avant la grande saison pluvieuse <\/b>\u00bb, a renche\u0301rit le Pre\u0301sident du comite\u0301.<\/p>\n<p>Toute fois dans sa vision d\u2019atteindre l\u2019objectif fixe\u0301, le comite\u0301 continue d\u2019ouvrir la porte a\u0300 tous les partenaires au de\u0301veloppement qui comptent donner leurs contributions pour la re\u0301alisation de ce projet voire son extension aux arte\u0300res de la ville de Berbe\u0301rati qui se trouvent dans un e\u0301tat de de\u0301gradation n\u2019honorant pas le nom de \u2019\u2019BERBE\u0301RATI LA FLAMBOYANTE\u2019\u2019 et ses dignes filles et fils ainsi que les hauts cadres de la Re\u0301gion.<\/p>\n<p>C\u2019est ainsi qu\u2019apre\u0300s la ce\u0301re\u0301monie de lancement des travaux, la Minusca a convoque\u0301 une re\u0301union avec les membres du comite\u0301 sur la probable implication du Ge\u0301nie Militaire des casques bleus Indone\u0301siens, dans l\u2019exe\u0301cution de ces travaux de re\u0301ame\u0301nagement de l\u2019axe routier Berbe\u0301rati-Babaza.<\/p>\n<p>Ce comite\u0301 est compose\u0301 entre autres de <b>Daguerre Andjiba, <\/b>Conseiller e\u0301conomique<b>, Vianney Limbona<\/b>, de\u0301pute\u0301 Supple\u0301ant de Berbe\u0301rati 1, <b>Alexandre Georges Bambe\u0301le\u0301<\/b>, Directeur Re\u0301gional des Douanes, <b>David Dango<\/b>, Chef de Service des Recettes des Douanes de Berbe\u0301rati, <b>Ghislain Nganaboy<\/b>, De\u0301le\u0301gue\u0301 Re\u0301gional des Transporteurs, <b>Faustin Deyobo<\/b>, Repre\u0301sentant des Commerc\u0327ants, <b>Tiburce Yakangai<\/b>, Repre\u0301sentant des Commerc\u0327ants.<\/p>\n<p>Partant de cette initiative locale, le pre\u0301sident du comite\u0301 espe\u0300re que cette initiative sera pe\u0301rennise\u0301e dans le futur au travers l\u2019appui de tous les partenaires tant anciens que nouveaux soucieux du bien-e\u0302tre des populations de la Re\u0301gion de l\u2019Equateur.<\/p>\n<p><strong>Pour plus d&rsquo;informations et d&rsquo;analyses sur la <a href=\"https:\/\/www.africa-press.net\/centrafricaine\">CentrAfricaine<\/a>, suivez <a href=\"https:\/\/www.africa-press.net\/\">Africa-Press<\/a><\/strong><\/p>\n","protected":false},"excerpt":{"rendered":"<p>Africa-Press &#8211; CentrAfricaine. Les autorite\u0301s administratives et e\u0301conomiques ont finalement lance\u0301 les travaux tant attendus de l\u2019axe routier reliant la ville de Berberati a\u0300 celle de Babaza dans la Mambere\u0301-Kade\u0301i\u0308 a\u0300 l\u2019ouest du pays. La ce\u0301re\u0301monie du lancement des travaux a eu lieu samedi dernier sur l\u2019esplanade de tribune officielle de Berberati en pre\u0301sence des [&hellip;]<\/p>\n","protected":false},"author":82,"featured_media":56796,"comment_status":"open","ping_status":"closed","sticky":false,"template":"","format":"standard","meta":{"footnotes":""},"categories":[3,10],"tags":[36,58,5244,2146,5137,574,30,41,1754,1693,1144],"class_list":["post-56797","post","type-post","status-publish","format-standard","has-post-thumbnail","hentry","category-economie","category-toutes-les-actualites","tag-africa-press","tag-africa-press-centrafricaine","tag-alexandre-georges-bambele","tag-axe","tag-babaza","tag-berberati","tag-centrafricaine","tag-centrafrique","tag-lancement","tag-route","tag-travaux"],"yoast_head":"<!-- This site is optimized with the Yoast SEO Premium plugin v26.1 (Yoast SEO v27.0) - https:\/\/yoast.com\/product\/yoast-seo-premium-wordpress\/ -->\n<title>lancement officiel des travaux d\u2019am\u00e9nagement de l\u2019axe routier Berberati-Babaza - centrafricaine<\/title>\n<meta name=\"description\" content=\"Les autorite\u0301s administratives et e\u0301conomiques ont finalement lance\u0301 les travaux tant attendus de l\u2019axe routier reliant ...\" \/>\n<meta name=\"robots\" content=\"index, follow, max-snippet:-1, max-image-preview:large, max-video-preview:-1\" \/>\n<link rel=\"canonical\" href=\"https:\/\/www.africa-press.net\/centrafricaine\/economie\/lancement-officiel-des-travaux-damenagement-de-laxe-routier-berberati-babaza\" \/>\n<meta property=\"og:locale\" content=\"fr_FR\" \/>\n<meta property=\"og:type\" content=\"article\" \/>\n<meta property=\"og:title\" content=\"lancement officiel des travaux d\u2019am\u00e9nagement de l\u2019axe routier Berberati-Babaza\" \/>\n<meta property=\"og:description\" content=\"Les autorite\u0301s administratives et e\u0301conomiques ont finalement lance\u0301 les travaux tant attendus de l\u2019axe routier reliant ...\" \/>\n<meta property=\"og:url\" content=\"https:\/\/www.africa-press.net\/centrafricaine\/economie\/lancement-officiel-des-travaux-damenagement-de-laxe-routier-berberati-babaza\" \/>\n<meta property=\"og:site_name\" content=\"centrafricaine\" \/>\n<meta property=\"article:published_time\" content=\"2024-05-20T18:30:51+00:00\" \/>\n<meta property=\"article:modified_time\" content=\"2024-05-20T19:14:59+00:00\" \/>\n<meta property=\"og:image\" content=\"https:\/\/static.africa-press.net\/centrafricaine\/sites\/45\/2024\/05\/sm_1716219773.735121.jpg\" \/>\n\t<meta property=\"og:image:width\" content=\"1004\" \/>\n\t<meta property=\"og:image:height\" content=\"402\" \/>\n\t<meta property=\"og:image:type\" content=\"image\/jpeg\" \/>\n<meta name=\"author\" content=\"cfeditorfr\" \/>\n<meta name=\"twitter:card\" content=\"summary_large_image\" \/>\n<meta name=\"twitter:label1\" content=\"\u00c9crit par\" \/>\n\t<meta name=\"twitter:data1\" content=\"cfeditorfr\" \/>\n\t<meta name=\"twitter:label2\" content=\"Dur\u00e9e de lecture estim\u00e9e\" \/>\n\t<meta name=\"twitter:data2\" content=\"5 minutes\" \/>\n<script type=\"application\/ld+json\" class=\"yoast-schema-graph\">{\"@context\":\"https:\/\/schema.org\",\"@graph\":[{\"@type\":\"Article\",\"@id\":\"https:\/\/www.africa-press.net\/centrafricaine\/economie\/lancement-officiel-des-travaux-damenagement-de-laxe-routier-berberati-babaza#article\",\"isPartOf\":{\"@id\":\"https:\/\/www.africa-press.net\/centrafricaine\/economie\/lancement-officiel-des-travaux-damenagement-de-laxe-routier-berberati-babaza\"},\"author\":{\"name\":\"cfeditorfr\",\"@id\":\"https:\/\/www.africa-press.net\/centrafricaine\/#\/schema\/person\/2b1cf3cd81a31e3cd26889ca66d677f1\"},\"headline\":\"lancement officiel des travaux d\u2019am\u00e9nagement de l\u2019axe routier Berberati-Babaza\",\"datePublished\":\"2024-05-20T18:30:51+00:00\",\"dateModified\":\"2024-05-20T19:14:59+00:00\",\"mainEntityOfPage\":{\"@id\":\"https:\/\/www.africa-press.net\/centrafricaine\/economie\/lancement-officiel-des-travaux-damenagement-de-laxe-routier-berberati-babaza\"},\"wordCount\":1059,\"commentCount\":0,\"image\":{\"@id\":\"https:\/\/www.africa-press.net\/centrafricaine\/economie\/lancement-officiel-des-travaux-damenagement-de-laxe-routier-berberati-babaza#primaryimage\"},\"thumbnailUrl\":\"https:\/\/static.africa-press.net\/centrafricaine\/sites\/45\/2024\/05\/sm_1716219773.735121.jpg\",\"keywords\":[\"Africa Press\",\"Africa Press-CentrAfricaine\",\"Alexandre Georges Bamb\u00e9l\u00e9\",\"axe\",\"Babaza\",\"Berberati\",\"CentrAfricaine\",\"Centrafrique\",\"lancement\",\"route\",\"travaux\"],\"articleSection\":[\"\u00c9conomie\",\"Toutes les actualit\u00e9s\"],\"inLanguage\":\"fr-FR\",\"potentialAction\":[{\"@type\":\"CommentAction\",\"name\":\"Comment\",\"target\":[\"https:\/\/www.africa-press.net\/centrafricaine\/economie\/lancement-officiel-des-travaux-damenagement-de-laxe-routier-berberati-babaza#respond\"]}]},{\"@type\":\"WebPage\",\"@id\":\"https:\/\/www.africa-press.net\/centrafricaine\/economie\/lancement-officiel-des-travaux-damenagement-de-laxe-routier-berberati-babaza\",\"url\":\"https:\/\/www.africa-press.net\/centrafricaine\/economie\/lancement-officiel-des-travaux-damenagement-de-laxe-routier-berberati-babaza\",\"name\":\"lancement officiel des travaux d\u2019am\u00e9nagement de l\u2019axe routier Berberati-Babaza - centrafricaine\",\"isPartOf\":{\"@id\":\"https:\/\/www.africa-press.net\/centrafricaine\/#website\"},\"primaryImageOfPage\":{\"@id\":\"https:\/\/www.africa-press.net\/centrafricaine\/economie\/lancement-officiel-des-travaux-damenagement-de-laxe-routier-berberati-babaza#primaryimage\"},\"image\":{\"@id\":\"https:\/\/www.africa-press.net\/centrafricaine\/economie\/lancement-officiel-des-travaux-damenagement-de-laxe-routier-berberati-babaza#primaryimage\"},\"thumbnailUrl\":\"https:\/\/static.africa-press.net\/centrafricaine\/sites\/45\/2024\/05\/sm_1716219773.735121.jpg\",\"datePublished\":\"2024-05-20T18:30:51+00:00\",\"dateModified\":\"2024-05-20T19:14:59+00:00\",\"author\":{\"@id\":\"https:\/\/www.africa-press.net\/centrafricaine\/#\/schema\/person\/2b1cf3cd81a31e3cd26889ca66d677f1\"},\"description\":\"Les autorite\u0301s administratives et e\u0301conomiques ont finalement lance\u0301 les travaux tant attendus de l\u2019axe routier reliant ...\",\"breadcrumb\":{\"@id\":\"https:\/\/www.africa-press.net\/centrafricaine\/economie\/lancement-officiel-des-travaux-damenagement-de-laxe-routier-berberati-babaza#breadcrumb\"},\"inLanguage\":\"fr-FR\",\"potentialAction\":[{\"@type\":\"ReadAction\",\"target\":[\"https:\/\/www.africa-press.net\/centrafricaine\/economie\/lancement-officiel-des-travaux-damenagement-de-laxe-routier-berberati-babaza\"]}]},{\"@type\":\"ImageObject\",\"inLanguage\":\"fr-FR\",\"@id\":\"https:\/\/www.africa-press.net\/centrafricaine\/economie\/lancement-officiel-des-travaux-damenagement-de-laxe-routier-berberati-babaza#primaryimage\",\"url\":\"https:\/\/static.africa-press.net\/centrafricaine\/sites\/45\/2024\/05\/sm_1716219773.735121.jpg\",\"contentUrl\":\"https:\/\/static.africa-press.net\/centrafricaine\/sites\/45\/2024\/05\/sm_1716219773.735121.jpg\",\"width\":1004,\"height\":402,\"caption\":\"lancement officiel des travaux d\u2019am\u00e9nagement de l\u2019axe routier Berberati-Babaza\"},{\"@type\":\"BreadcrumbList\",\"@id\":\"https:\/\/www.africa-press.net\/centrafricaine\/economie\/lancement-officiel-des-travaux-damenagement-de-laxe-routier-berberati-babaza#breadcrumb\",\"itemListElement\":[{\"@type\":\"ListItem\",\"position\":1,\"name\":\"Accueil\",\"item\":\"https:\/\/www.africa-press.net\/centrafricaine\/\"},{\"@type\":\"ListItem\",\"position\":2,\"name\":\"lancement officiel des travaux d\u2019am\u00e9nagement de l\u2019axe routier Berberati-Babaza\"}]},{\"@type\":\"WebSite\",\"@id\":\"https:\/\/www.africa-press.net\/centrafricaine\/#website\",\"url\":\"https:\/\/www.africa-press.net\/centrafricaine\/\",\"name\":\"centrafricaine\",\"description\":\"Just another Africa News Agency Sites site\",\"potentialAction\":[{\"@type\":\"SearchAction\",\"target\":{\"@type\":\"EntryPoint\",\"urlTemplate\":\"https:\/\/www.africa-press.net\/centrafricaine\/?s={search_term_string}\"},\"query-input\":{\"@type\":\"PropertyValueSpecification\",\"valueRequired\":true,\"valueName\":\"search_term_string\"}}],\"inLanguage\":\"fr-FR\"},{\"@type\":\"Person\",\"@id\":\"https:\/\/www.africa-press.net\/centrafricaine\/#\/schema\/person\/2b1cf3cd81a31e3cd26889ca66d677f1\",\"name\":\"cfeditorfr\"}]}<\/script>\n<!-- \/ Yoast SEO Premium plugin. -->","yoast_head_json":{"title":"lancement officiel des travaux d\u2019am\u00e9nagement de l\u2019axe routier Berberati-Babaza - centrafricaine","description":"Les autorite\u0301s administratives et e\u0301conomiques ont finalement lance\u0301 les travaux tant attendus de l\u2019axe routier reliant ...","robots":{"index":"index","follow":"follow","max-snippet":"max-snippet:-1","max-image-preview":"max-image-preview:large","max-video-preview":"max-video-preview:-1"},"canonical":"https:\/\/www.africa-press.net\/centrafricaine\/economie\/lancement-officiel-des-travaux-damenagement-de-laxe-routier-berberati-babaza","og_locale":"fr_FR","og_type":"article","og_title":"lancement officiel des travaux d\u2019am\u00e9nagement de l\u2019axe routier Berberati-Babaza","og_description":"Les autorite\u0301s administratives et e\u0301conomiques ont finalement lance\u0301 les travaux tant attendus de l\u2019axe routier reliant ...","og_url":"https:\/\/www.africa-press.net\/centrafricaine\/economie\/lancement-officiel-des-travaux-damenagement-de-laxe-routier-berberati-babaza","og_site_name":"centrafricaine","article_published_time":"2024-05-20T18:30:51+00:00","article_modified_time":"2024-05-20T19:14:59+00:00","og_image":[{"width":1004,"height":402,"url":"https:\/\/static.africa-press.net\/centrafricaine\/sites\/45\/2024\/05\/sm_1716219773.735121.jpg","type":"image\/jpeg"}],"author":"cfeditorfr","twitter_card":"summary_large_image","twitter_misc":{"\u00c9crit par":"cfeditorfr","Dur\u00e9e de lecture estim\u00e9e":"5 minutes"},"schema":{"@context":"https:\/\/schema.org","@graph":[{"@type":"Article","@id":"https:\/\/www.africa-press.net\/centrafricaine\/economie\/lancement-officiel-des-travaux-damenagement-de-laxe-routier-berberati-babaza#article","isPartOf":{"@id":"https:\/\/www.africa-press.net\/centrafricaine\/economie\/lancement-officiel-des-travaux-damenagement-de-laxe-routier-berberati-babaza"},"author":{"name":"cfeditorfr","@id":"https:\/\/www.africa-press.net\/centrafricaine\/#\/schema\/person\/2b1cf3cd81a31e3cd26889ca66d677f1"},"headline":"lancement officiel des travaux d\u2019am\u00e9nagement de l\u2019axe routier Berberati-Babaza","datePublished":"2024-05-20T18:30:51+00:00","dateModified":"2024-05-20T19:14:59+00:00","mainEntityOfPage":{"@id":"https:\/\/www.africa-press.net\/centrafricaine\/economie\/lancement-officiel-des-travaux-damenagement-de-laxe-routier-berberati-babaza"},"wordCount":1059,"commentCount":0,"image":{"@id":"https:\/\/www.africa-press.net\/centrafricaine\/economie\/lancement-officiel-des-travaux-damenagement-de-laxe-routier-berberati-babaza#primaryimage"},"thumbnailUrl":"https:\/\/static.africa-press.net\/centrafricaine\/sites\/45\/2024\/05\/sm_1716219773.735121.jpg","keywords":["Africa Press","Africa Press-CentrAfricaine","Alexandre Georges Bamb\u00e9l\u00e9","axe","Babaza","Berberati","CentrAfricaine","Centrafrique","lancement","route","travaux"],"articleSection":["\u00c9conomie","Toutes les actualit\u00e9s"],"inLanguage":"fr-FR","potentialAction":[{"@type":"CommentAction","name":"Comment","target":["https:\/\/www.africa-press.net\/centrafricaine\/economie\/lancement-officiel-des-travaux-damenagement-de-laxe-routier-berberati-babaza#respond"]}]},{"@type":"WebPage","@id":"https:\/\/www.africa-press.net\/centrafricaine\/economie\/lancement-officiel-des-travaux-damenagement-de-laxe-routier-berberati-babaza","url":"https:\/\/www.africa-press.net\/centrafricaine\/economie\/lancement-officiel-des-travaux-damenagement-de-laxe-routier-berberati-babaza","name":"lancement officiel des travaux d\u2019am\u00e9nagement de l\u2019axe routier Berberati-Babaza - centrafricaine","isPartOf":{"@id":"https:\/\/www.africa-press.net\/centrafricaine\/#website"},"primaryImageOfPage":{"@id":"https:\/\/www.africa-press.net\/centrafricaine\/economie\/lancement-officiel-des-travaux-damenagement-de-laxe-routier-berberati-babaza#primaryimage"},"image":{"@id":"https:\/\/www.africa-press.net\/centrafricaine\/economie\/lancement-officiel-des-travaux-damenagement-de-laxe-routier-berberati-babaza#primaryimage"},"thumbnailUrl":"https:\/\/static.africa-press.net\/centrafricaine\/sites\/45\/2024\/05\/sm_1716219773.735121.jpg","datePublished":"2024-05-20T18:30:51+00:00","dateModified":"2024-05-20T19:14:59+00:00","author":{"@id":"https:\/\/www.africa-press.net\/centrafricaine\/#\/schema\/person\/2b1cf3cd81a31e3cd26889ca66d677f1"},"description":"Les autorite\u0301s administratives et e\u0301conomiques ont finalement lance\u0301 les travaux tant attendus de l\u2019axe routier reliant ...","breadcrumb":{"@id":"https:\/\/www.africa-press.net\/centrafricaine\/economie\/lancement-officiel-des-travaux-damenagement-de-laxe-routier-berberati-babaza#breadcrumb"},"inLanguage":"fr-FR","potentialAction":[{"@type":"ReadAction","target":["https:\/\/www.africa-press.net\/centrafricaine\/economie\/lancement-officiel-des-travaux-damenagement-de-laxe-routier-berberati-babaza"]}]},{"@type":"ImageObject","inLanguage":"fr-FR","@id":"https:\/\/www.africa-press.net\/centrafricaine\/economie\/lancement-officiel-des-travaux-damenagement-de-laxe-routier-berberati-babaza#primaryimage","url":"https:\/\/static.africa-press.net\/centrafricaine\/sites\/45\/2024\/05\/sm_1716219773.735121.jpg","contentUrl":"https:\/\/static.africa-press.net\/centrafricaine\/sites\/45\/2024\/05\/sm_1716219773.735121.jpg","width":1004,"height":402,"caption":"lancement officiel des travaux d\u2019am\u00e9nagement de l\u2019axe routier Berberati-Babaza"},{"@type":"BreadcrumbList","@id":"https:\/\/www.africa-press.net\/centrafricaine\/economie\/lancement-officiel-des-travaux-damenagement-de-laxe-routier-berberati-babaza#breadcrumb","itemListElement":[{"@type":"ListItem","position":1,"name":"Accueil","item":"https:\/\/www.africa-press.net\/centrafricaine\/"},{"@type":"ListItem","position":2,"name":"lancement officiel des travaux d\u2019am\u00e9nagement de l\u2019axe routier Berberati-Babaza"}]},{"@type":"WebSite","@id":"https:\/\/www.africa-press.net\/centrafricaine\/#website","url":"https:\/\/www.africa-press.net\/centrafricaine\/","name":"centrafricaine","description":"Just another Africa News Agency Sites site","potentialAction":[{"@type":"SearchAction","target":{"@type":"EntryPoint","urlTemplate":"https:\/\/www.africa-press.net\/centrafricaine\/?s={search_term_string}"},"query-input":{"@type":"PropertyValueSpecification","valueRequired":true,"valueName":"search_term_string"}}],"inLanguage":"fr-FR"},{"@type":"Person","@id":"https:\/\/www.africa-press.net\/centrafricaine\/#\/schema\/person\/2b1cf3cd81a31e3cd26889ca66d677f1","name":"cfeditorfr"}]}},"_links":{"self":[{"href":"https:\/\/www.africa-press.net\/centrafricaine\/wp-json\/wp\/v2\/posts\/56797","targetHints":{"allow":["GET"]}}],"collection":[{"href":"https:\/\/www.africa-press.net\/centrafricaine\/wp-json\/wp\/v2\/posts"}],"about":[{"href":"https:\/\/www.africa-press.net\/centrafricaine\/wp-json\/wp\/v2\/types\/post"}],"author":[{"embeddable":true,"href":"https:\/\/www.africa-press.net\/centrafricaine\/wp-json\/wp\/v2\/users\/82"}],"replies":[{"embeddable":true,"href":"https:\/\/www.africa-press.net\/centrafricaine\/wp-json\/wp\/v2\/comments?post=56797"}],"version-history":[{"count":0,"href":"https:\/\/www.africa-press.net\/centrafricaine\/wp-json\/wp\/v2\/posts\/56797\/revisions"}],"wp:featuredmedia":[{"embeddable":true,"href":"https:\/\/www.africa-press.net\/centrafricaine\/wp-json\/wp\/v2\/media\/56796"}],"wp:attachment":[{"href":"https:\/\/www.africa-press.net\/centrafricaine\/wp-json\/wp\/v2\/media?parent=56797"}],"wp:term":[{"taxonomy":"category","embeddable":true,"href":"https:\/\/www.africa-press.net\/centrafricaine\/wp-json\/wp\/v2\/categories?post=56797"},{"taxonomy":"post_tag","embeddable":true,"href":"https:\/\/www.africa-press.net\/centrafricaine\/wp-json\/wp\/v2\/tags?post=56797"}],"curies":[{"name":"wp","href":"https:\/\/api.w.org\/{rel}","templated":true}]}}