{"id":5809,"date":"2021-04-18T14:58:02","date_gmt":"2021-04-18T14:58:02","guid":{"rendered":"https:\/\/www.africa-press.net\/centrafricaine\/?p=5809"},"modified":"2021-04-18T16:54:40","modified_gmt":"2021-04-18T16:54:40","slug":"rca-encore-des-morts-sur-le-rang-des-faca","status":"publish","type":"post","link":"https:\/\/www.africa-press.net\/centrafricaine\/politique\/rca-encore-des-morts-sur-le-rang-des-faca","title":{"rendered":"encore des morts sur le rang des FACA"},"content":{"rendered":"<p><span style=\"color: #ff6600\"><strong><a href=\"https:\/\/www.africa-press.net\/\">Africa-Press<\/a> &#8211; <a href=\"https:\/\/www.africa-press.net\/centrafricaine\">CentrAfricaine<\/a>. <\/strong><\/span>\u00a0Les FACA d\u00e9plorent sur leur rang trois soldats tu\u00e9s et plusieurs autres bless\u00e9s pr\u00e8s de la fronti\u00e8re avec le Soudan. Le lieutenant Kabo et trois de ses hommes ont p\u00e9ri apr\u00e8s une attaque des Missiria, un groupe arm\u00e9 soudanais, nocif et actif dans la r\u00e9gion de Vakaga.<\/p>\n<p>Il s\u2019agit l\u00e0 des fantassins un lieutenant, un caporal et un homme de rang de deuxi\u00e8me classe. L\u2019attaque a eu lieu hier aux environ de 16h. Les soldats bless\u00e9s ont du battre en retraite jusqu\u2019\u00e0 gagner le soudan voisin. Ils y sont rest\u00e9s jusqu\u2019\u00e0 voir leur lieutenant rendre l\u2019\u00e2me sous leur regard impuissant.<\/p>\n<p><b>\u00ab Il est mort faute de soins, c\u2019est une embuscade. On ne s\u2019y attendait pas. Mais si on avait une \u00e9quipe coordonn\u00e9e, on pouvait bien sauver la vie \u00e0 notre lieutenant qui tenait la t\u00eate \u00e0 l\u2019ennemi. Il est mort en h\u00e9ros, parce que les moyens font d\u00e9faut \u00bb,<\/b><\/p>\n<p>a indiqu\u00e9 \u00e0 CNC, un homme de rang \u00e0 Birao.<\/p>\n<p>Ce r\u00e9cit plein d\u2019\u00e9motion renvoie \u00e0 la responsabilit\u00e9 du chef supr\u00eame des arm\u00e9s. Faustin Archange Touadera sans le citer, les militaires au front ont bien d\u00e9cri\u00e9 la responsabilit\u00e9 politique et manag\u00e9riale de Touadera et de la chaine de commandement de l\u2019arm\u00e9e.<\/p>\n<p>Le silence coupable du gouvernement devant les atrocit\u00e9s n\u2019en est pas un. Les troupes sans moyens efficaces ont fait face comme ils peuvent lors de l\u2019embuscade qui leur est tendue par ces hommes arm\u00e9s.<\/p>\n<p>Les militaires attaqu\u00e9s se disent l\u00e2ch\u00e9s par le gouvernement. \u00ab Notre situation pr\u00e9caire sur le terrain ici est connu par l\u2019\u00e9tat-major et donc le gouvernement. Mais ils ne veulent pas nous cr\u00e9er les conditions pour neutraliser les groupes arm\u00e9s. M\u00eame pour avoir notre PGA cela rel\u00e8ve de miracle. Le nouveau slogan, c\u2019est le patriotisme alors qu\u2019on s\u2019occupe bien des russes. Qu\u2019est ce que tu veux \u00bb, a indiqu\u00e9 un soldat l\u00e9g\u00e8rement bless\u00e9 lors de cet affrontement.<\/p>\n<p>Les soldats rwandais ont apport\u00e9 leur soutien logistique \u00e0 l\u2019arm\u00e9e pour transf\u00e9rer les corps \u00e0 Bangui pour que l\u2019honneur militaire leur soit rendu dans les jours-ci.<\/p>\n<p>Dans un communiqu\u00e9 laconique, l\u2019\u00e9tat-major a fait un lien entre ces groupes d\u2019assaillants avec la Coalition des Patriotes pour le changement.<\/p>\n<p>&nbsp;<\/p>\n","protected":false},"excerpt":{"rendered":"<p>Africa-Press &#8211; CentrAfricaine. \u00a0Les FACA d\u00e9plorent sur leur rang trois soldats tu\u00e9s et plusieurs autres bless\u00e9s pr\u00e8s de la fronti\u00e8re avec le Soudan. Le lieutenant Kabo et trois de ses hommes ont p\u00e9ri apr\u00e8s une attaque des Missiria, un groupe arm\u00e9 soudanais, nocif et actif dans la r\u00e9gion de Vakaga. Il s\u2019agit l\u00e0 des fantassins [&hellip;]<\/p>\n","protected":false},"author":82,"featured_media":5808,"comment_status":"open","ping_status":"closed","sticky":false,"template":"","format":"standard","meta":{"footnotes":""},"categories":[11,2,20,10],"tags":[36,58,30],"class_list":["post-5809","post","type-post","status-publish","format-standard","has-post-thumbnail","hentry","category-homepage-french","category-politique","category-top-nouvelles","category-toutes-les-actualites","tag-africa-press","tag-africa-press-centrafricaine","tag-centrafricaine"],"yoast_head":"<!-- This site is optimized with the Yoast SEO Premium plugin v26.1 (Yoast SEO v27.0) - https:\/\/yoast.com\/product\/yoast-seo-premium-wordpress\/ -->\n<title>encore des morts sur le rang des FACA - centrafricaine<\/title>\n<meta name=\"description\" content=\"Bangui, R\u00e9publique centrafricaine, samedi, 17 avril 2021, , 14:37:59 ( Corbeaunews-Centrafrique ). Les FACA d\u00e9 ...\" \/>\n<meta name=\"robots\" content=\"index, follow, max-snippet:-1, max-image-preview:large, max-video-preview:-1\" \/>\n<link rel=\"canonical\" href=\"https:\/\/www.africa-press.net\/centrafricaine\/politique\/rca-encore-des-morts-sur-le-rang-des-faca\" \/>\n<meta property=\"og:locale\" content=\"fr_FR\" \/>\n<meta property=\"og:type\" content=\"article\" \/>\n<meta property=\"og:title\" content=\"encore des morts sur le rang des FACA\" \/>\n<meta property=\"og:description\" content=\"Bangui, R\u00e9publique centrafricaine, samedi, 17 avril 2021, , 14:37:59 ( Corbeaunews-Centrafrique ). Les FACA d\u00e9 ...\" \/>\n<meta property=\"og:url\" content=\"https:\/\/www.africa-press.net\/centrafricaine\/politique\/rca-encore-des-morts-sur-le-rang-des-faca\" \/>\n<meta property=\"og:site_name\" content=\"centrafricaine\" \/>\n<meta property=\"article:published_time\" content=\"2021-04-18T14:58:02+00:00\" \/>\n<meta property=\"article:modified_time\" content=\"2021-04-18T16:54:40+00:00\" \/>\n<meta property=\"og:image\" content=\"https:\/\/static.africa-press.net\/centrafricaine\/sites\/45\/2021\/04\/img-607c425b504d6.jpg\" \/>\n\t<meta property=\"og:image:width\" content=\"1000\" \/>\n\t<meta property=\"og:image:height\" content=\"654\" \/>\n\t<meta property=\"og:image:type\" content=\"image\/jpeg\" \/>\n<meta name=\"author\" content=\"cfeditorfr\" \/>\n<meta name=\"twitter:card\" content=\"summary_large_image\" \/>\n<meta name=\"twitter:label1\" content=\"\u00c9crit par\" \/>\n\t<meta name=\"twitter:data1\" content=\"cfeditorfr\" \/>\n\t<meta name=\"twitter:label2\" content=\"Dur\u00e9e de lecture estim\u00e9e\" \/>\n\t<meta name=\"twitter:data2\" content=\"2 minutes\" \/>\n<script type=\"application\/ld+json\" class=\"yoast-schema-graph\">{\"@context\":\"https:\/\/schema.org\",\"@graph\":[{\"@type\":\"Article\",\"@id\":\"https:\/\/www.africa-press.net\/centrafricaine\/politique\/rca-encore-des-morts-sur-le-rang-des-faca#article\",\"isPartOf\":{\"@id\":\"https:\/\/www.africa-press.net\/centrafricaine\/politique\/rca-encore-des-morts-sur-le-rang-des-faca\"},\"author\":{\"name\":\"cfeditorfr\",\"@id\":\"https:\/\/www.africa-press.net\/centrafricaine\/#\/schema\/person\/2b1cf3cd81a31e3cd26889ca66d677f1\"},\"headline\":\"encore des morts sur le rang des FACA\",\"datePublished\":\"2021-04-18T14:58:02+00:00\",\"dateModified\":\"2021-04-18T16:54:40+00:00\",\"mainEntityOfPage\":{\"@id\":\"https:\/\/www.africa-press.net\/centrafricaine\/politique\/rca-encore-des-morts-sur-le-rang-des-faca\"},\"wordCount\":412,\"commentCount\":0,\"image\":{\"@id\":\"https:\/\/www.africa-press.net\/centrafricaine\/politique\/rca-encore-des-morts-sur-le-rang-des-faca#primaryimage\"},\"thumbnailUrl\":\"https:\/\/static.africa-press.net\/centrafricaine\/sites\/45\/2021\/04\/img-607c425b504d6.jpg\",\"keywords\":[\"Africa Press\",\"Africa Press-CentrAfricaine\",\"CentrAfricaine\"],\"articleSection\":[\"homepage-french\",\"Politique\",\"Top Nouvelles\",\"Toutes les actualit\u00e9s\"],\"inLanguage\":\"fr-FR\",\"potentialAction\":[{\"@type\":\"CommentAction\",\"name\":\"Comment\",\"target\":[\"https:\/\/www.africa-press.net\/centrafricaine\/politique\/rca-encore-des-morts-sur-le-rang-des-faca#respond\"]}]},{\"@type\":\"WebPage\",\"@id\":\"https:\/\/www.africa-press.net\/centrafricaine\/politique\/rca-encore-des-morts-sur-le-rang-des-faca\",\"url\":\"https:\/\/www.africa-press.net\/centrafricaine\/politique\/rca-encore-des-morts-sur-le-rang-des-faca\",\"name\":\"encore des morts sur le rang des FACA - centrafricaine\",\"isPartOf\":{\"@id\":\"https:\/\/www.africa-press.net\/centrafricaine\/#website\"},\"primaryImageOfPage\":{\"@id\":\"https:\/\/www.africa-press.net\/centrafricaine\/politique\/rca-encore-des-morts-sur-le-rang-des-faca#primaryimage\"},\"image\":{\"@id\":\"https:\/\/www.africa-press.net\/centrafricaine\/politique\/rca-encore-des-morts-sur-le-rang-des-faca#primaryimage\"},\"thumbnailUrl\":\"https:\/\/static.africa-press.net\/centrafricaine\/sites\/45\/2021\/04\/img-607c425b504d6.jpg\",\"datePublished\":\"2021-04-18T14:58:02+00:00\",\"dateModified\":\"2021-04-18T16:54:40+00:00\",\"author\":{\"@id\":\"https:\/\/www.africa-press.net\/centrafricaine\/#\/schema\/person\/2b1cf3cd81a31e3cd26889ca66d677f1\"},\"description\":\"Bangui, R\u00e9publique centrafricaine, samedi, 17 avril 2021, , 14:37:59 ( Corbeaunews-Centrafrique ). Les FACA d\u00e9 ...\",\"breadcrumb\":{\"@id\":\"https:\/\/www.africa-press.net\/centrafricaine\/politique\/rca-encore-des-morts-sur-le-rang-des-faca#breadcrumb\"},\"inLanguage\":\"fr-FR\",\"potentialAction\":[{\"@type\":\"ReadAction\",\"target\":[\"https:\/\/www.africa-press.net\/centrafricaine\/politique\/rca-encore-des-morts-sur-le-rang-des-faca\"]}]},{\"@type\":\"ImageObject\",\"inLanguage\":\"fr-FR\",\"@id\":\"https:\/\/www.africa-press.net\/centrafricaine\/politique\/rca-encore-des-morts-sur-le-rang-des-faca#primaryimage\",\"url\":\"https:\/\/static.africa-press.net\/centrafricaine\/sites\/45\/2021\/04\/img-607c425b504d6.jpg\",\"contentUrl\":\"https:\/\/static.africa-press.net\/centrafricaine\/sites\/45\/2021\/04\/img-607c425b504d6.jpg\",\"width\":1000,\"height\":654,\"caption\":\"RCA\u00a0: encore des morts sur le rang des FACA\"},{\"@type\":\"BreadcrumbList\",\"@id\":\"https:\/\/www.africa-press.net\/centrafricaine\/politique\/rca-encore-des-morts-sur-le-rang-des-faca#breadcrumb\",\"itemListElement\":[{\"@type\":\"ListItem\",\"position\":1,\"name\":\"Accueil\",\"item\":\"https:\/\/www.africa-press.net\/centrafricaine\/\"},{\"@type\":\"ListItem\",\"position\":2,\"name\":\"encore des morts sur le rang des FACA\"}]},{\"@type\":\"WebSite\",\"@id\":\"https:\/\/www.africa-press.net\/centrafricaine\/#website\",\"url\":\"https:\/\/www.africa-press.net\/centrafricaine\/\",\"name\":\"centrafricaine\",\"description\":\"Just another Africa News Agency Sites site\",\"potentialAction\":[{\"@type\":\"SearchAction\",\"target\":{\"@type\":\"EntryPoint\",\"urlTemplate\":\"https:\/\/www.africa-press.net\/centrafricaine\/?s={search_term_string}\"},\"query-input\":{\"@type\":\"PropertyValueSpecification\",\"valueRequired\":true,\"valueName\":\"search_term_string\"}}],\"inLanguage\":\"fr-FR\"},{\"@type\":\"Person\",\"@id\":\"https:\/\/www.africa-press.net\/centrafricaine\/#\/schema\/person\/2b1cf3cd81a31e3cd26889ca66d677f1\",\"name\":\"cfeditorfr\"}]}<\/script>\n<!-- \/ Yoast SEO Premium plugin. -->","yoast_head_json":{"title":"encore des morts sur le rang des FACA - centrafricaine","description":"Bangui, R\u00e9publique centrafricaine, samedi, 17 avril 2021, , 14:37:59 ( Corbeaunews-Centrafrique ). Les FACA d\u00e9 ...","robots":{"index":"index","follow":"follow","max-snippet":"max-snippet:-1","max-image-preview":"max-image-preview:large","max-video-preview":"max-video-preview:-1"},"canonical":"https:\/\/www.africa-press.net\/centrafricaine\/politique\/rca-encore-des-morts-sur-le-rang-des-faca","og_locale":"fr_FR","og_type":"article","og_title":"encore des morts sur le rang des FACA","og_description":"Bangui, R\u00e9publique centrafricaine, samedi, 17 avril 2021, , 14:37:59 ( Corbeaunews-Centrafrique ). Les FACA d\u00e9 ...","og_url":"https:\/\/www.africa-press.net\/centrafricaine\/politique\/rca-encore-des-morts-sur-le-rang-des-faca","og_site_name":"centrafricaine","article_published_time":"2021-04-18T14:58:02+00:00","article_modified_time":"2021-04-18T16:54:40+00:00","og_image":[{"width":1000,"height":654,"url":"https:\/\/static.africa-press.net\/centrafricaine\/sites\/45\/2021\/04\/img-607c425b504d6.jpg","type":"image\/jpeg"}],"author":"cfeditorfr","twitter_card":"summary_large_image","twitter_misc":{"\u00c9crit par":"cfeditorfr","Dur\u00e9e de lecture estim\u00e9e":"2 minutes"},"schema":{"@context":"https:\/\/schema.org","@graph":[{"@type":"Article","@id":"https:\/\/www.africa-press.net\/centrafricaine\/politique\/rca-encore-des-morts-sur-le-rang-des-faca#article","isPartOf":{"@id":"https:\/\/www.africa-press.net\/centrafricaine\/politique\/rca-encore-des-morts-sur-le-rang-des-faca"},"author":{"name":"cfeditorfr","@id":"https:\/\/www.africa-press.net\/centrafricaine\/#\/schema\/person\/2b1cf3cd81a31e3cd26889ca66d677f1"},"headline":"encore des morts sur le rang des FACA","datePublished":"2021-04-18T14:58:02+00:00","dateModified":"2021-04-18T16:54:40+00:00","mainEntityOfPage":{"@id":"https:\/\/www.africa-press.net\/centrafricaine\/politique\/rca-encore-des-morts-sur-le-rang-des-faca"},"wordCount":412,"commentCount":0,"image":{"@id":"https:\/\/www.africa-press.net\/centrafricaine\/politique\/rca-encore-des-morts-sur-le-rang-des-faca#primaryimage"},"thumbnailUrl":"https:\/\/static.africa-press.net\/centrafricaine\/sites\/45\/2021\/04\/img-607c425b504d6.jpg","keywords":["Africa Press","Africa Press-CentrAfricaine","CentrAfricaine"],"articleSection":["homepage-french","Politique","Top Nouvelles","Toutes les actualit\u00e9s"],"inLanguage":"fr-FR","potentialAction":[{"@type":"CommentAction","name":"Comment","target":["https:\/\/www.africa-press.net\/centrafricaine\/politique\/rca-encore-des-morts-sur-le-rang-des-faca#respond"]}]},{"@type":"WebPage","@id":"https:\/\/www.africa-press.net\/centrafricaine\/politique\/rca-encore-des-morts-sur-le-rang-des-faca","url":"https:\/\/www.africa-press.net\/centrafricaine\/politique\/rca-encore-des-morts-sur-le-rang-des-faca","name":"encore des morts sur le rang des FACA - centrafricaine","isPartOf":{"@id":"https:\/\/www.africa-press.net\/centrafricaine\/#website"},"primaryImageOfPage":{"@id":"https:\/\/www.africa-press.net\/centrafricaine\/politique\/rca-encore-des-morts-sur-le-rang-des-faca#primaryimage"},"image":{"@id":"https:\/\/www.africa-press.net\/centrafricaine\/politique\/rca-encore-des-morts-sur-le-rang-des-faca#primaryimage"},"thumbnailUrl":"https:\/\/static.africa-press.net\/centrafricaine\/sites\/45\/2021\/04\/img-607c425b504d6.jpg","datePublished":"2021-04-18T14:58:02+00:00","dateModified":"2021-04-18T16:54:40+00:00","author":{"@id":"https:\/\/www.africa-press.net\/centrafricaine\/#\/schema\/person\/2b1cf3cd81a31e3cd26889ca66d677f1"},"description":"Bangui, R\u00e9publique centrafricaine, samedi, 17 avril 2021, , 14:37:59 ( Corbeaunews-Centrafrique ). Les FACA d\u00e9 ...","breadcrumb":{"@id":"https:\/\/www.africa-press.net\/centrafricaine\/politique\/rca-encore-des-morts-sur-le-rang-des-faca#breadcrumb"},"inLanguage":"fr-FR","potentialAction":[{"@type":"ReadAction","target":["https:\/\/www.africa-press.net\/centrafricaine\/politique\/rca-encore-des-morts-sur-le-rang-des-faca"]}]},{"@type":"ImageObject","inLanguage":"fr-FR","@id":"https:\/\/www.africa-press.net\/centrafricaine\/politique\/rca-encore-des-morts-sur-le-rang-des-faca#primaryimage","url":"https:\/\/static.africa-press.net\/centrafricaine\/sites\/45\/2021\/04\/img-607c425b504d6.jpg","contentUrl":"https:\/\/static.africa-press.net\/centrafricaine\/sites\/45\/2021\/04\/img-607c425b504d6.jpg","width":1000,"height":654,"caption":"RCA\u00a0: encore des morts sur le rang des FACA"},{"@type":"BreadcrumbList","@id":"https:\/\/www.africa-press.net\/centrafricaine\/politique\/rca-encore-des-morts-sur-le-rang-des-faca#breadcrumb","itemListElement":[{"@type":"ListItem","position":1,"name":"Accueil","item":"https:\/\/www.africa-press.net\/centrafricaine\/"},{"@type":"ListItem","position":2,"name":"encore des morts sur le rang des FACA"}]},{"@type":"WebSite","@id":"https:\/\/www.africa-press.net\/centrafricaine\/#website","url":"https:\/\/www.africa-press.net\/centrafricaine\/","name":"centrafricaine","description":"Just another Africa News Agency Sites site","potentialAction":[{"@type":"SearchAction","target":{"@type":"EntryPoint","urlTemplate":"https:\/\/www.africa-press.net\/centrafricaine\/?s={search_term_string}"},"query-input":{"@type":"PropertyValueSpecification","valueRequired":true,"valueName":"search_term_string"}}],"inLanguage":"fr-FR"},{"@type":"Person","@id":"https:\/\/www.africa-press.net\/centrafricaine\/#\/schema\/person\/2b1cf3cd81a31e3cd26889ca66d677f1","name":"cfeditorfr"}]}},"_links":{"self":[{"href":"https:\/\/www.africa-press.net\/centrafricaine\/wp-json\/wp\/v2\/posts\/5809","targetHints":{"allow":["GET"]}}],"collection":[{"href":"https:\/\/www.africa-press.net\/centrafricaine\/wp-json\/wp\/v2\/posts"}],"about":[{"href":"https:\/\/www.africa-press.net\/centrafricaine\/wp-json\/wp\/v2\/types\/post"}],"author":[{"embeddable":true,"href":"https:\/\/www.africa-press.net\/centrafricaine\/wp-json\/wp\/v2\/users\/82"}],"replies":[{"embeddable":true,"href":"https:\/\/www.africa-press.net\/centrafricaine\/wp-json\/wp\/v2\/comments?post=5809"}],"version-history":[{"count":0,"href":"https:\/\/www.africa-press.net\/centrafricaine\/wp-json\/wp\/v2\/posts\/5809\/revisions"}],"wp:featuredmedia":[{"embeddable":true,"href":"https:\/\/www.africa-press.net\/centrafricaine\/wp-json\/wp\/v2\/media\/5808"}],"wp:attachment":[{"href":"https:\/\/www.africa-press.net\/centrafricaine\/wp-json\/wp\/v2\/media?parent=5809"}],"wp:term":[{"taxonomy":"category","embeddable":true,"href":"https:\/\/www.africa-press.net\/centrafricaine\/wp-json\/wp\/v2\/categories?post=5809"},{"taxonomy":"post_tag","embeddable":true,"href":"https:\/\/www.africa-press.net\/centrafricaine\/wp-json\/wp\/v2\/tags?post=5809"}],"curies":[{"name":"wp","href":"https:\/\/api.w.org\/{rel}","templated":true}]}}