{"id":5812,"date":"2021-04-18T15:07:49","date_gmt":"2021-04-18T15:07:49","guid":{"rendered":"https:\/\/www.africa-press.net\/centrafricaine\/?p=5812"},"modified":"2021-04-18T16:54:53","modified_gmt":"2021-04-18T16:54:53","slug":"embuscade-a-birao-trois-militaires-tues","status":"publish","type":"post","link":"https:\/\/www.africa-press.net\/centrafricaine\/politique\/embuscade-a-birao-trois-militaires-tues","title":{"rendered":"Embuscade \u00e0 Birao, trois militaires tu\u00e9s"},"content":{"rendered":"<p><span style=\"color: #ff6600\"><strong><a href=\"https:\/\/www.africa-press.net\/\">Africa-Press<\/a> &#8211; <a href=\"https:\/\/www.africa-press.net\/centrafricaine\">CentrAfricaine<\/a>.\u00a0 <\/strong><\/span><b>\u00a0Les \u00e9l\u00e9ments du d\u00e9tachement des FACA en poste avanc\u00e9 \u00e0 Gabal (Amdafock RCA) \u00e0 environ 67 km sont tomb\u00e9s dans une embuscade tendue par les rebelles Soudanais \u201cMissiria\u201d coalis\u00e9 avec la CPC, hier le 16 avril \u00e0 16h lors d\u2019une patrouille de reconnaissance \u00e0 environ 25 km de Gabal.<\/b><\/p>\n<p>Bilan 3 morts du c\u00f4t\u00e9 FACA, 4 bless\u00e9s dont 1 auxiliaire de la gendarmerie nationale. Le chef d\u2019\u00e9tat-major des arm\u00e9es Z\u00e9phirin Mamadou demande au public en g\u00e9n\u00e9ral, \u00e0 la population de Birao et de ses environs en particulier que les FACA sont en train de multiplier des missions de patrouilles dans la zone pour mettre hors d\u2019\u00e9tat de nuire ces rebelles soudanais et autres. Il demande \u00e0 la population de Birao de garder le calme\u201d pr\u00e9cise le communiqu\u00e9 de l\u2019\u00e9tat major sign\u00e9 Augustin Ndango-Kpako.<\/p>\n<p><b>Les limites de la formation tant chant\u00e9e urbi orbi sur les toits par les mercenaires russes ont montr\u00e9 leur limite<\/b><\/p>\n<p>.<\/p>\n<p>Pendant que les militaires sont tu\u00e9s au front, et les consternations gagnent les collines des Oubangui, les manipul\u00e9s du r\u00e9gime font la danse des ventres avec l\u2019argent du tr\u00e9sor public donn\u00e9 aux russes et qui servent de monnaie de manipulation pour les centrafricains fatigu\u00e9s par la faim de marcher devant la Minusca.<\/p>\n<p><b>La responsabilit\u00e9 de Koyara et Touadera dans l\u2019embuscade tendue au FACA<\/b><\/p>\n<p>Les lignes budg\u00e9taires sens\u00e9es cr\u00e9\u00e9es les meilleures conditions de travail aux FACA sont d\u2019ores et d\u00e9j\u00e0 dilapid\u00e9es par Marie Noelle Koyara avec la b\u00e9n\u00e9diction de Touadera, Grebada et Laurent Ngon-Baba. Malgr\u00e9 la pertinente recommandation de la Haute Autorit\u00e9 \u00e0 la Gouvernance, Touadera s\u2019est royalement ferm\u00e9 les yeux, parce que les lignes ont permis le financement de sa campagne du MCU.<\/p>\n<p>Cons\u00e9quences, les FACA sont oblig\u00e9es de se battre comme ils peuvent sur le terrain comme s\u2019ils ne sont pas morts pour cause de la patrie.<\/p>\n<p>Contact\u00e9, un officier militaire \u00e0 la retraite ne trouve pas de mot. \u00ab Qu\u2019est ce que vous voulez ! L\u2019arm\u00e9e a perdu sa lettre de noblesse, les autorit\u00e9s n\u2019ont aucun sens de d\u00e9vouement. Comment expliquer vous le caract\u00e8re sournois de Touadera face \u00e0 ce d\u00e9luge de feu qui d\u00e9cime nos hommes \u00bb ? Rel\u00e8ve cet officier \u00e0 la retraite.<\/p>\n<p>Tant est si vrai que la CPC se rallie avec les Missiria tel qu\u2019indiqu\u00e9 par le communiqu\u00e9 de l\u2019\u00e9tat-major, cela rapporte bien le d\u00e9samour entre Touadera et les pr\u00e9sidents de la sous-r\u00e9gion m\u00eame du soudan voisin dont il b\u00e9n\u00e9ficie de la base arri\u00e8re de la Russie dans ce pays.<\/p>\n<p>&nbsp;<\/p>\n","protected":false},"excerpt":{"rendered":"<p>Africa-Press &#8211; CentrAfricaine.\u00a0 \u00a0Les \u00e9l\u00e9ments du d\u00e9tachement des FACA en poste avanc\u00e9 \u00e0 Gabal (Amdafock RCA) \u00e0 environ 67 km sont tomb\u00e9s dans une embuscade tendue par les rebelles Soudanais \u201cMissiria\u201d coalis\u00e9 avec la CPC, hier le 16 avril \u00e0 16h lors d\u2019une patrouille de reconnaissance \u00e0 environ 25 km de Gabal. Bilan 3 morts [&hellip;]<\/p>\n","protected":false},"author":82,"featured_media":5811,"comment_status":"open","ping_status":"closed","sticky":false,"template":"","format":"standard","meta":{"footnotes":""},"categories":[11,2,10],"tags":[36,58,30],"class_list":["post-5812","post","type-post","status-publish","format-standard","has-post-thumbnail","hentry","category-homepage-french","category-politique","category-toutes-les-actualites","tag-africa-press","tag-africa-press-centrafricaine","tag-centrafricaine"],"yoast_head":"<!-- This site is optimized with the Yoast SEO Premium plugin v26.1 (Yoast SEO v27.0) - https:\/\/yoast.com\/product\/yoast-seo-premium-wordpress\/ -->\n<title>Embuscade \u00e0 Birao, trois militaires tu\u00e9s - centrafricaine<\/title>\n<meta name=\"description\" content=\"Bangui, R\u00e9publique centrafricaine, samedi, 17 avril 2021 ( Corbeaunews-Centrafrique). Les \u00e9l\u00e9ments du d\u00e9tachement des ...\" \/>\n<meta name=\"robots\" content=\"index, follow, max-snippet:-1, max-image-preview:large, max-video-preview:-1\" \/>\n<link rel=\"canonical\" href=\"https:\/\/www.africa-press.net\/centrafricaine\/politique\/embuscade-a-birao-trois-militaires-tues\" \/>\n<meta property=\"og:locale\" content=\"fr_FR\" \/>\n<meta property=\"og:type\" content=\"article\" \/>\n<meta property=\"og:title\" content=\"Embuscade \u00e0 Birao, trois militaires tu\u00e9s\" \/>\n<meta property=\"og:description\" content=\"Bangui, R\u00e9publique centrafricaine, samedi, 17 avril 2021 ( Corbeaunews-Centrafrique). Les \u00e9l\u00e9ments du d\u00e9tachement des ...\" \/>\n<meta property=\"og:url\" content=\"https:\/\/www.africa-press.net\/centrafricaine\/politique\/embuscade-a-birao-trois-militaires-tues\" \/>\n<meta property=\"og:site_name\" content=\"centrafricaine\" \/>\n<meta property=\"article:published_time\" content=\"2021-04-18T15:07:49+00:00\" \/>\n<meta property=\"article:modified_time\" content=\"2021-04-18T16:54:53+00:00\" \/>\n<meta property=\"og:image\" content=\"https:\/\/static.africa-press.net\/centrafricaine\/sites\/45\/2021\/04\/img-607c428a13366.jpg\" \/>\n\t<meta property=\"og:image:width\" content=\"720\" \/>\n\t<meta property=\"og:image:height\" content=\"480\" \/>\n\t<meta property=\"og:image:type\" content=\"image\/jpeg\" \/>\n<meta name=\"author\" content=\"cfeditorfr\" \/>\n<meta name=\"twitter:card\" content=\"summary_large_image\" \/>\n<meta name=\"twitter:label1\" content=\"\u00c9crit par\" \/>\n\t<meta name=\"twitter:data1\" content=\"cfeditorfr\" \/>\n\t<meta name=\"twitter:label2\" content=\"Dur\u00e9e de lecture estim\u00e9e\" \/>\n\t<meta name=\"twitter:data2\" content=\"2 minutes\" \/>\n<script type=\"application\/ld+json\" class=\"yoast-schema-graph\">{\"@context\":\"https:\/\/schema.org\",\"@graph\":[{\"@type\":\"Article\",\"@id\":\"https:\/\/www.africa-press.net\/centrafricaine\/politique\/embuscade-a-birao-trois-militaires-tues#article\",\"isPartOf\":{\"@id\":\"https:\/\/www.africa-press.net\/centrafricaine\/politique\/embuscade-a-birao-trois-militaires-tues\"},\"author\":{\"name\":\"cfeditorfr\",\"@id\":\"https:\/\/www.africa-press.net\/centrafricaine\/#\/schema\/person\/2b1cf3cd81a31e3cd26889ca66d677f1\"},\"headline\":\"Embuscade \u00e0 Birao, trois militaires tu\u00e9s\",\"datePublished\":\"2021-04-18T15:07:49+00:00\",\"dateModified\":\"2021-04-18T16:54:53+00:00\",\"mainEntityOfPage\":{\"@id\":\"https:\/\/www.africa-press.net\/centrafricaine\/politique\/embuscade-a-birao-trois-militaires-tues\"},\"wordCount\":452,\"commentCount\":0,\"image\":{\"@id\":\"https:\/\/www.africa-press.net\/centrafricaine\/politique\/embuscade-a-birao-trois-militaires-tues#primaryimage\"},\"thumbnailUrl\":\"https:\/\/static.africa-press.net\/centrafricaine\/sites\/45\/2021\/04\/img-607c428a13366.jpg\",\"keywords\":[\"Africa Press\",\"Africa Press-CentrAfricaine\",\"CentrAfricaine\"],\"articleSection\":[\"homepage-french\",\"Politique\",\"Toutes les actualit\u00e9s\"],\"inLanguage\":\"fr-FR\",\"potentialAction\":[{\"@type\":\"CommentAction\",\"name\":\"Comment\",\"target\":[\"https:\/\/www.africa-press.net\/centrafricaine\/politique\/embuscade-a-birao-trois-militaires-tues#respond\"]}]},{\"@type\":\"WebPage\",\"@id\":\"https:\/\/www.africa-press.net\/centrafricaine\/politique\/embuscade-a-birao-trois-militaires-tues\",\"url\":\"https:\/\/www.africa-press.net\/centrafricaine\/politique\/embuscade-a-birao-trois-militaires-tues\",\"name\":\"Embuscade \u00e0 Birao, trois militaires tu\u00e9s - centrafricaine\",\"isPartOf\":{\"@id\":\"https:\/\/www.africa-press.net\/centrafricaine\/#website\"},\"primaryImageOfPage\":{\"@id\":\"https:\/\/www.africa-press.net\/centrafricaine\/politique\/embuscade-a-birao-trois-militaires-tues#primaryimage\"},\"image\":{\"@id\":\"https:\/\/www.africa-press.net\/centrafricaine\/politique\/embuscade-a-birao-trois-militaires-tues#primaryimage\"},\"thumbnailUrl\":\"https:\/\/static.africa-press.net\/centrafricaine\/sites\/45\/2021\/04\/img-607c428a13366.jpg\",\"datePublished\":\"2021-04-18T15:07:49+00:00\",\"dateModified\":\"2021-04-18T16:54:53+00:00\",\"author\":{\"@id\":\"https:\/\/www.africa-press.net\/centrafricaine\/#\/schema\/person\/2b1cf3cd81a31e3cd26889ca66d677f1\"},\"description\":\"Bangui, R\u00e9publique centrafricaine, samedi, 17 avril 2021 ( Corbeaunews-Centrafrique). Les \u00e9l\u00e9ments du d\u00e9tachement des ...\",\"breadcrumb\":{\"@id\":\"https:\/\/www.africa-press.net\/centrafricaine\/politique\/embuscade-a-birao-trois-militaires-tues#breadcrumb\"},\"inLanguage\":\"fr-FR\",\"potentialAction\":[{\"@type\":\"ReadAction\",\"target\":[\"https:\/\/www.africa-press.net\/centrafricaine\/politique\/embuscade-a-birao-trois-militaires-tues\"]}]},{\"@type\":\"ImageObject\",\"inLanguage\":\"fr-FR\",\"@id\":\"https:\/\/www.africa-press.net\/centrafricaine\/politique\/embuscade-a-birao-trois-militaires-tues#primaryimage\",\"url\":\"https:\/\/static.africa-press.net\/centrafricaine\/sites\/45\/2021\/04\/img-607c428a13366.jpg\",\"contentUrl\":\"https:\/\/static.africa-press.net\/centrafricaine\/sites\/45\/2021\/04\/img-607c428a13366.jpg\",\"width\":720,\"height\":480,\"caption\":\"Embuscade \u00e0 Birao, trois militaires tu\u00e9s\"},{\"@type\":\"BreadcrumbList\",\"@id\":\"https:\/\/www.africa-press.net\/centrafricaine\/politique\/embuscade-a-birao-trois-militaires-tues#breadcrumb\",\"itemListElement\":[{\"@type\":\"ListItem\",\"position\":1,\"name\":\"Accueil\",\"item\":\"https:\/\/www.africa-press.net\/centrafricaine\/\"},{\"@type\":\"ListItem\",\"position\":2,\"name\":\"Embuscade \u00e0 Birao, trois militaires tu\u00e9s\"}]},{\"@type\":\"WebSite\",\"@id\":\"https:\/\/www.africa-press.net\/centrafricaine\/#website\",\"url\":\"https:\/\/www.africa-press.net\/centrafricaine\/\",\"name\":\"centrafricaine\",\"description\":\"Just another Africa News Agency Sites site\",\"potentialAction\":[{\"@type\":\"SearchAction\",\"target\":{\"@type\":\"EntryPoint\",\"urlTemplate\":\"https:\/\/www.africa-press.net\/centrafricaine\/?s={search_term_string}\"},\"query-input\":{\"@type\":\"PropertyValueSpecification\",\"valueRequired\":true,\"valueName\":\"search_term_string\"}}],\"inLanguage\":\"fr-FR\"},{\"@type\":\"Person\",\"@id\":\"https:\/\/www.africa-press.net\/centrafricaine\/#\/schema\/person\/2b1cf3cd81a31e3cd26889ca66d677f1\",\"name\":\"cfeditorfr\"}]}<\/script>\n<!-- \/ Yoast SEO Premium plugin. -->","yoast_head_json":{"title":"Embuscade \u00e0 Birao, trois militaires tu\u00e9s - centrafricaine","description":"Bangui, R\u00e9publique centrafricaine, samedi, 17 avril 2021 ( Corbeaunews-Centrafrique). Les \u00e9l\u00e9ments du d\u00e9tachement des ...","robots":{"index":"index","follow":"follow","max-snippet":"max-snippet:-1","max-image-preview":"max-image-preview:large","max-video-preview":"max-video-preview:-1"},"canonical":"https:\/\/www.africa-press.net\/centrafricaine\/politique\/embuscade-a-birao-trois-militaires-tues","og_locale":"fr_FR","og_type":"article","og_title":"Embuscade \u00e0 Birao, trois militaires tu\u00e9s","og_description":"Bangui, R\u00e9publique centrafricaine, samedi, 17 avril 2021 ( Corbeaunews-Centrafrique). Les \u00e9l\u00e9ments du d\u00e9tachement des ...","og_url":"https:\/\/www.africa-press.net\/centrafricaine\/politique\/embuscade-a-birao-trois-militaires-tues","og_site_name":"centrafricaine","article_published_time":"2021-04-18T15:07:49+00:00","article_modified_time":"2021-04-18T16:54:53+00:00","og_image":[{"width":720,"height":480,"url":"https:\/\/static.africa-press.net\/centrafricaine\/sites\/45\/2021\/04\/img-607c428a13366.jpg","type":"image\/jpeg"}],"author":"cfeditorfr","twitter_card":"summary_large_image","twitter_misc":{"\u00c9crit par":"cfeditorfr","Dur\u00e9e de lecture estim\u00e9e":"2 minutes"},"schema":{"@context":"https:\/\/schema.org","@graph":[{"@type":"Article","@id":"https:\/\/www.africa-press.net\/centrafricaine\/politique\/embuscade-a-birao-trois-militaires-tues#article","isPartOf":{"@id":"https:\/\/www.africa-press.net\/centrafricaine\/politique\/embuscade-a-birao-trois-militaires-tues"},"author":{"name":"cfeditorfr","@id":"https:\/\/www.africa-press.net\/centrafricaine\/#\/schema\/person\/2b1cf3cd81a31e3cd26889ca66d677f1"},"headline":"Embuscade \u00e0 Birao, trois militaires tu\u00e9s","datePublished":"2021-04-18T15:07:49+00:00","dateModified":"2021-04-18T16:54:53+00:00","mainEntityOfPage":{"@id":"https:\/\/www.africa-press.net\/centrafricaine\/politique\/embuscade-a-birao-trois-militaires-tues"},"wordCount":452,"commentCount":0,"image":{"@id":"https:\/\/www.africa-press.net\/centrafricaine\/politique\/embuscade-a-birao-trois-militaires-tues#primaryimage"},"thumbnailUrl":"https:\/\/static.africa-press.net\/centrafricaine\/sites\/45\/2021\/04\/img-607c428a13366.jpg","keywords":["Africa Press","Africa Press-CentrAfricaine","CentrAfricaine"],"articleSection":["homepage-french","Politique","Toutes les actualit\u00e9s"],"inLanguage":"fr-FR","potentialAction":[{"@type":"CommentAction","name":"Comment","target":["https:\/\/www.africa-press.net\/centrafricaine\/politique\/embuscade-a-birao-trois-militaires-tues#respond"]}]},{"@type":"WebPage","@id":"https:\/\/www.africa-press.net\/centrafricaine\/politique\/embuscade-a-birao-trois-militaires-tues","url":"https:\/\/www.africa-press.net\/centrafricaine\/politique\/embuscade-a-birao-trois-militaires-tues","name":"Embuscade \u00e0 Birao, trois militaires tu\u00e9s - centrafricaine","isPartOf":{"@id":"https:\/\/www.africa-press.net\/centrafricaine\/#website"},"primaryImageOfPage":{"@id":"https:\/\/www.africa-press.net\/centrafricaine\/politique\/embuscade-a-birao-trois-militaires-tues#primaryimage"},"image":{"@id":"https:\/\/www.africa-press.net\/centrafricaine\/politique\/embuscade-a-birao-trois-militaires-tues#primaryimage"},"thumbnailUrl":"https:\/\/static.africa-press.net\/centrafricaine\/sites\/45\/2021\/04\/img-607c428a13366.jpg","datePublished":"2021-04-18T15:07:49+00:00","dateModified":"2021-04-18T16:54:53+00:00","author":{"@id":"https:\/\/www.africa-press.net\/centrafricaine\/#\/schema\/person\/2b1cf3cd81a31e3cd26889ca66d677f1"},"description":"Bangui, R\u00e9publique centrafricaine, samedi, 17 avril 2021 ( Corbeaunews-Centrafrique). Les \u00e9l\u00e9ments du d\u00e9tachement des ...","breadcrumb":{"@id":"https:\/\/www.africa-press.net\/centrafricaine\/politique\/embuscade-a-birao-trois-militaires-tues#breadcrumb"},"inLanguage":"fr-FR","potentialAction":[{"@type":"ReadAction","target":["https:\/\/www.africa-press.net\/centrafricaine\/politique\/embuscade-a-birao-trois-militaires-tues"]}]},{"@type":"ImageObject","inLanguage":"fr-FR","@id":"https:\/\/www.africa-press.net\/centrafricaine\/politique\/embuscade-a-birao-trois-militaires-tues#primaryimage","url":"https:\/\/static.africa-press.net\/centrafricaine\/sites\/45\/2021\/04\/img-607c428a13366.jpg","contentUrl":"https:\/\/static.africa-press.net\/centrafricaine\/sites\/45\/2021\/04\/img-607c428a13366.jpg","width":720,"height":480,"caption":"Embuscade \u00e0 Birao, trois militaires tu\u00e9s"},{"@type":"BreadcrumbList","@id":"https:\/\/www.africa-press.net\/centrafricaine\/politique\/embuscade-a-birao-trois-militaires-tues#breadcrumb","itemListElement":[{"@type":"ListItem","position":1,"name":"Accueil","item":"https:\/\/www.africa-press.net\/centrafricaine\/"},{"@type":"ListItem","position":2,"name":"Embuscade \u00e0 Birao, trois militaires tu\u00e9s"}]},{"@type":"WebSite","@id":"https:\/\/www.africa-press.net\/centrafricaine\/#website","url":"https:\/\/www.africa-press.net\/centrafricaine\/","name":"centrafricaine","description":"Just another Africa News Agency Sites site","potentialAction":[{"@type":"SearchAction","target":{"@type":"EntryPoint","urlTemplate":"https:\/\/www.africa-press.net\/centrafricaine\/?s={search_term_string}"},"query-input":{"@type":"PropertyValueSpecification","valueRequired":true,"valueName":"search_term_string"}}],"inLanguage":"fr-FR"},{"@type":"Person","@id":"https:\/\/www.africa-press.net\/centrafricaine\/#\/schema\/person\/2b1cf3cd81a31e3cd26889ca66d677f1","name":"cfeditorfr"}]}},"_links":{"self":[{"href":"https:\/\/www.africa-press.net\/centrafricaine\/wp-json\/wp\/v2\/posts\/5812","targetHints":{"allow":["GET"]}}],"collection":[{"href":"https:\/\/www.africa-press.net\/centrafricaine\/wp-json\/wp\/v2\/posts"}],"about":[{"href":"https:\/\/www.africa-press.net\/centrafricaine\/wp-json\/wp\/v2\/types\/post"}],"author":[{"embeddable":true,"href":"https:\/\/www.africa-press.net\/centrafricaine\/wp-json\/wp\/v2\/users\/82"}],"replies":[{"embeddable":true,"href":"https:\/\/www.africa-press.net\/centrafricaine\/wp-json\/wp\/v2\/comments?post=5812"}],"version-history":[{"count":0,"href":"https:\/\/www.africa-press.net\/centrafricaine\/wp-json\/wp\/v2\/posts\/5812\/revisions"}],"wp:featuredmedia":[{"embeddable":true,"href":"https:\/\/www.africa-press.net\/centrafricaine\/wp-json\/wp\/v2\/media\/5811"}],"wp:attachment":[{"href":"https:\/\/www.africa-press.net\/centrafricaine\/wp-json\/wp\/v2\/media?parent=5812"}],"wp:term":[{"taxonomy":"category","embeddable":true,"href":"https:\/\/www.africa-press.net\/centrafricaine\/wp-json\/wp\/v2\/categories?post=5812"},{"taxonomy":"post_tag","embeddable":true,"href":"https:\/\/www.africa-press.net\/centrafricaine\/wp-json\/wp\/v2\/tags?post=5812"}],"curies":[{"name":"wp","href":"https:\/\/api.w.org\/{rel}","templated":true}]}}