{"id":5818,"date":"2021-04-18T15:24:17","date_gmt":"2021-04-18T15:24:17","guid":{"rendered":"https:\/\/www.africa-press.net\/centrafricaine\/?p=5818"},"modified":"2021-04-18T16:55:50","modified_gmt":"2021-04-18T16:55:50","slug":"mort-dabbas-sidiki-ce-qui-sest-vraiment-passe","status":"publish","type":"post","link":"https:\/\/www.africa-press.net\/centrafricaine\/politique\/mort-dabbas-sidiki-ce-qui-sest-vraiment-passe","title":{"rendered":"Mort d\u2019Abbas Sidiki\u00a0: ce qui s\u2019est vraiment pass\u00e9"},"content":{"rendered":"<p><span style=\"color: #ff6600\"><strong><a href=\"https:\/\/www.africa-press.net\/\">Africa-Press<\/a> &#8211; <a href=\"https:\/\/www.africa-press.net\/centrafricaine\">CentrAfricaine<\/a>. <\/strong><\/span><b>Un communiqu\u00e9 du mouvement des 3R dat\u00e9 du 2 avril 2021 annonce officiellement la mort d\u2019Abbas Sidiki. D\u00e9c\u00e8s survenu le 25 mars 2021 dans un centre de sant\u00e9 de Kamba-Kota (communiqu\u00e9 n\u00b017 du mouvement 3R).<\/b><\/p>\n<p><b>Pourtant, le 18 d\u00e9cembre 2021, la Radio Centrafrique avait annonc\u00e9 la mort d\u2019Abbas Sidiki et d\u2019une dizaine de ses \u00e9l\u00e9ments dans les violents combats qui ont oppos\u00e9 les combattants de la CPC aux forces coalis\u00e9es (Faca, Russie et Rwanda) \u00e0 Bossemb\u00e9l\u00e9.<\/b><\/p>\n<p><b>Quelques jours plus tard, des personnes contact\u00e9es \u00e0 Niem-Y\u00e9l\u00e9wa (commune d\u2019\u00e9levage de la pr\u00e9fecture de la Nana-Mamb\u00e9r\u00e9, situ\u00e9e \u00e0 90 km sur l\u2019axe Bouar-Ngaoui \u00e0 l\u2019ouest), indique que sa femme a \u00e9t\u00e9 plac\u00e9e sous le rite du veuvage musulman d\u00e8s l\u2019annonce de son d\u00e9c\u00e8s le 18 d\u00e9cembre 2020.<\/b><\/p>\n<p>Le 2 avril 2021, un communiqu\u00e9 des 3R tombe annon\u00e7ant officiellement la mort de son chef Abbas Sidiki, le 25 mars dans un centre de sant\u00e9 de Kamba-Kota. Le m\u00eame jour, Radio Ndeke Luka reprend l\u2019information sur son site et titre : \u00ab Le 3R annoncent officiellement la mort de son chef Sidiki Abbas \u00bb. Le lendemain, le 3 avril, RFI relaie l\u2019information en ces termes : \u00ab Centrafrique: officialisation de la mort de Sidiki Abbas, chef du puissant groupe arm\u00e9 3R \u00bb. Malgr\u00e9 cette annonce, de nombreuses questions et rumeurs persistent autour de sa mort. C\u2019est pourquoi l\u2019\u00e9quipe #StopAT\u00e8n\u00e8 s\u2019est lanc\u00e9e dans une enqu\u00eate pour d\u00e9m\u00ealer le vrai du faux.<\/p>\n<p>Communiqu\u00e9 de 3R annon\u00e7ant le d\u00e9c\u00e8s d\u2019Abbas Sidiki<\/p>\n<p><b>Des indices qui montrent que Sidiki \u00e9tait mort d\u00e8s le mois de d\u00e9cembre<\/b><\/p>\n<p>Le communiqu\u00e9 des 3R pr\u00e9cise que \u00ab le pr\u00e9sident fondateur, le g\u00e9n\u00e9ral Sidiki Abbas, est d\u00e9c\u00e9d\u00e9 le 25 mars 2021, au centre de sant\u00e9 de Kamba-Kota, suite aux blessures graves qu\u2019il a subies pendant les attaques qui ont lieu pr\u00e9cis\u00e9ment \u00e0 Bossemb\u00e9l\u00e9 le 16 novembre 2020 vers 18heures \u00bb. Pourtant, d\u00e8s le 18 d\u00e9cembre 2020, la radio nationale annonce, sur ses ondes, la mort du leader des 3R. La nouvelle \u00e9mane d\u2019un communiqu\u00e9 du porte-parole du gouvernement. L\u2019information circule \u00e9galement sur les r\u00e9seaux sociaux.<\/p>\n<p>Rapidement, la cellule #StopAT\u00e8n\u00e8 contacte plusieurs proches de la famille, \u00e0 Bangui et \u00e0 Niem-Y\u00e9l\u00e9wa (lieu de r\u00e9sidence de la famille Sidiki), qui confirment sa mort. Un proche de la famille, \u00e0 Niem, pr\u00e9cise que \u00ab la femme de Sidiki est mise sous le rite de veuvage musulman\u00bb. Quelques temps apr\u00e8s, d\u2019autres t\u00e9moins indiqueront qu\u2019elle a quitt\u00e9 son village pour rejoindre sa famille \u00e0 Meiganga dans le nord Cameroun.<\/p>\n<p>A cette m\u00eame p\u00e9riode, dans les zones sous contr\u00f4le des \u00e9l\u00e9ments des 3R, des menaces sont prof\u00e9r\u00e9es contre les Forces arm\u00e9es centrafricaines (Faca) et la Minusca. \u00ab Ce 19 d\u00e9cembre 2020, les \u00e9l\u00e9ments des 3R nous ont envoy\u00e9 un message selon lequel ils viendront nous attaquer pour venger la mort de leur chef, tu\u00e9 par une frappe \u00e0 Bossemb\u00e9l\u00e9. Nous avons pris des dispositions n\u00e9cessaires en les devan\u00e7ant de 5Km. Mais ils ne sont pas venus. C\u2019est de l\u00e0 que nous avons appris son d\u00e9c\u00e8s \u00bb, avait confi\u00e9 un \u00e9l\u00e9ment des Faca, contact\u00e9 depuis Besson, l\u2019une des bases arri\u00e8re des 3R.<\/p>\n<p>Aux alentours du 20 d\u00e9cembre, une photo circule sur les r\u00e9seaux sociaux montrant un corps en partie calcin\u00e9. Ce corps serait celui d\u2019Abbas Sidiki. Une recherche d\u2019image invers\u00e9e sur plusieurs moteurs de recherche ne donne aucun r\u00e9sultat, laissant penser que la photo n\u2019a jamais \u00e9t\u00e9 publi\u00e9e auparavant. Un examen visuel de l\u2019image et un comparatif avec des photos de son vivant laissent appara\u00eetre des similitudes, notamment au niveau de la bouche, d\u00e9form\u00e9e, et de l\u2019implantation de sa barbe. Des sources militaires et proches de la primature confirment, de leur c\u00f4t\u00e9, l\u2019authenticit\u00e9 de la photo.<\/p>\n<p>Enfin, son successeur Semb\u00e9 Bobbo, joint le 18 d\u00e9cembre 2020 par Radio Ndeke Luka, n\u2019a jamais ni confirm\u00e9, ni d\u00e9menti cette annonce.<\/p>\n<p>A ce stade de notre enqu\u00eate, ce large faisceau d\u2019indices tend donc \u00e0 prouver qu\u2019Abbas Sidiki \u00e9tait bel et bien mort d\u00e8s d\u00e9cembre 2020, dans l\u2019attaque de Bossemb\u00e9l\u00e9.<\/p>\n<p><b>Le centre de sant\u00e9 de Kamba-Kota n\u2019est pas adapt\u00e9 pour les bless\u00e9s graves<\/b><\/p>\n<p>Par ailleurs, il est tr\u00e8s peu probable que Sidiki ait pu s\u00e9journer pendant plus de trois mois dans le centre de sant\u00e9 de Kamba-Kota \u2013 une des communes isol\u00e9es de Batangafo qui a vu na\u00eetre la r\u00e9bellion CPC. L\u2019\u00e9tablissement n\u2019a pas la capacit\u00e9 de prendre en charge des patients gravement bless\u00e9s par balle. L\u2019organisation sanitaire pr\u00e9voit d\u2019ailleurs que les cas graves soient transf\u00e9r\u00e9s automatiquement dans les centres de r\u00e9f\u00e9rencement alentour.<\/p>\n<p>Autre indice : au moment o\u00f9 le mouvement 3R annonce la pr\u00e9sence de son chef dans ce centre de sant\u00e9, le village est sous contr\u00f4le de l\u2019arm\u00e9e nationale et des forces alli\u00e9es (Russes et Rwandais). Interrog\u00e9es, les sources militaires n\u2019ont pas confirm\u00e9 de d\u00e9c\u00e8s dans ce centre, encore moins celui d\u2019un chef rebelle.<\/p>\n<p>Alors que Sidiki a \u00e9t\u00e9 donn\u00e9 mort puis ressuscit\u00e9 plusieurs fois, il n\u2019existe aujourd\u2019hui plus de doute sur son d\u00e9c\u00e8s intervenu lors de l\u2019attaque de Bossemb\u00e9l\u00e9, en d\u00e9cembre 2020, et non pas le 25 mars 2021 dans un centre de sant\u00e9 de Kamba-Kota. Le communiqu\u00e9 des 3R n\u2019est donc qu\u2019une strat\u00e9gie de communication dans un contexte de restructuration de ce mouvement apr\u00e8s la mort de son leader, et pr\u00e9texte \u00e9galement \u00e0 annoncer le nom du nouveau commandant des 3R, Semb\u00e9 Bobbo.<\/p>\n<p><b>\u00a0<\/b><\/p>\n","protected":false},"excerpt":{"rendered":"<p>Africa-Press &#8211; CentrAfricaine. Un communiqu\u00e9 du mouvement des 3R dat\u00e9 du 2 avril 2021 annonce officiellement la mort d\u2019Abbas Sidiki. D\u00e9c\u00e8s survenu le 25 mars 2021 dans un centre de sant\u00e9 de Kamba-Kota (communiqu\u00e9 n\u00b017 du mouvement 3R). Pourtant, le 18 d\u00e9cembre 2021, la Radio Centrafrique avait annonc\u00e9 la mort d\u2019Abbas Sidiki et d\u2019une dizaine [&hellip;]<\/p>\n","protected":false},"author":82,"featured_media":5817,"comment_status":"open","ping_status":"closed","sticky":false,"template":"","format":"standard","meta":{"footnotes":""},"categories":[11,2,10],"tags":[36,58,30],"class_list":["post-5818","post","type-post","status-publish","format-standard","has-post-thumbnail","hentry","category-homepage-french","category-politique","category-toutes-les-actualites","tag-africa-press","tag-africa-press-centrafricaine","tag-centrafricaine"],"yoast_head":"<!-- This site is optimized with the Yoast SEO Premium plugin v26.1 (Yoast SEO v27.0) - https:\/\/yoast.com\/product\/yoast-seo-premium-wordpress\/ -->\n<title>Mort d\u2019Abbas Sidiki\u00a0: ce qui s\u2019est vraiment pass\u00e9 - centrafricaine<\/title>\n<meta name=\"description\" content=\"Un communiqu\u00e9 du mouvement des 3R dat\u00e9 du 2 avril 2021 annonce officiellement la mort d\u2019Abbas Sidiki. D\u00e9c\u00e8s survenu ...\" \/>\n<meta name=\"robots\" content=\"index, follow, max-snippet:-1, max-image-preview:large, max-video-preview:-1\" \/>\n<link rel=\"canonical\" href=\"https:\/\/www.africa-press.net\/centrafricaine\/politique\/mort-dabbas-sidiki-ce-qui-sest-vraiment-passe\" \/>\n<meta property=\"og:locale\" content=\"fr_FR\" \/>\n<meta property=\"og:type\" content=\"article\" \/>\n<meta property=\"og:title\" content=\"Mort d\u2019Abbas Sidiki\u00a0: ce qui s\u2019est vraiment pass\u00e9\" \/>\n<meta property=\"og:description\" content=\"Un communiqu\u00e9 du mouvement des 3R dat\u00e9 du 2 avril 2021 annonce officiellement la mort d\u2019Abbas Sidiki. D\u00e9c\u00e8s survenu ...\" \/>\n<meta property=\"og:url\" content=\"https:\/\/www.africa-press.net\/centrafricaine\/politique\/mort-dabbas-sidiki-ce-qui-sest-vraiment-passe\" \/>\n<meta property=\"og:site_name\" content=\"centrafricaine\" \/>\n<meta property=\"article:published_time\" content=\"2021-04-18T15:24:17+00:00\" \/>\n<meta property=\"article:modified_time\" content=\"2021-04-18T16:55:50+00:00\" \/>\n<meta property=\"og:image\" content=\"https:\/\/static.africa-press.net\/centrafricaine\/sites\/45\/2021\/04\/img-607c42e1e0ce0.jpg\" \/>\n\t<meta property=\"og:image:width\" content=\"750\" \/>\n\t<meta property=\"og:image:height\" content=\"712\" \/>\n\t<meta property=\"og:image:type\" content=\"image\/jpeg\" \/>\n<meta name=\"author\" content=\"cfeditorfr\" \/>\n<meta name=\"twitter:card\" content=\"summary_large_image\" \/>\n<meta name=\"twitter:label1\" content=\"\u00c9crit par\" \/>\n\t<meta name=\"twitter:data1\" content=\"cfeditorfr\" \/>\n\t<meta name=\"twitter:label2\" content=\"Dur\u00e9e de lecture estim\u00e9e\" \/>\n\t<meta name=\"twitter:data2\" content=\"4 minutes\" \/>\n<script type=\"application\/ld+json\" class=\"yoast-schema-graph\">{\"@context\":\"https:\/\/schema.org\",\"@graph\":[{\"@type\":\"Article\",\"@id\":\"https:\/\/www.africa-press.net\/centrafricaine\/politique\/mort-dabbas-sidiki-ce-qui-sest-vraiment-passe#article\",\"isPartOf\":{\"@id\":\"https:\/\/www.africa-press.net\/centrafricaine\/politique\/mort-dabbas-sidiki-ce-qui-sest-vraiment-passe\"},\"author\":{\"name\":\"cfeditorfr\",\"@id\":\"https:\/\/www.africa-press.net\/centrafricaine\/#\/schema\/person\/2b1cf3cd81a31e3cd26889ca66d677f1\"},\"headline\":\"Mort d\u2019Abbas Sidiki\u00a0: ce qui s\u2019est vraiment pass\u00e9\",\"datePublished\":\"2021-04-18T15:24:17+00:00\",\"dateModified\":\"2021-04-18T16:55:50+00:00\",\"mainEntityOfPage\":{\"@id\":\"https:\/\/www.africa-press.net\/centrafricaine\/politique\/mort-dabbas-sidiki-ce-qui-sest-vraiment-passe\"},\"wordCount\":979,\"commentCount\":0,\"image\":{\"@id\":\"https:\/\/www.africa-press.net\/centrafricaine\/politique\/mort-dabbas-sidiki-ce-qui-sest-vraiment-passe#primaryimage\"},\"thumbnailUrl\":\"https:\/\/static.africa-press.net\/centrafricaine\/sites\/45\/2021\/04\/img-607c42e1e0ce0.jpg\",\"keywords\":[\"Africa Press\",\"Africa Press-CentrAfricaine\",\"CentrAfricaine\"],\"articleSection\":[\"homepage-french\",\"Politique\",\"Toutes les actualit\u00e9s\"],\"inLanguage\":\"fr-FR\",\"potentialAction\":[{\"@type\":\"CommentAction\",\"name\":\"Comment\",\"target\":[\"https:\/\/www.africa-press.net\/centrafricaine\/politique\/mort-dabbas-sidiki-ce-qui-sest-vraiment-passe#respond\"]}]},{\"@type\":\"WebPage\",\"@id\":\"https:\/\/www.africa-press.net\/centrafricaine\/politique\/mort-dabbas-sidiki-ce-qui-sest-vraiment-passe\",\"url\":\"https:\/\/www.africa-press.net\/centrafricaine\/politique\/mort-dabbas-sidiki-ce-qui-sest-vraiment-passe\",\"name\":\"Mort d\u2019Abbas Sidiki\u00a0: ce qui s\u2019est vraiment pass\u00e9 - centrafricaine\",\"isPartOf\":{\"@id\":\"https:\/\/www.africa-press.net\/centrafricaine\/#website\"},\"primaryImageOfPage\":{\"@id\":\"https:\/\/www.africa-press.net\/centrafricaine\/politique\/mort-dabbas-sidiki-ce-qui-sest-vraiment-passe#primaryimage\"},\"image\":{\"@id\":\"https:\/\/www.africa-press.net\/centrafricaine\/politique\/mort-dabbas-sidiki-ce-qui-sest-vraiment-passe#primaryimage\"},\"thumbnailUrl\":\"https:\/\/static.africa-press.net\/centrafricaine\/sites\/45\/2021\/04\/img-607c42e1e0ce0.jpg\",\"datePublished\":\"2021-04-18T15:24:17+00:00\",\"dateModified\":\"2021-04-18T16:55:50+00:00\",\"author\":{\"@id\":\"https:\/\/www.africa-press.net\/centrafricaine\/#\/schema\/person\/2b1cf3cd81a31e3cd26889ca66d677f1\"},\"description\":\"Un communiqu\u00e9 du mouvement des 3R dat\u00e9 du 2 avril 2021 annonce officiellement la mort d\u2019Abbas Sidiki. D\u00e9c\u00e8s survenu ...\",\"breadcrumb\":{\"@id\":\"https:\/\/www.africa-press.net\/centrafricaine\/politique\/mort-dabbas-sidiki-ce-qui-sest-vraiment-passe#breadcrumb\"},\"inLanguage\":\"fr-FR\",\"potentialAction\":[{\"@type\":\"ReadAction\",\"target\":[\"https:\/\/www.africa-press.net\/centrafricaine\/politique\/mort-dabbas-sidiki-ce-qui-sest-vraiment-passe\"]}]},{\"@type\":\"ImageObject\",\"inLanguage\":\"fr-FR\",\"@id\":\"https:\/\/www.africa-press.net\/centrafricaine\/politique\/mort-dabbas-sidiki-ce-qui-sest-vraiment-passe#primaryimage\",\"url\":\"https:\/\/static.africa-press.net\/centrafricaine\/sites\/45\/2021\/04\/img-607c42e1e0ce0.jpg\",\"contentUrl\":\"https:\/\/static.africa-press.net\/centrafricaine\/sites\/45\/2021\/04\/img-607c42e1e0ce0.jpg\",\"width\":750,\"height\":712,\"caption\":\"Mort d\u2019Abbas Sidiki\u00a0: ce qui s\u2019est vraiment pass\u00e9\"},{\"@type\":\"BreadcrumbList\",\"@id\":\"https:\/\/www.africa-press.net\/centrafricaine\/politique\/mort-dabbas-sidiki-ce-qui-sest-vraiment-passe#breadcrumb\",\"itemListElement\":[{\"@type\":\"ListItem\",\"position\":1,\"name\":\"Accueil\",\"item\":\"https:\/\/www.africa-press.net\/centrafricaine\/\"},{\"@type\":\"ListItem\",\"position\":2,\"name\":\"Mort d\u2019Abbas Sidiki\u00a0: ce qui s\u2019est vraiment pass\u00e9\"}]},{\"@type\":\"WebSite\",\"@id\":\"https:\/\/www.africa-press.net\/centrafricaine\/#website\",\"url\":\"https:\/\/www.africa-press.net\/centrafricaine\/\",\"name\":\"centrafricaine\",\"description\":\"Just another Africa News Agency Sites site\",\"potentialAction\":[{\"@type\":\"SearchAction\",\"target\":{\"@type\":\"EntryPoint\",\"urlTemplate\":\"https:\/\/www.africa-press.net\/centrafricaine\/?s={search_term_string}\"},\"query-input\":{\"@type\":\"PropertyValueSpecification\",\"valueRequired\":true,\"valueName\":\"search_term_string\"}}],\"inLanguage\":\"fr-FR\"},{\"@type\":\"Person\",\"@id\":\"https:\/\/www.africa-press.net\/centrafricaine\/#\/schema\/person\/2b1cf3cd81a31e3cd26889ca66d677f1\",\"name\":\"cfeditorfr\"}]}<\/script>\n<!-- \/ Yoast SEO Premium plugin. -->","yoast_head_json":{"title":"Mort d\u2019Abbas Sidiki\u00a0: ce qui s\u2019est vraiment pass\u00e9 - centrafricaine","description":"Un communiqu\u00e9 du mouvement des 3R dat\u00e9 du 2 avril 2021 annonce officiellement la mort d\u2019Abbas Sidiki. D\u00e9c\u00e8s survenu ...","robots":{"index":"index","follow":"follow","max-snippet":"max-snippet:-1","max-image-preview":"max-image-preview:large","max-video-preview":"max-video-preview:-1"},"canonical":"https:\/\/www.africa-press.net\/centrafricaine\/politique\/mort-dabbas-sidiki-ce-qui-sest-vraiment-passe","og_locale":"fr_FR","og_type":"article","og_title":"Mort d\u2019Abbas Sidiki\u00a0: ce qui s\u2019est vraiment pass\u00e9","og_description":"Un communiqu\u00e9 du mouvement des 3R dat\u00e9 du 2 avril 2021 annonce officiellement la mort d\u2019Abbas Sidiki. D\u00e9c\u00e8s survenu ...","og_url":"https:\/\/www.africa-press.net\/centrafricaine\/politique\/mort-dabbas-sidiki-ce-qui-sest-vraiment-passe","og_site_name":"centrafricaine","article_published_time":"2021-04-18T15:24:17+00:00","article_modified_time":"2021-04-18T16:55:50+00:00","og_image":[{"width":750,"height":712,"url":"https:\/\/static.africa-press.net\/centrafricaine\/sites\/45\/2021\/04\/img-607c42e1e0ce0.jpg","type":"image\/jpeg"}],"author":"cfeditorfr","twitter_card":"summary_large_image","twitter_misc":{"\u00c9crit par":"cfeditorfr","Dur\u00e9e de lecture estim\u00e9e":"4 minutes"},"schema":{"@context":"https:\/\/schema.org","@graph":[{"@type":"Article","@id":"https:\/\/www.africa-press.net\/centrafricaine\/politique\/mort-dabbas-sidiki-ce-qui-sest-vraiment-passe#article","isPartOf":{"@id":"https:\/\/www.africa-press.net\/centrafricaine\/politique\/mort-dabbas-sidiki-ce-qui-sest-vraiment-passe"},"author":{"name":"cfeditorfr","@id":"https:\/\/www.africa-press.net\/centrafricaine\/#\/schema\/person\/2b1cf3cd81a31e3cd26889ca66d677f1"},"headline":"Mort d\u2019Abbas Sidiki\u00a0: ce qui s\u2019est vraiment pass\u00e9","datePublished":"2021-04-18T15:24:17+00:00","dateModified":"2021-04-18T16:55:50+00:00","mainEntityOfPage":{"@id":"https:\/\/www.africa-press.net\/centrafricaine\/politique\/mort-dabbas-sidiki-ce-qui-sest-vraiment-passe"},"wordCount":979,"commentCount":0,"image":{"@id":"https:\/\/www.africa-press.net\/centrafricaine\/politique\/mort-dabbas-sidiki-ce-qui-sest-vraiment-passe#primaryimage"},"thumbnailUrl":"https:\/\/static.africa-press.net\/centrafricaine\/sites\/45\/2021\/04\/img-607c42e1e0ce0.jpg","keywords":["Africa Press","Africa Press-CentrAfricaine","CentrAfricaine"],"articleSection":["homepage-french","Politique","Toutes les actualit\u00e9s"],"inLanguage":"fr-FR","potentialAction":[{"@type":"CommentAction","name":"Comment","target":["https:\/\/www.africa-press.net\/centrafricaine\/politique\/mort-dabbas-sidiki-ce-qui-sest-vraiment-passe#respond"]}]},{"@type":"WebPage","@id":"https:\/\/www.africa-press.net\/centrafricaine\/politique\/mort-dabbas-sidiki-ce-qui-sest-vraiment-passe","url":"https:\/\/www.africa-press.net\/centrafricaine\/politique\/mort-dabbas-sidiki-ce-qui-sest-vraiment-passe","name":"Mort d\u2019Abbas Sidiki\u00a0: ce qui s\u2019est vraiment pass\u00e9 - centrafricaine","isPartOf":{"@id":"https:\/\/www.africa-press.net\/centrafricaine\/#website"},"primaryImageOfPage":{"@id":"https:\/\/www.africa-press.net\/centrafricaine\/politique\/mort-dabbas-sidiki-ce-qui-sest-vraiment-passe#primaryimage"},"image":{"@id":"https:\/\/www.africa-press.net\/centrafricaine\/politique\/mort-dabbas-sidiki-ce-qui-sest-vraiment-passe#primaryimage"},"thumbnailUrl":"https:\/\/static.africa-press.net\/centrafricaine\/sites\/45\/2021\/04\/img-607c42e1e0ce0.jpg","datePublished":"2021-04-18T15:24:17+00:00","dateModified":"2021-04-18T16:55:50+00:00","author":{"@id":"https:\/\/www.africa-press.net\/centrafricaine\/#\/schema\/person\/2b1cf3cd81a31e3cd26889ca66d677f1"},"description":"Un communiqu\u00e9 du mouvement des 3R dat\u00e9 du 2 avril 2021 annonce officiellement la mort d\u2019Abbas Sidiki. D\u00e9c\u00e8s survenu ...","breadcrumb":{"@id":"https:\/\/www.africa-press.net\/centrafricaine\/politique\/mort-dabbas-sidiki-ce-qui-sest-vraiment-passe#breadcrumb"},"inLanguage":"fr-FR","potentialAction":[{"@type":"ReadAction","target":["https:\/\/www.africa-press.net\/centrafricaine\/politique\/mort-dabbas-sidiki-ce-qui-sest-vraiment-passe"]}]},{"@type":"ImageObject","inLanguage":"fr-FR","@id":"https:\/\/www.africa-press.net\/centrafricaine\/politique\/mort-dabbas-sidiki-ce-qui-sest-vraiment-passe#primaryimage","url":"https:\/\/static.africa-press.net\/centrafricaine\/sites\/45\/2021\/04\/img-607c42e1e0ce0.jpg","contentUrl":"https:\/\/static.africa-press.net\/centrafricaine\/sites\/45\/2021\/04\/img-607c42e1e0ce0.jpg","width":750,"height":712,"caption":"Mort d\u2019Abbas Sidiki\u00a0: ce qui s\u2019est vraiment pass\u00e9"},{"@type":"BreadcrumbList","@id":"https:\/\/www.africa-press.net\/centrafricaine\/politique\/mort-dabbas-sidiki-ce-qui-sest-vraiment-passe#breadcrumb","itemListElement":[{"@type":"ListItem","position":1,"name":"Accueil","item":"https:\/\/www.africa-press.net\/centrafricaine\/"},{"@type":"ListItem","position":2,"name":"Mort d\u2019Abbas Sidiki\u00a0: ce qui s\u2019est vraiment pass\u00e9"}]},{"@type":"WebSite","@id":"https:\/\/www.africa-press.net\/centrafricaine\/#website","url":"https:\/\/www.africa-press.net\/centrafricaine\/","name":"centrafricaine","description":"Just another Africa News Agency Sites site","potentialAction":[{"@type":"SearchAction","target":{"@type":"EntryPoint","urlTemplate":"https:\/\/www.africa-press.net\/centrafricaine\/?s={search_term_string}"},"query-input":{"@type":"PropertyValueSpecification","valueRequired":true,"valueName":"search_term_string"}}],"inLanguage":"fr-FR"},{"@type":"Person","@id":"https:\/\/www.africa-press.net\/centrafricaine\/#\/schema\/person\/2b1cf3cd81a31e3cd26889ca66d677f1","name":"cfeditorfr"}]}},"_links":{"self":[{"href":"https:\/\/www.africa-press.net\/centrafricaine\/wp-json\/wp\/v2\/posts\/5818","targetHints":{"allow":["GET"]}}],"collection":[{"href":"https:\/\/www.africa-press.net\/centrafricaine\/wp-json\/wp\/v2\/posts"}],"about":[{"href":"https:\/\/www.africa-press.net\/centrafricaine\/wp-json\/wp\/v2\/types\/post"}],"author":[{"embeddable":true,"href":"https:\/\/www.africa-press.net\/centrafricaine\/wp-json\/wp\/v2\/users\/82"}],"replies":[{"embeddable":true,"href":"https:\/\/www.africa-press.net\/centrafricaine\/wp-json\/wp\/v2\/comments?post=5818"}],"version-history":[{"count":0,"href":"https:\/\/www.africa-press.net\/centrafricaine\/wp-json\/wp\/v2\/posts\/5818\/revisions"}],"wp:featuredmedia":[{"embeddable":true,"href":"https:\/\/www.africa-press.net\/centrafricaine\/wp-json\/wp\/v2\/media\/5817"}],"wp:attachment":[{"href":"https:\/\/www.africa-press.net\/centrafricaine\/wp-json\/wp\/v2\/media?parent=5818"}],"wp:term":[{"taxonomy":"category","embeddable":true,"href":"https:\/\/www.africa-press.net\/centrafricaine\/wp-json\/wp\/v2\/categories?post=5818"},{"taxonomy":"post_tag","embeddable":true,"href":"https:\/\/www.africa-press.net\/centrafricaine\/wp-json\/wp\/v2\/tags?post=5818"}],"curies":[{"name":"wp","href":"https:\/\/api.w.org\/{rel}","templated":true}]}}