{"id":5821,"date":"2021-04-18T15:30:56","date_gmt":"2021-04-18T15:30:56","guid":{"rendered":"https:\/\/www.africa-press.net\/centrafricaine\/?p=5821"},"modified":"2021-04-18T16:56:05","modified_gmt":"2021-04-18T16:56:05","slug":"rca-faut-il-limoger-eric-didier-tambo-pour-une-bonne-administration-de-justice","status":"publish","type":"post","link":"https:\/\/www.africa-press.net\/centrafricaine\/politique\/rca-faut-il-limoger-eric-didier-tambo-pour-une-bonne-administration-de-justice","title":{"rendered":"Faut-il limoger Eric Didier Tambo pour une bonne administration de justice\u00a0?"},"content":{"rendered":"<p><span style=\"color: #ff6600\"><strong><a href=\"https:\/\/www.africa-press.net\/\">Africa-Press<\/a> &#8211; <a href=\"https:\/\/www.africa-press.net\/centrafricaine\">CentrAfricaine<\/a>. <\/strong><\/span>Le parquet g\u00e9n\u00e9ral en Centrafrique va mal. Tr\u00e8s mal \u00e0 cause de l\u2019incomp\u00e9tence notoire du procureur g\u00e9n\u00e9ral \u00c9ric Didier Tambo alias supra national .<\/p>\n<p>Hier, il a pr\u00e9sent\u00e9 4 pr\u00e9sum\u00e9s rebelles de la CPC comme Semb\u00e9 Bobo, fameux successeur de Sidiki Abass. C\u2019est la substance d\u2019un communiqu\u00e9 qu\u2019il a rendu publique ce 15 avril apr\u00e8s midi.<\/p>\n<p>Selon lui, il pr\u00e9sente un individu qu\u2019il consid\u00e8re \u00e0 tord comme Semb\u00e9 Bobo, successeur de Sidiki Abass le d\u00e9funt. Cette sortie m\u00e9diatique est hasardeuse et frise la non maitrise des dossiers par celui qui est sens\u00e9 piloter avec efficacit\u00e9 les chambres d\u2019instructions.<\/p>\n<p><b>Impr\u00e9cisions dans les lieux et les faits<\/b><\/p>\n<p>Selon les informations de notre r\u00e9daction, ce monsieur qu\u2019il pr\u00e9sente affectueusement comme un butin d\u2019un travail s\u00e9rieux des services auxiliaires ne sont que des faux apr\u00e8s plusieurs analyses visuelles sur plusieurs moteurs de recherches ainsi que l\u2019analyse comparative des photos. Le g\u00e9n\u00e9ral Bobo Sembo, est un ressortissant de l\u2019universit\u00e9 Cheick Anta Diop de Dakar qui parle parfaitement fran\u00e7ais et Sango la langue nationale.<\/p>\n<p>Pourtant, ce procureur g\u00e9n\u00e9ral incomp\u00e9tent semble montrer qu\u2019il n\u2019a jamais un dossier dans sa chambre concernant les criminels qui pillent, tuent et d\u00e9truisent le tissu social et du vivre ensemble en Centrafrique.<\/p>\n<p><b>Pourquoi s\u2019est-t-il volontairement tromp\u00e9 ?<\/b><\/p>\n<p>Depuis la signature de l\u2019accord de paix, les groupes arm\u00e9s sont devenus de fait amis du r\u00e9gime de Bangui, plusieurs sont investis comme candidat sous la banni\u00e8re du MCU. Il suffit de voir les \u00e9l\u00e9ments des 3R et Abdoulaye Iss\u00e8ne pour se rendre compte de l\u2019implication du r\u00e9gime et leur connivence avec les groupes criminels.<\/p>\n<p>Du coup, dans une interview \u00e0 Radio Ndeke Luka, le procureur g\u00e9n\u00e9ral Eric Didier Tambo a qualifi\u00e9 l\u2019accord de Supranational. Aujourd\u2019hui, il a de la peine \u00e0 poursuivre les alli\u00e9s naturels de Faustin Archange Touadera dont il a \u00e9t\u00e9 incapables par la volont\u00e9 de parjure et de forfaiture de ne pas traquer les groupes rebelles aussi longtemps qu\u2019ils seront de commun accord avec Faustin Archange Touadera.<\/p>\n<p><b>Comment Abdoulaye Iss\u00e8ne qu\u2019il a condamn\u00e9 par contumace peut aujourd\u2019hui prendre une chambre UP dans Bangui au frais de l\u2019Etat ?<\/b><\/p>\n<p>Il aurait d\u00fb commencer par le plus facile. Comprendre qui pourra, Faustin Archange Touadera par l\u2019entremise de service de Eric Didier Tambo pers\u00e9cute judiciairement les innocents au lieu de faire professionnellement son boulot.<\/p>\n<p><b>Il doit d\u00e9missionner<\/b><\/p>\n<p>En r\u00e9alit\u00e9, plus politique qu\u2019Eric Didier Tambo, tu meurs. Un procureur g\u00e9n\u00e9ral, c\u2019est un homme fin, m\u00e9ticuleux et discret. Cependant, la justice centrafricaine qui a tant besoin de r\u00e9pondre aux attentes des victimes, il est dangereux qu\u2019on maintienne en poste un procureur sensationnel et \u00e9motif.<\/p>\n<p>Le danger, c\u2019est de voir demain plusieurs criminels pr\u00e9sum\u00e9s \u00eatre acquitt\u00e9s demain \u00e0 cause de l\u2019incomp\u00e9tence d\u2019un procureur. Le peuple a beaucoup souffert pour que Touadera continue de lui servir l\u2019incomp\u00e9tence. La ligne rouge passe aussi par l\u00e0.<\/p>\n<p><b>Procureur de compromission<\/b><\/p>\n<p>Depuis sa nomination en dehors des d\u00e9clarations politique et non judiciaire que fait tous les jours le magistrat d\u00e9bout. Il n\u2019a jamais inqui\u00e9t\u00e9 les barrons du r\u00e9gime pour des crimes \u00e9conomiques. A-t-il ouvert une enqu\u00eate pour Th\u00e9odore Joussot, proche et prot\u00e9g\u00e9 de la grande croix de crime \u00e9conomique Faustin Archange Touadera ?<\/p>\n<p>A-t-il ouvert une enqu\u00eate sur les crimes \u00e9cologiques pr\u00e9sum\u00e9s commis par les chinois amis de Touadera et Dimb\u00e9l\u00e9, Jean-Michel Mandaba ?<\/p>\n<p>Pourquoi est-il rest\u00e9 silencieux devant les abus de Wanzet Linguissara qui fait des affaires de b\u0153ufs avec les chefs rebelles Alkatim, Darassa et le feu Abas Sidiki?<\/p>\n<p>Pourquoi, n\u2019a-t-il pas inqui\u00e9t\u00e9 le tristement c\u00e9l\u00e8bre chef de chantre et le dithyrambique pro Touadera, Emile Gros Raymond Nakombo dont son ministre tut\u00e9laire Augustin Yangana Yahot\u00e9 avait pourtant un rapport accablant sur sa gestion opaque et chaotique en 2020 ?<\/p>\n<p>Finalement et franchement, la robe judiciaire qu\u2019on lui a confectionn\u00e9e est plus lourde \u00e0 porter pour le procureur g\u00e9n\u00e9ral qui ne fait que de la politique au lieu de respecter son serment. Il doit choisir et humblement d\u00e9missionner pour sauver l\u2019imager de la justice. Et ce n\u2019est que justice.<\/p>\n<p>&nbsp;<\/p>\n","protected":false},"excerpt":{"rendered":"<p>Africa-Press &#8211; CentrAfricaine. Le parquet g\u00e9n\u00e9ral en Centrafrique va mal. Tr\u00e8s mal \u00e0 cause de l\u2019incomp\u00e9tence notoire du procureur g\u00e9n\u00e9ral \u00c9ric Didier Tambo alias supra national . Hier, il a pr\u00e9sent\u00e9 4 pr\u00e9sum\u00e9s rebelles de la CPC comme Semb\u00e9 Bobo, fameux successeur de Sidiki Abass. C\u2019est la substance d\u2019un communiqu\u00e9 qu\u2019il a rendu publique ce [&hellip;]<\/p>\n","protected":false},"author":82,"featured_media":5820,"comment_status":"open","ping_status":"closed","sticky":false,"template":"","format":"standard","meta":{"footnotes":""},"categories":[11,2,10],"tags":[36,58,30],"class_list":["post-5821","post","type-post","status-publish","format-standard","has-post-thumbnail","hentry","category-homepage-french","category-politique","category-toutes-les-actualites","tag-africa-press","tag-africa-press-centrafricaine","tag-centrafricaine"],"yoast_head":"<!-- This site is optimized with the Yoast SEO Premium plugin v26.1 (Yoast SEO v27.0) - https:\/\/yoast.com\/product\/yoast-seo-premium-wordpress\/ -->\n<title>Faut-il limoger Eric Didier Tambo pour une bonne administration de justice\u00a0? - centrafricaine<\/title>\n<meta name=\"description\" content=\"Bangui, R\u00e9publique centrafricaine, vendredi, 16 avril 2021, 21:37:59 ( Corbeaunews-Centrafrique ). Le parquet ...\" \/>\n<meta name=\"robots\" content=\"index, follow, max-snippet:-1, max-image-preview:large, max-video-preview:-1\" \/>\n<link rel=\"canonical\" href=\"https:\/\/www.africa-press.net\/centrafricaine\/politique\/rca-faut-il-limoger-eric-didier-tambo-pour-une-bonne-administration-de-justice\" \/>\n<meta property=\"og:locale\" content=\"fr_FR\" \/>\n<meta property=\"og:type\" content=\"article\" \/>\n<meta property=\"og:title\" content=\"Faut-il limoger Eric Didier Tambo pour une bonne administration de justice\u00a0?\" \/>\n<meta property=\"og:description\" content=\"Bangui, R\u00e9publique centrafricaine, vendredi, 16 avril 2021, 21:37:59 ( Corbeaunews-Centrafrique ). Le parquet ...\" \/>\n<meta property=\"og:url\" content=\"https:\/\/www.africa-press.net\/centrafricaine\/politique\/rca-faut-il-limoger-eric-didier-tambo-pour-une-bonne-administration-de-justice\" \/>\n<meta property=\"og:site_name\" content=\"centrafricaine\" \/>\n<meta property=\"article:published_time\" content=\"2021-04-18T15:30:56+00:00\" \/>\n<meta property=\"article:modified_time\" content=\"2021-04-18T16:56:05+00:00\" \/>\n<meta property=\"og:image\" content=\"https:\/\/static.africa-press.net\/centrafricaine\/sites\/45\/2021\/04\/img-607c430a70b19.jpg\" \/>\n\t<meta property=\"og:image:width\" content=\"750\" \/>\n\t<meta property=\"og:image:height\" content=\"676\" \/>\n\t<meta property=\"og:image:type\" content=\"image\/jpeg\" \/>\n<meta name=\"author\" content=\"cfeditorfr\" \/>\n<meta name=\"twitter:card\" content=\"summary_large_image\" \/>\n<meta name=\"twitter:label1\" content=\"\u00c9crit par\" \/>\n\t<meta name=\"twitter:data1\" content=\"cfeditorfr\" \/>\n\t<meta name=\"twitter:label2\" content=\"Dur\u00e9e de lecture estim\u00e9e\" \/>\n\t<meta name=\"twitter:data2\" content=\"3 minutes\" \/>\n<script type=\"application\/ld+json\" class=\"yoast-schema-graph\">{\"@context\":\"https:\/\/schema.org\",\"@graph\":[{\"@type\":\"Article\",\"@id\":\"https:\/\/www.africa-press.net\/centrafricaine\/politique\/rca-faut-il-limoger-eric-didier-tambo-pour-une-bonne-administration-de-justice#article\",\"isPartOf\":{\"@id\":\"https:\/\/www.africa-press.net\/centrafricaine\/politique\/rca-faut-il-limoger-eric-didier-tambo-pour-une-bonne-administration-de-justice\"},\"author\":{\"name\":\"cfeditorfr\",\"@id\":\"https:\/\/www.africa-press.net\/centrafricaine\/#\/schema\/person\/2b1cf3cd81a31e3cd26889ca66d677f1\"},\"headline\":\"Faut-il limoger Eric Didier Tambo pour une bonne administration de justice\u00a0?\",\"datePublished\":\"2021-04-18T15:30:56+00:00\",\"dateModified\":\"2021-04-18T16:56:05+00:00\",\"mainEntityOfPage\":{\"@id\":\"https:\/\/www.africa-press.net\/centrafricaine\/politique\/rca-faut-il-limoger-eric-didier-tambo-pour-une-bonne-administration-de-justice\"},\"wordCount\":760,\"commentCount\":0,\"image\":{\"@id\":\"https:\/\/www.africa-press.net\/centrafricaine\/politique\/rca-faut-il-limoger-eric-didier-tambo-pour-une-bonne-administration-de-justice#primaryimage\"},\"thumbnailUrl\":\"https:\/\/static.africa-press.net\/centrafricaine\/sites\/45\/2021\/04\/img-607c430a70b19.jpg\",\"keywords\":[\"Africa Press\",\"Africa Press-CentrAfricaine\",\"CentrAfricaine\"],\"articleSection\":[\"homepage-french\",\"Politique\",\"Toutes les actualit\u00e9s\"],\"inLanguage\":\"fr-FR\",\"potentialAction\":[{\"@type\":\"CommentAction\",\"name\":\"Comment\",\"target\":[\"https:\/\/www.africa-press.net\/centrafricaine\/politique\/rca-faut-il-limoger-eric-didier-tambo-pour-une-bonne-administration-de-justice#respond\"]}]},{\"@type\":\"WebPage\",\"@id\":\"https:\/\/www.africa-press.net\/centrafricaine\/politique\/rca-faut-il-limoger-eric-didier-tambo-pour-une-bonne-administration-de-justice\",\"url\":\"https:\/\/www.africa-press.net\/centrafricaine\/politique\/rca-faut-il-limoger-eric-didier-tambo-pour-une-bonne-administration-de-justice\",\"name\":\"Faut-il limoger Eric Didier Tambo pour une bonne administration de justice\u00a0? - centrafricaine\",\"isPartOf\":{\"@id\":\"https:\/\/www.africa-press.net\/centrafricaine\/#website\"},\"primaryImageOfPage\":{\"@id\":\"https:\/\/www.africa-press.net\/centrafricaine\/politique\/rca-faut-il-limoger-eric-didier-tambo-pour-une-bonne-administration-de-justice#primaryimage\"},\"image\":{\"@id\":\"https:\/\/www.africa-press.net\/centrafricaine\/politique\/rca-faut-il-limoger-eric-didier-tambo-pour-une-bonne-administration-de-justice#primaryimage\"},\"thumbnailUrl\":\"https:\/\/static.africa-press.net\/centrafricaine\/sites\/45\/2021\/04\/img-607c430a70b19.jpg\",\"datePublished\":\"2021-04-18T15:30:56+00:00\",\"dateModified\":\"2021-04-18T16:56:05+00:00\",\"author\":{\"@id\":\"https:\/\/www.africa-press.net\/centrafricaine\/#\/schema\/person\/2b1cf3cd81a31e3cd26889ca66d677f1\"},\"description\":\"Bangui, R\u00e9publique centrafricaine, vendredi, 16 avril 2021, 21:37:59 ( Corbeaunews-Centrafrique ). Le parquet ...\",\"breadcrumb\":{\"@id\":\"https:\/\/www.africa-press.net\/centrafricaine\/politique\/rca-faut-il-limoger-eric-didier-tambo-pour-une-bonne-administration-de-justice#breadcrumb\"},\"inLanguage\":\"fr-FR\",\"potentialAction\":[{\"@type\":\"ReadAction\",\"target\":[\"https:\/\/www.africa-press.net\/centrafricaine\/politique\/rca-faut-il-limoger-eric-didier-tambo-pour-une-bonne-administration-de-justice\"]}]},{\"@type\":\"ImageObject\",\"inLanguage\":\"fr-FR\",\"@id\":\"https:\/\/www.africa-press.net\/centrafricaine\/politique\/rca-faut-il-limoger-eric-didier-tambo-pour-une-bonne-administration-de-justice#primaryimage\",\"url\":\"https:\/\/static.africa-press.net\/centrafricaine\/sites\/45\/2021\/04\/img-607c430a70b19.jpg\",\"contentUrl\":\"https:\/\/static.africa-press.net\/centrafricaine\/sites\/45\/2021\/04\/img-607c430a70b19.jpg\",\"width\":750,\"height\":676,\"caption\":\"RCA\u00a0: Faut-il limoger Eric Didier Tambo pour une bonne administration de justice\u00a0?\"},{\"@type\":\"BreadcrumbList\",\"@id\":\"https:\/\/www.africa-press.net\/centrafricaine\/politique\/rca-faut-il-limoger-eric-didier-tambo-pour-une-bonne-administration-de-justice#breadcrumb\",\"itemListElement\":[{\"@type\":\"ListItem\",\"position\":1,\"name\":\"Accueil\",\"item\":\"https:\/\/www.africa-press.net\/centrafricaine\/\"},{\"@type\":\"ListItem\",\"position\":2,\"name\":\"Faut-il limoger Eric Didier Tambo pour une bonne administration de justice\u00a0?\"}]},{\"@type\":\"WebSite\",\"@id\":\"https:\/\/www.africa-press.net\/centrafricaine\/#website\",\"url\":\"https:\/\/www.africa-press.net\/centrafricaine\/\",\"name\":\"centrafricaine\",\"description\":\"Just another Africa News Agency Sites site\",\"potentialAction\":[{\"@type\":\"SearchAction\",\"target\":{\"@type\":\"EntryPoint\",\"urlTemplate\":\"https:\/\/www.africa-press.net\/centrafricaine\/?s={search_term_string}\"},\"query-input\":{\"@type\":\"PropertyValueSpecification\",\"valueRequired\":true,\"valueName\":\"search_term_string\"}}],\"inLanguage\":\"fr-FR\"},{\"@type\":\"Person\",\"@id\":\"https:\/\/www.africa-press.net\/centrafricaine\/#\/schema\/person\/2b1cf3cd81a31e3cd26889ca66d677f1\",\"name\":\"cfeditorfr\"}]}<\/script>\n<!-- \/ Yoast SEO Premium plugin. -->","yoast_head_json":{"title":"Faut-il limoger Eric Didier Tambo pour une bonne administration de justice\u00a0? - centrafricaine","description":"Bangui, R\u00e9publique centrafricaine, vendredi, 16 avril 2021, 21:37:59 ( Corbeaunews-Centrafrique ). Le parquet ...","robots":{"index":"index","follow":"follow","max-snippet":"max-snippet:-1","max-image-preview":"max-image-preview:large","max-video-preview":"max-video-preview:-1"},"canonical":"https:\/\/www.africa-press.net\/centrafricaine\/politique\/rca-faut-il-limoger-eric-didier-tambo-pour-une-bonne-administration-de-justice","og_locale":"fr_FR","og_type":"article","og_title":"Faut-il limoger Eric Didier Tambo pour une bonne administration de justice\u00a0?","og_description":"Bangui, R\u00e9publique centrafricaine, vendredi, 16 avril 2021, 21:37:59 ( Corbeaunews-Centrafrique ). Le parquet ...","og_url":"https:\/\/www.africa-press.net\/centrafricaine\/politique\/rca-faut-il-limoger-eric-didier-tambo-pour-une-bonne-administration-de-justice","og_site_name":"centrafricaine","article_published_time":"2021-04-18T15:30:56+00:00","article_modified_time":"2021-04-18T16:56:05+00:00","og_image":[{"width":750,"height":676,"url":"https:\/\/static.africa-press.net\/centrafricaine\/sites\/45\/2021\/04\/img-607c430a70b19.jpg","type":"image\/jpeg"}],"author":"cfeditorfr","twitter_card":"summary_large_image","twitter_misc":{"\u00c9crit par":"cfeditorfr","Dur\u00e9e de lecture estim\u00e9e":"3 minutes"},"schema":{"@context":"https:\/\/schema.org","@graph":[{"@type":"Article","@id":"https:\/\/www.africa-press.net\/centrafricaine\/politique\/rca-faut-il-limoger-eric-didier-tambo-pour-une-bonne-administration-de-justice#article","isPartOf":{"@id":"https:\/\/www.africa-press.net\/centrafricaine\/politique\/rca-faut-il-limoger-eric-didier-tambo-pour-une-bonne-administration-de-justice"},"author":{"name":"cfeditorfr","@id":"https:\/\/www.africa-press.net\/centrafricaine\/#\/schema\/person\/2b1cf3cd81a31e3cd26889ca66d677f1"},"headline":"Faut-il limoger Eric Didier Tambo pour une bonne administration de justice\u00a0?","datePublished":"2021-04-18T15:30:56+00:00","dateModified":"2021-04-18T16:56:05+00:00","mainEntityOfPage":{"@id":"https:\/\/www.africa-press.net\/centrafricaine\/politique\/rca-faut-il-limoger-eric-didier-tambo-pour-une-bonne-administration-de-justice"},"wordCount":760,"commentCount":0,"image":{"@id":"https:\/\/www.africa-press.net\/centrafricaine\/politique\/rca-faut-il-limoger-eric-didier-tambo-pour-une-bonne-administration-de-justice#primaryimage"},"thumbnailUrl":"https:\/\/static.africa-press.net\/centrafricaine\/sites\/45\/2021\/04\/img-607c430a70b19.jpg","keywords":["Africa Press","Africa Press-CentrAfricaine","CentrAfricaine"],"articleSection":["homepage-french","Politique","Toutes les actualit\u00e9s"],"inLanguage":"fr-FR","potentialAction":[{"@type":"CommentAction","name":"Comment","target":["https:\/\/www.africa-press.net\/centrafricaine\/politique\/rca-faut-il-limoger-eric-didier-tambo-pour-une-bonne-administration-de-justice#respond"]}]},{"@type":"WebPage","@id":"https:\/\/www.africa-press.net\/centrafricaine\/politique\/rca-faut-il-limoger-eric-didier-tambo-pour-une-bonne-administration-de-justice","url":"https:\/\/www.africa-press.net\/centrafricaine\/politique\/rca-faut-il-limoger-eric-didier-tambo-pour-une-bonne-administration-de-justice","name":"Faut-il limoger Eric Didier Tambo pour une bonne administration de justice\u00a0? - centrafricaine","isPartOf":{"@id":"https:\/\/www.africa-press.net\/centrafricaine\/#website"},"primaryImageOfPage":{"@id":"https:\/\/www.africa-press.net\/centrafricaine\/politique\/rca-faut-il-limoger-eric-didier-tambo-pour-une-bonne-administration-de-justice#primaryimage"},"image":{"@id":"https:\/\/www.africa-press.net\/centrafricaine\/politique\/rca-faut-il-limoger-eric-didier-tambo-pour-une-bonne-administration-de-justice#primaryimage"},"thumbnailUrl":"https:\/\/static.africa-press.net\/centrafricaine\/sites\/45\/2021\/04\/img-607c430a70b19.jpg","datePublished":"2021-04-18T15:30:56+00:00","dateModified":"2021-04-18T16:56:05+00:00","author":{"@id":"https:\/\/www.africa-press.net\/centrafricaine\/#\/schema\/person\/2b1cf3cd81a31e3cd26889ca66d677f1"},"description":"Bangui, R\u00e9publique centrafricaine, vendredi, 16 avril 2021, 21:37:59 ( Corbeaunews-Centrafrique ). Le parquet ...","breadcrumb":{"@id":"https:\/\/www.africa-press.net\/centrafricaine\/politique\/rca-faut-il-limoger-eric-didier-tambo-pour-une-bonne-administration-de-justice#breadcrumb"},"inLanguage":"fr-FR","potentialAction":[{"@type":"ReadAction","target":["https:\/\/www.africa-press.net\/centrafricaine\/politique\/rca-faut-il-limoger-eric-didier-tambo-pour-une-bonne-administration-de-justice"]}]},{"@type":"ImageObject","inLanguage":"fr-FR","@id":"https:\/\/www.africa-press.net\/centrafricaine\/politique\/rca-faut-il-limoger-eric-didier-tambo-pour-une-bonne-administration-de-justice#primaryimage","url":"https:\/\/static.africa-press.net\/centrafricaine\/sites\/45\/2021\/04\/img-607c430a70b19.jpg","contentUrl":"https:\/\/static.africa-press.net\/centrafricaine\/sites\/45\/2021\/04\/img-607c430a70b19.jpg","width":750,"height":676,"caption":"RCA\u00a0: Faut-il limoger Eric Didier Tambo pour une bonne administration de justice\u00a0?"},{"@type":"BreadcrumbList","@id":"https:\/\/www.africa-press.net\/centrafricaine\/politique\/rca-faut-il-limoger-eric-didier-tambo-pour-une-bonne-administration-de-justice#breadcrumb","itemListElement":[{"@type":"ListItem","position":1,"name":"Accueil","item":"https:\/\/www.africa-press.net\/centrafricaine\/"},{"@type":"ListItem","position":2,"name":"Faut-il limoger Eric Didier Tambo pour une bonne administration de justice\u00a0?"}]},{"@type":"WebSite","@id":"https:\/\/www.africa-press.net\/centrafricaine\/#website","url":"https:\/\/www.africa-press.net\/centrafricaine\/","name":"centrafricaine","description":"Just another Africa News Agency Sites site","potentialAction":[{"@type":"SearchAction","target":{"@type":"EntryPoint","urlTemplate":"https:\/\/www.africa-press.net\/centrafricaine\/?s={search_term_string}"},"query-input":{"@type":"PropertyValueSpecification","valueRequired":true,"valueName":"search_term_string"}}],"inLanguage":"fr-FR"},{"@type":"Person","@id":"https:\/\/www.africa-press.net\/centrafricaine\/#\/schema\/person\/2b1cf3cd81a31e3cd26889ca66d677f1","name":"cfeditorfr"}]}},"_links":{"self":[{"href":"https:\/\/www.africa-press.net\/centrafricaine\/wp-json\/wp\/v2\/posts\/5821","targetHints":{"allow":["GET"]}}],"collection":[{"href":"https:\/\/www.africa-press.net\/centrafricaine\/wp-json\/wp\/v2\/posts"}],"about":[{"href":"https:\/\/www.africa-press.net\/centrafricaine\/wp-json\/wp\/v2\/types\/post"}],"author":[{"embeddable":true,"href":"https:\/\/www.africa-press.net\/centrafricaine\/wp-json\/wp\/v2\/users\/82"}],"replies":[{"embeddable":true,"href":"https:\/\/www.africa-press.net\/centrafricaine\/wp-json\/wp\/v2\/comments?post=5821"}],"version-history":[{"count":0,"href":"https:\/\/www.africa-press.net\/centrafricaine\/wp-json\/wp\/v2\/posts\/5821\/revisions"}],"wp:featuredmedia":[{"embeddable":true,"href":"https:\/\/www.africa-press.net\/centrafricaine\/wp-json\/wp\/v2\/media\/5820"}],"wp:attachment":[{"href":"https:\/\/www.africa-press.net\/centrafricaine\/wp-json\/wp\/v2\/media?parent=5821"}],"wp:term":[{"taxonomy":"category","embeddable":true,"href":"https:\/\/www.africa-press.net\/centrafricaine\/wp-json\/wp\/v2\/categories?post=5821"},{"taxonomy":"post_tag","embeddable":true,"href":"https:\/\/www.africa-press.net\/centrafricaine\/wp-json\/wp\/v2\/tags?post=5821"}],"curies":[{"name":"wp","href":"https:\/\/api.w.org\/{rel}","templated":true}]}}