{"id":5839,"date":"2021-04-19T12:05:09","date_gmt":"2021-04-19T12:05:09","guid":{"rendered":"https:\/\/www.africa-press.net\/centrafricaine\/politique\/derniere-minute-grave-accident-de-circulation-impliquant-le-cortege-du-president-de-la-republique-a-bangui"},"modified":"2021-04-19T12:45:06","modified_gmt":"2021-04-19T12:45:06","slug":"derniere-minute-grave-accident-de-circulation-impliquant-le-cortege-du-president-de-la-republique-a-bangui","status":"publish","type":"post","link":"https:\/\/www.africa-press.net\/centrafricaine\/politique\/derniere-minute-grave-accident-de-circulation-impliquant-le-cortege-du-president-de-la-republique-a-bangui","title":{"rendered":"Derni\u00e8re minute\u00a0: grave accident de circulation impliquant le cort\u00e8ge du Pr\u00e9sident de la R\u00e9publique \u00e0 Bangui"},"content":{"rendered":"<p><span style=\"color: #ff6600\"><strong><a href=\"https:\/\/www.africa-press.net\/\">Africa-Press<\/a> &#8211; <a href=\"https:\/\/www.africa-press.net\/centrafricaine\">CentrAfricaine<\/a>. <\/strong><\/span>De retour de son village de Damara, situ\u00e9 \u00e0 75 kilom\u00e8tres de Bangui, le cort\u00e8ge du chef de l\u2019\u00c9tat Faustin Archange Touadera s\u2019est impliqu\u00e9 dans un violent accident de circulation \u00e0 Bangui.<\/p>\n<p>La sc\u00e8ne s\u2019est produite il y a une dizaine des minutes devant l\u2019\u00e9cole nationale de police au PK10 \u00e0 Bangui. Selon les t\u00e9moins, le cort\u00e8ge du chef de l\u2019\u00c9tat, en provenance du PK12, et \u00e0 destination de Boy-Rabe \u00e0 vive allure, a percut\u00e9 violemment un conducteur d\u2019une motocyclette qui roulait au sens inverse, de Gobongo au PK12.<\/p>\n<p>D\u2019apr\u00e8s les premiers \u00e9l\u00e9ments d\u2019information sur l\u2019identit\u00e9 du conducteur recueillis par la brigade motoris\u00e9e de la gendarmerie du PK12, il s\u2019agit d\u2019un taxi-motard. Percut\u00e9 gravement, son \u00e9tat de sant\u00e9 serait tr\u00e8s pr\u00e9occupant. Il a \u00e9t\u00e9 secouru par les \u00e9l\u00e8ves policiers de l\u2019\u00e9cole qui assistaient \u00e0 la sc\u00e8ne.<\/p>\n<p>Pour l\u2019heure, la brigade de la gendarmerie de B\u00e9goua est en route pour recueillir probablement d\u2019autres informations sur la victime.<\/p>\n<p>Les d\u00e9tails dans nos prochains articles sur CNC.<\/p>\n<p>&nbsp;<\/p>\n","protected":false},"excerpt":{"rendered":"<p>Africa-Press &#8211; CentrAfricaine. De retour de son village de Damara, situ\u00e9 \u00e0 75 kilom\u00e8tres de Bangui, le cort\u00e8ge du chef de l\u2019\u00c9tat Faustin Archange Touadera s\u2019est impliqu\u00e9 dans un violent accident de circulation \u00e0 Bangui. La sc\u00e8ne s\u2019est produite il y a une dizaine des minutes devant l\u2019\u00e9cole nationale de police au PK10 \u00e0 Bangui. [&hellip;]<\/p>\n","protected":false},"author":82,"featured_media":5838,"comment_status":"open","ping_status":"closed","sticky":false,"template":"","format":"standard","meta":{"footnotes":""},"categories":[11,2,20,10],"tags":[36,58,30],"class_list":["post-5839","post","type-post","status-publish","format-standard","has-post-thumbnail","hentry","category-homepage-french","category-politique","category-top-nouvelles","category-toutes-les-actualites","tag-africa-press","tag-africa-press-centrafricaine","tag-centrafricaine"],"yoast_head":"<!-- This site is optimized with the Yoast SEO Premium plugin v26.1 (Yoast SEO v27.0) - https:\/\/yoast.com\/product\/yoast-seo-premium-wordpress\/ -->\n<title>Derni\u00e8re minute\u00a0: grave accident de circulation impliquant le cort\u00e8ge du Pr\u00e9sident de la R\u00e9publique \u00e0 Bangui - centrafricaine<\/title>\n<meta name=\"description\" content=\"Bangui, R\u00e9publique centrafricaine, dimanche, 18 avril 2021, 17:51:13 ( Corbeaunews-Centrafrique ). De retour de ...\" \/>\n<meta name=\"robots\" content=\"index, follow, max-snippet:-1, max-image-preview:large, max-video-preview:-1\" \/>\n<link rel=\"canonical\" href=\"https:\/\/www.africa-press.net\/centrafricaine\/politique\/derniere-minute-grave-accident-de-circulation-impliquant-le-cortege-du-president-de-la-republique-a-bangui\" \/>\n<meta property=\"og:locale\" content=\"fr_FR\" \/>\n<meta property=\"og:type\" content=\"article\" \/>\n<meta property=\"og:title\" content=\"Derni\u00e8re minute\u00a0: grave accident de circulation impliquant le cort\u00e8ge du Pr\u00e9sident de la R\u00e9publique \u00e0 Bangui\" \/>\n<meta property=\"og:description\" content=\"Bangui, R\u00e9publique centrafricaine, dimanche, 18 avril 2021, 17:51:13 ( Corbeaunews-Centrafrique ). De retour de ...\" \/>\n<meta property=\"og:url\" content=\"https:\/\/www.africa-press.net\/centrafricaine\/politique\/derniere-minute-grave-accident-de-circulation-impliquant-le-cortege-du-president-de-la-republique-a-bangui\" \/>\n<meta property=\"og:site_name\" content=\"centrafricaine\" \/>\n<meta property=\"article:published_time\" content=\"2021-04-19T12:05:09+00:00\" \/>\n<meta property=\"article:modified_time\" content=\"2021-04-19T12:45:06+00:00\" \/>\n<meta property=\"og:image\" content=\"https:\/\/static.africa-press.net\/centrafricaine\/sites\/45\/2021\/04\/img-607d71e620e4b.jpg\" \/>\n\t<meta property=\"og:image:width\" content=\"750\" \/>\n\t<meta property=\"og:image:height\" content=\"561\" \/>\n\t<meta property=\"og:image:type\" content=\"image\/jpeg\" \/>\n<meta name=\"author\" content=\"cfeditorfr\" \/>\n<meta name=\"twitter:card\" content=\"summary_large_image\" \/>\n<meta name=\"twitter:label1\" content=\"\u00c9crit par\" \/>\n\t<meta name=\"twitter:data1\" content=\"cfeditorfr\" \/>\n\t<meta name=\"twitter:label2\" content=\"Dur\u00e9e de lecture estim\u00e9e\" \/>\n\t<meta name=\"twitter:data2\" content=\"1 minute\" \/>\n<script type=\"application\/ld+json\" class=\"yoast-schema-graph\">{\"@context\":\"https:\/\/schema.org\",\"@graph\":[{\"@type\":\"Article\",\"@id\":\"https:\/\/www.africa-press.net\/centrafricaine\/politique\/derniere-minute-grave-accident-de-circulation-impliquant-le-cortege-du-president-de-la-republique-a-bangui#article\",\"isPartOf\":{\"@id\":\"https:\/\/www.africa-press.net\/centrafricaine\/politique\/derniere-minute-grave-accident-de-circulation-impliquant-le-cortege-du-president-de-la-republique-a-bangui\"},\"author\":{\"name\":\"cfeditorfr\",\"@id\":\"https:\/\/www.africa-press.net\/centrafricaine\/#\/schema\/person\/2b1cf3cd81a31e3cd26889ca66d677f1\"},\"headline\":\"Derni\u00e8re minute\u00a0: grave accident de circulation impliquant le cort\u00e8ge du Pr\u00e9sident de la R\u00e9publique \u00e0 Bangui\",\"datePublished\":\"2021-04-19T12:05:09+00:00\",\"dateModified\":\"2021-04-19T12:45:06+00:00\",\"mainEntityOfPage\":{\"@id\":\"https:\/\/www.africa-press.net\/centrafricaine\/politique\/derniere-minute-grave-accident-de-circulation-impliquant-le-cortege-du-president-de-la-republique-a-bangui\"},\"wordCount\":208,\"commentCount\":0,\"image\":{\"@id\":\"https:\/\/www.africa-press.net\/centrafricaine\/politique\/derniere-minute-grave-accident-de-circulation-impliquant-le-cortege-du-president-de-la-republique-a-bangui#primaryimage\"},\"thumbnailUrl\":\"https:\/\/static.africa-press.net\/centrafricaine\/sites\/45\/2021\/04\/img-607d71e620e4b.jpg\",\"keywords\":[\"Africa Press\",\"Africa Press-CentrAfricaine\",\"CentrAfricaine\"],\"articleSection\":[\"homepage-french\",\"Politique\",\"Top Nouvelles\",\"Toutes les actualit\u00e9s\"],\"inLanguage\":\"fr-FR\",\"potentialAction\":[{\"@type\":\"CommentAction\",\"name\":\"Comment\",\"target\":[\"https:\/\/www.africa-press.net\/centrafricaine\/politique\/derniere-minute-grave-accident-de-circulation-impliquant-le-cortege-du-president-de-la-republique-a-bangui#respond\"]}]},{\"@type\":\"WebPage\",\"@id\":\"https:\/\/www.africa-press.net\/centrafricaine\/politique\/derniere-minute-grave-accident-de-circulation-impliquant-le-cortege-du-president-de-la-republique-a-bangui\",\"url\":\"https:\/\/www.africa-press.net\/centrafricaine\/politique\/derniere-minute-grave-accident-de-circulation-impliquant-le-cortege-du-president-de-la-republique-a-bangui\",\"name\":\"Derni\u00e8re minute\u00a0: grave accident de circulation impliquant le cort\u00e8ge du Pr\u00e9sident de la R\u00e9publique \u00e0 Bangui - centrafricaine\",\"isPartOf\":{\"@id\":\"https:\/\/www.africa-press.net\/centrafricaine\/#website\"},\"primaryImageOfPage\":{\"@id\":\"https:\/\/www.africa-press.net\/centrafricaine\/politique\/derniere-minute-grave-accident-de-circulation-impliquant-le-cortege-du-president-de-la-republique-a-bangui#primaryimage\"},\"image\":{\"@id\":\"https:\/\/www.africa-press.net\/centrafricaine\/politique\/derniere-minute-grave-accident-de-circulation-impliquant-le-cortege-du-president-de-la-republique-a-bangui#primaryimage\"},\"thumbnailUrl\":\"https:\/\/static.africa-press.net\/centrafricaine\/sites\/45\/2021\/04\/img-607d71e620e4b.jpg\",\"datePublished\":\"2021-04-19T12:05:09+00:00\",\"dateModified\":\"2021-04-19T12:45:06+00:00\",\"author\":{\"@id\":\"https:\/\/www.africa-press.net\/centrafricaine\/#\/schema\/person\/2b1cf3cd81a31e3cd26889ca66d677f1\"},\"description\":\"Bangui, R\u00e9publique centrafricaine, dimanche, 18 avril 2021, 17:51:13 ( Corbeaunews-Centrafrique ). De retour de ...\",\"breadcrumb\":{\"@id\":\"https:\/\/www.africa-press.net\/centrafricaine\/politique\/derniere-minute-grave-accident-de-circulation-impliquant-le-cortege-du-president-de-la-republique-a-bangui#breadcrumb\"},\"inLanguage\":\"fr-FR\",\"potentialAction\":[{\"@type\":\"ReadAction\",\"target\":[\"https:\/\/www.africa-press.net\/centrafricaine\/politique\/derniere-minute-grave-accident-de-circulation-impliquant-le-cortege-du-president-de-la-republique-a-bangui\"]}]},{\"@type\":\"ImageObject\",\"inLanguage\":\"fr-FR\",\"@id\":\"https:\/\/www.africa-press.net\/centrafricaine\/politique\/derniere-minute-grave-accident-de-circulation-impliquant-le-cortege-du-president-de-la-republique-a-bangui#primaryimage\",\"url\":\"https:\/\/static.africa-press.net\/centrafricaine\/sites\/45\/2021\/04\/img-607d71e620e4b.jpg\",\"contentUrl\":\"https:\/\/static.africa-press.net\/centrafricaine\/sites\/45\/2021\/04\/img-607d71e620e4b.jpg\",\"width\":750,\"height\":561,\"caption\":\"Derni\u00e8re minute\u00a0: grave accident de circulation impliquant le cort\u00e8ge du Pr\u00e9sident de la R\u00e9publique \u00e0 Bangui\"},{\"@type\":\"BreadcrumbList\",\"@id\":\"https:\/\/www.africa-press.net\/centrafricaine\/politique\/derniere-minute-grave-accident-de-circulation-impliquant-le-cortege-du-president-de-la-republique-a-bangui#breadcrumb\",\"itemListElement\":[{\"@type\":\"ListItem\",\"position\":1,\"name\":\"Accueil\",\"item\":\"https:\/\/www.africa-press.net\/centrafricaine\/\"},{\"@type\":\"ListItem\",\"position\":2,\"name\":\"Derni\u00e8re minute\u00a0: grave accident de circulation impliquant le cort\u00e8ge du Pr\u00e9sident de la R\u00e9publique \u00e0 Bangui\"}]},{\"@type\":\"WebSite\",\"@id\":\"https:\/\/www.africa-press.net\/centrafricaine\/#website\",\"url\":\"https:\/\/www.africa-press.net\/centrafricaine\/\",\"name\":\"centrafricaine\",\"description\":\"Just another Africa News Agency Sites site\",\"potentialAction\":[{\"@type\":\"SearchAction\",\"target\":{\"@type\":\"EntryPoint\",\"urlTemplate\":\"https:\/\/www.africa-press.net\/centrafricaine\/?s={search_term_string}\"},\"query-input\":{\"@type\":\"PropertyValueSpecification\",\"valueRequired\":true,\"valueName\":\"search_term_string\"}}],\"inLanguage\":\"fr-FR\"},{\"@type\":\"Person\",\"@id\":\"https:\/\/www.africa-press.net\/centrafricaine\/#\/schema\/person\/2b1cf3cd81a31e3cd26889ca66d677f1\",\"name\":\"cfeditorfr\"}]}<\/script>\n<!-- \/ Yoast SEO Premium plugin. -->","yoast_head_json":{"title":"Derni\u00e8re minute\u00a0: grave accident de circulation impliquant le cort\u00e8ge du Pr\u00e9sident de la R\u00e9publique \u00e0 Bangui - centrafricaine","description":"Bangui, R\u00e9publique centrafricaine, dimanche, 18 avril 2021, 17:51:13 ( Corbeaunews-Centrafrique ). De retour de ...","robots":{"index":"index","follow":"follow","max-snippet":"max-snippet:-1","max-image-preview":"max-image-preview:large","max-video-preview":"max-video-preview:-1"},"canonical":"https:\/\/www.africa-press.net\/centrafricaine\/politique\/derniere-minute-grave-accident-de-circulation-impliquant-le-cortege-du-president-de-la-republique-a-bangui","og_locale":"fr_FR","og_type":"article","og_title":"Derni\u00e8re minute\u00a0: grave accident de circulation impliquant le cort\u00e8ge du Pr\u00e9sident de la R\u00e9publique \u00e0 Bangui","og_description":"Bangui, R\u00e9publique centrafricaine, dimanche, 18 avril 2021, 17:51:13 ( Corbeaunews-Centrafrique ). De retour de ...","og_url":"https:\/\/www.africa-press.net\/centrafricaine\/politique\/derniere-minute-grave-accident-de-circulation-impliquant-le-cortege-du-president-de-la-republique-a-bangui","og_site_name":"centrafricaine","article_published_time":"2021-04-19T12:05:09+00:00","article_modified_time":"2021-04-19T12:45:06+00:00","og_image":[{"width":750,"height":561,"url":"https:\/\/static.africa-press.net\/centrafricaine\/sites\/45\/2021\/04\/img-607d71e620e4b.jpg","type":"image\/jpeg"}],"author":"cfeditorfr","twitter_card":"summary_large_image","twitter_misc":{"\u00c9crit par":"cfeditorfr","Dur\u00e9e de lecture estim\u00e9e":"1 minute"},"schema":{"@context":"https:\/\/schema.org","@graph":[{"@type":"Article","@id":"https:\/\/www.africa-press.net\/centrafricaine\/politique\/derniere-minute-grave-accident-de-circulation-impliquant-le-cortege-du-president-de-la-republique-a-bangui#article","isPartOf":{"@id":"https:\/\/www.africa-press.net\/centrafricaine\/politique\/derniere-minute-grave-accident-de-circulation-impliquant-le-cortege-du-president-de-la-republique-a-bangui"},"author":{"name":"cfeditorfr","@id":"https:\/\/www.africa-press.net\/centrafricaine\/#\/schema\/person\/2b1cf3cd81a31e3cd26889ca66d677f1"},"headline":"Derni\u00e8re minute\u00a0: grave accident de circulation impliquant le cort\u00e8ge du Pr\u00e9sident de la R\u00e9publique \u00e0 Bangui","datePublished":"2021-04-19T12:05:09+00:00","dateModified":"2021-04-19T12:45:06+00:00","mainEntityOfPage":{"@id":"https:\/\/www.africa-press.net\/centrafricaine\/politique\/derniere-minute-grave-accident-de-circulation-impliquant-le-cortege-du-president-de-la-republique-a-bangui"},"wordCount":208,"commentCount":0,"image":{"@id":"https:\/\/www.africa-press.net\/centrafricaine\/politique\/derniere-minute-grave-accident-de-circulation-impliquant-le-cortege-du-president-de-la-republique-a-bangui#primaryimage"},"thumbnailUrl":"https:\/\/static.africa-press.net\/centrafricaine\/sites\/45\/2021\/04\/img-607d71e620e4b.jpg","keywords":["Africa Press","Africa Press-CentrAfricaine","CentrAfricaine"],"articleSection":["homepage-french","Politique","Top Nouvelles","Toutes les actualit\u00e9s"],"inLanguage":"fr-FR","potentialAction":[{"@type":"CommentAction","name":"Comment","target":["https:\/\/www.africa-press.net\/centrafricaine\/politique\/derniere-minute-grave-accident-de-circulation-impliquant-le-cortege-du-president-de-la-republique-a-bangui#respond"]}]},{"@type":"WebPage","@id":"https:\/\/www.africa-press.net\/centrafricaine\/politique\/derniere-minute-grave-accident-de-circulation-impliquant-le-cortege-du-president-de-la-republique-a-bangui","url":"https:\/\/www.africa-press.net\/centrafricaine\/politique\/derniere-minute-grave-accident-de-circulation-impliquant-le-cortege-du-president-de-la-republique-a-bangui","name":"Derni\u00e8re minute\u00a0: grave accident de circulation impliquant le cort\u00e8ge du Pr\u00e9sident de la R\u00e9publique \u00e0 Bangui - centrafricaine","isPartOf":{"@id":"https:\/\/www.africa-press.net\/centrafricaine\/#website"},"primaryImageOfPage":{"@id":"https:\/\/www.africa-press.net\/centrafricaine\/politique\/derniere-minute-grave-accident-de-circulation-impliquant-le-cortege-du-president-de-la-republique-a-bangui#primaryimage"},"image":{"@id":"https:\/\/www.africa-press.net\/centrafricaine\/politique\/derniere-minute-grave-accident-de-circulation-impliquant-le-cortege-du-president-de-la-republique-a-bangui#primaryimage"},"thumbnailUrl":"https:\/\/static.africa-press.net\/centrafricaine\/sites\/45\/2021\/04\/img-607d71e620e4b.jpg","datePublished":"2021-04-19T12:05:09+00:00","dateModified":"2021-04-19T12:45:06+00:00","author":{"@id":"https:\/\/www.africa-press.net\/centrafricaine\/#\/schema\/person\/2b1cf3cd81a31e3cd26889ca66d677f1"},"description":"Bangui, R\u00e9publique centrafricaine, dimanche, 18 avril 2021, 17:51:13 ( Corbeaunews-Centrafrique ). De retour de ...","breadcrumb":{"@id":"https:\/\/www.africa-press.net\/centrafricaine\/politique\/derniere-minute-grave-accident-de-circulation-impliquant-le-cortege-du-president-de-la-republique-a-bangui#breadcrumb"},"inLanguage":"fr-FR","potentialAction":[{"@type":"ReadAction","target":["https:\/\/www.africa-press.net\/centrafricaine\/politique\/derniere-minute-grave-accident-de-circulation-impliquant-le-cortege-du-president-de-la-republique-a-bangui"]}]},{"@type":"ImageObject","inLanguage":"fr-FR","@id":"https:\/\/www.africa-press.net\/centrafricaine\/politique\/derniere-minute-grave-accident-de-circulation-impliquant-le-cortege-du-president-de-la-republique-a-bangui#primaryimage","url":"https:\/\/static.africa-press.net\/centrafricaine\/sites\/45\/2021\/04\/img-607d71e620e4b.jpg","contentUrl":"https:\/\/static.africa-press.net\/centrafricaine\/sites\/45\/2021\/04\/img-607d71e620e4b.jpg","width":750,"height":561,"caption":"Derni\u00e8re minute\u00a0: grave accident de circulation impliquant le cort\u00e8ge du Pr\u00e9sident de la R\u00e9publique \u00e0 Bangui"},{"@type":"BreadcrumbList","@id":"https:\/\/www.africa-press.net\/centrafricaine\/politique\/derniere-minute-grave-accident-de-circulation-impliquant-le-cortege-du-president-de-la-republique-a-bangui#breadcrumb","itemListElement":[{"@type":"ListItem","position":1,"name":"Accueil","item":"https:\/\/www.africa-press.net\/centrafricaine\/"},{"@type":"ListItem","position":2,"name":"Derni\u00e8re minute\u00a0: grave accident de circulation impliquant le cort\u00e8ge du Pr\u00e9sident de la R\u00e9publique \u00e0 Bangui"}]},{"@type":"WebSite","@id":"https:\/\/www.africa-press.net\/centrafricaine\/#website","url":"https:\/\/www.africa-press.net\/centrafricaine\/","name":"centrafricaine","description":"Just another Africa News Agency Sites site","potentialAction":[{"@type":"SearchAction","target":{"@type":"EntryPoint","urlTemplate":"https:\/\/www.africa-press.net\/centrafricaine\/?s={search_term_string}"},"query-input":{"@type":"PropertyValueSpecification","valueRequired":true,"valueName":"search_term_string"}}],"inLanguage":"fr-FR"},{"@type":"Person","@id":"https:\/\/www.africa-press.net\/centrafricaine\/#\/schema\/person\/2b1cf3cd81a31e3cd26889ca66d677f1","name":"cfeditorfr"}]}},"_links":{"self":[{"href":"https:\/\/www.africa-press.net\/centrafricaine\/wp-json\/wp\/v2\/posts\/5839","targetHints":{"allow":["GET"]}}],"collection":[{"href":"https:\/\/www.africa-press.net\/centrafricaine\/wp-json\/wp\/v2\/posts"}],"about":[{"href":"https:\/\/www.africa-press.net\/centrafricaine\/wp-json\/wp\/v2\/types\/post"}],"author":[{"embeddable":true,"href":"https:\/\/www.africa-press.net\/centrafricaine\/wp-json\/wp\/v2\/users\/82"}],"replies":[{"embeddable":true,"href":"https:\/\/www.africa-press.net\/centrafricaine\/wp-json\/wp\/v2\/comments?post=5839"}],"version-history":[{"count":0,"href":"https:\/\/www.africa-press.net\/centrafricaine\/wp-json\/wp\/v2\/posts\/5839\/revisions"}],"wp:featuredmedia":[{"embeddable":true,"href":"https:\/\/www.africa-press.net\/centrafricaine\/wp-json\/wp\/v2\/media\/5838"}],"wp:attachment":[{"href":"https:\/\/www.africa-press.net\/centrafricaine\/wp-json\/wp\/v2\/media?parent=5839"}],"wp:term":[{"taxonomy":"category","embeddable":true,"href":"https:\/\/www.africa-press.net\/centrafricaine\/wp-json\/wp\/v2\/categories?post=5839"},{"taxonomy":"post_tag","embeddable":true,"href":"https:\/\/www.africa-press.net\/centrafricaine\/wp-json\/wp\/v2\/tags?post=5839"}],"curies":[{"name":"wp","href":"https:\/\/api.w.org\/{rel}","templated":true}]}}