{"id":5909,"date":"2021-04-20T12:43:18","date_gmt":"2021-04-20T12:43:18","guid":{"rendered":"https:\/\/www.africa-press.net\/centrafricaine\/?p=5909"},"modified":"2021-04-20T14:55:34","modified_gmt":"2021-04-20T14:55:34","slug":"selon-lopposant-joseph-bendounga-il-ya-une-justice-a-deux-vitesses-en-republique-centrafricaine","status":"publish","type":"post","link":"https:\/\/www.africa-press.net\/centrafricaine\/politique\/selon-lopposant-joseph-bendounga-il-ya-une-justice-a-deux-vitesses-en-republique-centrafricaine","title":{"rendered":"Selon l\u2019opposant Joseph Bendounga, \u00ab\u00a0il y\u2019a une justice \u00e0 deux vitesses en R\u00e9publique centrafricaine\u00a0\u00bb,"},"content":{"rendered":"<p><span style=\"color: #ff6600\"><strong><a href=\"https:\/\/www.africa-press.net\/\">Africa-Press<\/a> &#8211; <a href=\"https:\/\/www.africa-press.net\/centrafricaine\">CentrAfricaine<\/a>.\u00a0 <\/strong><\/span>\u00ab Ceux, que l\u2019\u00c9tat tol\u00e8re m\u00eame s\u2019ils commettent les pires des crimes, et ceux qui sont les dignes fils de ce pays, qui d\u00e9fendent la d\u00e9mocratie, qui se battent pour la d\u00e9mocratie, et qui ne doivent pas ouvrir la bouche. Et \u00e7a, c\u2019est depuis que monsieur Touadera est \u00e9lu Pr\u00e9sident de la R\u00e9publique\u2026 \u00bb,a d\u00e9clar\u00e9 l\u2019opposant Joseph Bendounga au sujet de la proc\u00e9dure de la lev\u00e9e de l\u2019immunit\u00e9 parlementaire des quatre d\u00e9put\u00e9s de l\u2019opposition d\u00e9mocratique soup\u00e7onn\u00e9s par l\u2019ex\u00e9cutif d\u2019avoir un lien avec la coalition des patriotes pour le changement (CPC), coordonn\u00e9e par l\u2019ancien Pr\u00e9sident de la R\u00e9publique Fran\u00e7ois Boziz\u00e9. L\u2019homme n\u2019a pas h\u00e9sit\u00e9 \u00e0 accuser le chef de l\u2019\u00c9tat d\u2019\u00eatre le principal auteur de cette crise politico-militaire qui a secou\u00e9 le pays ces derniers mois. Et ce n\u2019est pas tout !<\/p>\n<p><b>\u00ab Toute personnes qui donne un autre son que celui de Touadera et de sa bande, est syst\u00e9matiquement point\u00e9 du doigt, et la justice doit le traquer \u00bb<\/b><\/p>\n<p>, ajoute l\u2019opposant Joseph Bendounga.<\/p>\n<p>D\u2019apr\u00e8s lui, le climat s\u00e9curitaire et sociopolitique centrafricain est tr\u00e8s malsain, et que tous les centrafricains, depuis l\u2019attaque du CPC, sont devenus des criminels au regard du r\u00e9gime Touadera. \u00c0 telle enseigne qu\u2019ils ne savent \u00e0 quel saint vouer leur sort.<\/p>\n<p><b>\u00ab En R\u00e9publique centrafricaine, on peut critiquer le Pr\u00e9sident de la R\u00e9publique, les membres du gouvernement et ne pas \u00eatre inqui\u00e9t\u00e9s. Mais depuis l\u2019attaque du CPC, tous les centrafricains sont oblig\u00e9s de se taire , et nous n\u2019accepterons jamais cela en R\u00e9publique centrafricaine \u00bb,<\/b><\/p>\n<p>s\u2019alarme l\u2019opposant Joseph Bendounga qui fait allusion \u00e0 l\u2019instauration de l\u2019\u00c9tat d\u2019urgence, \u00e0 l\u2019interdiction de certains m\u00e9dias en ligne, aux menaces et intimidations ainsi qu\u2019\u00e0 l\u2019arrestation et l\u2019assassinat de plusieurs personnes identifi\u00e9es comme proches de l\u2019ancien Pr\u00e9sident Fran\u00e7ois Boziz\u00e9.<\/p>\n<p>Selon lui, \u00ab quand vous \u00eatres rebelles de nationalit\u00e9 \u00e9trang\u00e8re, vous \u00eatres l\u2019ami du r\u00e9gime. Et quand vous \u00eatres d\u00e9mocrates, qui d\u00e9fend la l\u00e9galit\u00e9, vous \u00eatres syst\u00e9matiquement tax\u00e9s d\u2019ennemi de la R\u00e9publique \u00bb, poursuit-il.<\/p>\n<p>Enfin, l\u2019opposant revient sur la manipulation des jeunes contre la communaut\u00e9 internationale par le r\u00e9gime. Selon lui, c\u2019est la m\u00eame m\u00e9thode employ\u00e9e par l\u2019ancien r\u00e9gime de Fran\u00e7ois Boziz\u00e9.<\/p>\n<p><b>\u00ab Mais aujourd\u2019hui si la communaut\u00e9 internationale partait, qui paye le salaire ? Qui assure une partie de la s\u00e9curit\u00e9 ? Non, c\u2019est un \u00e9ternel recommencement. Et quand les jeunes, on les instrumentalise, on les monte les uns contre les autres, on les monte contre la communaut\u00e9 internationale, mais c\u2019est un peuple failli\u2026<\/b><\/p>\n<p>&nbsp;<\/p>\n","protected":false},"excerpt":{"rendered":"<p>Africa-Press &#8211; CentrAfricaine.\u00a0 \u00ab Ceux, que l\u2019\u00c9tat tol\u00e8re m\u00eame s\u2019ils commettent les pires des crimes, et ceux qui sont les dignes fils de ce pays, qui d\u00e9fendent la d\u00e9mocratie, qui se battent pour la d\u00e9mocratie, et qui ne doivent pas ouvrir la bouche. Et \u00e7a, c\u2019est depuis que monsieur Touadera est \u00e9lu Pr\u00e9sident de la [&hellip;]<\/p>\n","protected":false},"author":82,"featured_media":5908,"comment_status":"open","ping_status":"closed","sticky":false,"template":"","format":"standard","meta":{"footnotes":""},"categories":[11,2,20,10],"tags":[36,58,30],"class_list":["post-5909","post","type-post","status-publish","format-standard","has-post-thumbnail","hentry","category-homepage-french","category-politique","category-top-nouvelles","category-toutes-les-actualites","tag-africa-press","tag-africa-press-centrafricaine","tag-centrafricaine"],"yoast_head":"<!-- This site is optimized with the Yoast SEO Premium plugin v26.1 (Yoast SEO v27.0) - https:\/\/yoast.com\/product\/yoast-seo-premium-wordpress\/ -->\n<title>Selon l\u2019opposant Joseph Bendounga, \u00ab\u00a0il y\u2019a une justice \u00e0 deux vitesses en R\u00e9publique centrafricaine\u00a0\u00bb, - centrafricaine<\/title>\n<meta name=\"description\" content=\"Bangui, R\u00e9publique centrafricaine, mardi, 20 avril 2021, 05:19:51 ( Corbeaunews-Centrafrique ). \u00ab Ceux, que l\u2019\u00c9t ...\" \/>\n<meta name=\"robots\" content=\"index, follow, max-snippet:-1, max-image-preview:large, max-video-preview:-1\" \/>\n<link rel=\"canonical\" href=\"https:\/\/www.africa-press.net\/centrafricaine\/politique\/selon-lopposant-joseph-bendounga-il-ya-une-justice-a-deux-vitesses-en-republique-centrafricaine\" \/>\n<meta property=\"og:locale\" content=\"fr_FR\" \/>\n<meta property=\"og:type\" content=\"article\" \/>\n<meta property=\"og:title\" content=\"Selon l\u2019opposant Joseph Bendounga, \u00ab\u00a0il y\u2019a une justice \u00e0 deux vitesses en R\u00e9publique centrafricaine\u00a0\u00bb,\" \/>\n<meta property=\"og:description\" content=\"Bangui, R\u00e9publique centrafricaine, mardi, 20 avril 2021, 05:19:51 ( Corbeaunews-Centrafrique ). \u00ab Ceux, que l\u2019\u00c9t ...\" \/>\n<meta property=\"og:url\" content=\"https:\/\/www.africa-press.net\/centrafricaine\/politique\/selon-lopposant-joseph-bendounga-il-ya-une-justice-a-deux-vitesses-en-republique-centrafricaine\" \/>\n<meta property=\"og:site_name\" content=\"centrafricaine\" \/>\n<meta property=\"article:published_time\" content=\"2021-04-20T12:43:18+00:00\" \/>\n<meta property=\"article:modified_time\" content=\"2021-04-20T14:55:34+00:00\" \/>\n<meta property=\"og:image\" content=\"https:\/\/static.africa-press.net\/centrafricaine\/sites\/45\/2021\/04\/img-607ec98756220.jpg\" \/>\n\t<meta property=\"og:image:width\" content=\"750\" \/>\n\t<meta property=\"og:image:height\" content=\"562\" \/>\n\t<meta property=\"og:image:type\" content=\"image\/jpeg\" \/>\n<meta name=\"author\" content=\"cfeditorfr\" \/>\n<meta name=\"twitter:card\" content=\"summary_large_image\" \/>\n<meta name=\"twitter:label1\" content=\"\u00c9crit par\" \/>\n\t<meta name=\"twitter:data1\" content=\"cfeditorfr\" \/>\n\t<meta name=\"twitter:label2\" content=\"Dur\u00e9e de lecture estim\u00e9e\" \/>\n\t<meta name=\"twitter:data2\" content=\"2 minutes\" \/>\n<script type=\"application\/ld+json\" class=\"yoast-schema-graph\">{\"@context\":\"https:\/\/schema.org\",\"@graph\":[{\"@type\":\"Article\",\"@id\":\"https:\/\/www.africa-press.net\/centrafricaine\/politique\/selon-lopposant-joseph-bendounga-il-ya-une-justice-a-deux-vitesses-en-republique-centrafricaine#article\",\"isPartOf\":{\"@id\":\"https:\/\/www.africa-press.net\/centrafricaine\/politique\/selon-lopposant-joseph-bendounga-il-ya-une-justice-a-deux-vitesses-en-republique-centrafricaine\"},\"author\":{\"name\":\"cfeditorfr\",\"@id\":\"https:\/\/www.africa-press.net\/centrafricaine\/#\/schema\/person\/2b1cf3cd81a31e3cd26889ca66d677f1\"},\"headline\":\"Selon l\u2019opposant Joseph Bendounga, \u00ab\u00a0il y\u2019a une justice \u00e0 deux vitesses en R\u00e9publique centrafricaine\u00a0\u00bb,\",\"datePublished\":\"2021-04-20T12:43:18+00:00\",\"dateModified\":\"2021-04-20T14:55:34+00:00\",\"mainEntityOfPage\":{\"@id\":\"https:\/\/www.africa-press.net\/centrafricaine\/politique\/selon-lopposant-joseph-bendounga-il-ya-une-justice-a-deux-vitesses-en-republique-centrafricaine\"},\"wordCount\":494,\"commentCount\":0,\"image\":{\"@id\":\"https:\/\/www.africa-press.net\/centrafricaine\/politique\/selon-lopposant-joseph-bendounga-il-ya-une-justice-a-deux-vitesses-en-republique-centrafricaine#primaryimage\"},\"thumbnailUrl\":\"https:\/\/static.africa-press.net\/centrafricaine\/sites\/45\/2021\/04\/img-607ec98756220.jpg\",\"keywords\":[\"Africa Press\",\"Africa Press-CentrAfricaine\",\"CentrAfricaine\"],\"articleSection\":[\"homepage-french\",\"Politique\",\"Top Nouvelles\",\"Toutes les actualit\u00e9s\"],\"inLanguage\":\"fr-FR\",\"potentialAction\":[{\"@type\":\"CommentAction\",\"name\":\"Comment\",\"target\":[\"https:\/\/www.africa-press.net\/centrafricaine\/politique\/selon-lopposant-joseph-bendounga-il-ya-une-justice-a-deux-vitesses-en-republique-centrafricaine#respond\"]}]},{\"@type\":\"WebPage\",\"@id\":\"https:\/\/www.africa-press.net\/centrafricaine\/politique\/selon-lopposant-joseph-bendounga-il-ya-une-justice-a-deux-vitesses-en-republique-centrafricaine\",\"url\":\"https:\/\/www.africa-press.net\/centrafricaine\/politique\/selon-lopposant-joseph-bendounga-il-ya-une-justice-a-deux-vitesses-en-republique-centrafricaine\",\"name\":\"Selon l\u2019opposant Joseph Bendounga, \u00ab\u00a0il y\u2019a une justice \u00e0 deux vitesses en R\u00e9publique centrafricaine\u00a0\u00bb, - centrafricaine\",\"isPartOf\":{\"@id\":\"https:\/\/www.africa-press.net\/centrafricaine\/#website\"},\"primaryImageOfPage\":{\"@id\":\"https:\/\/www.africa-press.net\/centrafricaine\/politique\/selon-lopposant-joseph-bendounga-il-ya-une-justice-a-deux-vitesses-en-republique-centrafricaine#primaryimage\"},\"image\":{\"@id\":\"https:\/\/www.africa-press.net\/centrafricaine\/politique\/selon-lopposant-joseph-bendounga-il-ya-une-justice-a-deux-vitesses-en-republique-centrafricaine#primaryimage\"},\"thumbnailUrl\":\"https:\/\/static.africa-press.net\/centrafricaine\/sites\/45\/2021\/04\/img-607ec98756220.jpg\",\"datePublished\":\"2021-04-20T12:43:18+00:00\",\"dateModified\":\"2021-04-20T14:55:34+00:00\",\"author\":{\"@id\":\"https:\/\/www.africa-press.net\/centrafricaine\/#\/schema\/person\/2b1cf3cd81a31e3cd26889ca66d677f1\"},\"description\":\"Bangui, R\u00e9publique centrafricaine, mardi, 20 avril 2021, 05:19:51 ( Corbeaunews-Centrafrique ). \u00ab Ceux, que l\u2019\u00c9t ...\",\"breadcrumb\":{\"@id\":\"https:\/\/www.africa-press.net\/centrafricaine\/politique\/selon-lopposant-joseph-bendounga-il-ya-une-justice-a-deux-vitesses-en-republique-centrafricaine#breadcrumb\"},\"inLanguage\":\"fr-FR\",\"potentialAction\":[{\"@type\":\"ReadAction\",\"target\":[\"https:\/\/www.africa-press.net\/centrafricaine\/politique\/selon-lopposant-joseph-bendounga-il-ya-une-justice-a-deux-vitesses-en-republique-centrafricaine\"]}]},{\"@type\":\"ImageObject\",\"inLanguage\":\"fr-FR\",\"@id\":\"https:\/\/www.africa-press.net\/centrafricaine\/politique\/selon-lopposant-joseph-bendounga-il-ya-une-justice-a-deux-vitesses-en-republique-centrafricaine#primaryimage\",\"url\":\"https:\/\/static.africa-press.net\/centrafricaine\/sites\/45\/2021\/04\/img-607ec98756220.jpg\",\"contentUrl\":\"https:\/\/static.africa-press.net\/centrafricaine\/sites\/45\/2021\/04\/img-607ec98756220.jpg\",\"width\":750,\"height\":562,\"caption\":\"Selon l\u2019opposant Joseph Bendounga, \u00ab\u00a0il y\u2019a une justice \u00e0 deux vitesses en R\u00e9publique centrafricaine\u00a0\u00bb,\"},{\"@type\":\"BreadcrumbList\",\"@id\":\"https:\/\/www.africa-press.net\/centrafricaine\/politique\/selon-lopposant-joseph-bendounga-il-ya-une-justice-a-deux-vitesses-en-republique-centrafricaine#breadcrumb\",\"itemListElement\":[{\"@type\":\"ListItem\",\"position\":1,\"name\":\"Accueil\",\"item\":\"https:\/\/www.africa-press.net\/centrafricaine\/\"},{\"@type\":\"ListItem\",\"position\":2,\"name\":\"Selon l\u2019opposant Joseph Bendounga, \u00ab\u00a0il y\u2019a une justice \u00e0 deux vitesses en R\u00e9publique centrafricaine\u00a0\u00bb,\"}]},{\"@type\":\"WebSite\",\"@id\":\"https:\/\/www.africa-press.net\/centrafricaine\/#website\",\"url\":\"https:\/\/www.africa-press.net\/centrafricaine\/\",\"name\":\"centrafricaine\",\"description\":\"Just another Africa News Agency Sites site\",\"potentialAction\":[{\"@type\":\"SearchAction\",\"target\":{\"@type\":\"EntryPoint\",\"urlTemplate\":\"https:\/\/www.africa-press.net\/centrafricaine\/?s={search_term_string}\"},\"query-input\":{\"@type\":\"PropertyValueSpecification\",\"valueRequired\":true,\"valueName\":\"search_term_string\"}}],\"inLanguage\":\"fr-FR\"},{\"@type\":\"Person\",\"@id\":\"https:\/\/www.africa-press.net\/centrafricaine\/#\/schema\/person\/2b1cf3cd81a31e3cd26889ca66d677f1\",\"name\":\"cfeditorfr\"}]}<\/script>\n<!-- \/ Yoast SEO Premium plugin. -->","yoast_head_json":{"title":"Selon l\u2019opposant Joseph Bendounga, \u00ab\u00a0il y\u2019a une justice \u00e0 deux vitesses en R\u00e9publique centrafricaine\u00a0\u00bb, - centrafricaine","description":"Bangui, R\u00e9publique centrafricaine, mardi, 20 avril 2021, 05:19:51 ( Corbeaunews-Centrafrique ). \u00ab Ceux, que l\u2019\u00c9t ...","robots":{"index":"index","follow":"follow","max-snippet":"max-snippet:-1","max-image-preview":"max-image-preview:large","max-video-preview":"max-video-preview:-1"},"canonical":"https:\/\/www.africa-press.net\/centrafricaine\/politique\/selon-lopposant-joseph-bendounga-il-ya-une-justice-a-deux-vitesses-en-republique-centrafricaine","og_locale":"fr_FR","og_type":"article","og_title":"Selon l\u2019opposant Joseph Bendounga, \u00ab\u00a0il y\u2019a une justice \u00e0 deux vitesses en R\u00e9publique centrafricaine\u00a0\u00bb,","og_description":"Bangui, R\u00e9publique centrafricaine, mardi, 20 avril 2021, 05:19:51 ( Corbeaunews-Centrafrique ). \u00ab Ceux, que l\u2019\u00c9t ...","og_url":"https:\/\/www.africa-press.net\/centrafricaine\/politique\/selon-lopposant-joseph-bendounga-il-ya-une-justice-a-deux-vitesses-en-republique-centrafricaine","og_site_name":"centrafricaine","article_published_time":"2021-04-20T12:43:18+00:00","article_modified_time":"2021-04-20T14:55:34+00:00","og_image":[{"width":750,"height":562,"url":"https:\/\/static.africa-press.net\/centrafricaine\/sites\/45\/2021\/04\/img-607ec98756220.jpg","type":"image\/jpeg"}],"author":"cfeditorfr","twitter_card":"summary_large_image","twitter_misc":{"\u00c9crit par":"cfeditorfr","Dur\u00e9e de lecture estim\u00e9e":"2 minutes"},"schema":{"@context":"https:\/\/schema.org","@graph":[{"@type":"Article","@id":"https:\/\/www.africa-press.net\/centrafricaine\/politique\/selon-lopposant-joseph-bendounga-il-ya-une-justice-a-deux-vitesses-en-republique-centrafricaine#article","isPartOf":{"@id":"https:\/\/www.africa-press.net\/centrafricaine\/politique\/selon-lopposant-joseph-bendounga-il-ya-une-justice-a-deux-vitesses-en-republique-centrafricaine"},"author":{"name":"cfeditorfr","@id":"https:\/\/www.africa-press.net\/centrafricaine\/#\/schema\/person\/2b1cf3cd81a31e3cd26889ca66d677f1"},"headline":"Selon l\u2019opposant Joseph Bendounga, \u00ab\u00a0il y\u2019a une justice \u00e0 deux vitesses en R\u00e9publique centrafricaine\u00a0\u00bb,","datePublished":"2021-04-20T12:43:18+00:00","dateModified":"2021-04-20T14:55:34+00:00","mainEntityOfPage":{"@id":"https:\/\/www.africa-press.net\/centrafricaine\/politique\/selon-lopposant-joseph-bendounga-il-ya-une-justice-a-deux-vitesses-en-republique-centrafricaine"},"wordCount":494,"commentCount":0,"image":{"@id":"https:\/\/www.africa-press.net\/centrafricaine\/politique\/selon-lopposant-joseph-bendounga-il-ya-une-justice-a-deux-vitesses-en-republique-centrafricaine#primaryimage"},"thumbnailUrl":"https:\/\/static.africa-press.net\/centrafricaine\/sites\/45\/2021\/04\/img-607ec98756220.jpg","keywords":["Africa Press","Africa Press-CentrAfricaine","CentrAfricaine"],"articleSection":["homepage-french","Politique","Top Nouvelles","Toutes les actualit\u00e9s"],"inLanguage":"fr-FR","potentialAction":[{"@type":"CommentAction","name":"Comment","target":["https:\/\/www.africa-press.net\/centrafricaine\/politique\/selon-lopposant-joseph-bendounga-il-ya-une-justice-a-deux-vitesses-en-republique-centrafricaine#respond"]}]},{"@type":"WebPage","@id":"https:\/\/www.africa-press.net\/centrafricaine\/politique\/selon-lopposant-joseph-bendounga-il-ya-une-justice-a-deux-vitesses-en-republique-centrafricaine","url":"https:\/\/www.africa-press.net\/centrafricaine\/politique\/selon-lopposant-joseph-bendounga-il-ya-une-justice-a-deux-vitesses-en-republique-centrafricaine","name":"Selon l\u2019opposant Joseph Bendounga, \u00ab\u00a0il y\u2019a une justice \u00e0 deux vitesses en R\u00e9publique centrafricaine\u00a0\u00bb, - centrafricaine","isPartOf":{"@id":"https:\/\/www.africa-press.net\/centrafricaine\/#website"},"primaryImageOfPage":{"@id":"https:\/\/www.africa-press.net\/centrafricaine\/politique\/selon-lopposant-joseph-bendounga-il-ya-une-justice-a-deux-vitesses-en-republique-centrafricaine#primaryimage"},"image":{"@id":"https:\/\/www.africa-press.net\/centrafricaine\/politique\/selon-lopposant-joseph-bendounga-il-ya-une-justice-a-deux-vitesses-en-republique-centrafricaine#primaryimage"},"thumbnailUrl":"https:\/\/static.africa-press.net\/centrafricaine\/sites\/45\/2021\/04\/img-607ec98756220.jpg","datePublished":"2021-04-20T12:43:18+00:00","dateModified":"2021-04-20T14:55:34+00:00","author":{"@id":"https:\/\/www.africa-press.net\/centrafricaine\/#\/schema\/person\/2b1cf3cd81a31e3cd26889ca66d677f1"},"description":"Bangui, R\u00e9publique centrafricaine, mardi, 20 avril 2021, 05:19:51 ( Corbeaunews-Centrafrique ). \u00ab Ceux, que l\u2019\u00c9t ...","breadcrumb":{"@id":"https:\/\/www.africa-press.net\/centrafricaine\/politique\/selon-lopposant-joseph-bendounga-il-ya-une-justice-a-deux-vitesses-en-republique-centrafricaine#breadcrumb"},"inLanguage":"fr-FR","potentialAction":[{"@type":"ReadAction","target":["https:\/\/www.africa-press.net\/centrafricaine\/politique\/selon-lopposant-joseph-bendounga-il-ya-une-justice-a-deux-vitesses-en-republique-centrafricaine"]}]},{"@type":"ImageObject","inLanguage":"fr-FR","@id":"https:\/\/www.africa-press.net\/centrafricaine\/politique\/selon-lopposant-joseph-bendounga-il-ya-une-justice-a-deux-vitesses-en-republique-centrafricaine#primaryimage","url":"https:\/\/static.africa-press.net\/centrafricaine\/sites\/45\/2021\/04\/img-607ec98756220.jpg","contentUrl":"https:\/\/static.africa-press.net\/centrafricaine\/sites\/45\/2021\/04\/img-607ec98756220.jpg","width":750,"height":562,"caption":"Selon l\u2019opposant Joseph Bendounga, \u00ab\u00a0il y\u2019a une justice \u00e0 deux vitesses en R\u00e9publique centrafricaine\u00a0\u00bb,"},{"@type":"BreadcrumbList","@id":"https:\/\/www.africa-press.net\/centrafricaine\/politique\/selon-lopposant-joseph-bendounga-il-ya-une-justice-a-deux-vitesses-en-republique-centrafricaine#breadcrumb","itemListElement":[{"@type":"ListItem","position":1,"name":"Accueil","item":"https:\/\/www.africa-press.net\/centrafricaine\/"},{"@type":"ListItem","position":2,"name":"Selon l\u2019opposant Joseph Bendounga, \u00ab\u00a0il y\u2019a une justice \u00e0 deux vitesses en R\u00e9publique centrafricaine\u00a0\u00bb,"}]},{"@type":"WebSite","@id":"https:\/\/www.africa-press.net\/centrafricaine\/#website","url":"https:\/\/www.africa-press.net\/centrafricaine\/","name":"centrafricaine","description":"Just another Africa News Agency Sites site","potentialAction":[{"@type":"SearchAction","target":{"@type":"EntryPoint","urlTemplate":"https:\/\/www.africa-press.net\/centrafricaine\/?s={search_term_string}"},"query-input":{"@type":"PropertyValueSpecification","valueRequired":true,"valueName":"search_term_string"}}],"inLanguage":"fr-FR"},{"@type":"Person","@id":"https:\/\/www.africa-press.net\/centrafricaine\/#\/schema\/person\/2b1cf3cd81a31e3cd26889ca66d677f1","name":"cfeditorfr"}]}},"_links":{"self":[{"href":"https:\/\/www.africa-press.net\/centrafricaine\/wp-json\/wp\/v2\/posts\/5909","targetHints":{"allow":["GET"]}}],"collection":[{"href":"https:\/\/www.africa-press.net\/centrafricaine\/wp-json\/wp\/v2\/posts"}],"about":[{"href":"https:\/\/www.africa-press.net\/centrafricaine\/wp-json\/wp\/v2\/types\/post"}],"author":[{"embeddable":true,"href":"https:\/\/www.africa-press.net\/centrafricaine\/wp-json\/wp\/v2\/users\/82"}],"replies":[{"embeddable":true,"href":"https:\/\/www.africa-press.net\/centrafricaine\/wp-json\/wp\/v2\/comments?post=5909"}],"version-history":[{"count":0,"href":"https:\/\/www.africa-press.net\/centrafricaine\/wp-json\/wp\/v2\/posts\/5909\/revisions"}],"wp:featuredmedia":[{"embeddable":true,"href":"https:\/\/www.africa-press.net\/centrafricaine\/wp-json\/wp\/v2\/media\/5908"}],"wp:attachment":[{"href":"https:\/\/www.africa-press.net\/centrafricaine\/wp-json\/wp\/v2\/media?parent=5909"}],"wp:term":[{"taxonomy":"category","embeddable":true,"href":"https:\/\/www.africa-press.net\/centrafricaine\/wp-json\/wp\/v2\/categories?post=5909"},{"taxonomy":"post_tag","embeddable":true,"href":"https:\/\/www.africa-press.net\/centrafricaine\/wp-json\/wp\/v2\/tags?post=5909"}],"curies":[{"name":"wp","href":"https:\/\/api.w.org\/{rel}","templated":true}]}}