{"id":5912,"date":"2021-04-20T12:49:26","date_gmt":"2021-04-20T12:49:26","guid":{"rendered":"https:\/\/www.africa-press.net\/centrafricaine\/?p=5912"},"modified":"2021-04-20T14:55:51","modified_gmt":"2021-04-20T14:55:51","slug":"rca-joseph-bendounga-elu-depute-de-bimbo-3-a-lassemblee-nationale","status":"publish","type":"post","link":"https:\/\/www.africa-press.net\/centrafricaine\/politique\/rca-joseph-bendounga-elu-depute-de-bimbo-3-a-lassemblee-nationale","title":{"rendered":"Joseph Bendounga, \u00e9lu d\u00e9put\u00e9 de Bimbo 3 \u00e0 l\u2019Assembl\u00e9e nationale"},"content":{"rendered":"<p><span style=\"color: #ff6600\"><strong><a href=\"https:\/\/www.africa-press.net\/\">Africa-Press<\/a> &#8211; <a href=\"https:\/\/www.africa-press.net\/centrafricaine\">CentrAfricaine<\/a>. <\/strong><\/span>\u00a0Ce lundi matin, les juges de la cour constitutionnelle ont publi\u00e9 les r\u00e9sultats d\u00e9finitifs du deuxi\u00e8me tour des l\u00e9gislatives et premier tour des partielles. Soixante-neuf (69) candidats ont \u00e9t\u00e9 d\u00e9clar\u00e9s \u00e9lus pour ce scrutin du 14 mars, parmi eux, le spectaculaire opposant Joseph Bendounga, Pr\u00e9sident du parti MDREC.<\/p>\n<p>Au cours de son audience \u00e0 Bangui ce lundi 19 avril, la cour constitutionnelle a d\u00e9clar\u00e9 49 candidats \u00e9lus au second tour des l\u00e9gislatives, et 20 autres au premier tour des partielles du 14 mars 2021. Ajoutant aux 22 candidats \u00e9lus d\u00e8s le premier tour au scrutin du 27 d\u00e9cembre 2020, c\u2019est presque deux tiers des si\u00e8ges de l\u2019Assembl\u00e9e nationale qui sont d\u00e9sormais pourvus. Au total quatre-vingt-onze d\u00e9put\u00e9s \u00e9lus depuis le d\u00e9but des \u00e9lections group\u00e9es du 27 d\u00e9cembre 2020 et du 14 mars 2021. \u00c0 ce jour, 49 si\u00e8ges restent \u00e0 pourvoir, et le scrutin va se d\u00e9rouler le mois prochain, selon l\u2019autorit\u00e9 nationale des \u00e9lections (\u00c2NE).<\/p>\n<p>Selon la loi, ces nouveaux \u00e9lus vont commencer \u00e0 si\u00e9ger \u00e0 partir du \/ mai prochain, date de la prise de fonction de la septi\u00e8me l\u00e9gislature.<\/p>\n<p>Parmi les nouveaux \u00e9lus, on note l\u2019entr\u00e9e en sc\u00e8ne pour la premi\u00e8re fois du c\u00e9l\u00e8bre opposant Joseph Bendounga, Pr\u00e9sident du parti MDREC, \u00e9lu d\u00e9put\u00e9 dans la circonscription \u00e9lectorale de Bimbo 3, dans l\u2019Ombella-Mpoko.<\/p>\n<p>Rendu c\u00e9l\u00e8bre gr\u00e2ce \u00e0 ses actions judiciaires contre le chef de l\u2019\u00c9tat Faustin Archange Touadera, l\u2019opposant Bendounga avait \u00e9t\u00e9 plusieurs fois arr\u00eat\u00e9 par les forces de l\u2019ordre et remis en libert\u00e9 quelques heures plus tard pour avoir pris la t\u00eate des manifestations organis\u00e9es contre certaines actions du chef de l\u2019\u00c9tat, mais \u00e9galement de la Minusca.<\/p>\n<p>\u00c0 lire aussi : RCA : tentative pr\u00e9sum\u00e9e d\u2019empoisonnement de l\u2019opposant Joseph Bendounga, la pol\u00e9mique enfle \u00e0 Bangui<\/p>\n<p>En septembre dernier, il avait accus\u00e9 le chef de l\u2019\u00c9tat de vouloir l\u2019\u00e9liminer \u00e0 travers son conseiller diplomatique Ali Gonessa, mais aussi les Russes.<\/p>\n<p>En effet, Monsieur Ali Gonessa, conseiller diplomatique du chef de l\u2019\u00c9tat, a avou\u00e9 avoir invit\u00e9, avec sa coll\u00e8gue russe, \u00e9galement conseill\u00e8re diplomatique du chef de l\u2019\u00c9tat, l\u2019opposant Joseph Bendounga, Pr\u00e9sident du mouvement d\u00e9mocratique pour la renaissance et l\u2019\u00e9volution de Centrafrique (MDREC), dans un restaurant de la capitale, et un cadeau \u00e0 la russe, compos\u00e9e d\u2019une bouteille de Vodka lui avait \u00e9galement \u00e9t\u00e9 remis. Ce que l\u2019opposant qualifie de tentative de corruption et d\u2019empoisonnement.<\/p>\n<p>&nbsp;<\/p>\n","protected":false},"excerpt":{"rendered":"<p>Africa-Press &#8211; CentrAfricaine. \u00a0Ce lundi matin, les juges de la cour constitutionnelle ont publi\u00e9 les r\u00e9sultats d\u00e9finitifs du deuxi\u00e8me tour des l\u00e9gislatives et premier tour des partielles. Soixante-neuf (69) candidats ont \u00e9t\u00e9 d\u00e9clar\u00e9s \u00e9lus pour ce scrutin du 14 mars, parmi eux, le spectaculaire opposant Joseph Bendounga, Pr\u00e9sident du parti MDREC. Au cours de son [&hellip;]<\/p>\n","protected":false},"author":82,"featured_media":5911,"comment_status":"open","ping_status":"closed","sticky":false,"template":"","format":"standard","meta":{"footnotes":""},"categories":[11,2,10],"tags":[36,58,30],"class_list":["post-5912","post","type-post","status-publish","format-standard","has-post-thumbnail","hentry","category-homepage-french","category-politique","category-toutes-les-actualites","tag-africa-press","tag-africa-press-centrafricaine","tag-centrafricaine"],"yoast_head":"<!-- This site is optimized with the Yoast SEO Premium plugin v26.1 (Yoast SEO v27.0) - https:\/\/yoast.com\/product\/yoast-seo-premium-wordpress\/ -->\n<title>Joseph Bendounga, \u00e9lu d\u00e9put\u00e9 de Bimbo 3 \u00e0 l\u2019Assembl\u00e9e nationale - centrafricaine<\/title>\n<meta name=\"description\" content=\"Bangui, R\u00e9publique centrafricaine, mardi, 20 avril 2021 (Corbeaunews-Centrafrique). lundi, 19 avril 2021, 16:47: ...\" \/>\n<meta name=\"robots\" content=\"index, follow, max-snippet:-1, max-image-preview:large, max-video-preview:-1\" \/>\n<link rel=\"canonical\" href=\"https:\/\/www.africa-press.net\/centrafricaine\/politique\/rca-joseph-bendounga-elu-depute-de-bimbo-3-a-lassemblee-nationale\" \/>\n<meta property=\"og:locale\" content=\"fr_FR\" \/>\n<meta property=\"og:type\" content=\"article\" \/>\n<meta property=\"og:title\" content=\"Joseph Bendounga, \u00e9lu d\u00e9put\u00e9 de Bimbo 3 \u00e0 l\u2019Assembl\u00e9e nationale\" \/>\n<meta property=\"og:description\" content=\"Bangui, R\u00e9publique centrafricaine, mardi, 20 avril 2021 (Corbeaunews-Centrafrique). lundi, 19 avril 2021, 16:47: ...\" \/>\n<meta property=\"og:url\" content=\"https:\/\/www.africa-press.net\/centrafricaine\/politique\/rca-joseph-bendounga-elu-depute-de-bimbo-3-a-lassemblee-nationale\" \/>\n<meta property=\"og:site_name\" content=\"centrafricaine\" \/>\n<meta property=\"article:published_time\" content=\"2021-04-20T12:49:26+00:00\" \/>\n<meta property=\"article:modified_time\" content=\"2021-04-20T14:55:51+00:00\" \/>\n<meta property=\"og:image\" content=\"https:\/\/static.africa-press.net\/centrafricaine\/sites\/45\/2021\/04\/img-607ec9c58054c.jpg\" \/>\n\t<meta property=\"og:image:width\" content=\"720\" \/>\n\t<meta property=\"og:image:height\" content=\"540\" \/>\n\t<meta property=\"og:image:type\" content=\"image\/jpeg\" \/>\n<meta name=\"author\" content=\"cfeditorfr\" \/>\n<meta name=\"twitter:card\" content=\"summary_large_image\" \/>\n<meta name=\"twitter:label1\" content=\"\u00c9crit par\" \/>\n\t<meta name=\"twitter:data1\" content=\"cfeditorfr\" \/>\n\t<meta name=\"twitter:label2\" content=\"Dur\u00e9e de lecture estim\u00e9e\" \/>\n\t<meta name=\"twitter:data2\" content=\"2 minutes\" \/>\n<script type=\"application\/ld+json\" class=\"yoast-schema-graph\">{\"@context\":\"https:\/\/schema.org\",\"@graph\":[{\"@type\":\"Article\",\"@id\":\"https:\/\/www.africa-press.net\/centrafricaine\/politique\/rca-joseph-bendounga-elu-depute-de-bimbo-3-a-lassemblee-nationale#article\",\"isPartOf\":{\"@id\":\"https:\/\/www.africa-press.net\/centrafricaine\/politique\/rca-joseph-bendounga-elu-depute-de-bimbo-3-a-lassemblee-nationale\"},\"author\":{\"name\":\"cfeditorfr\",\"@id\":\"https:\/\/www.africa-press.net\/centrafricaine\/#\/schema\/person\/2b1cf3cd81a31e3cd26889ca66d677f1\"},\"headline\":\"Joseph Bendounga, \u00e9lu d\u00e9put\u00e9 de Bimbo 3 \u00e0 l\u2019Assembl\u00e9e nationale\",\"datePublished\":\"2021-04-20T12:49:26+00:00\",\"dateModified\":\"2021-04-20T14:55:51+00:00\",\"mainEntityOfPage\":{\"@id\":\"https:\/\/www.africa-press.net\/centrafricaine\/politique\/rca-joseph-bendounga-elu-depute-de-bimbo-3-a-lassemblee-nationale\"},\"wordCount\":435,\"commentCount\":0,\"image\":{\"@id\":\"https:\/\/www.africa-press.net\/centrafricaine\/politique\/rca-joseph-bendounga-elu-depute-de-bimbo-3-a-lassemblee-nationale#primaryimage\"},\"thumbnailUrl\":\"https:\/\/static.africa-press.net\/centrafricaine\/sites\/45\/2021\/04\/img-607ec9c58054c.jpg\",\"keywords\":[\"Africa Press\",\"Africa Press-CentrAfricaine\",\"CentrAfricaine\"],\"articleSection\":[\"homepage-french\",\"Politique\",\"Toutes les actualit\u00e9s\"],\"inLanguage\":\"fr-FR\",\"potentialAction\":[{\"@type\":\"CommentAction\",\"name\":\"Comment\",\"target\":[\"https:\/\/www.africa-press.net\/centrafricaine\/politique\/rca-joseph-bendounga-elu-depute-de-bimbo-3-a-lassemblee-nationale#respond\"]}]},{\"@type\":\"WebPage\",\"@id\":\"https:\/\/www.africa-press.net\/centrafricaine\/politique\/rca-joseph-bendounga-elu-depute-de-bimbo-3-a-lassemblee-nationale\",\"url\":\"https:\/\/www.africa-press.net\/centrafricaine\/politique\/rca-joseph-bendounga-elu-depute-de-bimbo-3-a-lassemblee-nationale\",\"name\":\"Joseph Bendounga, \u00e9lu d\u00e9put\u00e9 de Bimbo 3 \u00e0 l\u2019Assembl\u00e9e nationale - centrafricaine\",\"isPartOf\":{\"@id\":\"https:\/\/www.africa-press.net\/centrafricaine\/#website\"},\"primaryImageOfPage\":{\"@id\":\"https:\/\/www.africa-press.net\/centrafricaine\/politique\/rca-joseph-bendounga-elu-depute-de-bimbo-3-a-lassemblee-nationale#primaryimage\"},\"image\":{\"@id\":\"https:\/\/www.africa-press.net\/centrafricaine\/politique\/rca-joseph-bendounga-elu-depute-de-bimbo-3-a-lassemblee-nationale#primaryimage\"},\"thumbnailUrl\":\"https:\/\/static.africa-press.net\/centrafricaine\/sites\/45\/2021\/04\/img-607ec9c58054c.jpg\",\"datePublished\":\"2021-04-20T12:49:26+00:00\",\"dateModified\":\"2021-04-20T14:55:51+00:00\",\"author\":{\"@id\":\"https:\/\/www.africa-press.net\/centrafricaine\/#\/schema\/person\/2b1cf3cd81a31e3cd26889ca66d677f1\"},\"description\":\"Bangui, R\u00e9publique centrafricaine, mardi, 20 avril 2021 (Corbeaunews-Centrafrique). lundi, 19 avril 2021, 16:47: ...\",\"breadcrumb\":{\"@id\":\"https:\/\/www.africa-press.net\/centrafricaine\/politique\/rca-joseph-bendounga-elu-depute-de-bimbo-3-a-lassemblee-nationale#breadcrumb\"},\"inLanguage\":\"fr-FR\",\"potentialAction\":[{\"@type\":\"ReadAction\",\"target\":[\"https:\/\/www.africa-press.net\/centrafricaine\/politique\/rca-joseph-bendounga-elu-depute-de-bimbo-3-a-lassemblee-nationale\"]}]},{\"@type\":\"ImageObject\",\"inLanguage\":\"fr-FR\",\"@id\":\"https:\/\/www.africa-press.net\/centrafricaine\/politique\/rca-joseph-bendounga-elu-depute-de-bimbo-3-a-lassemblee-nationale#primaryimage\",\"url\":\"https:\/\/static.africa-press.net\/centrafricaine\/sites\/45\/2021\/04\/img-607ec9c58054c.jpg\",\"contentUrl\":\"https:\/\/static.africa-press.net\/centrafricaine\/sites\/45\/2021\/04\/img-607ec9c58054c.jpg\",\"width\":720,\"height\":540,\"caption\":\"RCA\u00a0: Joseph Bendounga, \u00e9lu d\u00e9put\u00e9 de Bimbo 3 \u00e0 l\u2019Assembl\u00e9e nationale\"},{\"@type\":\"BreadcrumbList\",\"@id\":\"https:\/\/www.africa-press.net\/centrafricaine\/politique\/rca-joseph-bendounga-elu-depute-de-bimbo-3-a-lassemblee-nationale#breadcrumb\",\"itemListElement\":[{\"@type\":\"ListItem\",\"position\":1,\"name\":\"Accueil\",\"item\":\"https:\/\/www.africa-press.net\/centrafricaine\/\"},{\"@type\":\"ListItem\",\"position\":2,\"name\":\"Joseph Bendounga, \u00e9lu d\u00e9put\u00e9 de Bimbo 3 \u00e0 l\u2019Assembl\u00e9e nationale\"}]},{\"@type\":\"WebSite\",\"@id\":\"https:\/\/www.africa-press.net\/centrafricaine\/#website\",\"url\":\"https:\/\/www.africa-press.net\/centrafricaine\/\",\"name\":\"centrafricaine\",\"description\":\"Just another Africa News Agency Sites site\",\"potentialAction\":[{\"@type\":\"SearchAction\",\"target\":{\"@type\":\"EntryPoint\",\"urlTemplate\":\"https:\/\/www.africa-press.net\/centrafricaine\/?s={search_term_string}\"},\"query-input\":{\"@type\":\"PropertyValueSpecification\",\"valueRequired\":true,\"valueName\":\"search_term_string\"}}],\"inLanguage\":\"fr-FR\"},{\"@type\":\"Person\",\"@id\":\"https:\/\/www.africa-press.net\/centrafricaine\/#\/schema\/person\/2b1cf3cd81a31e3cd26889ca66d677f1\",\"name\":\"cfeditorfr\"}]}<\/script>\n<!-- \/ Yoast SEO Premium plugin. -->","yoast_head_json":{"title":"Joseph Bendounga, \u00e9lu d\u00e9put\u00e9 de Bimbo 3 \u00e0 l\u2019Assembl\u00e9e nationale - centrafricaine","description":"Bangui, R\u00e9publique centrafricaine, mardi, 20 avril 2021 (Corbeaunews-Centrafrique). lundi, 19 avril 2021, 16:47: ...","robots":{"index":"index","follow":"follow","max-snippet":"max-snippet:-1","max-image-preview":"max-image-preview:large","max-video-preview":"max-video-preview:-1"},"canonical":"https:\/\/www.africa-press.net\/centrafricaine\/politique\/rca-joseph-bendounga-elu-depute-de-bimbo-3-a-lassemblee-nationale","og_locale":"fr_FR","og_type":"article","og_title":"Joseph Bendounga, \u00e9lu d\u00e9put\u00e9 de Bimbo 3 \u00e0 l\u2019Assembl\u00e9e nationale","og_description":"Bangui, R\u00e9publique centrafricaine, mardi, 20 avril 2021 (Corbeaunews-Centrafrique). lundi, 19 avril 2021, 16:47: ...","og_url":"https:\/\/www.africa-press.net\/centrafricaine\/politique\/rca-joseph-bendounga-elu-depute-de-bimbo-3-a-lassemblee-nationale","og_site_name":"centrafricaine","article_published_time":"2021-04-20T12:49:26+00:00","article_modified_time":"2021-04-20T14:55:51+00:00","og_image":[{"width":720,"height":540,"url":"https:\/\/static.africa-press.net\/centrafricaine\/sites\/45\/2021\/04\/img-607ec9c58054c.jpg","type":"image\/jpeg"}],"author":"cfeditorfr","twitter_card":"summary_large_image","twitter_misc":{"\u00c9crit par":"cfeditorfr","Dur\u00e9e de lecture estim\u00e9e":"2 minutes"},"schema":{"@context":"https:\/\/schema.org","@graph":[{"@type":"Article","@id":"https:\/\/www.africa-press.net\/centrafricaine\/politique\/rca-joseph-bendounga-elu-depute-de-bimbo-3-a-lassemblee-nationale#article","isPartOf":{"@id":"https:\/\/www.africa-press.net\/centrafricaine\/politique\/rca-joseph-bendounga-elu-depute-de-bimbo-3-a-lassemblee-nationale"},"author":{"name":"cfeditorfr","@id":"https:\/\/www.africa-press.net\/centrafricaine\/#\/schema\/person\/2b1cf3cd81a31e3cd26889ca66d677f1"},"headline":"Joseph Bendounga, \u00e9lu d\u00e9put\u00e9 de Bimbo 3 \u00e0 l\u2019Assembl\u00e9e nationale","datePublished":"2021-04-20T12:49:26+00:00","dateModified":"2021-04-20T14:55:51+00:00","mainEntityOfPage":{"@id":"https:\/\/www.africa-press.net\/centrafricaine\/politique\/rca-joseph-bendounga-elu-depute-de-bimbo-3-a-lassemblee-nationale"},"wordCount":435,"commentCount":0,"image":{"@id":"https:\/\/www.africa-press.net\/centrafricaine\/politique\/rca-joseph-bendounga-elu-depute-de-bimbo-3-a-lassemblee-nationale#primaryimage"},"thumbnailUrl":"https:\/\/static.africa-press.net\/centrafricaine\/sites\/45\/2021\/04\/img-607ec9c58054c.jpg","keywords":["Africa Press","Africa Press-CentrAfricaine","CentrAfricaine"],"articleSection":["homepage-french","Politique","Toutes les actualit\u00e9s"],"inLanguage":"fr-FR","potentialAction":[{"@type":"CommentAction","name":"Comment","target":["https:\/\/www.africa-press.net\/centrafricaine\/politique\/rca-joseph-bendounga-elu-depute-de-bimbo-3-a-lassemblee-nationale#respond"]}]},{"@type":"WebPage","@id":"https:\/\/www.africa-press.net\/centrafricaine\/politique\/rca-joseph-bendounga-elu-depute-de-bimbo-3-a-lassemblee-nationale","url":"https:\/\/www.africa-press.net\/centrafricaine\/politique\/rca-joseph-bendounga-elu-depute-de-bimbo-3-a-lassemblee-nationale","name":"Joseph Bendounga, \u00e9lu d\u00e9put\u00e9 de Bimbo 3 \u00e0 l\u2019Assembl\u00e9e nationale - centrafricaine","isPartOf":{"@id":"https:\/\/www.africa-press.net\/centrafricaine\/#website"},"primaryImageOfPage":{"@id":"https:\/\/www.africa-press.net\/centrafricaine\/politique\/rca-joseph-bendounga-elu-depute-de-bimbo-3-a-lassemblee-nationale#primaryimage"},"image":{"@id":"https:\/\/www.africa-press.net\/centrafricaine\/politique\/rca-joseph-bendounga-elu-depute-de-bimbo-3-a-lassemblee-nationale#primaryimage"},"thumbnailUrl":"https:\/\/static.africa-press.net\/centrafricaine\/sites\/45\/2021\/04\/img-607ec9c58054c.jpg","datePublished":"2021-04-20T12:49:26+00:00","dateModified":"2021-04-20T14:55:51+00:00","author":{"@id":"https:\/\/www.africa-press.net\/centrafricaine\/#\/schema\/person\/2b1cf3cd81a31e3cd26889ca66d677f1"},"description":"Bangui, R\u00e9publique centrafricaine, mardi, 20 avril 2021 (Corbeaunews-Centrafrique). lundi, 19 avril 2021, 16:47: ...","breadcrumb":{"@id":"https:\/\/www.africa-press.net\/centrafricaine\/politique\/rca-joseph-bendounga-elu-depute-de-bimbo-3-a-lassemblee-nationale#breadcrumb"},"inLanguage":"fr-FR","potentialAction":[{"@type":"ReadAction","target":["https:\/\/www.africa-press.net\/centrafricaine\/politique\/rca-joseph-bendounga-elu-depute-de-bimbo-3-a-lassemblee-nationale"]}]},{"@type":"ImageObject","inLanguage":"fr-FR","@id":"https:\/\/www.africa-press.net\/centrafricaine\/politique\/rca-joseph-bendounga-elu-depute-de-bimbo-3-a-lassemblee-nationale#primaryimage","url":"https:\/\/static.africa-press.net\/centrafricaine\/sites\/45\/2021\/04\/img-607ec9c58054c.jpg","contentUrl":"https:\/\/static.africa-press.net\/centrafricaine\/sites\/45\/2021\/04\/img-607ec9c58054c.jpg","width":720,"height":540,"caption":"RCA\u00a0: Joseph Bendounga, \u00e9lu d\u00e9put\u00e9 de Bimbo 3 \u00e0 l\u2019Assembl\u00e9e nationale"},{"@type":"BreadcrumbList","@id":"https:\/\/www.africa-press.net\/centrafricaine\/politique\/rca-joseph-bendounga-elu-depute-de-bimbo-3-a-lassemblee-nationale#breadcrumb","itemListElement":[{"@type":"ListItem","position":1,"name":"Accueil","item":"https:\/\/www.africa-press.net\/centrafricaine\/"},{"@type":"ListItem","position":2,"name":"Joseph Bendounga, \u00e9lu d\u00e9put\u00e9 de Bimbo 3 \u00e0 l\u2019Assembl\u00e9e nationale"}]},{"@type":"WebSite","@id":"https:\/\/www.africa-press.net\/centrafricaine\/#website","url":"https:\/\/www.africa-press.net\/centrafricaine\/","name":"centrafricaine","description":"Just another Africa News Agency Sites site","potentialAction":[{"@type":"SearchAction","target":{"@type":"EntryPoint","urlTemplate":"https:\/\/www.africa-press.net\/centrafricaine\/?s={search_term_string}"},"query-input":{"@type":"PropertyValueSpecification","valueRequired":true,"valueName":"search_term_string"}}],"inLanguage":"fr-FR"},{"@type":"Person","@id":"https:\/\/www.africa-press.net\/centrafricaine\/#\/schema\/person\/2b1cf3cd81a31e3cd26889ca66d677f1","name":"cfeditorfr"}]}},"_links":{"self":[{"href":"https:\/\/www.africa-press.net\/centrafricaine\/wp-json\/wp\/v2\/posts\/5912","targetHints":{"allow":["GET"]}}],"collection":[{"href":"https:\/\/www.africa-press.net\/centrafricaine\/wp-json\/wp\/v2\/posts"}],"about":[{"href":"https:\/\/www.africa-press.net\/centrafricaine\/wp-json\/wp\/v2\/types\/post"}],"author":[{"embeddable":true,"href":"https:\/\/www.africa-press.net\/centrafricaine\/wp-json\/wp\/v2\/users\/82"}],"replies":[{"embeddable":true,"href":"https:\/\/www.africa-press.net\/centrafricaine\/wp-json\/wp\/v2\/comments?post=5912"}],"version-history":[{"count":0,"href":"https:\/\/www.africa-press.net\/centrafricaine\/wp-json\/wp\/v2\/posts\/5912\/revisions"}],"wp:featuredmedia":[{"embeddable":true,"href":"https:\/\/www.africa-press.net\/centrafricaine\/wp-json\/wp\/v2\/media\/5911"}],"wp:attachment":[{"href":"https:\/\/www.africa-press.net\/centrafricaine\/wp-json\/wp\/v2\/media?parent=5912"}],"wp:term":[{"taxonomy":"category","embeddable":true,"href":"https:\/\/www.africa-press.net\/centrafricaine\/wp-json\/wp\/v2\/categories?post=5912"},{"taxonomy":"post_tag","embeddable":true,"href":"https:\/\/www.africa-press.net\/centrafricaine\/wp-json\/wp\/v2\/tags?post=5912"}],"curies":[{"name":"wp","href":"https:\/\/api.w.org\/{rel}","templated":true}]}}