{"id":5918,"date":"2021-04-20T13:04:23","date_gmt":"2021-04-20T13:04:23","guid":{"rendered":"https:\/\/www.africa-press.net\/centrafricaine\/?p=5918"},"modified":"2021-04-20T14:56:35","modified_gmt":"2021-04-20T14:56:35","slug":"forfaiture-decision-de-la-cour-constitutionnelle-occasion-manquee-pour-darlan-dentrer-dans-lhistoire","status":"publish","type":"post","link":"https:\/\/www.africa-press.net\/centrafricaine\/politique\/forfaiture-decision-de-la-cour-constitutionnelle-occasion-manquee-pour-darlan-dentrer-dans-lhistoire","title":{"rendered":"Forfaiture d\u00e9cision de la Cour Constitutionnelle. Occasion manqu\u00e9e pour Darlan d\u2019entrer dans l\u2019histoire"},"content":{"rendered":"<p><span style=\"color: #ff6600\"><strong><a href=\"https:\/\/www.africa-press.net\/\">Africa-Press<\/a> &#8211; <a href=\"https:\/\/www.africa-press.net\/centrafricaine\">CentrAfricaine<\/a>. <\/strong><\/span>\u201cPlus corrompue que Danielle Darlan et sa bande\u2026 tu meures\u201d, C\u2019est la premi\u00e8re r\u00e9action d\u2019un compatriote avis\u00e9 apr\u00e8s avoir suivi la d\u00e9cision inique de la Cour Constitutionnelle qui a rendu son arr\u00eat hier 19 avril 2021.<\/p>\n<p>Il en ressort plusieurs quoique tels que l\u2019invalidation des sans parents, des personnes sans entr\u00e9e r\u00e9elle dans les milieux ou encore convaincues de leur assise politique.<\/p>\n<p>D\u2019abord, Gabriel Tchima Ryeriko invalid\u00e9 au motif de complicit\u00e9 avec les groupes arm\u00e9s. L\u00e0, on est en droit de se poser des questions. Est-ce que la Cour Constitutionnelle cherche vraiment des gens plus proches des groupes arm\u00e9s ? Pourquoi n\u2019ont ils pas invalid\u00e9 la candidature de Fleury Pabandji leader charismatique des Antibalaka \u00e0 Bouar et candidat de la circonscription de Bouar 1 ?<\/p>\n<p><b>Et la politique des non prot\u00e9g\u00e9s<\/b><\/p>\n<p>.<\/p>\n<p><b>Samuel Stanislas Zoumbeti<\/b><\/p>\n<p>encore lui et toujours lui. En 2015, ce malchanceux de l\u2019histoire politique a gagn\u00e9 d\u00e8s le premier tour les \u00e9lections face \u00e0 Gina Sanz\u00e9, \u201cla dame du r\u00e9seau\u201d puisque c\u2019est comme \u00e7a qu\u2019on devrait l\u2019appeler d\u00e9sormais. Cette derni\u00e8re a us\u00e9 de son r\u00e9seau pour si\u00e9ger au motif que Stanislas Samuel Zoumbeti n\u2019avait pas mis dans son dossier le certificat de mis en disponibilit\u00e9.<\/p>\n<p>Cette fois encore la corruption a atteint son apog\u00e9e et cette dame du r\u00e9seau a, encore en lien avec ses voisins d\u2019alors, utilis\u00e9 les m\u00eames r\u00e9seaux pour disqualifier son adversaire qui l\u2019a mise chao et or du jeu. Triste record avec cette bande corrompue des juges qui pensent que le fait de d\u00e9clarer que la d\u00e9cision de la Cour Constitutionnelle est insusceptible de recours leur suffisait de faire du n\u2019importe quoi et \u00e0 n\u2019importe qui.<\/p>\n<p>Pis sa candidature a \u00e9t\u00e9 invalid\u00e9e \u00e0 cause de l\u2019implication de Zama Javan Papa dans son \u00e9quipe de campagne. Mais pourquoi ne pas invalider la victoire d\u2019Archange qui a eu le soutien de Dimb\u00e9l\u00e9 Nakou\u00e9 ? Quelle justice !<\/p>\n<p><b>Parodie de justice, la liste est non exhaustive<\/b><\/p>\n<p>A Paoua 2 par exemple, la Cour Constitutionnelle a invalid\u00e9 la victoire de Dotar Ngonguene sans motif fallacieux. Rupture du principe de l\u2019\u00e9galit\u00e9 des candidats. V\u00e9ritable dose d\u2019imagination fertilement injustifi\u00e9e. En r\u00e9alit\u00e9, un des alli\u00e9s de Faustin Archange Touadera, la Cour Constitutionnellement veut refaire les erreurs qu\u2019elle a commises en en 2016 pour invalider l\u2019heureux gagnant au profit de Timol\u00e9on Mba\u00efkoua qui avait b\u00e9n\u00e9fici\u00e9 du soutien inou\u00ef de sa maman, le maire de Paoua. Et si la honte pouvait tuer.<\/p>\n<p>Aujourd\u2019hui, c\u2019est le maire de Betoko qui roule pour Timol\u00e9on Mba\u00efkoua. Pourquoi les pauvres ne peuvent pas avoir justice dans ce pays. Pourquoi Darlan et sa bande ne peuvent pas \u00eatre en phase avec leur serment ? Non et non avec cette pratique.<\/p>\n<p>Pour arriver \u00e0 leur fin et comme \u00e0 leur habitude, cette sulfureuse bande a mis les moyens pour pr\u00e9parer les esprits \u00e0 accepter l\u2019inacceptable. Dans son num\u00e9ro du vendredi et comme pour prendre les centrafricains pour n\u00e9ophytes, Cyrus Emmanuel Sandy a tourn\u00e9 en boucle un reportage visant \u00e0 venter le travail excellent de la Cour Constitutionnelle.<\/p>\n<p>Tout le monde sait le r\u00f4le que jouent Darlan, Pingama Modo et Jean Pierre Ouabou\u00e9 dans leur qu\u00eate d\u2019argent facile. Cette vieille dame qui s\u2019est permise le luxe de valider certaines candidatures par des jeux de passe droit et de biz-bi pour lesquels nous y reviendront absolument.<\/p>\n<p>Tout faire pour positionner les amis et les faires si\u00e9g\u00e9s de cette mani\u00e8re ne sont que les pires de ce qu\u2019un pays peut accepter au 21e si\u00e8cle. Honteusement, ce sont des intello et collabo du mal qui le font au n om de la loi. Triste et honte \u00e0 la bande \u00e0 Darlan.<\/p>\n<p>De tout ce qui pr\u00e9c\u00e8de la d\u00e9cision de la Cour Constitutionnelle n\u2019a pas de valeur juridique et n\u2019encourage pas la stabilit\u00e9, la coh\u00e9sion sociale et le vivre ensemble. Elle est chrysog\u00e8ne et cette bande en porte \u00e0 vie l\u2019enti\u00e8re responsabilit\u00e9 sur leur conscience \u00e0 jamais. Que Dieu aide ce pays \u00e0 sortir \u00e0 sortir du cycle infernal de la manipulation, de l\u2019injustice.<\/p>\n<p><b>\u00a0<\/b><\/p>\n","protected":false},"excerpt":{"rendered":"<p>Africa-Press &#8211; CentrAfricaine. \u201cPlus corrompue que Danielle Darlan et sa bande\u2026 tu meures\u201d, C\u2019est la premi\u00e8re r\u00e9action d\u2019un compatriote avis\u00e9 apr\u00e8s avoir suivi la d\u00e9cision inique de la Cour Constitutionnelle qui a rendu son arr\u00eat hier 19 avril 2021. Il en ressort plusieurs quoique tels que l\u2019invalidation des sans parents, des personnes sans entr\u00e9e r\u00e9elle [&hellip;]<\/p>\n","protected":false},"author":82,"featured_media":5917,"comment_status":"open","ping_status":"closed","sticky":false,"template":"","format":"standard","meta":{"footnotes":""},"categories":[11,2,10],"tags":[36,58,30],"class_list":["post-5918","post","type-post","status-publish","format-standard","has-post-thumbnail","hentry","category-homepage-french","category-politique","category-toutes-les-actualites","tag-africa-press","tag-africa-press-centrafricaine","tag-centrafricaine"],"yoast_head":"<!-- This site is optimized with the Yoast SEO Premium plugin v26.1 (Yoast SEO v27.0) - https:\/\/yoast.com\/product\/yoast-seo-premium-wordpress\/ -->\n<title>Forfaiture d\u00e9cision de la Cour Constitutionnelle. Occasion manqu\u00e9e pour Darlan d\u2019entrer dans l\u2019histoire - centrafricaine<\/title>\n<meta name=\"description\" content=\"Bangui, R\u00e9publique centrafricaine, mardi, 20 avril 2021 (Corbeaunews-Centrafrique ). \u201cPlus corrompue que Danie ...\" \/>\n<meta name=\"robots\" content=\"index, follow, max-snippet:-1, max-image-preview:large, max-video-preview:-1\" \/>\n<link rel=\"canonical\" href=\"https:\/\/www.africa-press.net\/centrafricaine\/politique\/forfaiture-decision-de-la-cour-constitutionnelle-occasion-manquee-pour-darlan-dentrer-dans-lhistoire\" \/>\n<meta property=\"og:locale\" content=\"fr_FR\" \/>\n<meta property=\"og:type\" content=\"article\" \/>\n<meta property=\"og:title\" content=\"Forfaiture d\u00e9cision de la Cour Constitutionnelle. Occasion manqu\u00e9e pour Darlan d\u2019entrer dans l\u2019histoire\" \/>\n<meta property=\"og:description\" content=\"Bangui, R\u00e9publique centrafricaine, mardi, 20 avril 2021 (Corbeaunews-Centrafrique ). \u201cPlus corrompue que Danie ...\" \/>\n<meta property=\"og:url\" content=\"https:\/\/www.africa-press.net\/centrafricaine\/politique\/forfaiture-decision-de-la-cour-constitutionnelle-occasion-manquee-pour-darlan-dentrer-dans-lhistoire\" \/>\n<meta property=\"og:site_name\" content=\"centrafricaine\" \/>\n<meta property=\"article:published_time\" content=\"2021-04-20T13:04:23+00:00\" \/>\n<meta property=\"article:modified_time\" content=\"2021-04-20T14:56:35+00:00\" \/>\n<meta property=\"og:image\" content=\"https:\/\/static.africa-press.net\/centrafricaine\/sites\/45\/2021\/04\/img-607eca412a384.jpg\" \/>\n\t<meta property=\"og:image:width\" content=\"720\" \/>\n\t<meta property=\"og:image:height\" content=\"479\" \/>\n\t<meta property=\"og:image:type\" content=\"image\/jpeg\" \/>\n<meta name=\"author\" content=\"cfeditorfr\" \/>\n<meta name=\"twitter:card\" content=\"summary_large_image\" \/>\n<meta name=\"twitter:label1\" content=\"\u00c9crit par\" \/>\n\t<meta name=\"twitter:data1\" content=\"cfeditorfr\" \/>\n\t<meta name=\"twitter:label2\" content=\"Dur\u00e9e de lecture estim\u00e9e\" \/>\n\t<meta name=\"twitter:data2\" content=\"3 minutes\" \/>\n<script type=\"application\/ld+json\" class=\"yoast-schema-graph\">{\"@context\":\"https:\/\/schema.org\",\"@graph\":[{\"@type\":\"Article\",\"@id\":\"https:\/\/www.africa-press.net\/centrafricaine\/politique\/forfaiture-decision-de-la-cour-constitutionnelle-occasion-manquee-pour-darlan-dentrer-dans-lhistoire#article\",\"isPartOf\":{\"@id\":\"https:\/\/www.africa-press.net\/centrafricaine\/politique\/forfaiture-decision-de-la-cour-constitutionnelle-occasion-manquee-pour-darlan-dentrer-dans-lhistoire\"},\"author\":{\"name\":\"cfeditorfr\",\"@id\":\"https:\/\/www.africa-press.net\/centrafricaine\/#\/schema\/person\/2b1cf3cd81a31e3cd26889ca66d677f1\"},\"headline\":\"Forfaiture d\u00e9cision de la Cour Constitutionnelle. Occasion manqu\u00e9e pour Darlan d\u2019entrer dans l\u2019histoire\",\"datePublished\":\"2021-04-20T13:04:23+00:00\",\"dateModified\":\"2021-04-20T14:56:35+00:00\",\"mainEntityOfPage\":{\"@id\":\"https:\/\/www.africa-press.net\/centrafricaine\/politique\/forfaiture-decision-de-la-cour-constitutionnelle-occasion-manquee-pour-darlan-dentrer-dans-lhistoire\"},\"wordCount\":735,\"commentCount\":0,\"image\":{\"@id\":\"https:\/\/www.africa-press.net\/centrafricaine\/politique\/forfaiture-decision-de-la-cour-constitutionnelle-occasion-manquee-pour-darlan-dentrer-dans-lhistoire#primaryimage\"},\"thumbnailUrl\":\"https:\/\/static.africa-press.net\/centrafricaine\/sites\/45\/2021\/04\/img-607eca412a384.jpg\",\"keywords\":[\"Africa Press\",\"Africa Press-CentrAfricaine\",\"CentrAfricaine\"],\"articleSection\":[\"homepage-french\",\"Politique\",\"Toutes les actualit\u00e9s\"],\"inLanguage\":\"fr-FR\",\"potentialAction\":[{\"@type\":\"CommentAction\",\"name\":\"Comment\",\"target\":[\"https:\/\/www.africa-press.net\/centrafricaine\/politique\/forfaiture-decision-de-la-cour-constitutionnelle-occasion-manquee-pour-darlan-dentrer-dans-lhistoire#respond\"]}]},{\"@type\":\"WebPage\",\"@id\":\"https:\/\/www.africa-press.net\/centrafricaine\/politique\/forfaiture-decision-de-la-cour-constitutionnelle-occasion-manquee-pour-darlan-dentrer-dans-lhistoire\",\"url\":\"https:\/\/www.africa-press.net\/centrafricaine\/politique\/forfaiture-decision-de-la-cour-constitutionnelle-occasion-manquee-pour-darlan-dentrer-dans-lhistoire\",\"name\":\"Forfaiture d\u00e9cision de la Cour Constitutionnelle. Occasion manqu\u00e9e pour Darlan d\u2019entrer dans l\u2019histoire - centrafricaine\",\"isPartOf\":{\"@id\":\"https:\/\/www.africa-press.net\/centrafricaine\/#website\"},\"primaryImageOfPage\":{\"@id\":\"https:\/\/www.africa-press.net\/centrafricaine\/politique\/forfaiture-decision-de-la-cour-constitutionnelle-occasion-manquee-pour-darlan-dentrer-dans-lhistoire#primaryimage\"},\"image\":{\"@id\":\"https:\/\/www.africa-press.net\/centrafricaine\/politique\/forfaiture-decision-de-la-cour-constitutionnelle-occasion-manquee-pour-darlan-dentrer-dans-lhistoire#primaryimage\"},\"thumbnailUrl\":\"https:\/\/static.africa-press.net\/centrafricaine\/sites\/45\/2021\/04\/img-607eca412a384.jpg\",\"datePublished\":\"2021-04-20T13:04:23+00:00\",\"dateModified\":\"2021-04-20T14:56:35+00:00\",\"author\":{\"@id\":\"https:\/\/www.africa-press.net\/centrafricaine\/#\/schema\/person\/2b1cf3cd81a31e3cd26889ca66d677f1\"},\"description\":\"Bangui, R\u00e9publique centrafricaine, mardi, 20 avril 2021 (Corbeaunews-Centrafrique ). \u201cPlus corrompue que Danie ...\",\"breadcrumb\":{\"@id\":\"https:\/\/www.africa-press.net\/centrafricaine\/politique\/forfaiture-decision-de-la-cour-constitutionnelle-occasion-manquee-pour-darlan-dentrer-dans-lhistoire#breadcrumb\"},\"inLanguage\":\"fr-FR\",\"potentialAction\":[{\"@type\":\"ReadAction\",\"target\":[\"https:\/\/www.africa-press.net\/centrafricaine\/politique\/forfaiture-decision-de-la-cour-constitutionnelle-occasion-manquee-pour-darlan-dentrer-dans-lhistoire\"]}]},{\"@type\":\"ImageObject\",\"inLanguage\":\"fr-FR\",\"@id\":\"https:\/\/www.africa-press.net\/centrafricaine\/politique\/forfaiture-decision-de-la-cour-constitutionnelle-occasion-manquee-pour-darlan-dentrer-dans-lhistoire#primaryimage\",\"url\":\"https:\/\/static.africa-press.net\/centrafricaine\/sites\/45\/2021\/04\/img-607eca412a384.jpg\",\"contentUrl\":\"https:\/\/static.africa-press.net\/centrafricaine\/sites\/45\/2021\/04\/img-607eca412a384.jpg\",\"width\":720,\"height\":479,\"caption\":\"Forfaiture d\u00e9cision de la Cour Constitutionnelle. Occasion manqu\u00e9e pour Darlan d\u2019entrer dans l\u2019histoire\"},{\"@type\":\"BreadcrumbList\",\"@id\":\"https:\/\/www.africa-press.net\/centrafricaine\/politique\/forfaiture-decision-de-la-cour-constitutionnelle-occasion-manquee-pour-darlan-dentrer-dans-lhistoire#breadcrumb\",\"itemListElement\":[{\"@type\":\"ListItem\",\"position\":1,\"name\":\"Accueil\",\"item\":\"https:\/\/www.africa-press.net\/centrafricaine\/\"},{\"@type\":\"ListItem\",\"position\":2,\"name\":\"Forfaiture d\u00e9cision de la Cour Constitutionnelle. Occasion manqu\u00e9e pour Darlan d\u2019entrer dans l\u2019histoire\"}]},{\"@type\":\"WebSite\",\"@id\":\"https:\/\/www.africa-press.net\/centrafricaine\/#website\",\"url\":\"https:\/\/www.africa-press.net\/centrafricaine\/\",\"name\":\"centrafricaine\",\"description\":\"Just another Africa News Agency Sites site\",\"potentialAction\":[{\"@type\":\"SearchAction\",\"target\":{\"@type\":\"EntryPoint\",\"urlTemplate\":\"https:\/\/www.africa-press.net\/centrafricaine\/?s={search_term_string}\"},\"query-input\":{\"@type\":\"PropertyValueSpecification\",\"valueRequired\":true,\"valueName\":\"search_term_string\"}}],\"inLanguage\":\"fr-FR\"},{\"@type\":\"Person\",\"@id\":\"https:\/\/www.africa-press.net\/centrafricaine\/#\/schema\/person\/2b1cf3cd81a31e3cd26889ca66d677f1\",\"name\":\"cfeditorfr\"}]}<\/script>\n<!-- \/ Yoast SEO Premium plugin. -->","yoast_head_json":{"title":"Forfaiture d\u00e9cision de la Cour Constitutionnelle. Occasion manqu\u00e9e pour Darlan d\u2019entrer dans l\u2019histoire - centrafricaine","description":"Bangui, R\u00e9publique centrafricaine, mardi, 20 avril 2021 (Corbeaunews-Centrafrique ). \u201cPlus corrompue que Danie ...","robots":{"index":"index","follow":"follow","max-snippet":"max-snippet:-1","max-image-preview":"max-image-preview:large","max-video-preview":"max-video-preview:-1"},"canonical":"https:\/\/www.africa-press.net\/centrafricaine\/politique\/forfaiture-decision-de-la-cour-constitutionnelle-occasion-manquee-pour-darlan-dentrer-dans-lhistoire","og_locale":"fr_FR","og_type":"article","og_title":"Forfaiture d\u00e9cision de la Cour Constitutionnelle. Occasion manqu\u00e9e pour Darlan d\u2019entrer dans l\u2019histoire","og_description":"Bangui, R\u00e9publique centrafricaine, mardi, 20 avril 2021 (Corbeaunews-Centrafrique ). \u201cPlus corrompue que Danie ...","og_url":"https:\/\/www.africa-press.net\/centrafricaine\/politique\/forfaiture-decision-de-la-cour-constitutionnelle-occasion-manquee-pour-darlan-dentrer-dans-lhistoire","og_site_name":"centrafricaine","article_published_time":"2021-04-20T13:04:23+00:00","article_modified_time":"2021-04-20T14:56:35+00:00","og_image":[{"width":720,"height":479,"url":"https:\/\/static.africa-press.net\/centrafricaine\/sites\/45\/2021\/04\/img-607eca412a384.jpg","type":"image\/jpeg"}],"author":"cfeditorfr","twitter_card":"summary_large_image","twitter_misc":{"\u00c9crit par":"cfeditorfr","Dur\u00e9e de lecture estim\u00e9e":"3 minutes"},"schema":{"@context":"https:\/\/schema.org","@graph":[{"@type":"Article","@id":"https:\/\/www.africa-press.net\/centrafricaine\/politique\/forfaiture-decision-de-la-cour-constitutionnelle-occasion-manquee-pour-darlan-dentrer-dans-lhistoire#article","isPartOf":{"@id":"https:\/\/www.africa-press.net\/centrafricaine\/politique\/forfaiture-decision-de-la-cour-constitutionnelle-occasion-manquee-pour-darlan-dentrer-dans-lhistoire"},"author":{"name":"cfeditorfr","@id":"https:\/\/www.africa-press.net\/centrafricaine\/#\/schema\/person\/2b1cf3cd81a31e3cd26889ca66d677f1"},"headline":"Forfaiture d\u00e9cision de la Cour Constitutionnelle. Occasion manqu\u00e9e pour Darlan d\u2019entrer dans l\u2019histoire","datePublished":"2021-04-20T13:04:23+00:00","dateModified":"2021-04-20T14:56:35+00:00","mainEntityOfPage":{"@id":"https:\/\/www.africa-press.net\/centrafricaine\/politique\/forfaiture-decision-de-la-cour-constitutionnelle-occasion-manquee-pour-darlan-dentrer-dans-lhistoire"},"wordCount":735,"commentCount":0,"image":{"@id":"https:\/\/www.africa-press.net\/centrafricaine\/politique\/forfaiture-decision-de-la-cour-constitutionnelle-occasion-manquee-pour-darlan-dentrer-dans-lhistoire#primaryimage"},"thumbnailUrl":"https:\/\/static.africa-press.net\/centrafricaine\/sites\/45\/2021\/04\/img-607eca412a384.jpg","keywords":["Africa Press","Africa Press-CentrAfricaine","CentrAfricaine"],"articleSection":["homepage-french","Politique","Toutes les actualit\u00e9s"],"inLanguage":"fr-FR","potentialAction":[{"@type":"CommentAction","name":"Comment","target":["https:\/\/www.africa-press.net\/centrafricaine\/politique\/forfaiture-decision-de-la-cour-constitutionnelle-occasion-manquee-pour-darlan-dentrer-dans-lhistoire#respond"]}]},{"@type":"WebPage","@id":"https:\/\/www.africa-press.net\/centrafricaine\/politique\/forfaiture-decision-de-la-cour-constitutionnelle-occasion-manquee-pour-darlan-dentrer-dans-lhistoire","url":"https:\/\/www.africa-press.net\/centrafricaine\/politique\/forfaiture-decision-de-la-cour-constitutionnelle-occasion-manquee-pour-darlan-dentrer-dans-lhistoire","name":"Forfaiture d\u00e9cision de la Cour Constitutionnelle. Occasion manqu\u00e9e pour Darlan d\u2019entrer dans l\u2019histoire - centrafricaine","isPartOf":{"@id":"https:\/\/www.africa-press.net\/centrafricaine\/#website"},"primaryImageOfPage":{"@id":"https:\/\/www.africa-press.net\/centrafricaine\/politique\/forfaiture-decision-de-la-cour-constitutionnelle-occasion-manquee-pour-darlan-dentrer-dans-lhistoire#primaryimage"},"image":{"@id":"https:\/\/www.africa-press.net\/centrafricaine\/politique\/forfaiture-decision-de-la-cour-constitutionnelle-occasion-manquee-pour-darlan-dentrer-dans-lhistoire#primaryimage"},"thumbnailUrl":"https:\/\/static.africa-press.net\/centrafricaine\/sites\/45\/2021\/04\/img-607eca412a384.jpg","datePublished":"2021-04-20T13:04:23+00:00","dateModified":"2021-04-20T14:56:35+00:00","author":{"@id":"https:\/\/www.africa-press.net\/centrafricaine\/#\/schema\/person\/2b1cf3cd81a31e3cd26889ca66d677f1"},"description":"Bangui, R\u00e9publique centrafricaine, mardi, 20 avril 2021 (Corbeaunews-Centrafrique ). \u201cPlus corrompue que Danie ...","breadcrumb":{"@id":"https:\/\/www.africa-press.net\/centrafricaine\/politique\/forfaiture-decision-de-la-cour-constitutionnelle-occasion-manquee-pour-darlan-dentrer-dans-lhistoire#breadcrumb"},"inLanguage":"fr-FR","potentialAction":[{"@type":"ReadAction","target":["https:\/\/www.africa-press.net\/centrafricaine\/politique\/forfaiture-decision-de-la-cour-constitutionnelle-occasion-manquee-pour-darlan-dentrer-dans-lhistoire"]}]},{"@type":"ImageObject","inLanguage":"fr-FR","@id":"https:\/\/www.africa-press.net\/centrafricaine\/politique\/forfaiture-decision-de-la-cour-constitutionnelle-occasion-manquee-pour-darlan-dentrer-dans-lhistoire#primaryimage","url":"https:\/\/static.africa-press.net\/centrafricaine\/sites\/45\/2021\/04\/img-607eca412a384.jpg","contentUrl":"https:\/\/static.africa-press.net\/centrafricaine\/sites\/45\/2021\/04\/img-607eca412a384.jpg","width":720,"height":479,"caption":"Forfaiture d\u00e9cision de la Cour Constitutionnelle. Occasion manqu\u00e9e pour Darlan d\u2019entrer dans l\u2019histoire"},{"@type":"BreadcrumbList","@id":"https:\/\/www.africa-press.net\/centrafricaine\/politique\/forfaiture-decision-de-la-cour-constitutionnelle-occasion-manquee-pour-darlan-dentrer-dans-lhistoire#breadcrumb","itemListElement":[{"@type":"ListItem","position":1,"name":"Accueil","item":"https:\/\/www.africa-press.net\/centrafricaine\/"},{"@type":"ListItem","position":2,"name":"Forfaiture d\u00e9cision de la Cour Constitutionnelle. Occasion manqu\u00e9e pour Darlan d\u2019entrer dans l\u2019histoire"}]},{"@type":"WebSite","@id":"https:\/\/www.africa-press.net\/centrafricaine\/#website","url":"https:\/\/www.africa-press.net\/centrafricaine\/","name":"centrafricaine","description":"Just another Africa News Agency Sites site","potentialAction":[{"@type":"SearchAction","target":{"@type":"EntryPoint","urlTemplate":"https:\/\/www.africa-press.net\/centrafricaine\/?s={search_term_string}"},"query-input":{"@type":"PropertyValueSpecification","valueRequired":true,"valueName":"search_term_string"}}],"inLanguage":"fr-FR"},{"@type":"Person","@id":"https:\/\/www.africa-press.net\/centrafricaine\/#\/schema\/person\/2b1cf3cd81a31e3cd26889ca66d677f1","name":"cfeditorfr"}]}},"_links":{"self":[{"href":"https:\/\/www.africa-press.net\/centrafricaine\/wp-json\/wp\/v2\/posts\/5918","targetHints":{"allow":["GET"]}}],"collection":[{"href":"https:\/\/www.africa-press.net\/centrafricaine\/wp-json\/wp\/v2\/posts"}],"about":[{"href":"https:\/\/www.africa-press.net\/centrafricaine\/wp-json\/wp\/v2\/types\/post"}],"author":[{"embeddable":true,"href":"https:\/\/www.africa-press.net\/centrafricaine\/wp-json\/wp\/v2\/users\/82"}],"replies":[{"embeddable":true,"href":"https:\/\/www.africa-press.net\/centrafricaine\/wp-json\/wp\/v2\/comments?post=5918"}],"version-history":[{"count":0,"href":"https:\/\/www.africa-press.net\/centrafricaine\/wp-json\/wp\/v2\/posts\/5918\/revisions"}],"wp:featuredmedia":[{"embeddable":true,"href":"https:\/\/www.africa-press.net\/centrafricaine\/wp-json\/wp\/v2\/media\/5917"}],"wp:attachment":[{"href":"https:\/\/www.africa-press.net\/centrafricaine\/wp-json\/wp\/v2\/media?parent=5918"}],"wp:term":[{"taxonomy":"category","embeddable":true,"href":"https:\/\/www.africa-press.net\/centrafricaine\/wp-json\/wp\/v2\/categories?post=5918"},{"taxonomy":"post_tag","embeddable":true,"href":"https:\/\/www.africa-press.net\/centrafricaine\/wp-json\/wp\/v2\/tags?post=5918"}],"curies":[{"name":"wp","href":"https:\/\/api.w.org\/{rel}","templated":true}]}}