{"id":5940,"date":"2021-04-21T09:34:32","date_gmt":"2021-04-21T09:34:32","guid":{"rendered":"https:\/\/www.africa-press.net\/centrafricaine\/?p=5940"},"modified":"2021-04-21T09:56:12","modified_gmt":"2021-04-21T09:56:12","slug":"en-centrafrique-les-mercenaires-de-wagner-sement-la-peur-2","status":"publish","type":"post","link":"https:\/\/www.africa-press.net\/centrafricaine\/politique\/en-centrafrique-les-mercenaires-de-wagner-sement-la-peur-2","title":{"rendered":"les mercenaires de Wagner se\u0300ment la peur."},"content":{"rendered":"<p><span style=\"color: #ff6600\"><strong><a href=\"https:\/\/www.africa-press.net\/\">Africa-Press<\/a> &#8211; <a href=\"https:\/\/www.africa-press.net\/centrafricaine\">CentrAfricaine<\/a>.\u00a0 <\/strong><\/span>La vide\u0301o est d\u2019un cynisme cru. Il s\u2019agit d\u2019un des \u00abcours magistraux\u00bb de Fide\u0300le Gouandjika, va-t-en-guerre assume\u0301, l\u2019un des plus proches conseillers du pre\u0301sident centrafricain Faustin-Archange Touade\u0301ra. Le proche du chef de l\u2019Etat a pris l\u2019habitude de partager ses \u00abre\u0301flexions\u00bb en direct, sur Facebook. Le 15 mars, il la\u0302che : \u00abLes Russes ne cesseront de venir. Me\u0302me s\u2019ils demandent nos diamants, on va leur donner. Ils demandent de l\u2019uranium, on va leur donner. Du bois, on va leur donner. Me\u0302me s\u2019ils demandent de coucher avec nos femmes, on va leur donner.\u00bb<\/p>\n<p><b>Provocation ou manie\u0300re d<\/b><\/p>\n<p>\u2019assumer des crimes qui alimentent toujours plus la rumeur banguissoise ?<\/p>\n<p>Depuis 2018, et apre\u0300s le de\u0301sengagement de Centrafrique du partenaire traditionnel franc\u0327ais, le groupe de se\u0301curite\u0301 russe Wagner, dirige\u0301e par un proche de Poutine Evgeni Prigogine, a pris le contro\u0302le des re\u0301seaux de pouvoir, notamment via le conseiller a\u0300 la se\u0301curite\u0301 nationale du pre\u0301sident, Vale\u0301ry Zakharov.<\/p>\n<p>Ces derniers mois, la pre\u0301sence des paramilitaires s\u2019est renforce\u0301e. Contacte\u0301s par Libe\u0301ration, le gouvernement et la pre\u0301sidence centrafricaine ainsi que l\u2019ambassade de Russie n\u2019ont pas donne\u0301 suite a\u0300 nos demandes d\u2019information.<\/p>\n<p>Entre de\u0301cembre et janvier dernier, les attaques de la Coalition des patriotes pour le changement (CPC), alliance de six groupes arme\u0301s autour de l\u2019ancien pre\u0301sident Franc\u0327ois Bozize\u0301, ont perturbe\u0301 le processus e\u0301lectoral et menace\u0301 la capitale Bangui. La force de la mission de maintien de la paix de l\u2019ONU, la Minusca, des forces rwandaises (notamment en charge de la de\u0301fense de Bangui) et les mercenaires russes ont repousse\u0301 l\u2019attaque. Depuis, les rebelles, divise\u0301s, reculent toujours plus au nord.<\/p>\n<p>Selon le narratif officiel, l\u2019arme\u0301e centrafricaine, encore en reconstruction, part a\u0300 la reconque\u0302te d\u2019un territoire perdu depuis des anne\u0301es. Wagner n\u2019existe pas. Les 535 Russes pre\u0301sents en Centrafrique ne sont que des instructeurs, pre\u0301sents en soutien.<\/p>\n<p><b>Pont ae\u0301rien et fonds de tiroirs<\/b><\/p>\n<p>Dans les faits, le millier de mercenaires, dont la pre\u0301sence est dissimule\u0301e derrie\u0300re des socie\u0301te\u0301s e\u0301crans, me\u0300ne la contre-offensive, rele\u0301guant les forces arme\u0301es centrafricaines (Faca) a un ro\u0302le de supple\u0301tifs. Wagner a organise\u0301 un vaste pont ae\u0301rien pour acheminer des armes, au frais de l\u2019e\u0301tat centrafricain, violant l\u2019embargo impose\u0301 par le Conseil de se\u0301curite\u0301 de l\u2019ONU.<\/p>\n<p>Le terme \u00abrusse\u00bb est presque abusif, tant nombre d\u2019entre eux viennent du Moyen-Orient, de\u0301barque\u0301s dans un environnement qu\u2019ils ne connaissent pas. \u00abWagner a fait les fonds de tiroirs\u00bb, analyse un diplomate. Un re\u0301cent rapport d\u2019un groupe de travail de l\u2019ONU, charge\u0301 de la surveillance des milices arme\u0301es, a sonne\u0301 une premie\u0300re alarme, \u00abde\u0301nonc\u0327ant de graves violations des droits de l\u2019Homme\u00bb. Le rapport y confirmait les re\u0301ve\u0301lations de Libe\u0301ration selon laquelle la Minusca avait collabore\u0301 avec Wagner en de\u0301but d\u2019anne\u0301e.<\/p>\n<p>Selon des te\u0301moignages recueillis par Libe\u0301ration, l\u2019arrive\u0301e de Wagner dans les localite\u0301s s\u2019accompagne de pillages. Les mercenaires se servent, incite\u0301s par de faibles salaires, une logistique de\u0301faillante et l\u2019impunite\u0301 que leur confe\u0300re leur statut d\u2019assurance-vie du re\u0301gime.<\/p>\n<p>Jean-Pierre (1) se souvient encore du bouleversement qui a frappe\u0301 son village, situe\u0301 au sud du pays, en de\u0301cembre. \u00abIls ont brise\u0301 les portes, les fene\u0302tres, vole\u0301 les habits, les ustensiles de cuisine, les chaussures, les mousses, les chaises, les fauteuils. Ils ont tout de\u0301truit. Ils ont de\u0301cime\u0301 les cheptels. Quand les cabris passaient, ils tiraient.\u00bb<\/p>\n<p><b>\u00abLa peur au ventre\u00bb<\/b><\/p>\n<p>L\u2019occupation se met en place. Les Russes s\u2019installent trois mois dans les ba\u0302timents administratifs, et transforment le village en centre d\u2019entrai\u0302nement de tir. Pour aller au champ, les habitants pre\u0301fe\u0300rent demander l\u2019autorisation a\u0300 Wagner. \u00abIls confondent tout le monde, ils voient des rebelles partout, explique Jean-Pierre. Alors on allait ne\u0301gocier avec le commandant. Nous, pauvres civils, face a\u0300 des gens agite\u0301s, en arme\u2026 On allait la peur au ventre.\u00bb<\/p>\n<p>Dans un autre village situe\u0301 a\u0300 40 km, en revanche, la cohabitation s\u2019est bien passe\u0301e : les Russes, accompagne\u0301s d\u2019un traducteur n\u2019ont commis, selon les habitants, aucun de\u0301bordement. Un membre influent du gouvernement y cultive des plantations.<\/p>\n<p>En territoire rebelle, la situation devient pre\u0301occupante. Selon les te\u0301moins, les Wagner ne saisissent pas les enjeux qu\u2019impliquent plusieurs de\u0301cennies de conflits larve\u0301s. Pire, ils ne semblent pas s\u2019en soucier. Bambari est un exemple parlant. La quatrie\u0300me ville du pays est un territoire de l\u2019Union pour la paix en Centrafrique (UPC), qui a participe\u0301 a\u0300 la re\u0301bellion avant de re\u0301cemment prendre ses distances. Le groupe revendique la de\u0301fense des Peuls, des e\u0301leveurs nomades. Il s\u2019agit en fait d\u2019un alibi pour ses activite\u0301s criminelles, dirige\u0301es me\u0302me contre sa propre communaute\u0301.<\/p>\n<p>Les 15 et 16 fe\u0301vrier, Russes et forces gouvernementales atteignent Bambari et chassent l\u2019UPC au terme de violents combats. MSF affirme avoir soigne\u0301 ce jour-la\u0300 une trentaine de blesse\u0301s, dont des mineurs atteints d\u2019e\u0301clats d\u2019obus. Selon Amnesty International, 14 cadavres ont e\u0301te\u0301 retrouve\u0301s dans la mosque\u0301e, sans que l\u2019on puisse identifier les auteurs du crime.<\/p>\n<p><b>Un Peul est un rebelle<\/b><\/p>\n<p>Depuis, Wagner a installe\u0301 une base dans le quartier de Setero. Et agit selon une re\u0300gle\u2009: un Peul est un rebelle. Selon nos informations, au moins une vingtaine de personnes ont disparu, a\u0300 Bambari et aux alentours, apre\u0300s des descentes effectue\u0301es par les Russes. Parmi eux, des e\u0301le\u0301ments arme\u0301s mais aussi des civils, parfois cibles de de\u0301nonciations opportunistes.<\/p>\n<p>Fatima est a\u0300 Bangui depuis plusieurs semaines. Quand son fils a e\u0301te\u0301 arre\u0302te\u0301, elle a tente\u0301 d\u2019aller le voir a\u0300 la base russe, sans succe\u0300s. Le troisie\u0300me jour, un militaire centrafricain lui apprend son transfert a\u0300 Bangui. Elle re\u0301ussit a\u0300 re\u0301unir 90 000 francs CFA (140 euros), une somme e\u0301norme, et descend a\u0300 la capitale. Elle fait en vain le tour des commissariats, ho\u0302pitaux, et prisons. Au bout de six jours, on lui fait comprendre qu\u2019elle pose trop de questions. \u00abJe ne me sens pas bien, je ne mange pas bien. J\u2019ai laisse\u0301 mes petits-enfants a\u0300 Bambari, explique-t-elle. Mais si je reste ici, qui va s\u2019en occuper ? Ils re\u0301clament leur pe\u0300re chaque jour. Je leur fais garder espoir, je leur dis qu\u2019il va revenir. Mais je ne sais pas.\u00bb<\/p>\n<p>Et puis, il y a les viols. Les violences sexuelles contre les femmes sont un fle\u0301au centrafricain depuis vingt ans. Chaque monte\u0301e en intensite\u0301 du conflit accroi\u0302t le nombre de viols, tant par les combattants que par les proches. Les derniers e\u0301ve\u0301nements n\u2019ont pas fait exceptions. MSF a de\u0301nombre\u0301 au mois de janvier, a\u0300 Bangui, deux fois plus de viols qu\u2019en temps normal.<\/p>\n<p><b>\u00abIls m<\/b><\/p>\n<p>\u2019ont massacre\u0301e\u00bb<\/p>\n<p>Bien qu\u2019il soit difficile d\u2019en connai\u0302tre l\u2019ampleur, Wagner a participe\u0301 a\u0300 cette vague. A la sortie du lyce\u0301e, Simone se pressait pour rentrer chez elle un soir de fe\u0301vrier. Le couvre-feu de 18 heures approchait, la nuit tombait, les avenues se vidaient. Un ve\u0301hicule de Wagner s\u2019est arre\u0302te\u0301 a\u0300 son niveau. L\u2019un d\u2019entre eux parlait un peu franc\u0327ais. \u00abIls m\u2019ont propose\u0301 de monter, je pensais qu\u2019ils voulaient me ramener chez moi.\u00bb<\/p>\n<p>L\u2019e\u0301le\u0300ve de terminale est emmene\u0301e dans une maison. Elle descend dans une pie\u0300ce meuble\u0301e d\u2019un petit lit de camp. \u00abApre\u0300s une heure, ils sont venus me brutaliser. Ils m\u2019ont massacre\u0301e, c\u0327a a dure\u0301 toute la nuit.\u00bb Cinq hommes la violent a\u0300 tour de ro\u0302le. Au petit matin d\u2019une nuit sans sommeil, ils la rela\u0302chent au centre-ville, contre un billet de 10\u2009000 francs, et la consigne de se taire. Simone saignera pendant plusieurs jours.<\/p>\n<p>Au village de Jean-Pierre, Marie a connu une histoire similaire. Elle est une jeune commerc\u0327ante. Quelques jours apre\u0300s l\u2019installation des Russes, elle s\u2019approche d\u2019un petit marche\u0301 improvise\u0301 a\u0300 l\u2019entre\u0301e de leur base. Un Russe arme\u0301 la voit et lui fait signe d\u2019entrer. \u00abJe pensais qu\u2019ils ache\u0300teraient mes produits. Une fois a\u0300 l\u2019inte\u0301rieur, un homme m\u2019a pris dans ses bras et m\u2019a jete\u0301e sur un lit\u00bb, murmure-t-elle les yeux fixe\u0301s au sol. La\u0300 encore, cinq hommes. \u00abQuand c\u0327a a e\u0301te\u0301 fini, ils m\u2019ont donne\u0301 une bouteille d\u2019eau. Ils ne parlaient pas la langue, mais ils ont fait des gestes pour me dire que si je parlais, ils me tueraient.\u00bb<\/p>\n<p>Elle montre une cicatrice encore frai\u0302che au bras\u2009: le re\u0301sultat d\u2019une dispute avec son mari, qui n\u2019a pas supporte\u0301 le viol et l\u2019a chasse\u0301e. Depuis, Marie vit chez sa me\u0300re, un peu a\u0300 l\u2019e\u0301cart du village. De passage a\u0300 Bangui, elle a refuse\u0301 de se faire soigner\u2009: \u00abla honte\u00bb. Les victimes rencontre\u0301es ont peur. \u00abEn ge\u0301ne\u0301ral, les victimes en RCA mettent toujours du temps pour se faire connai\u0302tre, relativise un membre du Groupe de travail de la socie\u0301te\u0301 civile. Dans ce pays, elles vivent tre\u0300s souvent parmi leurs bourreaux.\u00bb<\/p>\n<p>Sessions de paranoi\u0308a<\/p>\n<p>\u00abTout le monde a peur des Russes, objecte un autre membre de la socie\u0301te\u0301 civile qui souhaite rester anonyme depuis des menaces de mort. Me\u0302me s\u2019ils le voulaient, les commissaires, les commandants, les juges, ne peuvent rien faire.\u00bb Rares sont les officiels qui acceptent de s\u2019exprimer, me\u0302me en off.<\/p>\n<p>La Minusca reste timore\u0301e devant les agissements d\u2019un des membres permanents du Conseil de Se\u0301curite\u0301 de l\u2019ONU. Le Repre\u0301sentant spe\u0301cial du Secre\u0301taire ge\u0301ne\u0301ral des Nations unies pour la RCA, Mankeur Ndiaye se contente pour le moment de promettre une \u00abenque\u0302te sur les alle\u0301gations d\u2019exactions\u00bb.<\/p>\n<p>Les Russes entrai\u0302nent le deuxie\u0300me mandat de Faustin-Archange Touade\u0301ra dans une crispation inquie\u0301tante. Plusieurs figures de l\u2019opposition, dont certains avaient noue\u0301 une alliance politique avec Franc\u0327ois Bozize\u0301, voient leur immunite\u0301 parlementaire menace\u0301e, apre\u0300s avoir e\u0301te\u0301 empe\u0302che\u0301es de quitter le territoire. Les re\u0301unions autour du Premier ministre Firmin Ngrebada, pie\u0300ce mai\u0302tresse du dispositif russe en RCA, deviennent des sessions de paranoi\u0308a auto-entretenues.<\/p>\n<p>Restent deux questions\u2009: a\u0300 quel point la \u00abme\u0301thode Wagner\u00bb peut infuser dans l\u2019action d\u2019un gouvernement, encore tenu a\u0300 bout de bras par les bailleurs internationaux, Union europe\u0301enne et FMI en te\u0302te\u2009? Surtout, la population, e\u0301puise\u0301e par deux de\u0301cennies de guerre civile, va-t-elle tole\u0301rer de tels actes dans l\u2019espoir, tre\u0300s hypothe\u0301tique, qu\u2019ils mettraient fin a\u0300 la domination des groupes arme\u0301s\u2009?<\/p>\n<p>Lors de l\u2019investiture de Faustin-Archange Touade\u0301ra le 31 mars, l\u2019ambassadeur russe a e\u0301te\u0301 acclame\u0301 par une salle de notables acquis a\u0300 la Russie. Simone, du fond de sa classe, s\u2019interroge, apre\u0300s un long silence : \u00abJe pensais que les Russes e\u0301taient venus nous secourir, pour notre se\u0301curite\u0301. Mais ils viennent nous faire cela. Je ne comprends pas.\u00bb<\/p>\n<p>(1) Tous les pre\u0301noms ont e\u0301te\u0301 change\u0301s par mesure de pre\u0301caution.<\/p>\n<p>Par Antoine Rolland<\/p>\n<p>&nbsp;<\/p>\n","protected":false},"excerpt":{"rendered":"<p>Africa-Press &#8211; CentrAfricaine.\u00a0 La vide\u0301o est d\u2019un cynisme cru. Il s\u2019agit d\u2019un des \u00abcours magistraux\u00bb de Fide\u0300le Gouandjika, va-t-en-guerre assume\u0301, l\u2019un des plus proches conseillers du pre\u0301sident centrafricain Faustin-Archange Touade\u0301ra. Le proche du chef de l\u2019Etat a pris l\u2019habitude de partager ses \u00abre\u0301flexions\u00bb en direct, sur Facebook. Le 15 mars, il la\u0302che : \u00abLes Russes [&hellip;]<\/p>\n","protected":false},"author":82,"featured_media":5939,"comment_status":"open","ping_status":"closed","sticky":false,"template":"","format":"standard","meta":{"footnotes":""},"categories":[11,2,10],"tags":[36,58,30],"class_list":["post-5940","post","type-post","status-publish","format-standard","has-post-thumbnail","hentry","category-homepage-french","category-politique","category-toutes-les-actualites","tag-africa-press","tag-africa-press-centrafricaine","tag-centrafricaine"],"yoast_head":"<!-- This site is optimized with the Yoast SEO Premium plugin v26.1 (Yoast SEO v27.0) - https:\/\/yoast.com\/product\/yoast-seo-premium-wordpress\/ -->\n<title>les mercenaires de Wagner se\u0300ment la peur. - centrafricaine<\/title>\n<meta name=\"description\" content=\"Bangui, R\u00e9publique centrafricaine, mardi, 20 avril 2021 ( Corbeaunews-Centrafrique). La vide\u0301o est d\u2019un cynisme ...\" \/>\n<meta name=\"robots\" content=\"index, follow, max-snippet:-1, max-image-preview:large, max-video-preview:-1\" \/>\n<link rel=\"canonical\" href=\"https:\/\/www.africa-press.net\/centrafricaine\/politique\/en-centrafrique-les-mercenaires-de-wagner-sement-la-peur-2\" \/>\n<meta property=\"og:locale\" content=\"fr_FR\" \/>\n<meta property=\"og:type\" content=\"article\" \/>\n<meta property=\"og:title\" content=\"les mercenaires de Wagner se\u0300ment la peur.\" \/>\n<meta property=\"og:description\" content=\"Bangui, R\u00e9publique centrafricaine, mardi, 20 avril 2021 ( Corbeaunews-Centrafrique). La vide\u0301o est d\u2019un cynisme ...\" \/>\n<meta property=\"og:url\" content=\"https:\/\/www.africa-press.net\/centrafricaine\/politique\/en-centrafrique-les-mercenaires-de-wagner-sement-la-peur-2\" \/>\n<meta property=\"og:site_name\" content=\"centrafricaine\" \/>\n<meta property=\"article:published_time\" content=\"2021-04-21T09:34:32+00:00\" \/>\n<meta property=\"article:modified_time\" content=\"2021-04-21T09:56:12+00:00\" \/>\n<meta property=\"og:image\" content=\"https:\/\/static.africa-press.net\/centrafricaine\/sites\/45\/2021\/04\/img-607ff0e6ae920.jpg\" \/>\n\t<meta property=\"og:image:width\" content=\"720\" \/>\n\t<meta property=\"og:image:height\" content=\"506\" \/>\n\t<meta property=\"og:image:type\" content=\"image\/jpeg\" \/>\n<meta name=\"author\" content=\"cfeditorfr\" \/>\n<meta name=\"twitter:card\" content=\"summary_large_image\" \/>\n<meta name=\"twitter:label1\" content=\"\u00c9crit par\" \/>\n\t<meta name=\"twitter:data1\" content=\"cfeditorfr\" \/>\n\t<meta name=\"twitter:label2\" content=\"Dur\u00e9e de lecture estim\u00e9e\" \/>\n\t<meta name=\"twitter:data2\" content=\"8 minutes\" \/>\n<script type=\"application\/ld+json\" class=\"yoast-schema-graph\">{\"@context\":\"https:\/\/schema.org\",\"@graph\":[{\"@type\":\"Article\",\"@id\":\"https:\/\/www.africa-press.net\/centrafricaine\/politique\/en-centrafrique-les-mercenaires-de-wagner-sement-la-peur-2#article\",\"isPartOf\":{\"@id\":\"https:\/\/www.africa-press.net\/centrafricaine\/politique\/en-centrafrique-les-mercenaires-de-wagner-sement-la-peur-2\"},\"author\":{\"name\":\"cfeditorfr\",\"@id\":\"https:\/\/www.africa-press.net\/centrafricaine\/#\/schema\/person\/2b1cf3cd81a31e3cd26889ca66d677f1\"},\"headline\":\"les mercenaires de Wagner se\u0300ment la peur.\",\"datePublished\":\"2021-04-21T09:34:32+00:00\",\"dateModified\":\"2021-04-21T09:56:12+00:00\",\"mainEntityOfPage\":{\"@id\":\"https:\/\/www.africa-press.net\/centrafricaine\/politique\/en-centrafrique-les-mercenaires-de-wagner-sement-la-peur-2\"},\"wordCount\":1968,\"commentCount\":0,\"image\":{\"@id\":\"https:\/\/www.africa-press.net\/centrafricaine\/politique\/en-centrafrique-les-mercenaires-de-wagner-sement-la-peur-2#primaryimage\"},\"thumbnailUrl\":\"https:\/\/static.africa-press.net\/centrafricaine\/sites\/45\/2021\/04\/img-607ff0e6ae920.jpg\",\"keywords\":[\"Africa Press\",\"Africa Press-CentrAfricaine\",\"CentrAfricaine\"],\"articleSection\":[\"homepage-french\",\"Politique\",\"Toutes les actualit\u00e9s\"],\"inLanguage\":\"fr-FR\",\"potentialAction\":[{\"@type\":\"CommentAction\",\"name\":\"Comment\",\"target\":[\"https:\/\/www.africa-press.net\/centrafricaine\/politique\/en-centrafrique-les-mercenaires-de-wagner-sement-la-peur-2#respond\"]}]},{\"@type\":\"WebPage\",\"@id\":\"https:\/\/www.africa-press.net\/centrafricaine\/politique\/en-centrafrique-les-mercenaires-de-wagner-sement-la-peur-2\",\"url\":\"https:\/\/www.africa-press.net\/centrafricaine\/politique\/en-centrafrique-les-mercenaires-de-wagner-sement-la-peur-2\",\"name\":\"les mercenaires de Wagner se\u0300ment la peur. - centrafricaine\",\"isPartOf\":{\"@id\":\"https:\/\/www.africa-press.net\/centrafricaine\/#website\"},\"primaryImageOfPage\":{\"@id\":\"https:\/\/www.africa-press.net\/centrafricaine\/politique\/en-centrafrique-les-mercenaires-de-wagner-sement-la-peur-2#primaryimage\"},\"image\":{\"@id\":\"https:\/\/www.africa-press.net\/centrafricaine\/politique\/en-centrafrique-les-mercenaires-de-wagner-sement-la-peur-2#primaryimage\"},\"thumbnailUrl\":\"https:\/\/static.africa-press.net\/centrafricaine\/sites\/45\/2021\/04\/img-607ff0e6ae920.jpg\",\"datePublished\":\"2021-04-21T09:34:32+00:00\",\"dateModified\":\"2021-04-21T09:56:12+00:00\",\"author\":{\"@id\":\"https:\/\/www.africa-press.net\/centrafricaine\/#\/schema\/person\/2b1cf3cd81a31e3cd26889ca66d677f1\"},\"description\":\"Bangui, R\u00e9publique centrafricaine, mardi, 20 avril 2021 ( Corbeaunews-Centrafrique). La vide\u0301o est d\u2019un cynisme ...\",\"breadcrumb\":{\"@id\":\"https:\/\/www.africa-press.net\/centrafricaine\/politique\/en-centrafrique-les-mercenaires-de-wagner-sement-la-peur-2#breadcrumb\"},\"inLanguage\":\"fr-FR\",\"potentialAction\":[{\"@type\":\"ReadAction\",\"target\":[\"https:\/\/www.africa-press.net\/centrafricaine\/politique\/en-centrafrique-les-mercenaires-de-wagner-sement-la-peur-2\"]}]},{\"@type\":\"ImageObject\",\"inLanguage\":\"fr-FR\",\"@id\":\"https:\/\/www.africa-press.net\/centrafricaine\/politique\/en-centrafrique-les-mercenaires-de-wagner-sement-la-peur-2#primaryimage\",\"url\":\"https:\/\/static.africa-press.net\/centrafricaine\/sites\/45\/2021\/04\/img-607ff0e6ae920.jpg\",\"contentUrl\":\"https:\/\/static.africa-press.net\/centrafricaine\/sites\/45\/2021\/04\/img-607ff0e6ae920.jpg\",\"width\":720,\"height\":506,\"caption\":\"En Centrafrique, les mercenaires de Wagner se\u0300ment la peur.\"},{\"@type\":\"BreadcrumbList\",\"@id\":\"https:\/\/www.africa-press.net\/centrafricaine\/politique\/en-centrafrique-les-mercenaires-de-wagner-sement-la-peur-2#breadcrumb\",\"itemListElement\":[{\"@type\":\"ListItem\",\"position\":1,\"name\":\"Accueil\",\"item\":\"https:\/\/www.africa-press.net\/centrafricaine\/\"},{\"@type\":\"ListItem\",\"position\":2,\"name\":\"les mercenaires de Wagner se\u0300ment la peur.\"}]},{\"@type\":\"WebSite\",\"@id\":\"https:\/\/www.africa-press.net\/centrafricaine\/#website\",\"url\":\"https:\/\/www.africa-press.net\/centrafricaine\/\",\"name\":\"centrafricaine\",\"description\":\"Just another Africa News Agency Sites site\",\"potentialAction\":[{\"@type\":\"SearchAction\",\"target\":{\"@type\":\"EntryPoint\",\"urlTemplate\":\"https:\/\/www.africa-press.net\/centrafricaine\/?s={search_term_string}\"},\"query-input\":{\"@type\":\"PropertyValueSpecification\",\"valueRequired\":true,\"valueName\":\"search_term_string\"}}],\"inLanguage\":\"fr-FR\"},{\"@type\":\"Person\",\"@id\":\"https:\/\/www.africa-press.net\/centrafricaine\/#\/schema\/person\/2b1cf3cd81a31e3cd26889ca66d677f1\",\"name\":\"cfeditorfr\"}]}<\/script>\n<!-- \/ Yoast SEO Premium plugin. -->","yoast_head_json":{"title":"les mercenaires de Wagner se\u0300ment la peur. - centrafricaine","description":"Bangui, R\u00e9publique centrafricaine, mardi, 20 avril 2021 ( Corbeaunews-Centrafrique). La vide\u0301o est d\u2019un cynisme ...","robots":{"index":"index","follow":"follow","max-snippet":"max-snippet:-1","max-image-preview":"max-image-preview:large","max-video-preview":"max-video-preview:-1"},"canonical":"https:\/\/www.africa-press.net\/centrafricaine\/politique\/en-centrafrique-les-mercenaires-de-wagner-sement-la-peur-2","og_locale":"fr_FR","og_type":"article","og_title":"les mercenaires de Wagner se\u0300ment la peur.","og_description":"Bangui, R\u00e9publique centrafricaine, mardi, 20 avril 2021 ( Corbeaunews-Centrafrique). La vide\u0301o est d\u2019un cynisme ...","og_url":"https:\/\/www.africa-press.net\/centrafricaine\/politique\/en-centrafrique-les-mercenaires-de-wagner-sement-la-peur-2","og_site_name":"centrafricaine","article_published_time":"2021-04-21T09:34:32+00:00","article_modified_time":"2021-04-21T09:56:12+00:00","og_image":[{"width":720,"height":506,"url":"https:\/\/static.africa-press.net\/centrafricaine\/sites\/45\/2021\/04\/img-607ff0e6ae920.jpg","type":"image\/jpeg"}],"author":"cfeditorfr","twitter_card":"summary_large_image","twitter_misc":{"\u00c9crit par":"cfeditorfr","Dur\u00e9e de lecture estim\u00e9e":"8 minutes"},"schema":{"@context":"https:\/\/schema.org","@graph":[{"@type":"Article","@id":"https:\/\/www.africa-press.net\/centrafricaine\/politique\/en-centrafrique-les-mercenaires-de-wagner-sement-la-peur-2#article","isPartOf":{"@id":"https:\/\/www.africa-press.net\/centrafricaine\/politique\/en-centrafrique-les-mercenaires-de-wagner-sement-la-peur-2"},"author":{"name":"cfeditorfr","@id":"https:\/\/www.africa-press.net\/centrafricaine\/#\/schema\/person\/2b1cf3cd81a31e3cd26889ca66d677f1"},"headline":"les mercenaires de Wagner se\u0300ment la peur.","datePublished":"2021-04-21T09:34:32+00:00","dateModified":"2021-04-21T09:56:12+00:00","mainEntityOfPage":{"@id":"https:\/\/www.africa-press.net\/centrafricaine\/politique\/en-centrafrique-les-mercenaires-de-wagner-sement-la-peur-2"},"wordCount":1968,"commentCount":0,"image":{"@id":"https:\/\/www.africa-press.net\/centrafricaine\/politique\/en-centrafrique-les-mercenaires-de-wagner-sement-la-peur-2#primaryimage"},"thumbnailUrl":"https:\/\/static.africa-press.net\/centrafricaine\/sites\/45\/2021\/04\/img-607ff0e6ae920.jpg","keywords":["Africa Press","Africa Press-CentrAfricaine","CentrAfricaine"],"articleSection":["homepage-french","Politique","Toutes les actualit\u00e9s"],"inLanguage":"fr-FR","potentialAction":[{"@type":"CommentAction","name":"Comment","target":["https:\/\/www.africa-press.net\/centrafricaine\/politique\/en-centrafrique-les-mercenaires-de-wagner-sement-la-peur-2#respond"]}]},{"@type":"WebPage","@id":"https:\/\/www.africa-press.net\/centrafricaine\/politique\/en-centrafrique-les-mercenaires-de-wagner-sement-la-peur-2","url":"https:\/\/www.africa-press.net\/centrafricaine\/politique\/en-centrafrique-les-mercenaires-de-wagner-sement-la-peur-2","name":"les mercenaires de Wagner se\u0300ment la peur. - centrafricaine","isPartOf":{"@id":"https:\/\/www.africa-press.net\/centrafricaine\/#website"},"primaryImageOfPage":{"@id":"https:\/\/www.africa-press.net\/centrafricaine\/politique\/en-centrafrique-les-mercenaires-de-wagner-sement-la-peur-2#primaryimage"},"image":{"@id":"https:\/\/www.africa-press.net\/centrafricaine\/politique\/en-centrafrique-les-mercenaires-de-wagner-sement-la-peur-2#primaryimage"},"thumbnailUrl":"https:\/\/static.africa-press.net\/centrafricaine\/sites\/45\/2021\/04\/img-607ff0e6ae920.jpg","datePublished":"2021-04-21T09:34:32+00:00","dateModified":"2021-04-21T09:56:12+00:00","author":{"@id":"https:\/\/www.africa-press.net\/centrafricaine\/#\/schema\/person\/2b1cf3cd81a31e3cd26889ca66d677f1"},"description":"Bangui, R\u00e9publique centrafricaine, mardi, 20 avril 2021 ( Corbeaunews-Centrafrique). La vide\u0301o est d\u2019un cynisme ...","breadcrumb":{"@id":"https:\/\/www.africa-press.net\/centrafricaine\/politique\/en-centrafrique-les-mercenaires-de-wagner-sement-la-peur-2#breadcrumb"},"inLanguage":"fr-FR","potentialAction":[{"@type":"ReadAction","target":["https:\/\/www.africa-press.net\/centrafricaine\/politique\/en-centrafrique-les-mercenaires-de-wagner-sement-la-peur-2"]}]},{"@type":"ImageObject","inLanguage":"fr-FR","@id":"https:\/\/www.africa-press.net\/centrafricaine\/politique\/en-centrafrique-les-mercenaires-de-wagner-sement-la-peur-2#primaryimage","url":"https:\/\/static.africa-press.net\/centrafricaine\/sites\/45\/2021\/04\/img-607ff0e6ae920.jpg","contentUrl":"https:\/\/static.africa-press.net\/centrafricaine\/sites\/45\/2021\/04\/img-607ff0e6ae920.jpg","width":720,"height":506,"caption":"En Centrafrique, les mercenaires de Wagner se\u0300ment la peur."},{"@type":"BreadcrumbList","@id":"https:\/\/www.africa-press.net\/centrafricaine\/politique\/en-centrafrique-les-mercenaires-de-wagner-sement-la-peur-2#breadcrumb","itemListElement":[{"@type":"ListItem","position":1,"name":"Accueil","item":"https:\/\/www.africa-press.net\/centrafricaine\/"},{"@type":"ListItem","position":2,"name":"les mercenaires de Wagner se\u0300ment la peur."}]},{"@type":"WebSite","@id":"https:\/\/www.africa-press.net\/centrafricaine\/#website","url":"https:\/\/www.africa-press.net\/centrafricaine\/","name":"centrafricaine","description":"Just another Africa News Agency Sites site","potentialAction":[{"@type":"SearchAction","target":{"@type":"EntryPoint","urlTemplate":"https:\/\/www.africa-press.net\/centrafricaine\/?s={search_term_string}"},"query-input":{"@type":"PropertyValueSpecification","valueRequired":true,"valueName":"search_term_string"}}],"inLanguage":"fr-FR"},{"@type":"Person","@id":"https:\/\/www.africa-press.net\/centrafricaine\/#\/schema\/person\/2b1cf3cd81a31e3cd26889ca66d677f1","name":"cfeditorfr"}]}},"_links":{"self":[{"href":"https:\/\/www.africa-press.net\/centrafricaine\/wp-json\/wp\/v2\/posts\/5940","targetHints":{"allow":["GET"]}}],"collection":[{"href":"https:\/\/www.africa-press.net\/centrafricaine\/wp-json\/wp\/v2\/posts"}],"about":[{"href":"https:\/\/www.africa-press.net\/centrafricaine\/wp-json\/wp\/v2\/types\/post"}],"author":[{"embeddable":true,"href":"https:\/\/www.africa-press.net\/centrafricaine\/wp-json\/wp\/v2\/users\/82"}],"replies":[{"embeddable":true,"href":"https:\/\/www.africa-press.net\/centrafricaine\/wp-json\/wp\/v2\/comments?post=5940"}],"version-history":[{"count":0,"href":"https:\/\/www.africa-press.net\/centrafricaine\/wp-json\/wp\/v2\/posts\/5940\/revisions"}],"wp:featuredmedia":[{"embeddable":true,"href":"https:\/\/www.africa-press.net\/centrafricaine\/wp-json\/wp\/v2\/media\/5939"}],"wp:attachment":[{"href":"https:\/\/www.africa-press.net\/centrafricaine\/wp-json\/wp\/v2\/media?parent=5940"}],"wp:term":[{"taxonomy":"category","embeddable":true,"href":"https:\/\/www.africa-press.net\/centrafricaine\/wp-json\/wp\/v2\/categories?post=5940"},{"taxonomy":"post_tag","embeddable":true,"href":"https:\/\/www.africa-press.net\/centrafricaine\/wp-json\/wp\/v2\/tags?post=5940"}],"curies":[{"name":"wp","href":"https:\/\/api.w.org\/{rel}","templated":true}]}}