{"id":5943,"date":"2021-04-21T09:41:20","date_gmt":"2021-04-21T09:41:20","guid":{"rendered":"https:\/\/www.africa-press.net\/centrafricaine\/?p=5943"},"modified":"2021-04-21T09:56:24","modified_gmt":"2021-04-21T09:56:24","slug":"rca-markounda-la-communaute-musulmane-en-deuil-apres-lassassinat-de-limam-par-les-mercenaires-de-wagner","status":"publish","type":"post","link":"https:\/\/www.africa-press.net\/centrafricaine\/politique\/rca-markounda-la-communaute-musulmane-en-deuil-apres-lassassinat-de-limam-par-les-mercenaires-de-wagner","title":{"rendered":"Markounda, la communaut\u00e9 musulmane en deuil apr\u00e8s l\u2019assassinat de l\u2019imam par les mercenaires de Wagner"},"content":{"rendered":"<p><span style=\"color: #ff6600\"><strong><a href=\"https:\/\/www.africa-press.net\/\">Africa-Press<\/a> &#8211; <a href=\"https:\/\/www.africa-press.net\/centrafricaine\">CentrAfricaine<\/a>.\u00a0 <\/strong><\/span>Apr\u00e8s la reprise de la ville de Markounda, dans l\u2019Ouham-Fafa par les soldats FACA et leurs alli\u00e9s russes et rwandais, plusieurs op\u00e9rations ont \u00e9t\u00e9 men\u00e9es dans les diff\u00e9rents quartiers de la ville, aboutissant ainsi aux arrestations et d\u00e9tentions arbitraires. Certains n\u2019ont pas eu la chance de leur vie, ils ont \u00e9t\u00e9 tout simplement tu\u00e9s. C\u2019est le cas de l\u2019imam de la ville, Monsieur Ahamat ANOUR, assassin\u00e9 par les mercenaires russes de la soci\u00e9t\u00e9 Wagner.<\/p>\n<p>Selon sa famille interrog\u00e9e par CNC, la sc\u00e8ne criminelle a eu lieu ce lundi vers 13 heures entre les villages Bodjomo et Boulo, vers le nord de Markounda. Il a \u00e9t\u00e9 confondu aux rebelles de la coalition des patriotes pour le changement (CPC) et abattu \u00e0 bout portant.<\/p>\n<p>Selon la communaut\u00e9 musulmane de la ville, \u00e0 quand les mercenaires de Wagner cesseront-ils de tuer les innocents musulmans en les faisant des CPC ?<\/p>\n<p>Notons que la victime laisse derri\u00e8re lui neuf enfants orphelins et deux femmes veuves.<\/p>\n<p>Rappelons que la ville de Markounda, situ\u00e9e dans la pr\u00e9fecture de l\u2019Ouham-Fafa, a \u00e9t\u00e9 reprise aux mains des rebelles du CPC par les soldats FACA et leurs alli\u00e9s russes et rwandais lundi 19 avril 2021 au cours d\u2019une offensive qui a dur\u00e9 moins d\u2019une heure.<\/p>\n<p>Pour l\u2019heure, les activit\u00e9s \u00e9conomiques et administratives commencent \u00e0 reprendre timidement, et les boutiques s\u2019ouvrent petit \u00e0 petit. Cependant, une majeure partie des populations d\u00e9plac\u00e9es ne sont pas encore regagner leur domicile.<\/p>\n<p>&nbsp;<\/p>\n","protected":false},"excerpt":{"rendered":"<p>Africa-Press &#8211; CentrAfricaine.\u00a0 Apr\u00e8s la reprise de la ville de Markounda, dans l\u2019Ouham-Fafa par les soldats FACA et leurs alli\u00e9s russes et rwandais, plusieurs op\u00e9rations ont \u00e9t\u00e9 men\u00e9es dans les diff\u00e9rents quartiers de la ville, aboutissant ainsi aux arrestations et d\u00e9tentions arbitraires. Certains n\u2019ont pas eu la chance de leur vie, ils ont \u00e9t\u00e9 tout [&hellip;]<\/p>\n","protected":false},"author":82,"featured_media":5942,"comment_status":"open","ping_status":"closed","sticky":false,"template":"","format":"standard","meta":{"footnotes":""},"categories":[11,2,10],"tags":[36,58,30],"class_list":["post-5943","post","type-post","status-publish","format-standard","has-post-thumbnail","hentry","category-homepage-french","category-politique","category-toutes-les-actualites","tag-africa-press","tag-africa-press-centrafricaine","tag-centrafricaine"],"yoast_head":"<!-- This site is optimized with the Yoast SEO Premium plugin v26.1 (Yoast SEO v27.0) - https:\/\/yoast.com\/product\/yoast-seo-premium-wordpress\/ -->\n<title>Markounda, la communaut\u00e9 musulmane en deuil apr\u00e8s l\u2019assassinat de l\u2019imam par les mercenaires de Wagner - centrafricaine<\/title>\n<meta name=\"description\" content=\"Markounda, R\u00e9publique centrafricaine, mercredi, 21 avril 2021, 05:50:47 ( Corbeaunews-Centrafrique ). Apr\u00e8s la r ...\" \/>\n<meta name=\"robots\" content=\"index, follow, max-snippet:-1, max-image-preview:large, max-video-preview:-1\" \/>\n<link rel=\"canonical\" href=\"https:\/\/www.africa-press.net\/centrafricaine\/politique\/rca-markounda-la-communaute-musulmane-en-deuil-apres-lassassinat-de-limam-par-les-mercenaires-de-wagner\" \/>\n<meta property=\"og:locale\" content=\"fr_FR\" \/>\n<meta property=\"og:type\" content=\"article\" \/>\n<meta property=\"og:title\" content=\"Markounda, la communaut\u00e9 musulmane en deuil apr\u00e8s l\u2019assassinat de l\u2019imam par les mercenaires de Wagner\" \/>\n<meta property=\"og:description\" content=\"Markounda, R\u00e9publique centrafricaine, mercredi, 21 avril 2021, 05:50:47 ( Corbeaunews-Centrafrique ). Apr\u00e8s la r ...\" \/>\n<meta property=\"og:url\" content=\"https:\/\/www.africa-press.net\/centrafricaine\/politique\/rca-markounda-la-communaute-musulmane-en-deuil-apres-lassassinat-de-limam-par-les-mercenaires-de-wagner\" \/>\n<meta property=\"og:site_name\" content=\"centrafricaine\" \/>\n<meta property=\"article:published_time\" content=\"2021-04-21T09:41:20+00:00\" \/>\n<meta property=\"article:modified_time\" content=\"2021-04-21T09:56:24+00:00\" \/>\n<meta property=\"og:image\" content=\"https:\/\/static.africa-press.net\/centrafricaine\/sites\/45\/2021\/04\/img-607ff116416ae.jpg\" \/>\n\t<meta property=\"og:image:width\" content=\"720\" \/>\n\t<meta property=\"og:image:height\" content=\"404\" \/>\n\t<meta property=\"og:image:type\" content=\"image\/jpeg\" \/>\n<meta name=\"author\" content=\"cfeditorfr\" \/>\n<meta name=\"twitter:card\" content=\"summary_large_image\" \/>\n<meta name=\"twitter:label1\" content=\"\u00c9crit par\" \/>\n\t<meta name=\"twitter:data1\" content=\"cfeditorfr\" \/>\n\t<meta name=\"twitter:label2\" content=\"Dur\u00e9e de lecture estim\u00e9e\" \/>\n\t<meta name=\"twitter:data2\" content=\"2 minutes\" \/>\n<script type=\"application\/ld+json\" class=\"yoast-schema-graph\">{\"@context\":\"https:\/\/schema.org\",\"@graph\":[{\"@type\":\"Article\",\"@id\":\"https:\/\/www.africa-press.net\/centrafricaine\/politique\/rca-markounda-la-communaute-musulmane-en-deuil-apres-lassassinat-de-limam-par-les-mercenaires-de-wagner#article\",\"isPartOf\":{\"@id\":\"https:\/\/www.africa-press.net\/centrafricaine\/politique\/rca-markounda-la-communaute-musulmane-en-deuil-apres-lassassinat-de-limam-par-les-mercenaires-de-wagner\"},\"author\":{\"name\":\"cfeditorfr\",\"@id\":\"https:\/\/www.africa-press.net\/centrafricaine\/#\/schema\/person\/2b1cf3cd81a31e3cd26889ca66d677f1\"},\"headline\":\"Markounda, la communaut\u00e9 musulmane en deuil apr\u00e8s l\u2019assassinat de l\u2019imam par les mercenaires de Wagner\",\"datePublished\":\"2021-04-21T09:41:20+00:00\",\"dateModified\":\"2021-04-21T09:56:24+00:00\",\"mainEntityOfPage\":{\"@id\":\"https:\/\/www.africa-press.net\/centrafricaine\/politique\/rca-markounda-la-communaute-musulmane-en-deuil-apres-lassassinat-de-limam-par-les-mercenaires-de-wagner\"},\"wordCount\":278,\"commentCount\":0,\"image\":{\"@id\":\"https:\/\/www.africa-press.net\/centrafricaine\/politique\/rca-markounda-la-communaute-musulmane-en-deuil-apres-lassassinat-de-limam-par-les-mercenaires-de-wagner#primaryimage\"},\"thumbnailUrl\":\"https:\/\/static.africa-press.net\/centrafricaine\/sites\/45\/2021\/04\/img-607ff116416ae.jpg\",\"keywords\":[\"Africa Press\",\"Africa Press-CentrAfricaine\",\"CentrAfricaine\"],\"articleSection\":[\"homepage-french\",\"Politique\",\"Toutes les actualit\u00e9s\"],\"inLanguage\":\"fr-FR\",\"potentialAction\":[{\"@type\":\"CommentAction\",\"name\":\"Comment\",\"target\":[\"https:\/\/www.africa-press.net\/centrafricaine\/politique\/rca-markounda-la-communaute-musulmane-en-deuil-apres-lassassinat-de-limam-par-les-mercenaires-de-wagner#respond\"]}]},{\"@type\":\"WebPage\",\"@id\":\"https:\/\/www.africa-press.net\/centrafricaine\/politique\/rca-markounda-la-communaute-musulmane-en-deuil-apres-lassassinat-de-limam-par-les-mercenaires-de-wagner\",\"url\":\"https:\/\/www.africa-press.net\/centrafricaine\/politique\/rca-markounda-la-communaute-musulmane-en-deuil-apres-lassassinat-de-limam-par-les-mercenaires-de-wagner\",\"name\":\"Markounda, la communaut\u00e9 musulmane en deuil apr\u00e8s l\u2019assassinat de l\u2019imam par les mercenaires de Wagner - centrafricaine\",\"isPartOf\":{\"@id\":\"https:\/\/www.africa-press.net\/centrafricaine\/#website\"},\"primaryImageOfPage\":{\"@id\":\"https:\/\/www.africa-press.net\/centrafricaine\/politique\/rca-markounda-la-communaute-musulmane-en-deuil-apres-lassassinat-de-limam-par-les-mercenaires-de-wagner#primaryimage\"},\"image\":{\"@id\":\"https:\/\/www.africa-press.net\/centrafricaine\/politique\/rca-markounda-la-communaute-musulmane-en-deuil-apres-lassassinat-de-limam-par-les-mercenaires-de-wagner#primaryimage\"},\"thumbnailUrl\":\"https:\/\/static.africa-press.net\/centrafricaine\/sites\/45\/2021\/04\/img-607ff116416ae.jpg\",\"datePublished\":\"2021-04-21T09:41:20+00:00\",\"dateModified\":\"2021-04-21T09:56:24+00:00\",\"author\":{\"@id\":\"https:\/\/www.africa-press.net\/centrafricaine\/#\/schema\/person\/2b1cf3cd81a31e3cd26889ca66d677f1\"},\"description\":\"Markounda, R\u00e9publique centrafricaine, mercredi, 21 avril 2021, 05:50:47 ( Corbeaunews-Centrafrique ). Apr\u00e8s la r ...\",\"breadcrumb\":{\"@id\":\"https:\/\/www.africa-press.net\/centrafricaine\/politique\/rca-markounda-la-communaute-musulmane-en-deuil-apres-lassassinat-de-limam-par-les-mercenaires-de-wagner#breadcrumb\"},\"inLanguage\":\"fr-FR\",\"potentialAction\":[{\"@type\":\"ReadAction\",\"target\":[\"https:\/\/www.africa-press.net\/centrafricaine\/politique\/rca-markounda-la-communaute-musulmane-en-deuil-apres-lassassinat-de-limam-par-les-mercenaires-de-wagner\"]}]},{\"@type\":\"ImageObject\",\"inLanguage\":\"fr-FR\",\"@id\":\"https:\/\/www.africa-press.net\/centrafricaine\/politique\/rca-markounda-la-communaute-musulmane-en-deuil-apres-lassassinat-de-limam-par-les-mercenaires-de-wagner#primaryimage\",\"url\":\"https:\/\/static.africa-press.net\/centrafricaine\/sites\/45\/2021\/04\/img-607ff116416ae.jpg\",\"contentUrl\":\"https:\/\/static.africa-press.net\/centrafricaine\/sites\/45\/2021\/04\/img-607ff116416ae.jpg\",\"width\":720,\"height\":404,\"caption\":\"RCA\u00a0: Markounda, la communaut\u00e9 musulmane en deuil apr\u00e8s l\u2019assassinat de l\u2019imam par les mercenaires de Wagner\"},{\"@type\":\"BreadcrumbList\",\"@id\":\"https:\/\/www.africa-press.net\/centrafricaine\/politique\/rca-markounda-la-communaute-musulmane-en-deuil-apres-lassassinat-de-limam-par-les-mercenaires-de-wagner#breadcrumb\",\"itemListElement\":[{\"@type\":\"ListItem\",\"position\":1,\"name\":\"Accueil\",\"item\":\"https:\/\/www.africa-press.net\/centrafricaine\/\"},{\"@type\":\"ListItem\",\"position\":2,\"name\":\"Markounda, la communaut\u00e9 musulmane en deuil apr\u00e8s l\u2019assassinat de l\u2019imam par les mercenaires de Wagner\"}]},{\"@type\":\"WebSite\",\"@id\":\"https:\/\/www.africa-press.net\/centrafricaine\/#website\",\"url\":\"https:\/\/www.africa-press.net\/centrafricaine\/\",\"name\":\"centrafricaine\",\"description\":\"Just another Africa News Agency Sites site\",\"potentialAction\":[{\"@type\":\"SearchAction\",\"target\":{\"@type\":\"EntryPoint\",\"urlTemplate\":\"https:\/\/www.africa-press.net\/centrafricaine\/?s={search_term_string}\"},\"query-input\":{\"@type\":\"PropertyValueSpecification\",\"valueRequired\":true,\"valueName\":\"search_term_string\"}}],\"inLanguage\":\"fr-FR\"},{\"@type\":\"Person\",\"@id\":\"https:\/\/www.africa-press.net\/centrafricaine\/#\/schema\/person\/2b1cf3cd81a31e3cd26889ca66d677f1\",\"name\":\"cfeditorfr\"}]}<\/script>\n<!-- \/ Yoast SEO Premium plugin. -->","yoast_head_json":{"title":"Markounda, la communaut\u00e9 musulmane en deuil apr\u00e8s l\u2019assassinat de l\u2019imam par les mercenaires de Wagner - centrafricaine","description":"Markounda, R\u00e9publique centrafricaine, mercredi, 21 avril 2021, 05:50:47 ( Corbeaunews-Centrafrique ). Apr\u00e8s la r ...","robots":{"index":"index","follow":"follow","max-snippet":"max-snippet:-1","max-image-preview":"max-image-preview:large","max-video-preview":"max-video-preview:-1"},"canonical":"https:\/\/www.africa-press.net\/centrafricaine\/politique\/rca-markounda-la-communaute-musulmane-en-deuil-apres-lassassinat-de-limam-par-les-mercenaires-de-wagner","og_locale":"fr_FR","og_type":"article","og_title":"Markounda, la communaut\u00e9 musulmane en deuil apr\u00e8s l\u2019assassinat de l\u2019imam par les mercenaires de Wagner","og_description":"Markounda, R\u00e9publique centrafricaine, mercredi, 21 avril 2021, 05:50:47 ( Corbeaunews-Centrafrique ). Apr\u00e8s la r ...","og_url":"https:\/\/www.africa-press.net\/centrafricaine\/politique\/rca-markounda-la-communaute-musulmane-en-deuil-apres-lassassinat-de-limam-par-les-mercenaires-de-wagner","og_site_name":"centrafricaine","article_published_time":"2021-04-21T09:41:20+00:00","article_modified_time":"2021-04-21T09:56:24+00:00","og_image":[{"width":720,"height":404,"url":"https:\/\/static.africa-press.net\/centrafricaine\/sites\/45\/2021\/04\/img-607ff116416ae.jpg","type":"image\/jpeg"}],"author":"cfeditorfr","twitter_card":"summary_large_image","twitter_misc":{"\u00c9crit par":"cfeditorfr","Dur\u00e9e de lecture estim\u00e9e":"2 minutes"},"schema":{"@context":"https:\/\/schema.org","@graph":[{"@type":"Article","@id":"https:\/\/www.africa-press.net\/centrafricaine\/politique\/rca-markounda-la-communaute-musulmane-en-deuil-apres-lassassinat-de-limam-par-les-mercenaires-de-wagner#article","isPartOf":{"@id":"https:\/\/www.africa-press.net\/centrafricaine\/politique\/rca-markounda-la-communaute-musulmane-en-deuil-apres-lassassinat-de-limam-par-les-mercenaires-de-wagner"},"author":{"name":"cfeditorfr","@id":"https:\/\/www.africa-press.net\/centrafricaine\/#\/schema\/person\/2b1cf3cd81a31e3cd26889ca66d677f1"},"headline":"Markounda, la communaut\u00e9 musulmane en deuil apr\u00e8s l\u2019assassinat de l\u2019imam par les mercenaires de Wagner","datePublished":"2021-04-21T09:41:20+00:00","dateModified":"2021-04-21T09:56:24+00:00","mainEntityOfPage":{"@id":"https:\/\/www.africa-press.net\/centrafricaine\/politique\/rca-markounda-la-communaute-musulmane-en-deuil-apres-lassassinat-de-limam-par-les-mercenaires-de-wagner"},"wordCount":278,"commentCount":0,"image":{"@id":"https:\/\/www.africa-press.net\/centrafricaine\/politique\/rca-markounda-la-communaute-musulmane-en-deuil-apres-lassassinat-de-limam-par-les-mercenaires-de-wagner#primaryimage"},"thumbnailUrl":"https:\/\/static.africa-press.net\/centrafricaine\/sites\/45\/2021\/04\/img-607ff116416ae.jpg","keywords":["Africa Press","Africa Press-CentrAfricaine","CentrAfricaine"],"articleSection":["homepage-french","Politique","Toutes les actualit\u00e9s"],"inLanguage":"fr-FR","potentialAction":[{"@type":"CommentAction","name":"Comment","target":["https:\/\/www.africa-press.net\/centrafricaine\/politique\/rca-markounda-la-communaute-musulmane-en-deuil-apres-lassassinat-de-limam-par-les-mercenaires-de-wagner#respond"]}]},{"@type":"WebPage","@id":"https:\/\/www.africa-press.net\/centrafricaine\/politique\/rca-markounda-la-communaute-musulmane-en-deuil-apres-lassassinat-de-limam-par-les-mercenaires-de-wagner","url":"https:\/\/www.africa-press.net\/centrafricaine\/politique\/rca-markounda-la-communaute-musulmane-en-deuil-apres-lassassinat-de-limam-par-les-mercenaires-de-wagner","name":"Markounda, la communaut\u00e9 musulmane en deuil apr\u00e8s l\u2019assassinat de l\u2019imam par les mercenaires de Wagner - centrafricaine","isPartOf":{"@id":"https:\/\/www.africa-press.net\/centrafricaine\/#website"},"primaryImageOfPage":{"@id":"https:\/\/www.africa-press.net\/centrafricaine\/politique\/rca-markounda-la-communaute-musulmane-en-deuil-apres-lassassinat-de-limam-par-les-mercenaires-de-wagner#primaryimage"},"image":{"@id":"https:\/\/www.africa-press.net\/centrafricaine\/politique\/rca-markounda-la-communaute-musulmane-en-deuil-apres-lassassinat-de-limam-par-les-mercenaires-de-wagner#primaryimage"},"thumbnailUrl":"https:\/\/static.africa-press.net\/centrafricaine\/sites\/45\/2021\/04\/img-607ff116416ae.jpg","datePublished":"2021-04-21T09:41:20+00:00","dateModified":"2021-04-21T09:56:24+00:00","author":{"@id":"https:\/\/www.africa-press.net\/centrafricaine\/#\/schema\/person\/2b1cf3cd81a31e3cd26889ca66d677f1"},"description":"Markounda, R\u00e9publique centrafricaine, mercredi, 21 avril 2021, 05:50:47 ( Corbeaunews-Centrafrique ). Apr\u00e8s la r ...","breadcrumb":{"@id":"https:\/\/www.africa-press.net\/centrafricaine\/politique\/rca-markounda-la-communaute-musulmane-en-deuil-apres-lassassinat-de-limam-par-les-mercenaires-de-wagner#breadcrumb"},"inLanguage":"fr-FR","potentialAction":[{"@type":"ReadAction","target":["https:\/\/www.africa-press.net\/centrafricaine\/politique\/rca-markounda-la-communaute-musulmane-en-deuil-apres-lassassinat-de-limam-par-les-mercenaires-de-wagner"]}]},{"@type":"ImageObject","inLanguage":"fr-FR","@id":"https:\/\/www.africa-press.net\/centrafricaine\/politique\/rca-markounda-la-communaute-musulmane-en-deuil-apres-lassassinat-de-limam-par-les-mercenaires-de-wagner#primaryimage","url":"https:\/\/static.africa-press.net\/centrafricaine\/sites\/45\/2021\/04\/img-607ff116416ae.jpg","contentUrl":"https:\/\/static.africa-press.net\/centrafricaine\/sites\/45\/2021\/04\/img-607ff116416ae.jpg","width":720,"height":404,"caption":"RCA\u00a0: Markounda, la communaut\u00e9 musulmane en deuil apr\u00e8s l\u2019assassinat de l\u2019imam par les mercenaires de Wagner"},{"@type":"BreadcrumbList","@id":"https:\/\/www.africa-press.net\/centrafricaine\/politique\/rca-markounda-la-communaute-musulmane-en-deuil-apres-lassassinat-de-limam-par-les-mercenaires-de-wagner#breadcrumb","itemListElement":[{"@type":"ListItem","position":1,"name":"Accueil","item":"https:\/\/www.africa-press.net\/centrafricaine\/"},{"@type":"ListItem","position":2,"name":"Markounda, la communaut\u00e9 musulmane en deuil apr\u00e8s l\u2019assassinat de l\u2019imam par les mercenaires de Wagner"}]},{"@type":"WebSite","@id":"https:\/\/www.africa-press.net\/centrafricaine\/#website","url":"https:\/\/www.africa-press.net\/centrafricaine\/","name":"centrafricaine","description":"Just another Africa News Agency Sites site","potentialAction":[{"@type":"SearchAction","target":{"@type":"EntryPoint","urlTemplate":"https:\/\/www.africa-press.net\/centrafricaine\/?s={search_term_string}"},"query-input":{"@type":"PropertyValueSpecification","valueRequired":true,"valueName":"search_term_string"}}],"inLanguage":"fr-FR"},{"@type":"Person","@id":"https:\/\/www.africa-press.net\/centrafricaine\/#\/schema\/person\/2b1cf3cd81a31e3cd26889ca66d677f1","name":"cfeditorfr"}]}},"_links":{"self":[{"href":"https:\/\/www.africa-press.net\/centrafricaine\/wp-json\/wp\/v2\/posts\/5943","targetHints":{"allow":["GET"]}}],"collection":[{"href":"https:\/\/www.africa-press.net\/centrafricaine\/wp-json\/wp\/v2\/posts"}],"about":[{"href":"https:\/\/www.africa-press.net\/centrafricaine\/wp-json\/wp\/v2\/types\/post"}],"author":[{"embeddable":true,"href":"https:\/\/www.africa-press.net\/centrafricaine\/wp-json\/wp\/v2\/users\/82"}],"replies":[{"embeddable":true,"href":"https:\/\/www.africa-press.net\/centrafricaine\/wp-json\/wp\/v2\/comments?post=5943"}],"version-history":[{"count":0,"href":"https:\/\/www.africa-press.net\/centrafricaine\/wp-json\/wp\/v2\/posts\/5943\/revisions"}],"wp:featuredmedia":[{"embeddable":true,"href":"https:\/\/www.africa-press.net\/centrafricaine\/wp-json\/wp\/v2\/media\/5942"}],"wp:attachment":[{"href":"https:\/\/www.africa-press.net\/centrafricaine\/wp-json\/wp\/v2\/media?parent=5943"}],"wp:term":[{"taxonomy":"category","embeddable":true,"href":"https:\/\/www.africa-press.net\/centrafricaine\/wp-json\/wp\/v2\/categories?post=5943"},{"taxonomy":"post_tag","embeddable":true,"href":"https:\/\/www.africa-press.net\/centrafricaine\/wp-json\/wp\/v2\/tags?post=5943"}],"curies":[{"name":"wp","href":"https:\/\/api.w.org\/{rel}","templated":true}]}}