{"id":5953,"date":"2021-04-21T09:52:05","date_gmt":"2021-04-21T09:52:05","guid":{"rendered":"https:\/\/www.africa-press.net\/centrafricaine\/?p=5953"},"modified":"2021-04-21T12:42:22","modified_gmt":"2021-04-21T12:42:22","slug":"rca-communique-de-presse-du-mini-sommet-de-la-cirgl-sur-la-situation-politique-et-securitaire-en-republique-centrafricaine","status":"publish","type":"post","link":"https:\/\/www.africa-press.net\/centrafricaine\/politique\/rca-communique-de-presse-du-mini-sommet-de-la-cirgl-sur-la-situation-politique-et-securitaire-en-republique-centrafricaine","title":{"rendered":"communiqu\u00e9 de presse du MINI SOMMET DE LA CIRGL SUR LA SITUATION POLITIQUE ET S\u00c9CURITAIRE EN R\u00c9PUBLIQUE CENTRAFRICAINE"},"content":{"rendered":"<p><span style=\"color: #ff6600\"><strong><a href=\"https:\/\/www.africa-press.net\/\">Africa-Press<\/a> &#8211; <a href=\"https:\/\/www.africa-press.net\/centrafricaine\">CentrAfricaine<\/a>. <\/strong><\/span>\u00c0 la suite du Mini-Sommet de Luanda du 29 janvier 2021 et, \u00e0 l\u2019invitation de Son Excellence Jo\u00e2o Manuel Gon\u00e7alves Louren\u00e7o, Pr\u00e9sident de la R\u00e9publique d\u2019Angola et Pr\u00e9sident en exercice de la Conf\u00e9rence internationale sur la r\u00e9gion des Grands Lacs (CIRGL), s\u2019est tenu \u00e0 Luanda, le 20 avril 2021, le deuxi\u00e8me Mini-Sommet de la Conf\u00e9rence internationale sur la r\u00e9gion des Grands Lacs (CIRGL) consacr\u00e9 \u00e0 la situation politique et s\u00e9curitaire en R\u00e9publique Centrafricaine.<\/p>\n<p>Ont pris part au Mini-Sommet Leurs Excellences Denis Sassou N\u2019Guesso, Pr\u00e9sident de la R\u00e9publique du Congo et Pr\u00e9sident en exercice de la Communaut\u00e9 \u00e9conomique des \u00c9tats de l\u2019Afrique centrale (CEEAC), Paul Kagame, Pr\u00e9sident de la R\u00e9publique du Rwanda, Faustin Archange Touadera, Pr\u00e9sident de la R\u00e9publique Centrafricaine, G\u00e9n\u00e9ral Ibrahim Gabir Ibrahim, membre du Conseil Souverain de Transition de la R\u00e9publique du Soudan, en repr\u00e9sentation de Son Excellence G\u00e9n\u00e9ral Abdul Fattah al-Burhan, Pr\u00e9sident du Conseil Souverain de Transition de la R\u00e9publique du Soudan, Son Excellence Marie Tumba Nzeza, Ministre d\u2019\u00c9tat et Ministre des Affaires \u00c9trang\u00e8res de la R\u00e9publique D\u00e9mocratique du Congo, en repr\u00e9sentation de Son Excellence F\u00e9lix-Antoine Tshisekedi Tshilombo, Pr\u00e9sident de la R\u00e9publique D\u00e9mocratique du Congo et Pr\u00e9sident en exercice de l\u2019Union Africaine (UA), Son Excellence Lejeune Mbella Mbella, Ministre des Relations Ext\u00e9rieures de la R\u00e9publique du Cameroun, en repr\u00e9sentation de Son Excellence Paul Biya, Pr\u00e9sident de la R\u00e9publique du Cameroun et Pr\u00e9sident en exercice de la Communaut\u00e9 \u00c9conomique et Mon\u00e9taire de l\u2019Afrique Centrale (CEMAC), en tant qu\u2019invit\u00e9 sp\u00e9cial, Son Excellence Gilberto da Piedade Verissimo, Pr\u00e9sident de la Commission de la CEEAC et Jo\u00e2o Samuel Caholo, Secr\u00e9taire Ex\u00e9cutif de la CIRGL.<\/p>\n<p>&nbsp;<\/p>\n","protected":false},"excerpt":{"rendered":"<p>Africa-Press &#8211; CentrAfricaine. \u00c0 la suite du Mini-Sommet de Luanda du 29 janvier 2021 et, \u00e0 l\u2019invitation de Son Excellence Jo\u00e2o Manuel Gon\u00e7alves Louren\u00e7o, Pr\u00e9sident de la R\u00e9publique d\u2019Angola et Pr\u00e9sident en exercice de la Conf\u00e9rence internationale sur la r\u00e9gion des Grands Lacs (CIRGL), s\u2019est tenu \u00e0 Luanda, le 20 avril 2021, le deuxi\u00e8me Mini-Sommet [&hellip;]<\/p>\n","protected":false},"author":82,"featured_media":5946,"comment_status":"open","ping_status":"closed","sticky":false,"template":"","format":"standard","meta":{"footnotes":""},"categories":[11,2,20,10],"tags":[36,58,30],"class_list":["post-5953","post","type-post","status-publish","format-standard","has-post-thumbnail","hentry","category-homepage-french","category-politique","category-top-nouvelles","category-toutes-les-actualites","tag-africa-press","tag-africa-press-centrafricaine","tag-centrafricaine"],"yoast_head":"<!-- This site is optimized with the Yoast SEO Premium plugin v26.1 (Yoast SEO v27.0) - https:\/\/yoast.com\/product\/yoast-seo-premium-wordpress\/ -->\n<title>communiqu\u00e9 de presse du MINI SOMMET DE LA CIRGL SUR LA SITUATION POLITIQUE ET S\u00c9CURITAIRE EN R\u00c9PUBLIQUE CENTRAFRICAINE - centrafricaine<\/title>\n<meta name=\"description\" content=\"\u00c0 la suite du Mini-Sommet de Luanda du 29 janvier 2021 et, \u00e0 l\u2019invitation de Son Excellence Jo\u00e2o Manuel Gon\u00e7alves Louren ...\" \/>\n<meta name=\"robots\" content=\"index, follow, max-snippet:-1, max-image-preview:large, max-video-preview:-1\" \/>\n<link rel=\"canonical\" href=\"https:\/\/www.africa-press.net\/centrafricaine\/politique\/rca-communique-de-presse-du-mini-sommet-de-la-cirgl-sur-la-situation-politique-et-securitaire-en-republique-centrafricaine\" \/>\n<meta property=\"og:locale\" content=\"fr_FR\" \/>\n<meta property=\"og:type\" content=\"article\" \/>\n<meta property=\"og:title\" content=\"communiqu\u00e9 de presse du MINI SOMMET DE LA CIRGL SUR LA SITUATION POLITIQUE ET S\u00c9CURITAIRE EN R\u00c9PUBLIQUE CENTRAFRICAINE\" \/>\n<meta property=\"og:description\" content=\"\u00c0 la suite du Mini-Sommet de Luanda du 29 janvier 2021 et, \u00e0 l\u2019invitation de Son Excellence Jo\u00e2o Manuel Gon\u00e7alves Louren ...\" \/>\n<meta property=\"og:url\" content=\"https:\/\/www.africa-press.net\/centrafricaine\/politique\/rca-communique-de-presse-du-mini-sommet-de-la-cirgl-sur-la-situation-politique-et-securitaire-en-republique-centrafricaine\" \/>\n<meta property=\"og:site_name\" content=\"centrafricaine\" \/>\n<meta property=\"article:published_time\" content=\"2021-04-21T09:52:05+00:00\" \/>\n<meta property=\"article:modified_time\" content=\"2021-04-21T12:42:22+00:00\" \/>\n<meta property=\"og:image\" content=\"https:\/\/static.africa-press.net\/centrafricaine\/sites\/45\/2021\/04\/img-607ff1446074b.jpg\" \/>\n\t<meta property=\"og:image:width\" content=\"720\" \/>\n\t<meta property=\"og:image:height\" content=\"360\" \/>\n\t<meta property=\"og:image:type\" content=\"image\/jpeg\" \/>\n<meta name=\"author\" content=\"cfeditorfr\" \/>\n<meta name=\"twitter:card\" content=\"summary_large_image\" \/>\n<meta name=\"twitter:label1\" content=\"\u00c9crit par\" \/>\n\t<meta name=\"twitter:data1\" content=\"cfeditorfr\" \/>\n\t<meta name=\"twitter:label2\" content=\"Dur\u00e9e de lecture estim\u00e9e\" \/>\n\t<meta name=\"twitter:data2\" content=\"2 minutes\" \/>\n<script type=\"application\/ld+json\" class=\"yoast-schema-graph\">{\"@context\":\"https:\/\/schema.org\",\"@graph\":[{\"@type\":\"Article\",\"@id\":\"https:\/\/www.africa-press.net\/centrafricaine\/politique\/rca-communique-de-presse-du-mini-sommet-de-la-cirgl-sur-la-situation-politique-et-securitaire-en-republique-centrafricaine#article\",\"isPartOf\":{\"@id\":\"https:\/\/www.africa-press.net\/centrafricaine\/politique\/rca-communique-de-presse-du-mini-sommet-de-la-cirgl-sur-la-situation-politique-et-securitaire-en-republique-centrafricaine\"},\"author\":{\"name\":\"cfeditorfr\",\"@id\":\"https:\/\/www.africa-press.net\/centrafricaine\/#\/schema\/person\/2b1cf3cd81a31e3cd26889ca66d677f1\"},\"headline\":\"communiqu\u00e9 de presse du MINI SOMMET DE LA CIRGL SUR LA SITUATION POLITIQUE ET S\u00c9CURITAIRE EN R\u00c9PUBLIQUE CENTRAFRICAINE\",\"datePublished\":\"2021-04-21T09:52:05+00:00\",\"dateModified\":\"2021-04-21T12:42:22+00:00\",\"mainEntityOfPage\":{\"@id\":\"https:\/\/www.africa-press.net\/centrafricaine\/politique\/rca-communique-de-presse-du-mini-sommet-de-la-cirgl-sur-la-situation-politique-et-securitaire-en-republique-centrafricaine\"},\"wordCount\":336,\"commentCount\":0,\"image\":{\"@id\":\"https:\/\/www.africa-press.net\/centrafricaine\/politique\/rca-communique-de-presse-du-mini-sommet-de-la-cirgl-sur-la-situation-politique-et-securitaire-en-republique-centrafricaine#primaryimage\"},\"thumbnailUrl\":\"https:\/\/static.africa-press.net\/centrafricaine\/sites\/45\/2021\/04\/img-607ff1446074b.jpg\",\"keywords\":[\"Africa Press\",\"Africa Press-CentrAfricaine\",\"CentrAfricaine\"],\"articleSection\":[\"homepage-french\",\"Politique\",\"Top Nouvelles\",\"Toutes les actualit\u00e9s\"],\"inLanguage\":\"fr-FR\",\"potentialAction\":[{\"@type\":\"CommentAction\",\"name\":\"Comment\",\"target\":[\"https:\/\/www.africa-press.net\/centrafricaine\/politique\/rca-communique-de-presse-du-mini-sommet-de-la-cirgl-sur-la-situation-politique-et-securitaire-en-republique-centrafricaine#respond\"]}]},{\"@type\":\"WebPage\",\"@id\":\"https:\/\/www.africa-press.net\/centrafricaine\/politique\/rca-communique-de-presse-du-mini-sommet-de-la-cirgl-sur-la-situation-politique-et-securitaire-en-republique-centrafricaine\",\"url\":\"https:\/\/www.africa-press.net\/centrafricaine\/politique\/rca-communique-de-presse-du-mini-sommet-de-la-cirgl-sur-la-situation-politique-et-securitaire-en-republique-centrafricaine\",\"name\":\"communiqu\u00e9 de presse du MINI SOMMET DE LA CIRGL SUR LA SITUATION POLITIQUE ET S\u00c9CURITAIRE EN R\u00c9PUBLIQUE CENTRAFRICAINE - centrafricaine\",\"isPartOf\":{\"@id\":\"https:\/\/www.africa-press.net\/centrafricaine\/#website\"},\"primaryImageOfPage\":{\"@id\":\"https:\/\/www.africa-press.net\/centrafricaine\/politique\/rca-communique-de-presse-du-mini-sommet-de-la-cirgl-sur-la-situation-politique-et-securitaire-en-republique-centrafricaine#primaryimage\"},\"image\":{\"@id\":\"https:\/\/www.africa-press.net\/centrafricaine\/politique\/rca-communique-de-presse-du-mini-sommet-de-la-cirgl-sur-la-situation-politique-et-securitaire-en-republique-centrafricaine#primaryimage\"},\"thumbnailUrl\":\"https:\/\/static.africa-press.net\/centrafricaine\/sites\/45\/2021\/04\/img-607ff1446074b.jpg\",\"datePublished\":\"2021-04-21T09:52:05+00:00\",\"dateModified\":\"2021-04-21T12:42:22+00:00\",\"author\":{\"@id\":\"https:\/\/www.africa-press.net\/centrafricaine\/#\/schema\/person\/2b1cf3cd81a31e3cd26889ca66d677f1\"},\"description\":\"\u00c0 la suite du Mini-Sommet de Luanda du 29 janvier 2021 et, \u00e0 l\u2019invitation de Son Excellence Jo\u00e2o Manuel Gon\u00e7alves Louren ...\",\"breadcrumb\":{\"@id\":\"https:\/\/www.africa-press.net\/centrafricaine\/politique\/rca-communique-de-presse-du-mini-sommet-de-la-cirgl-sur-la-situation-politique-et-securitaire-en-republique-centrafricaine#breadcrumb\"},\"inLanguage\":\"fr-FR\",\"potentialAction\":[{\"@type\":\"ReadAction\",\"target\":[\"https:\/\/www.africa-press.net\/centrafricaine\/politique\/rca-communique-de-presse-du-mini-sommet-de-la-cirgl-sur-la-situation-politique-et-securitaire-en-republique-centrafricaine\"]}]},{\"@type\":\"ImageObject\",\"inLanguage\":\"fr-FR\",\"@id\":\"https:\/\/www.africa-press.net\/centrafricaine\/politique\/rca-communique-de-presse-du-mini-sommet-de-la-cirgl-sur-la-situation-politique-et-securitaire-en-republique-centrafricaine#primaryimage\",\"url\":\"https:\/\/static.africa-press.net\/centrafricaine\/sites\/45\/2021\/04\/img-607ff1446074b.jpg\",\"contentUrl\":\"https:\/\/static.africa-press.net\/centrafricaine\/sites\/45\/2021\/04\/img-607ff1446074b.jpg\",\"width\":720,\"height\":360,\"caption\":\"RCA\u00a0: communiqu\u00e9 de presse du MINI SOMMET DE LA CIRGL SUR LA SITUATION POLITIQUE ET S\u00c9CURITAIRE EN R\u00c9PUBLIQUE CENTRAFRICAINE\"},{\"@type\":\"BreadcrumbList\",\"@id\":\"https:\/\/www.africa-press.net\/centrafricaine\/politique\/rca-communique-de-presse-du-mini-sommet-de-la-cirgl-sur-la-situation-politique-et-securitaire-en-republique-centrafricaine#breadcrumb\",\"itemListElement\":[{\"@type\":\"ListItem\",\"position\":1,\"name\":\"Accueil\",\"item\":\"https:\/\/www.africa-press.net\/centrafricaine\/\"},{\"@type\":\"ListItem\",\"position\":2,\"name\":\"communiqu\u00e9 de presse du MINI SOMMET DE LA CIRGL SUR LA SITUATION POLITIQUE ET S\u00c9CURITAIRE EN R\u00c9PUBLIQUE CENTRAFRICAINE\"}]},{\"@type\":\"WebSite\",\"@id\":\"https:\/\/www.africa-press.net\/centrafricaine\/#website\",\"url\":\"https:\/\/www.africa-press.net\/centrafricaine\/\",\"name\":\"centrafricaine\",\"description\":\"Just another Africa News Agency Sites site\",\"potentialAction\":[{\"@type\":\"SearchAction\",\"target\":{\"@type\":\"EntryPoint\",\"urlTemplate\":\"https:\/\/www.africa-press.net\/centrafricaine\/?s={search_term_string}\"},\"query-input\":{\"@type\":\"PropertyValueSpecification\",\"valueRequired\":true,\"valueName\":\"search_term_string\"}}],\"inLanguage\":\"fr-FR\"},{\"@type\":\"Person\",\"@id\":\"https:\/\/www.africa-press.net\/centrafricaine\/#\/schema\/person\/2b1cf3cd81a31e3cd26889ca66d677f1\",\"name\":\"cfeditorfr\"}]}<\/script>\n<!-- \/ Yoast SEO Premium plugin. -->","yoast_head_json":{"title":"communiqu\u00e9 de presse du MINI SOMMET DE LA CIRGL SUR LA SITUATION POLITIQUE ET S\u00c9CURITAIRE EN R\u00c9PUBLIQUE CENTRAFRICAINE - centrafricaine","description":"\u00c0 la suite du Mini-Sommet de Luanda du 29 janvier 2021 et, \u00e0 l\u2019invitation de Son Excellence Jo\u00e2o Manuel Gon\u00e7alves Louren ...","robots":{"index":"index","follow":"follow","max-snippet":"max-snippet:-1","max-image-preview":"max-image-preview:large","max-video-preview":"max-video-preview:-1"},"canonical":"https:\/\/www.africa-press.net\/centrafricaine\/politique\/rca-communique-de-presse-du-mini-sommet-de-la-cirgl-sur-la-situation-politique-et-securitaire-en-republique-centrafricaine","og_locale":"fr_FR","og_type":"article","og_title":"communiqu\u00e9 de presse du MINI SOMMET DE LA CIRGL SUR LA SITUATION POLITIQUE ET S\u00c9CURITAIRE EN R\u00c9PUBLIQUE CENTRAFRICAINE","og_description":"\u00c0 la suite du Mini-Sommet de Luanda du 29 janvier 2021 et, \u00e0 l\u2019invitation de Son Excellence Jo\u00e2o Manuel Gon\u00e7alves Louren ...","og_url":"https:\/\/www.africa-press.net\/centrafricaine\/politique\/rca-communique-de-presse-du-mini-sommet-de-la-cirgl-sur-la-situation-politique-et-securitaire-en-republique-centrafricaine","og_site_name":"centrafricaine","article_published_time":"2021-04-21T09:52:05+00:00","article_modified_time":"2021-04-21T12:42:22+00:00","og_image":[{"width":720,"height":360,"url":"https:\/\/static.africa-press.net\/centrafricaine\/sites\/45\/2021\/04\/img-607ff1446074b.jpg","type":"image\/jpeg"}],"author":"cfeditorfr","twitter_card":"summary_large_image","twitter_misc":{"\u00c9crit par":"cfeditorfr","Dur\u00e9e de lecture estim\u00e9e":"2 minutes"},"schema":{"@context":"https:\/\/schema.org","@graph":[{"@type":"Article","@id":"https:\/\/www.africa-press.net\/centrafricaine\/politique\/rca-communique-de-presse-du-mini-sommet-de-la-cirgl-sur-la-situation-politique-et-securitaire-en-republique-centrafricaine#article","isPartOf":{"@id":"https:\/\/www.africa-press.net\/centrafricaine\/politique\/rca-communique-de-presse-du-mini-sommet-de-la-cirgl-sur-la-situation-politique-et-securitaire-en-republique-centrafricaine"},"author":{"name":"cfeditorfr","@id":"https:\/\/www.africa-press.net\/centrafricaine\/#\/schema\/person\/2b1cf3cd81a31e3cd26889ca66d677f1"},"headline":"communiqu\u00e9 de presse du MINI SOMMET DE LA CIRGL SUR LA SITUATION POLITIQUE ET S\u00c9CURITAIRE EN R\u00c9PUBLIQUE CENTRAFRICAINE","datePublished":"2021-04-21T09:52:05+00:00","dateModified":"2021-04-21T12:42:22+00:00","mainEntityOfPage":{"@id":"https:\/\/www.africa-press.net\/centrafricaine\/politique\/rca-communique-de-presse-du-mini-sommet-de-la-cirgl-sur-la-situation-politique-et-securitaire-en-republique-centrafricaine"},"wordCount":336,"commentCount":0,"image":{"@id":"https:\/\/www.africa-press.net\/centrafricaine\/politique\/rca-communique-de-presse-du-mini-sommet-de-la-cirgl-sur-la-situation-politique-et-securitaire-en-republique-centrafricaine#primaryimage"},"thumbnailUrl":"https:\/\/static.africa-press.net\/centrafricaine\/sites\/45\/2021\/04\/img-607ff1446074b.jpg","keywords":["Africa Press","Africa Press-CentrAfricaine","CentrAfricaine"],"articleSection":["homepage-french","Politique","Top Nouvelles","Toutes les actualit\u00e9s"],"inLanguage":"fr-FR","potentialAction":[{"@type":"CommentAction","name":"Comment","target":["https:\/\/www.africa-press.net\/centrafricaine\/politique\/rca-communique-de-presse-du-mini-sommet-de-la-cirgl-sur-la-situation-politique-et-securitaire-en-republique-centrafricaine#respond"]}]},{"@type":"WebPage","@id":"https:\/\/www.africa-press.net\/centrafricaine\/politique\/rca-communique-de-presse-du-mini-sommet-de-la-cirgl-sur-la-situation-politique-et-securitaire-en-republique-centrafricaine","url":"https:\/\/www.africa-press.net\/centrafricaine\/politique\/rca-communique-de-presse-du-mini-sommet-de-la-cirgl-sur-la-situation-politique-et-securitaire-en-republique-centrafricaine","name":"communiqu\u00e9 de presse du MINI SOMMET DE LA CIRGL SUR LA SITUATION POLITIQUE ET S\u00c9CURITAIRE EN R\u00c9PUBLIQUE CENTRAFRICAINE - centrafricaine","isPartOf":{"@id":"https:\/\/www.africa-press.net\/centrafricaine\/#website"},"primaryImageOfPage":{"@id":"https:\/\/www.africa-press.net\/centrafricaine\/politique\/rca-communique-de-presse-du-mini-sommet-de-la-cirgl-sur-la-situation-politique-et-securitaire-en-republique-centrafricaine#primaryimage"},"image":{"@id":"https:\/\/www.africa-press.net\/centrafricaine\/politique\/rca-communique-de-presse-du-mini-sommet-de-la-cirgl-sur-la-situation-politique-et-securitaire-en-republique-centrafricaine#primaryimage"},"thumbnailUrl":"https:\/\/static.africa-press.net\/centrafricaine\/sites\/45\/2021\/04\/img-607ff1446074b.jpg","datePublished":"2021-04-21T09:52:05+00:00","dateModified":"2021-04-21T12:42:22+00:00","author":{"@id":"https:\/\/www.africa-press.net\/centrafricaine\/#\/schema\/person\/2b1cf3cd81a31e3cd26889ca66d677f1"},"description":"\u00c0 la suite du Mini-Sommet de Luanda du 29 janvier 2021 et, \u00e0 l\u2019invitation de Son Excellence Jo\u00e2o Manuel Gon\u00e7alves Louren ...","breadcrumb":{"@id":"https:\/\/www.africa-press.net\/centrafricaine\/politique\/rca-communique-de-presse-du-mini-sommet-de-la-cirgl-sur-la-situation-politique-et-securitaire-en-republique-centrafricaine#breadcrumb"},"inLanguage":"fr-FR","potentialAction":[{"@type":"ReadAction","target":["https:\/\/www.africa-press.net\/centrafricaine\/politique\/rca-communique-de-presse-du-mini-sommet-de-la-cirgl-sur-la-situation-politique-et-securitaire-en-republique-centrafricaine"]}]},{"@type":"ImageObject","inLanguage":"fr-FR","@id":"https:\/\/www.africa-press.net\/centrafricaine\/politique\/rca-communique-de-presse-du-mini-sommet-de-la-cirgl-sur-la-situation-politique-et-securitaire-en-republique-centrafricaine#primaryimage","url":"https:\/\/static.africa-press.net\/centrafricaine\/sites\/45\/2021\/04\/img-607ff1446074b.jpg","contentUrl":"https:\/\/static.africa-press.net\/centrafricaine\/sites\/45\/2021\/04\/img-607ff1446074b.jpg","width":720,"height":360,"caption":"RCA\u00a0: communiqu\u00e9 de presse du MINI SOMMET DE LA CIRGL SUR LA SITUATION POLITIQUE ET S\u00c9CURITAIRE EN R\u00c9PUBLIQUE CENTRAFRICAINE"},{"@type":"BreadcrumbList","@id":"https:\/\/www.africa-press.net\/centrafricaine\/politique\/rca-communique-de-presse-du-mini-sommet-de-la-cirgl-sur-la-situation-politique-et-securitaire-en-republique-centrafricaine#breadcrumb","itemListElement":[{"@type":"ListItem","position":1,"name":"Accueil","item":"https:\/\/www.africa-press.net\/centrafricaine\/"},{"@type":"ListItem","position":2,"name":"communiqu\u00e9 de presse du MINI SOMMET DE LA CIRGL SUR LA SITUATION POLITIQUE ET S\u00c9CURITAIRE EN R\u00c9PUBLIQUE CENTRAFRICAINE"}]},{"@type":"WebSite","@id":"https:\/\/www.africa-press.net\/centrafricaine\/#website","url":"https:\/\/www.africa-press.net\/centrafricaine\/","name":"centrafricaine","description":"Just another Africa News Agency Sites site","potentialAction":[{"@type":"SearchAction","target":{"@type":"EntryPoint","urlTemplate":"https:\/\/www.africa-press.net\/centrafricaine\/?s={search_term_string}"},"query-input":{"@type":"PropertyValueSpecification","valueRequired":true,"valueName":"search_term_string"}}],"inLanguage":"fr-FR"},{"@type":"Person","@id":"https:\/\/www.africa-press.net\/centrafricaine\/#\/schema\/person\/2b1cf3cd81a31e3cd26889ca66d677f1","name":"cfeditorfr"}]}},"_links":{"self":[{"href":"https:\/\/www.africa-press.net\/centrafricaine\/wp-json\/wp\/v2\/posts\/5953","targetHints":{"allow":["GET"]}}],"collection":[{"href":"https:\/\/www.africa-press.net\/centrafricaine\/wp-json\/wp\/v2\/posts"}],"about":[{"href":"https:\/\/www.africa-press.net\/centrafricaine\/wp-json\/wp\/v2\/types\/post"}],"author":[{"embeddable":true,"href":"https:\/\/www.africa-press.net\/centrafricaine\/wp-json\/wp\/v2\/users\/82"}],"replies":[{"embeddable":true,"href":"https:\/\/www.africa-press.net\/centrafricaine\/wp-json\/wp\/v2\/comments?post=5953"}],"version-history":[{"count":0,"href":"https:\/\/www.africa-press.net\/centrafricaine\/wp-json\/wp\/v2\/posts\/5953\/revisions"}],"wp:featuredmedia":[{"embeddable":true,"href":"https:\/\/www.africa-press.net\/centrafricaine\/wp-json\/wp\/v2\/media\/5946"}],"wp:attachment":[{"href":"https:\/\/www.africa-press.net\/centrafricaine\/wp-json\/wp\/v2\/media?parent=5953"}],"wp:term":[{"taxonomy":"category","embeddable":true,"href":"https:\/\/www.africa-press.net\/centrafricaine\/wp-json\/wp\/v2\/categories?post=5953"},{"taxonomy":"post_tag","embeddable":true,"href":"https:\/\/www.africa-press.net\/centrafricaine\/wp-json\/wp\/v2\/tags?post=5953"}],"curies":[{"name":"wp","href":"https:\/\/api.w.org\/{rel}","templated":true}]}}