{"id":5956,"date":"2021-04-21T09:59:47","date_gmt":"2021-04-21T09:59:47","guid":{"rendered":"https:\/\/www.africa-press.net\/centrafricaine\/?p=5956"},"modified":"2021-04-21T09:57:03","modified_gmt":"2021-04-21T09:57:03","slug":"rca-reponse-de-monsieur-jean-serge-wafio-president-du-pdca-suite-a-la-reaction-politique-du-premier-ministre-firmin-ngrebada-mise-sur-facebook","status":"publish","type":"post","link":"https:\/\/www.africa-press.net\/centrafricaine\/politique\/rca-reponse-de-monsieur-jean-serge-wafio-president-du-pdca-suite-a-la-reaction-politique-du-premier-ministre-firmin-ngrebada-mise-sur-facebook","title":{"rendered":"r\u00e9ponse de Monsieur Jean-Serge Wafio, Pr\u00e9sident du PDCA suite \u00a0\u00e0 la r\u00e9action politique du Premier ministre Firmin Ngrebada mise sur Facebook"},"content":{"rendered":"<p><span style=\"color: #ff6600\"><strong><a href=\"https:\/\/www.africa-press.net\/\">Africa-Press<\/a> &#8211; <a href=\"https:\/\/www.africa-press.net\/centrafricaine\">CentrAfricaine<\/a>.\u00a0 <\/strong><\/span><b>\u00a0Quand vous \u00eates l\u00e0-haut, il ne faut jamais pisser sur ceux qui sont en bas, car si vous leur pissez dessus, ils vous laisseront tomber dans vos propres urines \u2019\u2019. C\u2019est la substance de la r\u00e9action de l\u2019opposant Jean-Serge Wafio aux propos du premier ministre Firmin Ngrebada sur son compte Facebook dans lesquels il traite le Pr\u00e9sident du PDCA comme un moins que rien, pour ne pas dire un collabo de la CPC.<\/b><\/p>\n<p>Ci-dessous la r\u00e9ponse de l\u2019opposant Jean-Serge Wafio.<\/p>\n<p>A l\u2019attention du Premier Ministre NGREBADA<\/p>\n<p>Comme je vous l\u2019avais annonc\u00e9, je fais r\u00e9ponse \u00e0 votre r\u00e9action politique mise sur Facebook, dans laquelle transparaissent une certaine intention de me traiter comme votre marchepied. Dans les respects et les consid\u00e9rations dus \u00e0 vos charges politiques, je me permets de vous rappeler un adage Zangoa : \u2018\u2019 Quand vous \u00eates l\u00e0-haut, il ne faut jamais pisser sur ceux qui sont en bas, car si vous leur pissez dessus, ils vous laisseront tomber dans vos propres urines\u2019\u2019.<\/p>\n<p>Je ne r\u00e9agirais pas \u00e0 votre mani\u00e8re, avec amalgames et confusions, mais je vous formule mes observations de mani\u00e8re assez analytique :<\/p>\n<p>Assortis de la dissolution du Parti D\u00e9mocratique Centrafricai-PDCA.<\/p>\n<p>C\u2019est pour dire que vous avez d\u00e9j\u00e0 trac\u00e9 la voie que devrait suivre le juge. Vous l\u2019enfermer dans un panel de griefs et vous l\u2019emp\u00eachez de dire le droit, car s\u2019il disait le droit, \u00e0 mon humble avis, ce serait l\u2019ouverture d\u2019une information judiciaire, compte tenu de la concordance des affirmations et du faisceau de soup\u00e7ons et de suspicions contre vous. Est-il que je me r\u00e9serve le droit, avec mon avocat, de demander officiellement l\u2019ouverture d\u2019une information judiciaire, que certes, compte tenu de votre statut, vous emp\u00eacherez la r\u00e9alisation, mais qui pourrait bien avoir lieu \u00e0 terme.<\/p>\n<p>Cela signifie quoi ?<\/p>\n<p>Cela signifie que la personne qui a transcrit cette phrase entre guillemets et au conditionnel, n\u2019est pas la personne qui l\u2019a prononc\u00e9e. Cette phrase que j\u2019ai transcrite entre guillemets et au conditionnel, dans mon analyse politique, qui vous a fait r\u00e9agir de mani\u00e8re \u00e9pidermique, est prononc\u00e9e par un Cadre du Mouvement des C\u0153urs Unis \u2013 MCU, et elle refl\u00e8te ce qui se dit tout bas actuellement au sein de votre Parti Politique. Et en tant que Premier Ministre, et actuellement per\u00e7u dans votre Parti Politique comme celui par qui le scandale est arriv\u00e9, vous \u00eates cens\u00e9 conna\u00eetre les intrigues qui s\u2019y d\u00e9roulent actuellement, \u00e0 moins de faire preuve d\u2019une malhonn\u00eatet\u00e9 politique.<\/p>\n<p>Comme cette m\u00e9taphore \u2018\u2019 pile tu es mort, face je te tue : les coups bas au MCU\u201d vous a mis dans tous vos \u00e9tats d\u2019\u00e2me, acceptez de comprendre que celle-ci est, emprunt\u00e9e \u00e0 l\u2019envers \u00e0 l\u2019UERL COUPSFRANCS, et utilis\u00e9e pour \u00e9voquer les intrigues actuelles au MCU, et vous ne pouvez nier qu\u2019il n\u2019y a pas d\u2019intrigues au MCU. Certes, vos responsabilit\u00e9s politiques limitent votre disponibilit\u00e9, mais vous pouvez demander \u00e0 l\u2019un de vos collaborateurs d\u2019aller sur le site en utilisant le lien : https\/\/www.coupsfrancs.com, sous intitul\u00e9 et coordonn\u00e9es :<\/p>\n<p>COUPSFRANCS<\/p>\n<p>Face tu es mort, pile je te tue<\/p>\n<p>contact@coupsfrancs.com<\/p>\n<p>info@coupsfrancs.com qui est un site sp\u00e9cialis\u00e9 en mati\u00e8re politique et de foot ball. Je vous avertis, il est assez critique<\/p>\n<p>Je n\u2019ai pas cr\u00e9\u00e9 le PDCA pour vivre politiquement de subsides. Je l\u2019ai cr\u00e9\u00e9, selon une vision politique noble et ambitieuse, celle de \u2018 faire \u00e9merger \u00e0 terme et par voie d\u00e9mocratique, une soci\u00e9t\u00e9 plus humaine, plus responsable et plus participative, qui r\u00e9ponde aux aspirations premi\u00e8res de la personne humaine universellement admises : Justice, Libert\u00e9, Equit\u00e9, Dignit\u00e9 Humaine,<\/p>\n<p>Responsabilit\u00e9, Solidarit\u00e9, vision refl\u00e9t\u00e9e par \u201d Oser et R\u00e9ussir \u00e0 faire de la Politique une Mission d\u2019Objectifs et non une fonction\u201d.<\/p>\n<p>Si je voulais vivre de subsides politiques avec le PDCA, peut-\u00eatre que je me ferais depuis alli\u00e9 politique du MCU et pourrais vous menacer fortement dans vos ambitions d\u00e9mesur\u00e9es de positionnement politique, parce que le Pr\u00e9sident TOUADERA me connait politiquement. C\u2019est pour vous dire que le PDCA n\u2019est pas un club d\u2019amis, ni un tremplin de propulsion politique. Mon Parti a eu \u00e0 participer \u00e0 la vie politique publique et avait des dimensions nationales, parce qu\u2019il \u00e9tait structur\u00e9 en :<\/p>\n<p>Tous ces organes de base ont \u00e9t\u00e9 d\u00e9structur\u00e9s ou disloqu\u00e9s avec l\u2019ins\u00e9curit\u00e9 g\u00e9n\u00e9ralis\u00e9e mise en place par la coalition seleka et que vous \u00e9rigez en m\u00e9thode de gestion du pouvoir. Le contexte de l\u2019ins\u00e9curit\u00e9 nous a oblig\u00e9 de faire une pause sabbatique, parce que beaucoup de nos Pionni\u00e8res et Pionniers ont \u00e9t\u00e9 tu\u00e9s et calcin\u00e9s par votre partenaire Ali NDARASSA \u00e0 Alindao, tu\u00e9s et port\u00e9s disparus \u00e0 Mingala, Ippy, Bambari, Bakala, Grimari, Sibut, D\u00e9koa, Kaga Bandoro, Batangafo, Bouca, Bossangoa par vos autres partenaires mercenaires import\u00e9s.<\/p>\n<p>Vous pouvez dissoudre le PDCA comme vous l\u2019envisagez, si le droit vous le permet ou par voie d\u2019autorit\u00e9, mais ma vision politique a \u00e9t\u00e9 suffisamment vulgaris\u00e9e, accept\u00e9e et si je suis emp\u00each\u00e9 d\u2019une mani\u00e8re ou d\u2019une autre, certains reprendront le flambeau.<\/p>\n<p>Premier Ministre NGREBADA, l\u00e0 vous d\u00e9lirez diaboliquement et psychopathique ment, et vous vous affirmez dangereux politiquement, parce que votre logique, \u2018\u2019 Ou tu es avec moi, ou tu es contre moi, donc mon ennemi\u2019\u2019.<\/p>\n<p>Je me permets de vous dire qu\u2019en Zangoa que je suis, je reste fier d\u2019\u00eatre Gbaya de Bossangoa. Je ne renierais pas mes origines. Vous partagez la logique soutenue par votre pr\u00e9d\u00e9cesseur, l\u2019ancien Premier Ministre SARANDJI qui m\u2019avait sibylline ment r\u00e9pondu, que c\u2019est parce que BOZIZE YANGOUVONDA a pris la t\u00eate de la CPC que les gbaya sont ethnocid\u00e9s ou g\u00e9nocid\u00e9s.<\/p>\n<p>Voil\u00e0 comment vous discr\u00e9ditez, d\u00e9sacralisez, d\u00e9shonorez et d\u00e9valorisez les missions politiques du Premier Ministre.<\/p>\n<p>&nbsp;<\/p>\n","protected":false},"excerpt":{"rendered":"<p>Africa-Press &#8211; CentrAfricaine.\u00a0 \u00a0Quand vous \u00eates l\u00e0-haut, il ne faut jamais pisser sur ceux qui sont en bas, car si vous leur pissez dessus, ils vous laisseront tomber dans vos propres urines \u2019\u2019. C\u2019est la substance de la r\u00e9action de l\u2019opposant Jean-Serge Wafio aux propos du premier ministre Firmin Ngrebada sur son compte Facebook dans [&hellip;]<\/p>\n","protected":false},"author":82,"featured_media":5955,"comment_status":"open","ping_status":"closed","sticky":false,"template":"","format":"standard","meta":{"footnotes":""},"categories":[11,2,20,10],"tags":[36,58,30],"class_list":["post-5956","post","type-post","status-publish","format-standard","has-post-thumbnail","hentry","category-homepage-french","category-politique","category-top-nouvelles","category-toutes-les-actualites","tag-africa-press","tag-africa-press-centrafricaine","tag-centrafricaine"],"yoast_head":"<!-- This site is optimized with the Yoast SEO Premium plugin v26.1 (Yoast SEO v27.0) - https:\/\/yoast.com\/product\/yoast-seo-premium-wordpress\/ -->\n<title>r\u00e9ponse de Monsieur Jean-Serge Wafio, Pr\u00e9sident du PDCA suite \u00a0\u00e0 la r\u00e9action politique du Premier ministre Firmin Ngrebada mise sur Facebook - centrafricaine<\/title>\n<meta name=\"description\" content=\"Bangui, R\u00e9publique centrafricaine, mercredi, 21 avril 2021 ( Corbeaunews-Centrafrique). Quand vous \u00eates l\u00e0-haut, il n ...\" \/>\n<meta name=\"robots\" content=\"index, follow, max-snippet:-1, max-image-preview:large, max-video-preview:-1\" \/>\n<link rel=\"canonical\" href=\"https:\/\/www.africa-press.net\/centrafricaine\/politique\/rca-reponse-de-monsieur-jean-serge-wafio-president-du-pdca-suite-a-la-reaction-politique-du-premier-ministre-firmin-ngrebada-mise-sur-facebook\" \/>\n<meta property=\"og:locale\" content=\"fr_FR\" \/>\n<meta property=\"og:type\" content=\"article\" \/>\n<meta property=\"og:title\" content=\"r\u00e9ponse de Monsieur Jean-Serge Wafio, Pr\u00e9sident du PDCA suite \u00a0\u00e0 la r\u00e9action politique du Premier ministre Firmin Ngrebada mise sur Facebook\" \/>\n<meta property=\"og:description\" content=\"Bangui, R\u00e9publique centrafricaine, mercredi, 21 avril 2021 ( Corbeaunews-Centrafrique). Quand vous \u00eates l\u00e0-haut, il n ...\" \/>\n<meta property=\"og:url\" content=\"https:\/\/www.africa-press.net\/centrafricaine\/politique\/rca-reponse-de-monsieur-jean-serge-wafio-president-du-pdca-suite-a-la-reaction-politique-du-premier-ministre-firmin-ngrebada-mise-sur-facebook\" \/>\n<meta property=\"og:site_name\" content=\"centrafricaine\" \/>\n<meta property=\"article:published_time\" content=\"2021-04-21T09:59:47+00:00\" \/>\n<meta property=\"og:image\" content=\"https:\/\/static.africa-press.net\/centrafricaine\/sites\/45\/2021\/04\/img-607ff16db1917.jpg\" \/>\n\t<meta property=\"og:image:width\" content=\"750\" \/>\n\t<meta property=\"og:image:height\" content=\"562\" \/>\n\t<meta property=\"og:image:type\" content=\"image\/jpeg\" \/>\n<meta name=\"author\" content=\"cfeditorfr\" \/>\n<meta name=\"twitter:card\" content=\"summary_large_image\" \/>\n<meta name=\"twitter:label1\" content=\"\u00c9crit par\" \/>\n\t<meta name=\"twitter:data1\" content=\"cfeditorfr\" \/>\n\t<meta name=\"twitter:label2\" content=\"Dur\u00e9e de lecture estim\u00e9e\" \/>\n\t<meta name=\"twitter:data2\" content=\"5 minutes\" \/>\n<script type=\"application\/ld+json\" class=\"yoast-schema-graph\">{\"@context\":\"https:\/\/schema.org\",\"@graph\":[{\"@type\":\"Article\",\"@id\":\"https:\/\/www.africa-press.net\/centrafricaine\/politique\/rca-reponse-de-monsieur-jean-serge-wafio-president-du-pdca-suite-a-la-reaction-politique-du-premier-ministre-firmin-ngrebada-mise-sur-facebook#article\",\"isPartOf\":{\"@id\":\"https:\/\/www.africa-press.net\/centrafricaine\/politique\/rca-reponse-de-monsieur-jean-serge-wafio-president-du-pdca-suite-a-la-reaction-politique-du-premier-ministre-firmin-ngrebada-mise-sur-facebook\"},\"author\":{\"name\":\"cfeditorfr\",\"@id\":\"https:\/\/www.africa-press.net\/centrafricaine\/#\/schema\/person\/2b1cf3cd81a31e3cd26889ca66d677f1\"},\"headline\":\"r\u00e9ponse de Monsieur Jean-Serge Wafio, Pr\u00e9sident du PDCA suite \u00a0\u00e0 la r\u00e9action politique du Premier ministre Firmin Ngrebada mise sur Facebook\",\"datePublished\":\"2021-04-21T09:59:47+00:00\",\"mainEntityOfPage\":{\"@id\":\"https:\/\/www.africa-press.net\/centrafricaine\/politique\/rca-reponse-de-monsieur-jean-serge-wafio-president-du-pdca-suite-a-la-reaction-politique-du-premier-ministre-firmin-ngrebada-mise-sur-facebook\"},\"wordCount\":1046,\"commentCount\":0,\"image\":{\"@id\":\"https:\/\/www.africa-press.net\/centrafricaine\/politique\/rca-reponse-de-monsieur-jean-serge-wafio-president-du-pdca-suite-a-la-reaction-politique-du-premier-ministre-firmin-ngrebada-mise-sur-facebook#primaryimage\"},\"thumbnailUrl\":\"https:\/\/static.africa-press.net\/centrafricaine\/sites\/45\/2021\/04\/img-607ff16db1917.jpg\",\"keywords\":[\"Africa Press\",\"Africa Press-CentrAfricaine\",\"CentrAfricaine\"],\"articleSection\":[\"homepage-french\",\"Politique\",\"Top Nouvelles\",\"Toutes les actualit\u00e9s\"],\"inLanguage\":\"fr-FR\",\"potentialAction\":[{\"@type\":\"CommentAction\",\"name\":\"Comment\",\"target\":[\"https:\/\/www.africa-press.net\/centrafricaine\/politique\/rca-reponse-de-monsieur-jean-serge-wafio-president-du-pdca-suite-a-la-reaction-politique-du-premier-ministre-firmin-ngrebada-mise-sur-facebook#respond\"]}]},{\"@type\":\"WebPage\",\"@id\":\"https:\/\/www.africa-press.net\/centrafricaine\/politique\/rca-reponse-de-monsieur-jean-serge-wafio-president-du-pdca-suite-a-la-reaction-politique-du-premier-ministre-firmin-ngrebada-mise-sur-facebook\",\"url\":\"https:\/\/www.africa-press.net\/centrafricaine\/politique\/rca-reponse-de-monsieur-jean-serge-wafio-president-du-pdca-suite-a-la-reaction-politique-du-premier-ministre-firmin-ngrebada-mise-sur-facebook\",\"name\":\"r\u00e9ponse de Monsieur Jean-Serge Wafio, Pr\u00e9sident du PDCA suite \u00a0\u00e0 la r\u00e9action politique du Premier ministre Firmin Ngrebada mise sur Facebook - centrafricaine\",\"isPartOf\":{\"@id\":\"https:\/\/www.africa-press.net\/centrafricaine\/#website\"},\"primaryImageOfPage\":{\"@id\":\"https:\/\/www.africa-press.net\/centrafricaine\/politique\/rca-reponse-de-monsieur-jean-serge-wafio-president-du-pdca-suite-a-la-reaction-politique-du-premier-ministre-firmin-ngrebada-mise-sur-facebook#primaryimage\"},\"image\":{\"@id\":\"https:\/\/www.africa-press.net\/centrafricaine\/politique\/rca-reponse-de-monsieur-jean-serge-wafio-president-du-pdca-suite-a-la-reaction-politique-du-premier-ministre-firmin-ngrebada-mise-sur-facebook#primaryimage\"},\"thumbnailUrl\":\"https:\/\/static.africa-press.net\/centrafricaine\/sites\/45\/2021\/04\/img-607ff16db1917.jpg\",\"datePublished\":\"2021-04-21T09:59:47+00:00\",\"author\":{\"@id\":\"https:\/\/www.africa-press.net\/centrafricaine\/#\/schema\/person\/2b1cf3cd81a31e3cd26889ca66d677f1\"},\"description\":\"Bangui, R\u00e9publique centrafricaine, mercredi, 21 avril 2021 ( Corbeaunews-Centrafrique). Quand vous \u00eates l\u00e0-haut, il n ...\",\"breadcrumb\":{\"@id\":\"https:\/\/www.africa-press.net\/centrafricaine\/politique\/rca-reponse-de-monsieur-jean-serge-wafio-president-du-pdca-suite-a-la-reaction-politique-du-premier-ministre-firmin-ngrebada-mise-sur-facebook#breadcrumb\"},\"inLanguage\":\"fr-FR\",\"potentialAction\":[{\"@type\":\"ReadAction\",\"target\":[\"https:\/\/www.africa-press.net\/centrafricaine\/politique\/rca-reponse-de-monsieur-jean-serge-wafio-president-du-pdca-suite-a-la-reaction-politique-du-premier-ministre-firmin-ngrebada-mise-sur-facebook\"]}]},{\"@type\":\"ImageObject\",\"inLanguage\":\"fr-FR\",\"@id\":\"https:\/\/www.africa-press.net\/centrafricaine\/politique\/rca-reponse-de-monsieur-jean-serge-wafio-president-du-pdca-suite-a-la-reaction-politique-du-premier-ministre-firmin-ngrebada-mise-sur-facebook#primaryimage\",\"url\":\"https:\/\/static.africa-press.net\/centrafricaine\/sites\/45\/2021\/04\/img-607ff16db1917.jpg\",\"contentUrl\":\"https:\/\/static.africa-press.net\/centrafricaine\/sites\/45\/2021\/04\/img-607ff16db1917.jpg\",\"width\":750,\"height\":562,\"caption\":\"RCA\u00a0: r\u00e9ponse de Monsieur Jean-Serge Wafio, Pr\u00e9sident du PDCA suite \u00a0\u00e0 la r\u00e9action politique du Premier ministre Firmin Ngrebada mise sur Facebook\"},{\"@type\":\"BreadcrumbList\",\"@id\":\"https:\/\/www.africa-press.net\/centrafricaine\/politique\/rca-reponse-de-monsieur-jean-serge-wafio-president-du-pdca-suite-a-la-reaction-politique-du-premier-ministre-firmin-ngrebada-mise-sur-facebook#breadcrumb\",\"itemListElement\":[{\"@type\":\"ListItem\",\"position\":1,\"name\":\"Accueil\",\"item\":\"https:\/\/www.africa-press.net\/centrafricaine\/\"},{\"@type\":\"ListItem\",\"position\":2,\"name\":\"r\u00e9ponse de Monsieur Jean-Serge Wafio, Pr\u00e9sident du PDCA suite \u00a0\u00e0 la r\u00e9action politique du Premier ministre Firmin Ngrebada mise sur Facebook\"}]},{\"@type\":\"WebSite\",\"@id\":\"https:\/\/www.africa-press.net\/centrafricaine\/#website\",\"url\":\"https:\/\/www.africa-press.net\/centrafricaine\/\",\"name\":\"centrafricaine\",\"description\":\"Just another Africa News Agency Sites site\",\"potentialAction\":[{\"@type\":\"SearchAction\",\"target\":{\"@type\":\"EntryPoint\",\"urlTemplate\":\"https:\/\/www.africa-press.net\/centrafricaine\/?s={search_term_string}\"},\"query-input\":{\"@type\":\"PropertyValueSpecification\",\"valueRequired\":true,\"valueName\":\"search_term_string\"}}],\"inLanguage\":\"fr-FR\"},{\"@type\":\"Person\",\"@id\":\"https:\/\/www.africa-press.net\/centrafricaine\/#\/schema\/person\/2b1cf3cd81a31e3cd26889ca66d677f1\",\"name\":\"cfeditorfr\"}]}<\/script>\n<!-- \/ Yoast SEO Premium plugin. -->","yoast_head_json":{"title":"r\u00e9ponse de Monsieur Jean-Serge Wafio, Pr\u00e9sident du PDCA suite \u00a0\u00e0 la r\u00e9action politique du Premier ministre Firmin Ngrebada mise sur Facebook - centrafricaine","description":"Bangui, R\u00e9publique centrafricaine, mercredi, 21 avril 2021 ( Corbeaunews-Centrafrique). Quand vous \u00eates l\u00e0-haut, il n ...","robots":{"index":"index","follow":"follow","max-snippet":"max-snippet:-1","max-image-preview":"max-image-preview:large","max-video-preview":"max-video-preview:-1"},"canonical":"https:\/\/www.africa-press.net\/centrafricaine\/politique\/rca-reponse-de-monsieur-jean-serge-wafio-president-du-pdca-suite-a-la-reaction-politique-du-premier-ministre-firmin-ngrebada-mise-sur-facebook","og_locale":"fr_FR","og_type":"article","og_title":"r\u00e9ponse de Monsieur Jean-Serge Wafio, Pr\u00e9sident du PDCA suite \u00a0\u00e0 la r\u00e9action politique du Premier ministre Firmin Ngrebada mise sur Facebook","og_description":"Bangui, R\u00e9publique centrafricaine, mercredi, 21 avril 2021 ( Corbeaunews-Centrafrique). Quand vous \u00eates l\u00e0-haut, il n ...","og_url":"https:\/\/www.africa-press.net\/centrafricaine\/politique\/rca-reponse-de-monsieur-jean-serge-wafio-president-du-pdca-suite-a-la-reaction-politique-du-premier-ministre-firmin-ngrebada-mise-sur-facebook","og_site_name":"centrafricaine","article_published_time":"2021-04-21T09:59:47+00:00","og_image":[{"width":750,"height":562,"url":"https:\/\/static.africa-press.net\/centrafricaine\/sites\/45\/2021\/04\/img-607ff16db1917.jpg","type":"image\/jpeg"}],"author":"cfeditorfr","twitter_card":"summary_large_image","twitter_misc":{"\u00c9crit par":"cfeditorfr","Dur\u00e9e de lecture estim\u00e9e":"5 minutes"},"schema":{"@context":"https:\/\/schema.org","@graph":[{"@type":"Article","@id":"https:\/\/www.africa-press.net\/centrafricaine\/politique\/rca-reponse-de-monsieur-jean-serge-wafio-president-du-pdca-suite-a-la-reaction-politique-du-premier-ministre-firmin-ngrebada-mise-sur-facebook#article","isPartOf":{"@id":"https:\/\/www.africa-press.net\/centrafricaine\/politique\/rca-reponse-de-monsieur-jean-serge-wafio-president-du-pdca-suite-a-la-reaction-politique-du-premier-ministre-firmin-ngrebada-mise-sur-facebook"},"author":{"name":"cfeditorfr","@id":"https:\/\/www.africa-press.net\/centrafricaine\/#\/schema\/person\/2b1cf3cd81a31e3cd26889ca66d677f1"},"headline":"r\u00e9ponse de Monsieur Jean-Serge Wafio, Pr\u00e9sident du PDCA suite \u00a0\u00e0 la r\u00e9action politique du Premier ministre Firmin Ngrebada mise sur Facebook","datePublished":"2021-04-21T09:59:47+00:00","mainEntityOfPage":{"@id":"https:\/\/www.africa-press.net\/centrafricaine\/politique\/rca-reponse-de-monsieur-jean-serge-wafio-president-du-pdca-suite-a-la-reaction-politique-du-premier-ministre-firmin-ngrebada-mise-sur-facebook"},"wordCount":1046,"commentCount":0,"image":{"@id":"https:\/\/www.africa-press.net\/centrafricaine\/politique\/rca-reponse-de-monsieur-jean-serge-wafio-president-du-pdca-suite-a-la-reaction-politique-du-premier-ministre-firmin-ngrebada-mise-sur-facebook#primaryimage"},"thumbnailUrl":"https:\/\/static.africa-press.net\/centrafricaine\/sites\/45\/2021\/04\/img-607ff16db1917.jpg","keywords":["Africa Press","Africa Press-CentrAfricaine","CentrAfricaine"],"articleSection":["homepage-french","Politique","Top Nouvelles","Toutes les actualit\u00e9s"],"inLanguage":"fr-FR","potentialAction":[{"@type":"CommentAction","name":"Comment","target":["https:\/\/www.africa-press.net\/centrafricaine\/politique\/rca-reponse-de-monsieur-jean-serge-wafio-president-du-pdca-suite-a-la-reaction-politique-du-premier-ministre-firmin-ngrebada-mise-sur-facebook#respond"]}]},{"@type":"WebPage","@id":"https:\/\/www.africa-press.net\/centrafricaine\/politique\/rca-reponse-de-monsieur-jean-serge-wafio-president-du-pdca-suite-a-la-reaction-politique-du-premier-ministre-firmin-ngrebada-mise-sur-facebook","url":"https:\/\/www.africa-press.net\/centrafricaine\/politique\/rca-reponse-de-monsieur-jean-serge-wafio-president-du-pdca-suite-a-la-reaction-politique-du-premier-ministre-firmin-ngrebada-mise-sur-facebook","name":"r\u00e9ponse de Monsieur Jean-Serge Wafio, Pr\u00e9sident du PDCA suite \u00a0\u00e0 la r\u00e9action politique du Premier ministre Firmin Ngrebada mise sur Facebook - centrafricaine","isPartOf":{"@id":"https:\/\/www.africa-press.net\/centrafricaine\/#website"},"primaryImageOfPage":{"@id":"https:\/\/www.africa-press.net\/centrafricaine\/politique\/rca-reponse-de-monsieur-jean-serge-wafio-president-du-pdca-suite-a-la-reaction-politique-du-premier-ministre-firmin-ngrebada-mise-sur-facebook#primaryimage"},"image":{"@id":"https:\/\/www.africa-press.net\/centrafricaine\/politique\/rca-reponse-de-monsieur-jean-serge-wafio-president-du-pdca-suite-a-la-reaction-politique-du-premier-ministre-firmin-ngrebada-mise-sur-facebook#primaryimage"},"thumbnailUrl":"https:\/\/static.africa-press.net\/centrafricaine\/sites\/45\/2021\/04\/img-607ff16db1917.jpg","datePublished":"2021-04-21T09:59:47+00:00","author":{"@id":"https:\/\/www.africa-press.net\/centrafricaine\/#\/schema\/person\/2b1cf3cd81a31e3cd26889ca66d677f1"},"description":"Bangui, R\u00e9publique centrafricaine, mercredi, 21 avril 2021 ( Corbeaunews-Centrafrique). Quand vous \u00eates l\u00e0-haut, il n ...","breadcrumb":{"@id":"https:\/\/www.africa-press.net\/centrafricaine\/politique\/rca-reponse-de-monsieur-jean-serge-wafio-president-du-pdca-suite-a-la-reaction-politique-du-premier-ministre-firmin-ngrebada-mise-sur-facebook#breadcrumb"},"inLanguage":"fr-FR","potentialAction":[{"@type":"ReadAction","target":["https:\/\/www.africa-press.net\/centrafricaine\/politique\/rca-reponse-de-monsieur-jean-serge-wafio-president-du-pdca-suite-a-la-reaction-politique-du-premier-ministre-firmin-ngrebada-mise-sur-facebook"]}]},{"@type":"ImageObject","inLanguage":"fr-FR","@id":"https:\/\/www.africa-press.net\/centrafricaine\/politique\/rca-reponse-de-monsieur-jean-serge-wafio-president-du-pdca-suite-a-la-reaction-politique-du-premier-ministre-firmin-ngrebada-mise-sur-facebook#primaryimage","url":"https:\/\/static.africa-press.net\/centrafricaine\/sites\/45\/2021\/04\/img-607ff16db1917.jpg","contentUrl":"https:\/\/static.africa-press.net\/centrafricaine\/sites\/45\/2021\/04\/img-607ff16db1917.jpg","width":750,"height":562,"caption":"RCA\u00a0: r\u00e9ponse de Monsieur Jean-Serge Wafio, Pr\u00e9sident du PDCA suite \u00a0\u00e0 la r\u00e9action politique du Premier ministre Firmin Ngrebada mise sur Facebook"},{"@type":"BreadcrumbList","@id":"https:\/\/www.africa-press.net\/centrafricaine\/politique\/rca-reponse-de-monsieur-jean-serge-wafio-president-du-pdca-suite-a-la-reaction-politique-du-premier-ministre-firmin-ngrebada-mise-sur-facebook#breadcrumb","itemListElement":[{"@type":"ListItem","position":1,"name":"Accueil","item":"https:\/\/www.africa-press.net\/centrafricaine\/"},{"@type":"ListItem","position":2,"name":"r\u00e9ponse de Monsieur Jean-Serge Wafio, Pr\u00e9sident du PDCA suite \u00a0\u00e0 la r\u00e9action politique du Premier ministre Firmin Ngrebada mise sur Facebook"}]},{"@type":"WebSite","@id":"https:\/\/www.africa-press.net\/centrafricaine\/#website","url":"https:\/\/www.africa-press.net\/centrafricaine\/","name":"centrafricaine","description":"Just another Africa News Agency Sites site","potentialAction":[{"@type":"SearchAction","target":{"@type":"EntryPoint","urlTemplate":"https:\/\/www.africa-press.net\/centrafricaine\/?s={search_term_string}"},"query-input":{"@type":"PropertyValueSpecification","valueRequired":true,"valueName":"search_term_string"}}],"inLanguage":"fr-FR"},{"@type":"Person","@id":"https:\/\/www.africa-press.net\/centrafricaine\/#\/schema\/person\/2b1cf3cd81a31e3cd26889ca66d677f1","name":"cfeditorfr"}]}},"_links":{"self":[{"href":"https:\/\/www.africa-press.net\/centrafricaine\/wp-json\/wp\/v2\/posts\/5956","targetHints":{"allow":["GET"]}}],"collection":[{"href":"https:\/\/www.africa-press.net\/centrafricaine\/wp-json\/wp\/v2\/posts"}],"about":[{"href":"https:\/\/www.africa-press.net\/centrafricaine\/wp-json\/wp\/v2\/types\/post"}],"author":[{"embeddable":true,"href":"https:\/\/www.africa-press.net\/centrafricaine\/wp-json\/wp\/v2\/users\/82"}],"replies":[{"embeddable":true,"href":"https:\/\/www.africa-press.net\/centrafricaine\/wp-json\/wp\/v2\/comments?post=5956"}],"version-history":[{"count":0,"href":"https:\/\/www.africa-press.net\/centrafricaine\/wp-json\/wp\/v2\/posts\/5956\/revisions"}],"wp:featuredmedia":[{"embeddable":true,"href":"https:\/\/www.africa-press.net\/centrafricaine\/wp-json\/wp\/v2\/media\/5955"}],"wp:attachment":[{"href":"https:\/\/www.africa-press.net\/centrafricaine\/wp-json\/wp\/v2\/media?parent=5956"}],"wp:term":[{"taxonomy":"category","embeddable":true,"href":"https:\/\/www.africa-press.net\/centrafricaine\/wp-json\/wp\/v2\/categories?post=5956"},{"taxonomy":"post_tag","embeddable":true,"href":"https:\/\/www.africa-press.net\/centrafricaine\/wp-json\/wp\/v2\/tags?post=5956"}],"curies":[{"name":"wp","href":"https:\/\/api.w.org\/{rel}","templated":true}]}}