{"id":5959,"date":"2021-04-21T10:07:29","date_gmt":"2021-04-21T10:07:29","guid":{"rendered":"https:\/\/www.africa-press.net\/centrafricaine\/?p=5959"},"modified":"2021-04-21T09:57:17","modified_gmt":"2021-04-21T09:57:17","slug":"pillage-mise-a-sac-par-les-mercenaires-de-wagner-la-situation-devient-de-plus-en-plus-grave-dans-la-ville-de-bria","status":"publish","type":"post","link":"https:\/\/www.africa-press.net\/centrafricaine\/politique\/pillage-mise-a-sac-par-les-mercenaires-de-wagner-la-situation-devient-de-plus-en-plus-grave-dans-la-ville-de-bria","title":{"rendered":"Pillage, mise \u00e0 sac par les mercenaires de Wagner, la situation devient de plus en plus grave dans la ville de Bria"},"content":{"rendered":"<p><span style=\"color: #ff6600\"><strong><a href=\"https:\/\/www.africa-press.net\/\">Africa-Press<\/a> &#8211; <a href=\"https:\/\/www.africa-press.net\/centrafricaine\">CentrAfricaine<\/a>. <\/strong><\/span>\u00a048 heures apr\u00e8s l\u2019arriv\u00e9e dans la ville des mercenaires de la soci\u00e9t\u00e9 russe Wagner, la situation devient de plus en plus tendue \u00e0 Bria, chef-lieu de la pr\u00e9fecture de Haute-Kotto. \u00ab Ce que nous vivons aujourd\u2019hui \u00e0 Bria est indescriptible. Il y\u2019a beaucoup de souffrance parmi la population \u00bb, selon un notable local qui d\u00e9crit la sc\u00e8ne comme du jamais vu dans la ville.<\/p>\n<p>Quelques heures apr\u00e8s leur d\u00e9part sur l\u2019axe Yalinga, dans la Haute-Kotto, les mercenaires russes et syriens de la soci\u00e9t\u00e9 Wagner ont fait leur retour en force \u00e0 Bria ce mardi dans la matin\u00e9e. Ils ont boucl\u00e9 les diff\u00e9rents quartiers de la ville, \u00e0 savoir mand\u00e9, Piango, Ndourou et Galabadja ou ils ont proc\u00e9d\u00e9 \u00e0 la fouille maison par maison, et porte par porte. Selon eux, ils cherchent les rebelles, mais leur objectif r\u00e9el, selon la population, est tout autre chose : argent, or et diamant !<\/p>\n<p>Selon de nombreux t\u00e9moins, la sc\u00e8ne de pillage qui s\u2019est d\u00e9roul\u00e9e ce mardi \u00e0 Bria ne s\u2019est jamais pass\u00e9e ailleurs avec ces mercenaires en RCA.<\/p>\n<p>D\u2019apr\u00e8s eux, les faits se sont produits ce mardi de 8 heures \u00e0 15 heures, et tout ce qui est moto, batterie, panneaux solaires, chaussures en bon \u00e9tat, t\u00e9l\u00e9phones, sac de voyage en bon \u00e9tat, matelas, radio, v\u00eatement m\u00eame pour les enfants qui sont encore en bon \u00e9tat est pill\u00e9 par les mercenaires.<\/p>\n<p>Hier soir, vers 18 heures, une m\u00e8re de cinq enfants, par peur des mercenaires russes, est all\u00e9e cacher son panneau solaire. Par malheur, ils l\u2019ont attrap\u00e9e elle paye 35 000 francs CFA avant d\u2019\u00eatre lib\u00e9r\u00e9e.<\/p>\n<p>Selon les t\u00e9moins, les mercenaires sont accompagn\u00e9s par les soldats FACA qui les ont aid\u00e9s pour la premi\u00e8re fois \u00e0 ramasser les v\u00eatements qui sont encore sous le soleil pour mettre dans le sac Banko et emport\u00e9s.<\/p>\n<p>M\u00eame les moutons d\u2019un \u00e9leveur peul qui s\u2019appelle Ali Abdelkrim, qui habite en face de leur base, sont devenus leur repas quotidien.<\/p>\n<p>Mais avant de quitter la zone, ils ont arr\u00eat\u00e9 un commer\u00e7ant qui s\u2019appelle Aladji Daoud pour le mettre en d\u00e9tention jusqu\u2019\u00e0 pr\u00e9sent.<\/p>\n<p>Chose \u00e9tonnante dans cette affaire, les mat\u00e9riels, les motos et v\u00e9hicules pill\u00e9s sont vendus syst\u00e9matiquement par les mercenaires dans la ville. Pour une moto, ils vendent \u00e0 120 000 francs CFA, etc.<\/p>\n<p>Face aux cris de ces populations longtemps martyris\u00e9es par les groupes arm\u00e9s, les autorit\u00e9s du pays semblent faire fi et laisse la situation perdurer.<\/p>\n<p>\u00c0 Bria, les troupes de la Minusca sont contre les agissements de ces mercenaires, mais ils ne peuvent rien faire, car ils sont d\u00e9ploy\u00e9s par le gouvernement.<\/p>\n<p>&nbsp;<\/p>\n","protected":false},"excerpt":{"rendered":"<p>Africa-Press &#8211; CentrAfricaine. \u00a048 heures apr\u00e8s l\u2019arriv\u00e9e dans la ville des mercenaires de la soci\u00e9t\u00e9 russe Wagner, la situation devient de plus en plus tendue \u00e0 Bria, chef-lieu de la pr\u00e9fecture de Haute-Kotto. \u00ab Ce que nous vivons aujourd\u2019hui \u00e0 Bria est indescriptible. Il y\u2019a beaucoup de souffrance parmi la population \u00bb, selon un notable [&hellip;]<\/p>\n","protected":false},"author":82,"featured_media":5958,"comment_status":"open","ping_status":"closed","sticky":false,"template":"","format":"standard","meta":{"footnotes":""},"categories":[11,2,10],"tags":[36,58,30],"class_list":["post-5959","post","type-post","status-publish","format-standard","has-post-thumbnail","hentry","category-homepage-french","category-politique","category-toutes-les-actualites","tag-africa-press","tag-africa-press-centrafricaine","tag-centrafricaine"],"yoast_head":"<!-- This site is optimized with the Yoast SEO Premium plugin v26.1 (Yoast SEO v27.0) - https:\/\/yoast.com\/product\/yoast-seo-premium-wordpress\/ -->\n<title>Pillage, mise \u00e0 sac par les mercenaires de Wagner, la situation devient de plus en plus grave dans la ville de Bria - centrafricaine<\/title>\n<meta name=\"description\" content=\"Bria, R\u00e9publique centrafricaine, mercredi 21 avril 2021, 05:08:38 ( Corbeaunews-Centrafrique ). 48 heures apr\u00e8s ...\" \/>\n<meta name=\"robots\" content=\"index, follow, max-snippet:-1, max-image-preview:large, max-video-preview:-1\" \/>\n<link rel=\"canonical\" href=\"https:\/\/www.africa-press.net\/centrafricaine\/politique\/pillage-mise-a-sac-par-les-mercenaires-de-wagner-la-situation-devient-de-plus-en-plus-grave-dans-la-ville-de-bria\" \/>\n<meta property=\"og:locale\" content=\"fr_FR\" \/>\n<meta property=\"og:type\" content=\"article\" \/>\n<meta property=\"og:title\" content=\"Pillage, mise \u00e0 sac par les mercenaires de Wagner, la situation devient de plus en plus grave dans la ville de Bria\" \/>\n<meta property=\"og:description\" content=\"Bria, R\u00e9publique centrafricaine, mercredi 21 avril 2021, 05:08:38 ( Corbeaunews-Centrafrique ). 48 heures apr\u00e8s ...\" \/>\n<meta property=\"og:url\" content=\"https:\/\/www.africa-press.net\/centrafricaine\/politique\/pillage-mise-a-sac-par-les-mercenaires-de-wagner-la-situation-devient-de-plus-en-plus-grave-dans-la-ville-de-bria\" \/>\n<meta property=\"og:site_name\" content=\"centrafricaine\" \/>\n<meta property=\"article:published_time\" content=\"2021-04-21T10:07:29+00:00\" \/>\n<meta property=\"og:image\" content=\"https:\/\/static.africa-press.net\/centrafricaine\/sites\/45\/2021\/04\/img-607ff196998f6.jpg\" \/>\n\t<meta property=\"og:image:width\" content=\"758\" \/>\n\t<meta property=\"og:image:height\" content=\"547\" \/>\n\t<meta property=\"og:image:type\" content=\"image\/jpeg\" \/>\n<meta name=\"author\" content=\"cfeditorfr\" \/>\n<meta name=\"twitter:card\" content=\"summary_large_image\" \/>\n<meta name=\"twitter:label1\" content=\"\u00c9crit par\" \/>\n\t<meta name=\"twitter:data1\" content=\"cfeditorfr\" \/>\n\t<meta name=\"twitter:label2\" content=\"Dur\u00e9e de lecture estim\u00e9e\" \/>\n\t<meta name=\"twitter:data2\" content=\"2 minutes\" \/>\n<script type=\"application\/ld+json\" class=\"yoast-schema-graph\">{\"@context\":\"https:\/\/schema.org\",\"@graph\":[{\"@type\":\"Article\",\"@id\":\"https:\/\/www.africa-press.net\/centrafricaine\/politique\/pillage-mise-a-sac-par-les-mercenaires-de-wagner-la-situation-devient-de-plus-en-plus-grave-dans-la-ville-de-bria#article\",\"isPartOf\":{\"@id\":\"https:\/\/www.africa-press.net\/centrafricaine\/politique\/pillage-mise-a-sac-par-les-mercenaires-de-wagner-la-situation-devient-de-plus-en-plus-grave-dans-la-ville-de-bria\"},\"author\":{\"name\":\"cfeditorfr\",\"@id\":\"https:\/\/www.africa-press.net\/centrafricaine\/#\/schema\/person\/2b1cf3cd81a31e3cd26889ca66d677f1\"},\"headline\":\"Pillage, mise \u00e0 sac par les mercenaires de Wagner, la situation devient de plus en plus grave dans la ville de Bria\",\"datePublished\":\"2021-04-21T10:07:29+00:00\",\"mainEntityOfPage\":{\"@id\":\"https:\/\/www.africa-press.net\/centrafricaine\/politique\/pillage-mise-a-sac-par-les-mercenaires-de-wagner-la-situation-devient-de-plus-en-plus-grave-dans-la-ville-de-bria\"},\"wordCount\":490,\"commentCount\":0,\"image\":{\"@id\":\"https:\/\/www.africa-press.net\/centrafricaine\/politique\/pillage-mise-a-sac-par-les-mercenaires-de-wagner-la-situation-devient-de-plus-en-plus-grave-dans-la-ville-de-bria#primaryimage\"},\"thumbnailUrl\":\"https:\/\/static.africa-press.net\/centrafricaine\/sites\/45\/2021\/04\/img-607ff196998f6.jpg\",\"keywords\":[\"Africa Press\",\"Africa Press-CentrAfricaine\",\"CentrAfricaine\"],\"articleSection\":[\"homepage-french\",\"Politique\",\"Toutes les actualit\u00e9s\"],\"inLanguage\":\"fr-FR\",\"potentialAction\":[{\"@type\":\"CommentAction\",\"name\":\"Comment\",\"target\":[\"https:\/\/www.africa-press.net\/centrafricaine\/politique\/pillage-mise-a-sac-par-les-mercenaires-de-wagner-la-situation-devient-de-plus-en-plus-grave-dans-la-ville-de-bria#respond\"]}]},{\"@type\":\"WebPage\",\"@id\":\"https:\/\/www.africa-press.net\/centrafricaine\/politique\/pillage-mise-a-sac-par-les-mercenaires-de-wagner-la-situation-devient-de-plus-en-plus-grave-dans-la-ville-de-bria\",\"url\":\"https:\/\/www.africa-press.net\/centrafricaine\/politique\/pillage-mise-a-sac-par-les-mercenaires-de-wagner-la-situation-devient-de-plus-en-plus-grave-dans-la-ville-de-bria\",\"name\":\"Pillage, mise \u00e0 sac par les mercenaires de Wagner, la situation devient de plus en plus grave dans la ville de Bria - centrafricaine\",\"isPartOf\":{\"@id\":\"https:\/\/www.africa-press.net\/centrafricaine\/#website\"},\"primaryImageOfPage\":{\"@id\":\"https:\/\/www.africa-press.net\/centrafricaine\/politique\/pillage-mise-a-sac-par-les-mercenaires-de-wagner-la-situation-devient-de-plus-en-plus-grave-dans-la-ville-de-bria#primaryimage\"},\"image\":{\"@id\":\"https:\/\/www.africa-press.net\/centrafricaine\/politique\/pillage-mise-a-sac-par-les-mercenaires-de-wagner-la-situation-devient-de-plus-en-plus-grave-dans-la-ville-de-bria#primaryimage\"},\"thumbnailUrl\":\"https:\/\/static.africa-press.net\/centrafricaine\/sites\/45\/2021\/04\/img-607ff196998f6.jpg\",\"datePublished\":\"2021-04-21T10:07:29+00:00\",\"author\":{\"@id\":\"https:\/\/www.africa-press.net\/centrafricaine\/#\/schema\/person\/2b1cf3cd81a31e3cd26889ca66d677f1\"},\"description\":\"Bria, R\u00e9publique centrafricaine, mercredi 21 avril 2021, 05:08:38 ( Corbeaunews-Centrafrique ). 48 heures apr\u00e8s ...\",\"breadcrumb\":{\"@id\":\"https:\/\/www.africa-press.net\/centrafricaine\/politique\/pillage-mise-a-sac-par-les-mercenaires-de-wagner-la-situation-devient-de-plus-en-plus-grave-dans-la-ville-de-bria#breadcrumb\"},\"inLanguage\":\"fr-FR\",\"potentialAction\":[{\"@type\":\"ReadAction\",\"target\":[\"https:\/\/www.africa-press.net\/centrafricaine\/politique\/pillage-mise-a-sac-par-les-mercenaires-de-wagner-la-situation-devient-de-plus-en-plus-grave-dans-la-ville-de-bria\"]}]},{\"@type\":\"ImageObject\",\"inLanguage\":\"fr-FR\",\"@id\":\"https:\/\/www.africa-press.net\/centrafricaine\/politique\/pillage-mise-a-sac-par-les-mercenaires-de-wagner-la-situation-devient-de-plus-en-plus-grave-dans-la-ville-de-bria#primaryimage\",\"url\":\"https:\/\/static.africa-press.net\/centrafricaine\/sites\/45\/2021\/04\/img-607ff196998f6.jpg\",\"contentUrl\":\"https:\/\/static.africa-press.net\/centrafricaine\/sites\/45\/2021\/04\/img-607ff196998f6.jpg\",\"width\":758,\"height\":547,\"caption\":\"Pillage, mise \u00e0 sac par les mercenaires de Wagner, la situation devient de plus en plus grave dans la ville de Bria\"},{\"@type\":\"BreadcrumbList\",\"@id\":\"https:\/\/www.africa-press.net\/centrafricaine\/politique\/pillage-mise-a-sac-par-les-mercenaires-de-wagner-la-situation-devient-de-plus-en-plus-grave-dans-la-ville-de-bria#breadcrumb\",\"itemListElement\":[{\"@type\":\"ListItem\",\"position\":1,\"name\":\"Accueil\",\"item\":\"https:\/\/www.africa-press.net\/centrafricaine\/\"},{\"@type\":\"ListItem\",\"position\":2,\"name\":\"Pillage, mise \u00e0 sac par les mercenaires de Wagner, la situation devient de plus en plus grave dans la ville de Bria\"}]},{\"@type\":\"WebSite\",\"@id\":\"https:\/\/www.africa-press.net\/centrafricaine\/#website\",\"url\":\"https:\/\/www.africa-press.net\/centrafricaine\/\",\"name\":\"centrafricaine\",\"description\":\"Just another Africa News Agency Sites site\",\"potentialAction\":[{\"@type\":\"SearchAction\",\"target\":{\"@type\":\"EntryPoint\",\"urlTemplate\":\"https:\/\/www.africa-press.net\/centrafricaine\/?s={search_term_string}\"},\"query-input\":{\"@type\":\"PropertyValueSpecification\",\"valueRequired\":true,\"valueName\":\"search_term_string\"}}],\"inLanguage\":\"fr-FR\"},{\"@type\":\"Person\",\"@id\":\"https:\/\/www.africa-press.net\/centrafricaine\/#\/schema\/person\/2b1cf3cd81a31e3cd26889ca66d677f1\",\"name\":\"cfeditorfr\"}]}<\/script>\n<!-- \/ Yoast SEO Premium plugin. -->","yoast_head_json":{"title":"Pillage, mise \u00e0 sac par les mercenaires de Wagner, la situation devient de plus en plus grave dans la ville de Bria - centrafricaine","description":"Bria, R\u00e9publique centrafricaine, mercredi 21 avril 2021, 05:08:38 ( Corbeaunews-Centrafrique ). 48 heures apr\u00e8s ...","robots":{"index":"index","follow":"follow","max-snippet":"max-snippet:-1","max-image-preview":"max-image-preview:large","max-video-preview":"max-video-preview:-1"},"canonical":"https:\/\/www.africa-press.net\/centrafricaine\/politique\/pillage-mise-a-sac-par-les-mercenaires-de-wagner-la-situation-devient-de-plus-en-plus-grave-dans-la-ville-de-bria","og_locale":"fr_FR","og_type":"article","og_title":"Pillage, mise \u00e0 sac par les mercenaires de Wagner, la situation devient de plus en plus grave dans la ville de Bria","og_description":"Bria, R\u00e9publique centrafricaine, mercredi 21 avril 2021, 05:08:38 ( Corbeaunews-Centrafrique ). 48 heures apr\u00e8s ...","og_url":"https:\/\/www.africa-press.net\/centrafricaine\/politique\/pillage-mise-a-sac-par-les-mercenaires-de-wagner-la-situation-devient-de-plus-en-plus-grave-dans-la-ville-de-bria","og_site_name":"centrafricaine","article_published_time":"2021-04-21T10:07:29+00:00","og_image":[{"width":758,"height":547,"url":"https:\/\/static.africa-press.net\/centrafricaine\/sites\/45\/2021\/04\/img-607ff196998f6.jpg","type":"image\/jpeg"}],"author":"cfeditorfr","twitter_card":"summary_large_image","twitter_misc":{"\u00c9crit par":"cfeditorfr","Dur\u00e9e de lecture estim\u00e9e":"2 minutes"},"schema":{"@context":"https:\/\/schema.org","@graph":[{"@type":"Article","@id":"https:\/\/www.africa-press.net\/centrafricaine\/politique\/pillage-mise-a-sac-par-les-mercenaires-de-wagner-la-situation-devient-de-plus-en-plus-grave-dans-la-ville-de-bria#article","isPartOf":{"@id":"https:\/\/www.africa-press.net\/centrafricaine\/politique\/pillage-mise-a-sac-par-les-mercenaires-de-wagner-la-situation-devient-de-plus-en-plus-grave-dans-la-ville-de-bria"},"author":{"name":"cfeditorfr","@id":"https:\/\/www.africa-press.net\/centrafricaine\/#\/schema\/person\/2b1cf3cd81a31e3cd26889ca66d677f1"},"headline":"Pillage, mise \u00e0 sac par les mercenaires de Wagner, la situation devient de plus en plus grave dans la ville de Bria","datePublished":"2021-04-21T10:07:29+00:00","mainEntityOfPage":{"@id":"https:\/\/www.africa-press.net\/centrafricaine\/politique\/pillage-mise-a-sac-par-les-mercenaires-de-wagner-la-situation-devient-de-plus-en-plus-grave-dans-la-ville-de-bria"},"wordCount":490,"commentCount":0,"image":{"@id":"https:\/\/www.africa-press.net\/centrafricaine\/politique\/pillage-mise-a-sac-par-les-mercenaires-de-wagner-la-situation-devient-de-plus-en-plus-grave-dans-la-ville-de-bria#primaryimage"},"thumbnailUrl":"https:\/\/static.africa-press.net\/centrafricaine\/sites\/45\/2021\/04\/img-607ff196998f6.jpg","keywords":["Africa Press","Africa Press-CentrAfricaine","CentrAfricaine"],"articleSection":["homepage-french","Politique","Toutes les actualit\u00e9s"],"inLanguage":"fr-FR","potentialAction":[{"@type":"CommentAction","name":"Comment","target":["https:\/\/www.africa-press.net\/centrafricaine\/politique\/pillage-mise-a-sac-par-les-mercenaires-de-wagner-la-situation-devient-de-plus-en-plus-grave-dans-la-ville-de-bria#respond"]}]},{"@type":"WebPage","@id":"https:\/\/www.africa-press.net\/centrafricaine\/politique\/pillage-mise-a-sac-par-les-mercenaires-de-wagner-la-situation-devient-de-plus-en-plus-grave-dans-la-ville-de-bria","url":"https:\/\/www.africa-press.net\/centrafricaine\/politique\/pillage-mise-a-sac-par-les-mercenaires-de-wagner-la-situation-devient-de-plus-en-plus-grave-dans-la-ville-de-bria","name":"Pillage, mise \u00e0 sac par les mercenaires de Wagner, la situation devient de plus en plus grave dans la ville de Bria - centrafricaine","isPartOf":{"@id":"https:\/\/www.africa-press.net\/centrafricaine\/#website"},"primaryImageOfPage":{"@id":"https:\/\/www.africa-press.net\/centrafricaine\/politique\/pillage-mise-a-sac-par-les-mercenaires-de-wagner-la-situation-devient-de-plus-en-plus-grave-dans-la-ville-de-bria#primaryimage"},"image":{"@id":"https:\/\/www.africa-press.net\/centrafricaine\/politique\/pillage-mise-a-sac-par-les-mercenaires-de-wagner-la-situation-devient-de-plus-en-plus-grave-dans-la-ville-de-bria#primaryimage"},"thumbnailUrl":"https:\/\/static.africa-press.net\/centrafricaine\/sites\/45\/2021\/04\/img-607ff196998f6.jpg","datePublished":"2021-04-21T10:07:29+00:00","author":{"@id":"https:\/\/www.africa-press.net\/centrafricaine\/#\/schema\/person\/2b1cf3cd81a31e3cd26889ca66d677f1"},"description":"Bria, R\u00e9publique centrafricaine, mercredi 21 avril 2021, 05:08:38 ( Corbeaunews-Centrafrique ). 48 heures apr\u00e8s ...","breadcrumb":{"@id":"https:\/\/www.africa-press.net\/centrafricaine\/politique\/pillage-mise-a-sac-par-les-mercenaires-de-wagner-la-situation-devient-de-plus-en-plus-grave-dans-la-ville-de-bria#breadcrumb"},"inLanguage":"fr-FR","potentialAction":[{"@type":"ReadAction","target":["https:\/\/www.africa-press.net\/centrafricaine\/politique\/pillage-mise-a-sac-par-les-mercenaires-de-wagner-la-situation-devient-de-plus-en-plus-grave-dans-la-ville-de-bria"]}]},{"@type":"ImageObject","inLanguage":"fr-FR","@id":"https:\/\/www.africa-press.net\/centrafricaine\/politique\/pillage-mise-a-sac-par-les-mercenaires-de-wagner-la-situation-devient-de-plus-en-plus-grave-dans-la-ville-de-bria#primaryimage","url":"https:\/\/static.africa-press.net\/centrafricaine\/sites\/45\/2021\/04\/img-607ff196998f6.jpg","contentUrl":"https:\/\/static.africa-press.net\/centrafricaine\/sites\/45\/2021\/04\/img-607ff196998f6.jpg","width":758,"height":547,"caption":"Pillage, mise \u00e0 sac par les mercenaires de Wagner, la situation devient de plus en plus grave dans la ville de Bria"},{"@type":"BreadcrumbList","@id":"https:\/\/www.africa-press.net\/centrafricaine\/politique\/pillage-mise-a-sac-par-les-mercenaires-de-wagner-la-situation-devient-de-plus-en-plus-grave-dans-la-ville-de-bria#breadcrumb","itemListElement":[{"@type":"ListItem","position":1,"name":"Accueil","item":"https:\/\/www.africa-press.net\/centrafricaine\/"},{"@type":"ListItem","position":2,"name":"Pillage, mise \u00e0 sac par les mercenaires de Wagner, la situation devient de plus en plus grave dans la ville de Bria"}]},{"@type":"WebSite","@id":"https:\/\/www.africa-press.net\/centrafricaine\/#website","url":"https:\/\/www.africa-press.net\/centrafricaine\/","name":"centrafricaine","description":"Just another Africa News Agency Sites site","potentialAction":[{"@type":"SearchAction","target":{"@type":"EntryPoint","urlTemplate":"https:\/\/www.africa-press.net\/centrafricaine\/?s={search_term_string}"},"query-input":{"@type":"PropertyValueSpecification","valueRequired":true,"valueName":"search_term_string"}}],"inLanguage":"fr-FR"},{"@type":"Person","@id":"https:\/\/www.africa-press.net\/centrafricaine\/#\/schema\/person\/2b1cf3cd81a31e3cd26889ca66d677f1","name":"cfeditorfr"}]}},"_links":{"self":[{"href":"https:\/\/www.africa-press.net\/centrafricaine\/wp-json\/wp\/v2\/posts\/5959","targetHints":{"allow":["GET"]}}],"collection":[{"href":"https:\/\/www.africa-press.net\/centrafricaine\/wp-json\/wp\/v2\/posts"}],"about":[{"href":"https:\/\/www.africa-press.net\/centrafricaine\/wp-json\/wp\/v2\/types\/post"}],"author":[{"embeddable":true,"href":"https:\/\/www.africa-press.net\/centrafricaine\/wp-json\/wp\/v2\/users\/82"}],"replies":[{"embeddable":true,"href":"https:\/\/www.africa-press.net\/centrafricaine\/wp-json\/wp\/v2\/comments?post=5959"}],"version-history":[{"count":0,"href":"https:\/\/www.africa-press.net\/centrafricaine\/wp-json\/wp\/v2\/posts\/5959\/revisions"}],"wp:featuredmedia":[{"embeddable":true,"href":"https:\/\/www.africa-press.net\/centrafricaine\/wp-json\/wp\/v2\/media\/5958"}],"wp:attachment":[{"href":"https:\/\/www.africa-press.net\/centrafricaine\/wp-json\/wp\/v2\/media?parent=5959"}],"wp:term":[{"taxonomy":"category","embeddable":true,"href":"https:\/\/www.africa-press.net\/centrafricaine\/wp-json\/wp\/v2\/categories?post=5959"},{"taxonomy":"post_tag","embeddable":true,"href":"https:\/\/www.africa-press.net\/centrafricaine\/wp-json\/wp\/v2\/tags?post=5959"}],"curies":[{"name":"wp","href":"https:\/\/api.w.org\/{rel}","templated":true}]}}