{"id":5962,"date":"2021-04-21T10:10:20","date_gmt":"2021-04-21T10:10:20","guid":{"rendered":"https:\/\/www.africa-press.net\/centrafricaine\/?p=5962"},"modified":"2021-04-21T09:57:43","modified_gmt":"2021-04-21T09:57:43","slug":"faux-le-general-sembe-bobbo-des-3r-na-pas-ete-arrete","status":"publish","type":"post","link":"https:\/\/www.africa-press.net\/centrafricaine\/politique\/faux-le-general-sembe-bobbo-des-3r-na-pas-ete-arrete","title":{"rendered":"Faux, le \u00ab\u00a0g\u00e9n\u00e9ral\u00a0\u00bb Semb\u00e9 Bobbo des 3R n\u2019a pas \u00e9t\u00e9 arr\u00eat\u00e9"},"content":{"rendered":"<p><span style=\"color: #ff6600\"><strong><a href=\"https:\/\/www.africa-press.net\/\">Africa-Press<\/a> &#8211; <a href=\"https:\/\/www.africa-press.net\/centrafricaine\">CentrAfricaine<\/a>. <\/strong><\/span>\u00a0le procureur g\u00e9n\u00e9ral pr\u00e8s la cour d\u2019appel de Bangui, Eric Didier Tambo, annonce, dans un communiqu\u00e9, l\u2019arrestation de quatre membres du Mouvement 3R. Ces arrestations interviennent dans le cadre de l\u2019ouverture d\u2019une information judiciaire sur les crimes commis par la CPC mais aussi de restructuration du Mouvement 3R apr\u00e8s la disparition de leur leader Sidiki Abbas.<\/p>\n<p>Parmi les noms, figure celui d\u2019un certain Mahamat Bobo. Le procureur g\u00e9n\u00e9ral le pr\u00e9sente comme \u00e9tant le leader du mouvement des 3R et successeur autoproclam\u00e9 de Sidiki Abbas, d\u00e9c\u00e9d\u00e9 en d\u00e9cembre 2020. En parall\u00e8le, est publi\u00e9e sur la page Facebook du gouvernement des photos des quatre rebelles interpell\u00e9s, sur laquelle figure le fameux Mahamat.<\/p>\n<p>Des internautes r\u00e9agissent aussit\u00f4t en faisant part de leur surprise. L\u2019ancien directeur g\u00e9n\u00e9ral de Radio Centrafrique, Christian Aim\u00e9 Ndotah, publie un post sur sa page Facebook : \u00ab Le gouvernement de la Centrafrique et le Procureur annoncent l\u2019arrestation du successeur de Kolofia Sidiki (NDLR, Semb\u00e8 Bobbo). Des sources ind\u00e9pendantes et s\u00fbres contredisent cette info\u2026 Finalement ??? \u00bbLa l\u00e9gende est accompagn\u00e9e d\u2019une photo de Semb\u00e9 Bobbo et de la photo de l\u2019interpell\u00e9. De m\u00eame que les deux hommes ne portent pas le m\u00eame pr\u00e9nom, ils ne se ressemblent aucunement.<\/p>\n<p>Interrog\u00e9 par Radio Ndeke Luka sur l\u2019identit\u00e9 v\u00e9ritable de l\u2019homme, le procureur g\u00e9n\u00e9ral persiste et signe, r\u00e9affirmant qu\u2019il s\u2019agit bien d\u2019un leader actuel des 3R. \u00ab Nous savons ce que nous faisons.\u00bb<\/p>\n<p>Pour en avoir le c\u0153ur net, l\u2019\u00e9quipe #StopAT\u00e8n\u00e8 a contact\u00e9 par WhatsApp, Semb\u00e9 Bobbo. Dans un message audio qu\u2019il nous a transmis, et dont la voix est parfaitement reconnaissable, le rempla\u00e7ant de Sidiki Abbas rejette les affirmations en bloc. \u00ab Mon arrestation est un mensonge. Beaucoup de journalistes m\u2019ont appel\u00e9 \u00e0 ce sujet. \u00bb Et il conclut en guise de signature :\u00ab Merci. G\u00e9n\u00e9ral Bobbo. \u00bb<\/p>\n<p>En parall\u00e8le, les 3R ont publi\u00e9 ce vendredi 16 avril un communiqu\u00e9 qui d\u00e9ment l\u2019arrestation de leur leader. \u00ab Le g\u00e9n\u00e9ral Semb\u00e9 Bobbo, pr\u00e9sident du Mouvement 3R, n\u2019a jamais \u00e9t\u00e9 arr\u00eat\u00e9 et se porte en tr\u00e8s bonne sant\u00e9. Le pr\u00e9sident du Mouvement 3R, le g\u00e9n\u00e9ral, n\u2019a jamais \u00e9t\u00e9 le fils de Baba Ladd\u00e9 comme le fait croire le communiqu\u00e9 du parquet g\u00e9n\u00e9ral. Les personnes arr\u00eat\u00e9es ne sont pas les \u00e9l\u00e9ments membres du Mouvement 3R. Ces personnes arr\u00eat\u00e9es dont les images circulent sur les r\u00e9seaux sociaux seraient de simples exploitants miniers pour vaquer \u00e0 leurs activit\u00e9s de subsistances habituelles. (sic) \u00bb<\/p>\n<p>Dans son communiqu\u00e9, le procureur g\u00e9n\u00e9ral a \u00e9galement indiqu\u00e9 que l\u2019arrestation avait eu lieu dans les sous-pr\u00e9fectures d\u2019Abba et de Niem. Des sources locales pr\u00e9cisent que \u00ab l\u2019arrestation a eu lieu dans un chantier minier pr\u00e9cis\u00e9ment \u00e0 Pakana, localit\u00e9 situ\u00e9e \u00e0 10 km de Niem. Le pr\u00e9sum\u00e9 Bobbo arr\u00eat\u00e9 n\u2019est qu\u2019un pr\u00eate nom qui n\u2019a rien \u00e0 voir avec le rempla\u00e7ant de Abbas Sidiki \u00bb.<\/p>\n<p><b>\u00a0<\/b><\/p>\n<p>&nbsp;<\/p>\n","protected":false},"excerpt":{"rendered":"<p>Africa-Press &#8211; CentrAfricaine. \u00a0le procureur g\u00e9n\u00e9ral pr\u00e8s la cour d\u2019appel de Bangui, Eric Didier Tambo, annonce, dans un communiqu\u00e9, l\u2019arrestation de quatre membres du Mouvement 3R. Ces arrestations interviennent dans le cadre de l\u2019ouverture d\u2019une information judiciaire sur les crimes commis par la CPC mais aussi de restructuration du Mouvement 3R apr\u00e8s la disparition de [&hellip;]<\/p>\n","protected":false},"author":82,"featured_media":5961,"comment_status":"open","ping_status":"closed","sticky":false,"template":"","format":"standard","meta":{"footnotes":""},"categories":[11,2,10],"tags":[36,58,30],"class_list":["post-5962","post","type-post","status-publish","format-standard","has-post-thumbnail","hentry","category-homepage-french","category-politique","category-toutes-les-actualites","tag-africa-press","tag-africa-press-centrafricaine","tag-centrafricaine"],"yoast_head":"<!-- This site is optimized with the Yoast SEO Premium plugin v26.1 (Yoast SEO v27.0) - https:\/\/yoast.com\/product\/yoast-seo-premium-wordpress\/ -->\n<title>Faux, le \u00ab\u00a0g\u00e9n\u00e9ral\u00a0\u00bb Semb\u00e9 Bobbo des 3R n\u2019a pas \u00e9t\u00e9 arr\u00eat\u00e9 - centrafricaine<\/title>\n<meta name=\"description\" content=\"STOP #\u00c0T\u00c9N\u00c8 Communiqu\u00e9 du procureur g\u00e9n\u00e9ral annon\u00e7ant l\u2019arrestation du leader des 3R, le \u00ab g\u00e9n\u00e9ral \u00bb Bobbo. L ...\" \/>\n<meta name=\"robots\" content=\"index, follow, max-snippet:-1, max-image-preview:large, max-video-preview:-1\" \/>\n<link rel=\"canonical\" href=\"https:\/\/www.africa-press.net\/centrafricaine\/politique\/faux-le-general-sembe-bobbo-des-3r-na-pas-ete-arrete\" \/>\n<meta property=\"og:locale\" content=\"fr_FR\" \/>\n<meta property=\"og:type\" content=\"article\" \/>\n<meta property=\"og:title\" content=\"Faux, le \u00ab\u00a0g\u00e9n\u00e9ral\u00a0\u00bb Semb\u00e9 Bobbo des 3R n\u2019a pas \u00e9t\u00e9 arr\u00eat\u00e9\" \/>\n<meta property=\"og:description\" content=\"STOP #\u00c0T\u00c9N\u00c8 Communiqu\u00e9 du procureur g\u00e9n\u00e9ral annon\u00e7ant l\u2019arrestation du leader des 3R, le \u00ab g\u00e9n\u00e9ral \u00bb Bobbo. L ...\" \/>\n<meta property=\"og:url\" content=\"https:\/\/www.africa-press.net\/centrafricaine\/politique\/faux-le-general-sembe-bobbo-des-3r-na-pas-ete-arrete\" \/>\n<meta property=\"og:site_name\" content=\"centrafricaine\" \/>\n<meta property=\"article:published_time\" content=\"2021-04-21T10:10:20+00:00\" \/>\n<meta property=\"og:image\" content=\"https:\/\/static.africa-press.net\/centrafricaine\/sites\/45\/2021\/04\/img-607ff1c20be05.jpg\" \/>\n\t<meta property=\"og:image:width\" content=\"720\" \/>\n\t<meta property=\"og:image:height\" content=\"600\" \/>\n\t<meta property=\"og:image:type\" content=\"image\/jpeg\" \/>\n<meta name=\"author\" content=\"cfeditorfr\" \/>\n<meta name=\"twitter:card\" content=\"summary_large_image\" \/>\n<meta name=\"twitter:label1\" content=\"\u00c9crit par\" \/>\n\t<meta name=\"twitter:data1\" content=\"cfeditorfr\" \/>\n\t<meta name=\"twitter:label2\" content=\"Dur\u00e9e de lecture estim\u00e9e\" \/>\n\t<meta name=\"twitter:data2\" content=\"2 minutes\" \/>\n<script type=\"application\/ld+json\" class=\"yoast-schema-graph\">{\"@context\":\"https:\/\/schema.org\",\"@graph\":[{\"@type\":\"Article\",\"@id\":\"https:\/\/www.africa-press.net\/centrafricaine\/politique\/faux-le-general-sembe-bobbo-des-3r-na-pas-ete-arrete#article\",\"isPartOf\":{\"@id\":\"https:\/\/www.africa-press.net\/centrafricaine\/politique\/faux-le-general-sembe-bobbo-des-3r-na-pas-ete-arrete\"},\"author\":{\"name\":\"cfeditorfr\",\"@id\":\"https:\/\/www.africa-press.net\/centrafricaine\/#\/schema\/person\/2b1cf3cd81a31e3cd26889ca66d677f1\"},\"headline\":\"Faux, le \u00ab\u00a0g\u00e9n\u00e9ral\u00a0\u00bb Semb\u00e9 Bobbo des 3R n\u2019a pas \u00e9t\u00e9 arr\u00eat\u00e9\",\"datePublished\":\"2021-04-21T10:10:20+00:00\",\"mainEntityOfPage\":{\"@id\":\"https:\/\/www.africa-press.net\/centrafricaine\/politique\/faux-le-general-sembe-bobbo-des-3r-na-pas-ete-arrete\"},\"wordCount\":549,\"commentCount\":0,\"image\":{\"@id\":\"https:\/\/www.africa-press.net\/centrafricaine\/politique\/faux-le-general-sembe-bobbo-des-3r-na-pas-ete-arrete#primaryimage\"},\"thumbnailUrl\":\"https:\/\/static.africa-press.net\/centrafricaine\/sites\/45\/2021\/04\/img-607ff1c20be05.jpg\",\"keywords\":[\"Africa Press\",\"Africa Press-CentrAfricaine\",\"CentrAfricaine\"],\"articleSection\":[\"homepage-french\",\"Politique\",\"Toutes les actualit\u00e9s\"],\"inLanguage\":\"fr-FR\",\"potentialAction\":[{\"@type\":\"CommentAction\",\"name\":\"Comment\",\"target\":[\"https:\/\/www.africa-press.net\/centrafricaine\/politique\/faux-le-general-sembe-bobbo-des-3r-na-pas-ete-arrete#respond\"]}]},{\"@type\":\"WebPage\",\"@id\":\"https:\/\/www.africa-press.net\/centrafricaine\/politique\/faux-le-general-sembe-bobbo-des-3r-na-pas-ete-arrete\",\"url\":\"https:\/\/www.africa-press.net\/centrafricaine\/politique\/faux-le-general-sembe-bobbo-des-3r-na-pas-ete-arrete\",\"name\":\"Faux, le \u00ab\u00a0g\u00e9n\u00e9ral\u00a0\u00bb Semb\u00e9 Bobbo des 3R n\u2019a pas \u00e9t\u00e9 arr\u00eat\u00e9 - centrafricaine\",\"isPartOf\":{\"@id\":\"https:\/\/www.africa-press.net\/centrafricaine\/#website\"},\"primaryImageOfPage\":{\"@id\":\"https:\/\/www.africa-press.net\/centrafricaine\/politique\/faux-le-general-sembe-bobbo-des-3r-na-pas-ete-arrete#primaryimage\"},\"image\":{\"@id\":\"https:\/\/www.africa-press.net\/centrafricaine\/politique\/faux-le-general-sembe-bobbo-des-3r-na-pas-ete-arrete#primaryimage\"},\"thumbnailUrl\":\"https:\/\/static.africa-press.net\/centrafricaine\/sites\/45\/2021\/04\/img-607ff1c20be05.jpg\",\"datePublished\":\"2021-04-21T10:10:20+00:00\",\"author\":{\"@id\":\"https:\/\/www.africa-press.net\/centrafricaine\/#\/schema\/person\/2b1cf3cd81a31e3cd26889ca66d677f1\"},\"description\":\"STOP #\u00c0T\u00c9N\u00c8 Communiqu\u00e9 du procureur g\u00e9n\u00e9ral annon\u00e7ant l\u2019arrestation du leader des 3R, le \u00ab g\u00e9n\u00e9ral \u00bb Bobbo. L ...\",\"breadcrumb\":{\"@id\":\"https:\/\/www.africa-press.net\/centrafricaine\/politique\/faux-le-general-sembe-bobbo-des-3r-na-pas-ete-arrete#breadcrumb\"},\"inLanguage\":\"fr-FR\",\"potentialAction\":[{\"@type\":\"ReadAction\",\"target\":[\"https:\/\/www.africa-press.net\/centrafricaine\/politique\/faux-le-general-sembe-bobbo-des-3r-na-pas-ete-arrete\"]}]},{\"@type\":\"ImageObject\",\"inLanguage\":\"fr-FR\",\"@id\":\"https:\/\/www.africa-press.net\/centrafricaine\/politique\/faux-le-general-sembe-bobbo-des-3r-na-pas-ete-arrete#primaryimage\",\"url\":\"https:\/\/static.africa-press.net\/centrafricaine\/sites\/45\/2021\/04\/img-607ff1c20be05.jpg\",\"contentUrl\":\"https:\/\/static.africa-press.net\/centrafricaine\/sites\/45\/2021\/04\/img-607ff1c20be05.jpg\",\"width\":720,\"height\":600,\"caption\":\"Faux, le \u00ab\u00a0g\u00e9n\u00e9ral\u00a0\u00bb Semb\u00e9 Bobbo des 3R n\u2019a pas \u00e9t\u00e9 arr\u00eat\u00e9\"},{\"@type\":\"BreadcrumbList\",\"@id\":\"https:\/\/www.africa-press.net\/centrafricaine\/politique\/faux-le-general-sembe-bobbo-des-3r-na-pas-ete-arrete#breadcrumb\",\"itemListElement\":[{\"@type\":\"ListItem\",\"position\":1,\"name\":\"Accueil\",\"item\":\"https:\/\/www.africa-press.net\/centrafricaine\/\"},{\"@type\":\"ListItem\",\"position\":2,\"name\":\"Faux, le \u00ab\u00a0g\u00e9n\u00e9ral\u00a0\u00bb Semb\u00e9 Bobbo des 3R n\u2019a pas \u00e9t\u00e9 arr\u00eat\u00e9\"}]},{\"@type\":\"WebSite\",\"@id\":\"https:\/\/www.africa-press.net\/centrafricaine\/#website\",\"url\":\"https:\/\/www.africa-press.net\/centrafricaine\/\",\"name\":\"centrafricaine\",\"description\":\"Just another Africa News Agency Sites site\",\"potentialAction\":[{\"@type\":\"SearchAction\",\"target\":{\"@type\":\"EntryPoint\",\"urlTemplate\":\"https:\/\/www.africa-press.net\/centrafricaine\/?s={search_term_string}\"},\"query-input\":{\"@type\":\"PropertyValueSpecification\",\"valueRequired\":true,\"valueName\":\"search_term_string\"}}],\"inLanguage\":\"fr-FR\"},{\"@type\":\"Person\",\"@id\":\"https:\/\/www.africa-press.net\/centrafricaine\/#\/schema\/person\/2b1cf3cd81a31e3cd26889ca66d677f1\",\"name\":\"cfeditorfr\"}]}<\/script>\n<!-- \/ Yoast SEO Premium plugin. -->","yoast_head_json":{"title":"Faux, le \u00ab\u00a0g\u00e9n\u00e9ral\u00a0\u00bb Semb\u00e9 Bobbo des 3R n\u2019a pas \u00e9t\u00e9 arr\u00eat\u00e9 - centrafricaine","description":"STOP #\u00c0T\u00c9N\u00c8 Communiqu\u00e9 du procureur g\u00e9n\u00e9ral annon\u00e7ant l\u2019arrestation du leader des 3R, le \u00ab g\u00e9n\u00e9ral \u00bb Bobbo. L ...","robots":{"index":"index","follow":"follow","max-snippet":"max-snippet:-1","max-image-preview":"max-image-preview:large","max-video-preview":"max-video-preview:-1"},"canonical":"https:\/\/www.africa-press.net\/centrafricaine\/politique\/faux-le-general-sembe-bobbo-des-3r-na-pas-ete-arrete","og_locale":"fr_FR","og_type":"article","og_title":"Faux, le \u00ab\u00a0g\u00e9n\u00e9ral\u00a0\u00bb Semb\u00e9 Bobbo des 3R n\u2019a pas \u00e9t\u00e9 arr\u00eat\u00e9","og_description":"STOP #\u00c0T\u00c9N\u00c8 Communiqu\u00e9 du procureur g\u00e9n\u00e9ral annon\u00e7ant l\u2019arrestation du leader des 3R, le \u00ab g\u00e9n\u00e9ral \u00bb Bobbo. L ...","og_url":"https:\/\/www.africa-press.net\/centrafricaine\/politique\/faux-le-general-sembe-bobbo-des-3r-na-pas-ete-arrete","og_site_name":"centrafricaine","article_published_time":"2021-04-21T10:10:20+00:00","og_image":[{"width":720,"height":600,"url":"https:\/\/static.africa-press.net\/centrafricaine\/sites\/45\/2021\/04\/img-607ff1c20be05.jpg","type":"image\/jpeg"}],"author":"cfeditorfr","twitter_card":"summary_large_image","twitter_misc":{"\u00c9crit par":"cfeditorfr","Dur\u00e9e de lecture estim\u00e9e":"2 minutes"},"schema":{"@context":"https:\/\/schema.org","@graph":[{"@type":"Article","@id":"https:\/\/www.africa-press.net\/centrafricaine\/politique\/faux-le-general-sembe-bobbo-des-3r-na-pas-ete-arrete#article","isPartOf":{"@id":"https:\/\/www.africa-press.net\/centrafricaine\/politique\/faux-le-general-sembe-bobbo-des-3r-na-pas-ete-arrete"},"author":{"name":"cfeditorfr","@id":"https:\/\/www.africa-press.net\/centrafricaine\/#\/schema\/person\/2b1cf3cd81a31e3cd26889ca66d677f1"},"headline":"Faux, le \u00ab\u00a0g\u00e9n\u00e9ral\u00a0\u00bb Semb\u00e9 Bobbo des 3R n\u2019a pas \u00e9t\u00e9 arr\u00eat\u00e9","datePublished":"2021-04-21T10:10:20+00:00","mainEntityOfPage":{"@id":"https:\/\/www.africa-press.net\/centrafricaine\/politique\/faux-le-general-sembe-bobbo-des-3r-na-pas-ete-arrete"},"wordCount":549,"commentCount":0,"image":{"@id":"https:\/\/www.africa-press.net\/centrafricaine\/politique\/faux-le-general-sembe-bobbo-des-3r-na-pas-ete-arrete#primaryimage"},"thumbnailUrl":"https:\/\/static.africa-press.net\/centrafricaine\/sites\/45\/2021\/04\/img-607ff1c20be05.jpg","keywords":["Africa Press","Africa Press-CentrAfricaine","CentrAfricaine"],"articleSection":["homepage-french","Politique","Toutes les actualit\u00e9s"],"inLanguage":"fr-FR","potentialAction":[{"@type":"CommentAction","name":"Comment","target":["https:\/\/www.africa-press.net\/centrafricaine\/politique\/faux-le-general-sembe-bobbo-des-3r-na-pas-ete-arrete#respond"]}]},{"@type":"WebPage","@id":"https:\/\/www.africa-press.net\/centrafricaine\/politique\/faux-le-general-sembe-bobbo-des-3r-na-pas-ete-arrete","url":"https:\/\/www.africa-press.net\/centrafricaine\/politique\/faux-le-general-sembe-bobbo-des-3r-na-pas-ete-arrete","name":"Faux, le \u00ab\u00a0g\u00e9n\u00e9ral\u00a0\u00bb Semb\u00e9 Bobbo des 3R n\u2019a pas \u00e9t\u00e9 arr\u00eat\u00e9 - centrafricaine","isPartOf":{"@id":"https:\/\/www.africa-press.net\/centrafricaine\/#website"},"primaryImageOfPage":{"@id":"https:\/\/www.africa-press.net\/centrafricaine\/politique\/faux-le-general-sembe-bobbo-des-3r-na-pas-ete-arrete#primaryimage"},"image":{"@id":"https:\/\/www.africa-press.net\/centrafricaine\/politique\/faux-le-general-sembe-bobbo-des-3r-na-pas-ete-arrete#primaryimage"},"thumbnailUrl":"https:\/\/static.africa-press.net\/centrafricaine\/sites\/45\/2021\/04\/img-607ff1c20be05.jpg","datePublished":"2021-04-21T10:10:20+00:00","author":{"@id":"https:\/\/www.africa-press.net\/centrafricaine\/#\/schema\/person\/2b1cf3cd81a31e3cd26889ca66d677f1"},"description":"STOP #\u00c0T\u00c9N\u00c8 Communiqu\u00e9 du procureur g\u00e9n\u00e9ral annon\u00e7ant l\u2019arrestation du leader des 3R, le \u00ab g\u00e9n\u00e9ral \u00bb Bobbo. L ...","breadcrumb":{"@id":"https:\/\/www.africa-press.net\/centrafricaine\/politique\/faux-le-general-sembe-bobbo-des-3r-na-pas-ete-arrete#breadcrumb"},"inLanguage":"fr-FR","potentialAction":[{"@type":"ReadAction","target":["https:\/\/www.africa-press.net\/centrafricaine\/politique\/faux-le-general-sembe-bobbo-des-3r-na-pas-ete-arrete"]}]},{"@type":"ImageObject","inLanguage":"fr-FR","@id":"https:\/\/www.africa-press.net\/centrafricaine\/politique\/faux-le-general-sembe-bobbo-des-3r-na-pas-ete-arrete#primaryimage","url":"https:\/\/static.africa-press.net\/centrafricaine\/sites\/45\/2021\/04\/img-607ff1c20be05.jpg","contentUrl":"https:\/\/static.africa-press.net\/centrafricaine\/sites\/45\/2021\/04\/img-607ff1c20be05.jpg","width":720,"height":600,"caption":"Faux, le \u00ab\u00a0g\u00e9n\u00e9ral\u00a0\u00bb Semb\u00e9 Bobbo des 3R n\u2019a pas \u00e9t\u00e9 arr\u00eat\u00e9"},{"@type":"BreadcrumbList","@id":"https:\/\/www.africa-press.net\/centrafricaine\/politique\/faux-le-general-sembe-bobbo-des-3r-na-pas-ete-arrete#breadcrumb","itemListElement":[{"@type":"ListItem","position":1,"name":"Accueil","item":"https:\/\/www.africa-press.net\/centrafricaine\/"},{"@type":"ListItem","position":2,"name":"Faux, le \u00ab\u00a0g\u00e9n\u00e9ral\u00a0\u00bb Semb\u00e9 Bobbo des 3R n\u2019a pas \u00e9t\u00e9 arr\u00eat\u00e9"}]},{"@type":"WebSite","@id":"https:\/\/www.africa-press.net\/centrafricaine\/#website","url":"https:\/\/www.africa-press.net\/centrafricaine\/","name":"centrafricaine","description":"Just another Africa News Agency Sites site","potentialAction":[{"@type":"SearchAction","target":{"@type":"EntryPoint","urlTemplate":"https:\/\/www.africa-press.net\/centrafricaine\/?s={search_term_string}"},"query-input":{"@type":"PropertyValueSpecification","valueRequired":true,"valueName":"search_term_string"}}],"inLanguage":"fr-FR"},{"@type":"Person","@id":"https:\/\/www.africa-press.net\/centrafricaine\/#\/schema\/person\/2b1cf3cd81a31e3cd26889ca66d677f1","name":"cfeditorfr"}]}},"_links":{"self":[{"href":"https:\/\/www.africa-press.net\/centrafricaine\/wp-json\/wp\/v2\/posts\/5962","targetHints":{"allow":["GET"]}}],"collection":[{"href":"https:\/\/www.africa-press.net\/centrafricaine\/wp-json\/wp\/v2\/posts"}],"about":[{"href":"https:\/\/www.africa-press.net\/centrafricaine\/wp-json\/wp\/v2\/types\/post"}],"author":[{"embeddable":true,"href":"https:\/\/www.africa-press.net\/centrafricaine\/wp-json\/wp\/v2\/users\/82"}],"replies":[{"embeddable":true,"href":"https:\/\/www.africa-press.net\/centrafricaine\/wp-json\/wp\/v2\/comments?post=5962"}],"version-history":[{"count":0,"href":"https:\/\/www.africa-press.net\/centrafricaine\/wp-json\/wp\/v2\/posts\/5962\/revisions"}],"wp:featuredmedia":[{"embeddable":true,"href":"https:\/\/www.africa-press.net\/centrafricaine\/wp-json\/wp\/v2\/media\/5961"}],"wp:attachment":[{"href":"https:\/\/www.africa-press.net\/centrafricaine\/wp-json\/wp\/v2\/media?parent=5962"}],"wp:term":[{"taxonomy":"category","embeddable":true,"href":"https:\/\/www.africa-press.net\/centrafricaine\/wp-json\/wp\/v2\/categories?post=5962"},{"taxonomy":"post_tag","embeddable":true,"href":"https:\/\/www.africa-press.net\/centrafricaine\/wp-json\/wp\/v2\/tags?post=5962"}],"curies":[{"name":"wp","href":"https:\/\/api.w.org\/{rel}","templated":true}]}}