{"id":5998,"date":"2021-04-22T15:12:16","date_gmt":"2021-04-22T15:12:16","guid":{"rendered":"https:\/\/www.africa-press.net\/centrafricaine\/?p=5998"},"modified":"2021-04-22T20:27:05","modified_gmt":"2021-04-22T20:27:05","slug":"rca-retour-des-mercenaires-de-wagner-a-destination-de-yalinga-dans-la-haute-kotto","status":"publish","type":"post","link":"https:\/\/www.africa-press.net\/centrafricaine\/politique\/rca-retour-des-mercenaires-de-wagner-a-destination-de-yalinga-dans-la-haute-kotto","title":{"rendered":"retour des mercenaires de Wagner \u00e0 destination de Yalinga, dans la Haute-Kotto"},"content":{"rendered":"<p><span style=\"color: #ff6600\"><strong><a href=\"https:\/\/www.africa-press.net\/\">Africa-Press<\/a> &#8211; <a href=\"https:\/\/www.africa-press.net\/centrafricaine\">CentrAfricaine<\/a>. <\/strong><\/span>\u00a0Apr\u00e8s la ville de Bria, chef-lieu de la pr\u00e9fecture de Haute-Kotto, dont ils ont boucl\u00e9 et mise \u00e0 sac plusieurs quartiers avant-hier et hier, les mercenaires russes et syriens de la soci\u00e9t\u00e9 des paramilitaires Wagner viennent de quitter la ville \u00e0 destination de Yalinga, situ\u00e9e \u00e0 170 kilom\u00e8tres \u00e0 l\u2019Est, avec un objectif d\u2019atteindre les villes de Nzako et Bakouma au plus tard la fin de ce mois.<\/p>\n<p>\u00c0 bord des trois v\u00e9hicules blind\u00e9s du type BRDM2 et des pick-up tout terrain, les mercenaires russes et syriens ont quitt\u00e9 la ville de Bria ce mercredi 21 avril dans la matin\u00e9e \u00e0 destination de la ville de Yalinga, situ\u00e9e \u00e0 170 kilom\u00e8tres plus \u00e0 l\u2019est. Entre-temps, avant de quitter, ils ont ordonn\u00e9 aux soldats FACA de les accompagner. Mais arriv\u00e9e \u00e0 3 kilom\u00e8tres, ils ont ordonn\u00e9 aux FACA de s\u2019arr\u00eater et cr\u00e9er un checkpoint dans la localit\u00e9. Seuls les mercenaires syriens et russes lourdement arm\u00e9s qui sont actuellement en route pour Yalinga.<\/p>\n<p>Selon notre correspondant dans la localit\u00e9, ils sont \u00e0 150 kilom\u00e8tres de Yalinga, avec un objectif de reprendre la ville au plus tard ce week-end.<\/p>\n<p>Pour l\u2019heure, les rebelles ne sont plus visibles dans la ville de Yalinga. Mais selon les autorit\u00e9s locales, ces malfrats sont d\u2019habitude dans les chantiers miniers hors de la ville, mais ne cessent de commettre des exactions sur la population locale.<\/p>\n<p>Selon nos informations, m\u00eame \u00e0 Bakouma, les rebelles ne sont plus visibles dans la ville comme avant. Ils sont de plus en plus dans les villages environnants, emp\u00eachant les populations de vaquer librement \u00e0 leurs activit\u00e9s champ\u00eatres.<\/p>\n<p>Alors, la pr\u00e9sence des mercenaires russes et syriens va-t-elle changer les quotidiens des habitants de Bakouma ? Rien n\u2019est sur. Certes, leur pr\u00e9sence sera marqu\u00e9e au centre-ville, mais pas dans les zones recul\u00e9es. En plus, ils vont certainement d\u2019essaimer les cheptels de ces pauvres paysans .<\/p>\n<p>&nbsp;<\/p>\n<p>&nbsp;<\/p>\n","protected":false},"excerpt":{"rendered":"<p>Africa-Press &#8211; CentrAfricaine. \u00a0Apr\u00e8s la ville de Bria, chef-lieu de la pr\u00e9fecture de Haute-Kotto, dont ils ont boucl\u00e9 et mise \u00e0 sac plusieurs quartiers avant-hier et hier, les mercenaires russes et syriens de la soci\u00e9t\u00e9 des paramilitaires Wagner viennent de quitter la ville \u00e0 destination de Yalinga, situ\u00e9e \u00e0 170 kilom\u00e8tres \u00e0 l\u2019Est, avec un [&hellip;]<\/p>\n","protected":false},"author":82,"featured_media":5997,"comment_status":"open","ping_status":"closed","sticky":false,"template":"","format":"standard","meta":{"footnotes":""},"categories":[11,2,10],"tags":[36,58,30],"class_list":["post-5998","post","type-post","status-publish","format-standard","has-post-thumbnail","hentry","category-homepage-french","category-politique","category-toutes-les-actualites","tag-africa-press","tag-africa-press-centrafricaine","tag-centrafricaine"],"yoast_head":"<!-- This site is optimized with the Yoast SEO Premium plugin v26.1 (Yoast SEO v27.0) - https:\/\/yoast.com\/product\/yoast-seo-premium-wordpress\/ -->\n<title>retour des mercenaires de Wagner \u00e0 destination de Yalinga, dans la Haute-Kotto - centrafricaine<\/title>\n<meta name=\"description\" content=\"Bria, R\u00e9publique centrafricaine, mercredi, 21 avril 2021, 15:01:13 ( Corbeaunews-Centrafrique ). Apr\u00e8s la ville ...\" \/>\n<meta name=\"robots\" content=\"index, follow, max-snippet:-1, max-image-preview:large, max-video-preview:-1\" \/>\n<link rel=\"canonical\" href=\"https:\/\/www.africa-press.net\/centrafricaine\/politique\/rca-retour-des-mercenaires-de-wagner-a-destination-de-yalinga-dans-la-haute-kotto\" \/>\n<meta property=\"og:locale\" content=\"fr_FR\" \/>\n<meta property=\"og:type\" content=\"article\" \/>\n<meta property=\"og:title\" content=\"retour des mercenaires de Wagner \u00e0 destination de Yalinga, dans la Haute-Kotto\" \/>\n<meta property=\"og:description\" content=\"Bria, R\u00e9publique centrafricaine, mercredi, 21 avril 2021, 15:01:13 ( Corbeaunews-Centrafrique ). Apr\u00e8s la ville ...\" \/>\n<meta property=\"og:url\" content=\"https:\/\/www.africa-press.net\/centrafricaine\/politique\/rca-retour-des-mercenaires-de-wagner-a-destination-de-yalinga-dans-la-haute-kotto\" \/>\n<meta property=\"og:site_name\" content=\"centrafricaine\" \/>\n<meta property=\"article:published_time\" content=\"2021-04-22T15:12:16+00:00\" \/>\n<meta property=\"article:modified_time\" content=\"2021-04-22T20:27:05+00:00\" \/>\n<meta property=\"og:image\" content=\"https:\/\/static.africa-press.net\/centrafricaine\/sites\/45\/2021\/04\/img-608191ca290d3.jpg\" \/>\n\t<meta property=\"og:image:width\" content=\"720\" \/>\n\t<meta property=\"og:image:height\" content=\"678\" \/>\n\t<meta property=\"og:image:type\" content=\"image\/jpeg\" \/>\n<meta name=\"author\" content=\"cfeditorfr\" \/>\n<meta name=\"twitter:card\" content=\"summary_large_image\" \/>\n<meta name=\"twitter:label1\" content=\"\u00c9crit par\" \/>\n\t<meta name=\"twitter:data1\" content=\"cfeditorfr\" \/>\n\t<meta name=\"twitter:label2\" content=\"Dur\u00e9e de lecture estim\u00e9e\" \/>\n\t<meta name=\"twitter:data2\" content=\"2 minutes\" \/>\n<script type=\"application\/ld+json\" class=\"yoast-schema-graph\">{\"@context\":\"https:\/\/schema.org\",\"@graph\":[{\"@type\":\"Article\",\"@id\":\"https:\/\/www.africa-press.net\/centrafricaine\/politique\/rca-retour-des-mercenaires-de-wagner-a-destination-de-yalinga-dans-la-haute-kotto#article\",\"isPartOf\":{\"@id\":\"https:\/\/www.africa-press.net\/centrafricaine\/politique\/rca-retour-des-mercenaires-de-wagner-a-destination-de-yalinga-dans-la-haute-kotto\"},\"author\":{\"name\":\"cfeditorfr\",\"@id\":\"https:\/\/www.africa-press.net\/centrafricaine\/#\/schema\/person\/2b1cf3cd81a31e3cd26889ca66d677f1\"},\"headline\":\"retour des mercenaires de Wagner \u00e0 destination de Yalinga, dans la Haute-Kotto\",\"datePublished\":\"2021-04-22T15:12:16+00:00\",\"dateModified\":\"2021-04-22T20:27:05+00:00\",\"mainEntityOfPage\":{\"@id\":\"https:\/\/www.africa-press.net\/centrafricaine\/politique\/rca-retour-des-mercenaires-de-wagner-a-destination-de-yalinga-dans-la-haute-kotto\"},\"wordCount\":340,\"commentCount\":0,\"image\":{\"@id\":\"https:\/\/www.africa-press.net\/centrafricaine\/politique\/rca-retour-des-mercenaires-de-wagner-a-destination-de-yalinga-dans-la-haute-kotto#primaryimage\"},\"thumbnailUrl\":\"https:\/\/static.africa-press.net\/centrafricaine\/sites\/45\/2021\/04\/img-608191ca290d3.jpg\",\"keywords\":[\"Africa Press\",\"Africa Press-CentrAfricaine\",\"CentrAfricaine\"],\"articleSection\":[\"homepage-french\",\"Politique\",\"Toutes les actualit\u00e9s\"],\"inLanguage\":\"fr-FR\",\"potentialAction\":[{\"@type\":\"CommentAction\",\"name\":\"Comment\",\"target\":[\"https:\/\/www.africa-press.net\/centrafricaine\/politique\/rca-retour-des-mercenaires-de-wagner-a-destination-de-yalinga-dans-la-haute-kotto#respond\"]}]},{\"@type\":\"WebPage\",\"@id\":\"https:\/\/www.africa-press.net\/centrafricaine\/politique\/rca-retour-des-mercenaires-de-wagner-a-destination-de-yalinga-dans-la-haute-kotto\",\"url\":\"https:\/\/www.africa-press.net\/centrafricaine\/politique\/rca-retour-des-mercenaires-de-wagner-a-destination-de-yalinga-dans-la-haute-kotto\",\"name\":\"retour des mercenaires de Wagner \u00e0 destination de Yalinga, dans la Haute-Kotto - centrafricaine\",\"isPartOf\":{\"@id\":\"https:\/\/www.africa-press.net\/centrafricaine\/#website\"},\"primaryImageOfPage\":{\"@id\":\"https:\/\/www.africa-press.net\/centrafricaine\/politique\/rca-retour-des-mercenaires-de-wagner-a-destination-de-yalinga-dans-la-haute-kotto#primaryimage\"},\"image\":{\"@id\":\"https:\/\/www.africa-press.net\/centrafricaine\/politique\/rca-retour-des-mercenaires-de-wagner-a-destination-de-yalinga-dans-la-haute-kotto#primaryimage\"},\"thumbnailUrl\":\"https:\/\/static.africa-press.net\/centrafricaine\/sites\/45\/2021\/04\/img-608191ca290d3.jpg\",\"datePublished\":\"2021-04-22T15:12:16+00:00\",\"dateModified\":\"2021-04-22T20:27:05+00:00\",\"author\":{\"@id\":\"https:\/\/www.africa-press.net\/centrafricaine\/#\/schema\/person\/2b1cf3cd81a31e3cd26889ca66d677f1\"},\"description\":\"Bria, R\u00e9publique centrafricaine, mercredi, 21 avril 2021, 15:01:13 ( Corbeaunews-Centrafrique ). Apr\u00e8s la ville ...\",\"breadcrumb\":{\"@id\":\"https:\/\/www.africa-press.net\/centrafricaine\/politique\/rca-retour-des-mercenaires-de-wagner-a-destination-de-yalinga-dans-la-haute-kotto#breadcrumb\"},\"inLanguage\":\"fr-FR\",\"potentialAction\":[{\"@type\":\"ReadAction\",\"target\":[\"https:\/\/www.africa-press.net\/centrafricaine\/politique\/rca-retour-des-mercenaires-de-wagner-a-destination-de-yalinga-dans-la-haute-kotto\"]}]},{\"@type\":\"ImageObject\",\"inLanguage\":\"fr-FR\",\"@id\":\"https:\/\/www.africa-press.net\/centrafricaine\/politique\/rca-retour-des-mercenaires-de-wagner-a-destination-de-yalinga-dans-la-haute-kotto#primaryimage\",\"url\":\"https:\/\/static.africa-press.net\/centrafricaine\/sites\/45\/2021\/04\/img-608191ca290d3.jpg\",\"contentUrl\":\"https:\/\/static.africa-press.net\/centrafricaine\/sites\/45\/2021\/04\/img-608191ca290d3.jpg\",\"width\":720,\"height\":678,\"caption\":\"RCA\u00a0: retour des mercenaires de Wagner \u00e0 destination de Yalinga, dans la Haute-Kotto\"},{\"@type\":\"BreadcrumbList\",\"@id\":\"https:\/\/www.africa-press.net\/centrafricaine\/politique\/rca-retour-des-mercenaires-de-wagner-a-destination-de-yalinga-dans-la-haute-kotto#breadcrumb\",\"itemListElement\":[{\"@type\":\"ListItem\",\"position\":1,\"name\":\"Accueil\",\"item\":\"https:\/\/www.africa-press.net\/centrafricaine\/\"},{\"@type\":\"ListItem\",\"position\":2,\"name\":\"retour des mercenaires de Wagner \u00e0 destination de Yalinga, dans la Haute-Kotto\"}]},{\"@type\":\"WebSite\",\"@id\":\"https:\/\/www.africa-press.net\/centrafricaine\/#website\",\"url\":\"https:\/\/www.africa-press.net\/centrafricaine\/\",\"name\":\"centrafricaine\",\"description\":\"Just another Africa News Agency Sites site\",\"potentialAction\":[{\"@type\":\"SearchAction\",\"target\":{\"@type\":\"EntryPoint\",\"urlTemplate\":\"https:\/\/www.africa-press.net\/centrafricaine\/?s={search_term_string}\"},\"query-input\":{\"@type\":\"PropertyValueSpecification\",\"valueRequired\":true,\"valueName\":\"search_term_string\"}}],\"inLanguage\":\"fr-FR\"},{\"@type\":\"Person\",\"@id\":\"https:\/\/www.africa-press.net\/centrafricaine\/#\/schema\/person\/2b1cf3cd81a31e3cd26889ca66d677f1\",\"name\":\"cfeditorfr\"}]}<\/script>\n<!-- \/ Yoast SEO Premium plugin. -->","yoast_head_json":{"title":"retour des mercenaires de Wagner \u00e0 destination de Yalinga, dans la Haute-Kotto - centrafricaine","description":"Bria, R\u00e9publique centrafricaine, mercredi, 21 avril 2021, 15:01:13 ( Corbeaunews-Centrafrique ). Apr\u00e8s la ville ...","robots":{"index":"index","follow":"follow","max-snippet":"max-snippet:-1","max-image-preview":"max-image-preview:large","max-video-preview":"max-video-preview:-1"},"canonical":"https:\/\/www.africa-press.net\/centrafricaine\/politique\/rca-retour-des-mercenaires-de-wagner-a-destination-de-yalinga-dans-la-haute-kotto","og_locale":"fr_FR","og_type":"article","og_title":"retour des mercenaires de Wagner \u00e0 destination de Yalinga, dans la Haute-Kotto","og_description":"Bria, R\u00e9publique centrafricaine, mercredi, 21 avril 2021, 15:01:13 ( Corbeaunews-Centrafrique ). Apr\u00e8s la ville ...","og_url":"https:\/\/www.africa-press.net\/centrafricaine\/politique\/rca-retour-des-mercenaires-de-wagner-a-destination-de-yalinga-dans-la-haute-kotto","og_site_name":"centrafricaine","article_published_time":"2021-04-22T15:12:16+00:00","article_modified_time":"2021-04-22T20:27:05+00:00","og_image":[{"width":720,"height":678,"url":"https:\/\/static.africa-press.net\/centrafricaine\/sites\/45\/2021\/04\/img-608191ca290d3.jpg","type":"image\/jpeg"}],"author":"cfeditorfr","twitter_card":"summary_large_image","twitter_misc":{"\u00c9crit par":"cfeditorfr","Dur\u00e9e de lecture estim\u00e9e":"2 minutes"},"schema":{"@context":"https:\/\/schema.org","@graph":[{"@type":"Article","@id":"https:\/\/www.africa-press.net\/centrafricaine\/politique\/rca-retour-des-mercenaires-de-wagner-a-destination-de-yalinga-dans-la-haute-kotto#article","isPartOf":{"@id":"https:\/\/www.africa-press.net\/centrafricaine\/politique\/rca-retour-des-mercenaires-de-wagner-a-destination-de-yalinga-dans-la-haute-kotto"},"author":{"name":"cfeditorfr","@id":"https:\/\/www.africa-press.net\/centrafricaine\/#\/schema\/person\/2b1cf3cd81a31e3cd26889ca66d677f1"},"headline":"retour des mercenaires de Wagner \u00e0 destination de Yalinga, dans la Haute-Kotto","datePublished":"2021-04-22T15:12:16+00:00","dateModified":"2021-04-22T20:27:05+00:00","mainEntityOfPage":{"@id":"https:\/\/www.africa-press.net\/centrafricaine\/politique\/rca-retour-des-mercenaires-de-wagner-a-destination-de-yalinga-dans-la-haute-kotto"},"wordCount":340,"commentCount":0,"image":{"@id":"https:\/\/www.africa-press.net\/centrafricaine\/politique\/rca-retour-des-mercenaires-de-wagner-a-destination-de-yalinga-dans-la-haute-kotto#primaryimage"},"thumbnailUrl":"https:\/\/static.africa-press.net\/centrafricaine\/sites\/45\/2021\/04\/img-608191ca290d3.jpg","keywords":["Africa Press","Africa Press-CentrAfricaine","CentrAfricaine"],"articleSection":["homepage-french","Politique","Toutes les actualit\u00e9s"],"inLanguage":"fr-FR","potentialAction":[{"@type":"CommentAction","name":"Comment","target":["https:\/\/www.africa-press.net\/centrafricaine\/politique\/rca-retour-des-mercenaires-de-wagner-a-destination-de-yalinga-dans-la-haute-kotto#respond"]}]},{"@type":"WebPage","@id":"https:\/\/www.africa-press.net\/centrafricaine\/politique\/rca-retour-des-mercenaires-de-wagner-a-destination-de-yalinga-dans-la-haute-kotto","url":"https:\/\/www.africa-press.net\/centrafricaine\/politique\/rca-retour-des-mercenaires-de-wagner-a-destination-de-yalinga-dans-la-haute-kotto","name":"retour des mercenaires de Wagner \u00e0 destination de Yalinga, dans la Haute-Kotto - centrafricaine","isPartOf":{"@id":"https:\/\/www.africa-press.net\/centrafricaine\/#website"},"primaryImageOfPage":{"@id":"https:\/\/www.africa-press.net\/centrafricaine\/politique\/rca-retour-des-mercenaires-de-wagner-a-destination-de-yalinga-dans-la-haute-kotto#primaryimage"},"image":{"@id":"https:\/\/www.africa-press.net\/centrafricaine\/politique\/rca-retour-des-mercenaires-de-wagner-a-destination-de-yalinga-dans-la-haute-kotto#primaryimage"},"thumbnailUrl":"https:\/\/static.africa-press.net\/centrafricaine\/sites\/45\/2021\/04\/img-608191ca290d3.jpg","datePublished":"2021-04-22T15:12:16+00:00","dateModified":"2021-04-22T20:27:05+00:00","author":{"@id":"https:\/\/www.africa-press.net\/centrafricaine\/#\/schema\/person\/2b1cf3cd81a31e3cd26889ca66d677f1"},"description":"Bria, R\u00e9publique centrafricaine, mercredi, 21 avril 2021, 15:01:13 ( Corbeaunews-Centrafrique ). Apr\u00e8s la ville ...","breadcrumb":{"@id":"https:\/\/www.africa-press.net\/centrafricaine\/politique\/rca-retour-des-mercenaires-de-wagner-a-destination-de-yalinga-dans-la-haute-kotto#breadcrumb"},"inLanguage":"fr-FR","potentialAction":[{"@type":"ReadAction","target":["https:\/\/www.africa-press.net\/centrafricaine\/politique\/rca-retour-des-mercenaires-de-wagner-a-destination-de-yalinga-dans-la-haute-kotto"]}]},{"@type":"ImageObject","inLanguage":"fr-FR","@id":"https:\/\/www.africa-press.net\/centrafricaine\/politique\/rca-retour-des-mercenaires-de-wagner-a-destination-de-yalinga-dans-la-haute-kotto#primaryimage","url":"https:\/\/static.africa-press.net\/centrafricaine\/sites\/45\/2021\/04\/img-608191ca290d3.jpg","contentUrl":"https:\/\/static.africa-press.net\/centrafricaine\/sites\/45\/2021\/04\/img-608191ca290d3.jpg","width":720,"height":678,"caption":"RCA\u00a0: retour des mercenaires de Wagner \u00e0 destination de Yalinga, dans la Haute-Kotto"},{"@type":"BreadcrumbList","@id":"https:\/\/www.africa-press.net\/centrafricaine\/politique\/rca-retour-des-mercenaires-de-wagner-a-destination-de-yalinga-dans-la-haute-kotto#breadcrumb","itemListElement":[{"@type":"ListItem","position":1,"name":"Accueil","item":"https:\/\/www.africa-press.net\/centrafricaine\/"},{"@type":"ListItem","position":2,"name":"retour des mercenaires de Wagner \u00e0 destination de Yalinga, dans la Haute-Kotto"}]},{"@type":"WebSite","@id":"https:\/\/www.africa-press.net\/centrafricaine\/#website","url":"https:\/\/www.africa-press.net\/centrafricaine\/","name":"centrafricaine","description":"Just another Africa News Agency Sites site","potentialAction":[{"@type":"SearchAction","target":{"@type":"EntryPoint","urlTemplate":"https:\/\/www.africa-press.net\/centrafricaine\/?s={search_term_string}"},"query-input":{"@type":"PropertyValueSpecification","valueRequired":true,"valueName":"search_term_string"}}],"inLanguage":"fr-FR"},{"@type":"Person","@id":"https:\/\/www.africa-press.net\/centrafricaine\/#\/schema\/person\/2b1cf3cd81a31e3cd26889ca66d677f1","name":"cfeditorfr"}]}},"_links":{"self":[{"href":"https:\/\/www.africa-press.net\/centrafricaine\/wp-json\/wp\/v2\/posts\/5998","targetHints":{"allow":["GET"]}}],"collection":[{"href":"https:\/\/www.africa-press.net\/centrafricaine\/wp-json\/wp\/v2\/posts"}],"about":[{"href":"https:\/\/www.africa-press.net\/centrafricaine\/wp-json\/wp\/v2\/types\/post"}],"author":[{"embeddable":true,"href":"https:\/\/www.africa-press.net\/centrafricaine\/wp-json\/wp\/v2\/users\/82"}],"replies":[{"embeddable":true,"href":"https:\/\/www.africa-press.net\/centrafricaine\/wp-json\/wp\/v2\/comments?post=5998"}],"version-history":[{"count":0,"href":"https:\/\/www.africa-press.net\/centrafricaine\/wp-json\/wp\/v2\/posts\/5998\/revisions"}],"wp:featuredmedia":[{"embeddable":true,"href":"https:\/\/www.africa-press.net\/centrafricaine\/wp-json\/wp\/v2\/media\/5997"}],"wp:attachment":[{"href":"https:\/\/www.africa-press.net\/centrafricaine\/wp-json\/wp\/v2\/media?parent=5998"}],"wp:term":[{"taxonomy":"category","embeddable":true,"href":"https:\/\/www.africa-press.net\/centrafricaine\/wp-json\/wp\/v2\/categories?post=5998"},{"taxonomy":"post_tag","embeddable":true,"href":"https:\/\/www.africa-press.net\/centrafricaine\/wp-json\/wp\/v2\/tags?post=5998"}],"curies":[{"name":"wp","href":"https:\/\/api.w.org\/{rel}","templated":true}]}}