{"id":6004,"date":"2021-04-22T15:28:00","date_gmt":"2021-04-22T15:28:00","guid":{"rendered":"https:\/\/www.africa-press.net\/centrafricaine\/?p=6004"},"modified":"2021-04-22T20:28:18","modified_gmt":"2021-04-22T20:28:18","slug":"un-camp-militaire-dabidjan-attaque-3-morts","status":"publish","type":"post","link":"https:\/\/www.africa-press.net\/centrafricaine\/politique\/un-camp-militaire-dabidjan-attaque-3-morts","title":{"rendered":"Un camp militaire d\u2019Abidjan attaqu\u00e9, 3 morts"},"content":{"rendered":"<p><span style=\"color: #ff6600\"><strong><a href=\"https:\/\/www.africa-press.net\/\">Africa-Press<\/a> &#8211; <a href=\"https:\/\/www.africa-press.net\/centrafricaine\">CentrAfricaine<\/a>. <\/strong><\/span><b>Un camp militaire d\u2019Abidjan a \u00e9t\u00e9 attaqu\u00e9 dans la nuit de mardi \u00e0 mercredi par des hommes arm\u00e9s non identifi\u00e9s, faisant trois morts et un bless\u00e9 parmi les assaillants et un soldat bless\u00e9, selon des sources s\u00e9curitaires ivoiriennes.<\/b><\/p>\n<p>\u201cAux environs de 1h30 (locales et GMT), des d\u00e9tonations ont \u00e9t\u00e9 entendues au camp militaire d\u2019Anonkoua Kout\u00e9\u201d, dans le nord d\u2019Abidjan.<\/p>\n<p>L\u2019attaque a \u00e9t\u00e9 men\u00e9e par \u201cun groupe d\u2019individus venus \u00e0 bord d\u2019un v\u00e9hicule type 4\u00d74 de couleur noire et de taxis\u201d, a expliqu\u00e9 \u00e0 l\u2019AFP une source s\u00e9curitaire, faisant \u00e9tat d\u2019un \u201cbilan provisoire de trois morts et un bless\u00e9 c\u00f4t\u00e9 assaillants et un bless\u00e9 c\u00f4t\u00e9 loyalistes\u201d.<\/p>\n<p>\u201cLe ratissage a d\u00e9but\u00e9 depuis 5h30\u201d pour tenter de retrouver les assaillants, a encore pr\u00e9cis\u00e9 cette source, selon laquelle l\u2019assaillant bless\u00e9 \u201ca \u00e9t\u00e9 retrouv\u00e9 et est en train de recevoir des soins\u201d.<\/p>\n<p>Deux sources s\u00e9curitaires ont confirm\u00e9 l\u2019attaque, sans donner de bilan. Sur les r\u00e9seaux sociaux, des photos montrant les corps de trois hommes en civil morts, \u00e9tendus aux pieds de soldats, circulaient mercredi. L\u2019arm\u00e9e n\u2019a pas communiqu\u00e9 dans l\u2019imm\u00e9diat.<\/p>\n<p>Le camp d\u2019Anonkoua Kout\u00e9 abrite notamment le deuxi\u00e8me bataillon projetable des forces arm\u00e9es de C\u00f4te d\u2019Ivoire, qui intervient pour le compte des forces de l\u2019ONU.<\/p>\n<p>Le 29 mars, les forces de d\u00e9fense et de s\u00e9curit\u00e9 de C\u00f4te d\u2019Ivoire ont \u00e9t\u00e9 la cible de deux attaques dans le Nord, proche de la fronti\u00e8re avec le Burkina Faso en proie aux actions jihadistes. Ces deux attaques avaient fait au moins six morts, dont trois \u201cterroristes\u201d, selon l\u2019arm\u00e9e ivoirienne.<\/p>\n<p>Le 12 avril, un engin a explos\u00e9, sans faire de victime, au passage d\u2019un v\u00e9hicule de la gendarmerie ivoirienne dans la m\u00eame zone.<\/p>\n<p>En juin 2020, une pr\u00e9c\u00e9dente attaque contre l\u2019arm\u00e9e ivoirienne dans la m\u00eame r\u00e9gion avait fait 14 tu\u00e9s parmi les soldats ivoiriens.<\/p>\n<p>Par ailleurs en 2017, des mutineries d\u2019anciens membres de la r\u00e9bellion des ann\u00e9es 2000, int\u00e9gr\u00e9s dans l\u2019arm\u00e9e, avaient \u00e9branl\u00e9 la C\u00f4te d\u2019Ivoire. Cette crise avait terni l\u2019image de stabilit\u00e9 retrouv\u00e9e du pays apr\u00e8s la crise politico-militaire de 2010-2011 et fragilis\u00e9 le pr\u00e9sident Alassane Ouattara.<\/p>\n<p>Le chef de l\u2019Etat a \u00e9t\u00e9 r\u00e9\u00e9lu en octobre 2020 pour un troisi\u00e8me mandat controvers\u00e9, lors d\u2019un scrutin boycott\u00e9 par l\u2019opposition qui avait appel\u00e9 \u00e0 la \u201cd\u00e9sob\u00e9issance civile\u201d. La pr\u00e9sidentielle a donn\u00e9 lieu \u00e0 une violente crise \u00e9lectorale qui a fait une centaine de morts et un demi-millier de bless\u00e9s entre ao\u00fbt et novembre 2020.<\/p>\n<p>L\u2019ancien chef de la r\u00e9bellion Guillaume Soro, ex-alli\u00e9 devenu adversaire d\u2019Alassane Ouattara, avait lanc\u00e9 un appel \u00e0 la r\u00e9bellion g\u00e9n\u00e9rale, non suivi d\u2019effet.<\/p>\n<p>La tension en C\u00f4te d\u2019Ivoire est n\u00e9anmoins retomb\u00e9e depuis, les \u00e9lections l\u00e9gislatives de mars s\u2019\u00e9tant d\u00e9roul\u00e9es dans le calme et avec la participation des principaux partis d\u2019opposition.<\/p>\n<p>&nbsp;<\/p>\n","protected":false},"excerpt":{"rendered":"<p>Africa-Press &#8211; CentrAfricaine. Un camp militaire d\u2019Abidjan a \u00e9t\u00e9 attaqu\u00e9 dans la nuit de mardi \u00e0 mercredi par des hommes arm\u00e9s non identifi\u00e9s, faisant trois morts et un bless\u00e9 parmi les assaillants et un soldat bless\u00e9, selon des sources s\u00e9curitaires ivoiriennes. \u201cAux environs de 1h30 (locales et GMT), des d\u00e9tonations ont \u00e9t\u00e9 entendues au camp [&hellip;]<\/p>\n","protected":false},"author":82,"featured_media":6003,"comment_status":"open","ping_status":"closed","sticky":false,"template":"","format":"standard","meta":{"footnotes":""},"categories":[11,2,10],"tags":[36,58,30],"class_list":["post-6004","post","type-post","status-publish","format-standard","has-post-thumbnail","hentry","category-homepage-french","category-politique","category-toutes-les-actualites","tag-africa-press","tag-africa-press-centrafricaine","tag-centrafricaine"],"yoast_head":"<!-- This site is optimized with the Yoast SEO Premium plugin v26.1 (Yoast SEO v27.0) - https:\/\/yoast.com\/product\/yoast-seo-premium-wordpress\/ -->\n<title>Un camp militaire d\u2019Abidjan attaqu\u00e9, 3 morts - centrafricaine<\/title>\n<meta name=\"description\" content=\"Bangui ( R\u00e9publique centrafricaine ) \u2013 Un camp militaire d\u2019Abidjan a \u00e9t\u00e9 attaqu\u00e9 dans la nuit de mardi \u00e0 mercredi par ...\" \/>\n<meta name=\"robots\" content=\"index, follow, max-snippet:-1, max-image-preview:large, max-video-preview:-1\" \/>\n<link rel=\"canonical\" href=\"https:\/\/www.africa-press.net\/centrafricaine\/politique\/un-camp-militaire-dabidjan-attaque-3-morts\" \/>\n<meta property=\"og:locale\" content=\"fr_FR\" \/>\n<meta property=\"og:type\" content=\"article\" \/>\n<meta property=\"og:title\" content=\"Un camp militaire d\u2019Abidjan attaqu\u00e9, 3 morts\" \/>\n<meta property=\"og:description\" content=\"Bangui ( R\u00e9publique centrafricaine ) \u2013 Un camp militaire d\u2019Abidjan a \u00e9t\u00e9 attaqu\u00e9 dans la nuit de mardi \u00e0 mercredi par ...\" \/>\n<meta property=\"og:url\" content=\"https:\/\/www.africa-press.net\/centrafricaine\/politique\/un-camp-militaire-dabidjan-attaque-3-morts\" \/>\n<meta property=\"og:site_name\" content=\"centrafricaine\" \/>\n<meta property=\"article:published_time\" content=\"2021-04-22T15:28:00+00:00\" \/>\n<meta property=\"article:modified_time\" content=\"2021-04-22T20:28:18+00:00\" \/>\n<meta property=\"og:image\" content=\"https:\/\/static.africa-press.net\/centrafricaine\/sites\/45\/2021\/04\/img-60819233960b8.jpg\" \/>\n\t<meta property=\"og:image:width\" content=\"720\" \/>\n\t<meta property=\"og:image:height\" content=\"405\" \/>\n\t<meta property=\"og:image:type\" content=\"image\/jpeg\" \/>\n<meta name=\"author\" content=\"cfeditorfr\" \/>\n<meta name=\"twitter:card\" content=\"summary_large_image\" \/>\n<meta name=\"twitter:label1\" content=\"\u00c9crit par\" \/>\n\t<meta name=\"twitter:data1\" content=\"cfeditorfr\" \/>\n\t<meta name=\"twitter:label2\" content=\"Dur\u00e9e de lecture estim\u00e9e\" \/>\n\t<meta name=\"twitter:data2\" content=\"2 minutes\" \/>\n<script type=\"application\/ld+json\" class=\"yoast-schema-graph\">{\"@context\":\"https:\/\/schema.org\",\"@graph\":[{\"@type\":\"Article\",\"@id\":\"https:\/\/www.africa-press.net\/centrafricaine\/politique\/un-camp-militaire-dabidjan-attaque-3-morts#article\",\"isPartOf\":{\"@id\":\"https:\/\/www.africa-press.net\/centrafricaine\/politique\/un-camp-militaire-dabidjan-attaque-3-morts\"},\"author\":{\"name\":\"cfeditorfr\",\"@id\":\"https:\/\/www.africa-press.net\/centrafricaine\/#\/schema\/person\/2b1cf3cd81a31e3cd26889ca66d677f1\"},\"headline\":\"Un camp militaire d\u2019Abidjan attaqu\u00e9, 3 morts\",\"datePublished\":\"2021-04-22T15:28:00+00:00\",\"dateModified\":\"2021-04-22T20:28:18+00:00\",\"mainEntityOfPage\":{\"@id\":\"https:\/\/www.africa-press.net\/centrafricaine\/politique\/un-camp-militaire-dabidjan-attaque-3-morts\"},\"wordCount\":530,\"commentCount\":0,\"image\":{\"@id\":\"https:\/\/www.africa-press.net\/centrafricaine\/politique\/un-camp-militaire-dabidjan-attaque-3-morts#primaryimage\"},\"thumbnailUrl\":\"https:\/\/static.africa-press.net\/centrafricaine\/sites\/45\/2021\/04\/img-60819233960b8.jpg\",\"keywords\":[\"Africa Press\",\"Africa Press-CentrAfricaine\",\"CentrAfricaine\"],\"articleSection\":[\"homepage-french\",\"Politique\",\"Toutes les actualit\u00e9s\"],\"inLanguage\":\"fr-FR\",\"potentialAction\":[{\"@type\":\"CommentAction\",\"name\":\"Comment\",\"target\":[\"https:\/\/www.africa-press.net\/centrafricaine\/politique\/un-camp-militaire-dabidjan-attaque-3-morts#respond\"]}]},{\"@type\":\"WebPage\",\"@id\":\"https:\/\/www.africa-press.net\/centrafricaine\/politique\/un-camp-militaire-dabidjan-attaque-3-morts\",\"url\":\"https:\/\/www.africa-press.net\/centrafricaine\/politique\/un-camp-militaire-dabidjan-attaque-3-morts\",\"name\":\"Un camp militaire d\u2019Abidjan attaqu\u00e9, 3 morts - centrafricaine\",\"isPartOf\":{\"@id\":\"https:\/\/www.africa-press.net\/centrafricaine\/#website\"},\"primaryImageOfPage\":{\"@id\":\"https:\/\/www.africa-press.net\/centrafricaine\/politique\/un-camp-militaire-dabidjan-attaque-3-morts#primaryimage\"},\"image\":{\"@id\":\"https:\/\/www.africa-press.net\/centrafricaine\/politique\/un-camp-militaire-dabidjan-attaque-3-morts#primaryimage\"},\"thumbnailUrl\":\"https:\/\/static.africa-press.net\/centrafricaine\/sites\/45\/2021\/04\/img-60819233960b8.jpg\",\"datePublished\":\"2021-04-22T15:28:00+00:00\",\"dateModified\":\"2021-04-22T20:28:18+00:00\",\"author\":{\"@id\":\"https:\/\/www.africa-press.net\/centrafricaine\/#\/schema\/person\/2b1cf3cd81a31e3cd26889ca66d677f1\"},\"description\":\"Bangui ( R\u00e9publique centrafricaine ) \u2013 Un camp militaire d\u2019Abidjan a \u00e9t\u00e9 attaqu\u00e9 dans la nuit de mardi \u00e0 mercredi par ...\",\"breadcrumb\":{\"@id\":\"https:\/\/www.africa-press.net\/centrafricaine\/politique\/un-camp-militaire-dabidjan-attaque-3-morts#breadcrumb\"},\"inLanguage\":\"fr-FR\",\"potentialAction\":[{\"@type\":\"ReadAction\",\"target\":[\"https:\/\/www.africa-press.net\/centrafricaine\/politique\/un-camp-militaire-dabidjan-attaque-3-morts\"]}]},{\"@type\":\"ImageObject\",\"inLanguage\":\"fr-FR\",\"@id\":\"https:\/\/www.africa-press.net\/centrafricaine\/politique\/un-camp-militaire-dabidjan-attaque-3-morts#primaryimage\",\"url\":\"https:\/\/static.africa-press.net\/centrafricaine\/sites\/45\/2021\/04\/img-60819233960b8.jpg\",\"contentUrl\":\"https:\/\/static.africa-press.net\/centrafricaine\/sites\/45\/2021\/04\/img-60819233960b8.jpg\",\"width\":720,\"height\":405,\"caption\":\"Un camp militaire d\u2019Abidjan attaqu\u00e9, 3 morts\"},{\"@type\":\"BreadcrumbList\",\"@id\":\"https:\/\/www.africa-press.net\/centrafricaine\/politique\/un-camp-militaire-dabidjan-attaque-3-morts#breadcrumb\",\"itemListElement\":[{\"@type\":\"ListItem\",\"position\":1,\"name\":\"Accueil\",\"item\":\"https:\/\/www.africa-press.net\/centrafricaine\/\"},{\"@type\":\"ListItem\",\"position\":2,\"name\":\"Un camp militaire d\u2019Abidjan attaqu\u00e9, 3 morts\"}]},{\"@type\":\"WebSite\",\"@id\":\"https:\/\/www.africa-press.net\/centrafricaine\/#website\",\"url\":\"https:\/\/www.africa-press.net\/centrafricaine\/\",\"name\":\"centrafricaine\",\"description\":\"Just another Africa News Agency Sites site\",\"potentialAction\":[{\"@type\":\"SearchAction\",\"target\":{\"@type\":\"EntryPoint\",\"urlTemplate\":\"https:\/\/www.africa-press.net\/centrafricaine\/?s={search_term_string}\"},\"query-input\":{\"@type\":\"PropertyValueSpecification\",\"valueRequired\":true,\"valueName\":\"search_term_string\"}}],\"inLanguage\":\"fr-FR\"},{\"@type\":\"Person\",\"@id\":\"https:\/\/www.africa-press.net\/centrafricaine\/#\/schema\/person\/2b1cf3cd81a31e3cd26889ca66d677f1\",\"name\":\"cfeditorfr\"}]}<\/script>\n<!-- \/ Yoast SEO Premium plugin. -->","yoast_head_json":{"title":"Un camp militaire d\u2019Abidjan attaqu\u00e9, 3 morts - centrafricaine","description":"Bangui ( R\u00e9publique centrafricaine ) \u2013 Un camp militaire d\u2019Abidjan a \u00e9t\u00e9 attaqu\u00e9 dans la nuit de mardi \u00e0 mercredi par ...","robots":{"index":"index","follow":"follow","max-snippet":"max-snippet:-1","max-image-preview":"max-image-preview:large","max-video-preview":"max-video-preview:-1"},"canonical":"https:\/\/www.africa-press.net\/centrafricaine\/politique\/un-camp-militaire-dabidjan-attaque-3-morts","og_locale":"fr_FR","og_type":"article","og_title":"Un camp militaire d\u2019Abidjan attaqu\u00e9, 3 morts","og_description":"Bangui ( R\u00e9publique centrafricaine ) \u2013 Un camp militaire d\u2019Abidjan a \u00e9t\u00e9 attaqu\u00e9 dans la nuit de mardi \u00e0 mercredi par ...","og_url":"https:\/\/www.africa-press.net\/centrafricaine\/politique\/un-camp-militaire-dabidjan-attaque-3-morts","og_site_name":"centrafricaine","article_published_time":"2021-04-22T15:28:00+00:00","article_modified_time":"2021-04-22T20:28:18+00:00","og_image":[{"width":720,"height":405,"url":"https:\/\/static.africa-press.net\/centrafricaine\/sites\/45\/2021\/04\/img-60819233960b8.jpg","type":"image\/jpeg"}],"author":"cfeditorfr","twitter_card":"summary_large_image","twitter_misc":{"\u00c9crit par":"cfeditorfr","Dur\u00e9e de lecture estim\u00e9e":"2 minutes"},"schema":{"@context":"https:\/\/schema.org","@graph":[{"@type":"Article","@id":"https:\/\/www.africa-press.net\/centrafricaine\/politique\/un-camp-militaire-dabidjan-attaque-3-morts#article","isPartOf":{"@id":"https:\/\/www.africa-press.net\/centrafricaine\/politique\/un-camp-militaire-dabidjan-attaque-3-morts"},"author":{"name":"cfeditorfr","@id":"https:\/\/www.africa-press.net\/centrafricaine\/#\/schema\/person\/2b1cf3cd81a31e3cd26889ca66d677f1"},"headline":"Un camp militaire d\u2019Abidjan attaqu\u00e9, 3 morts","datePublished":"2021-04-22T15:28:00+00:00","dateModified":"2021-04-22T20:28:18+00:00","mainEntityOfPage":{"@id":"https:\/\/www.africa-press.net\/centrafricaine\/politique\/un-camp-militaire-dabidjan-attaque-3-morts"},"wordCount":530,"commentCount":0,"image":{"@id":"https:\/\/www.africa-press.net\/centrafricaine\/politique\/un-camp-militaire-dabidjan-attaque-3-morts#primaryimage"},"thumbnailUrl":"https:\/\/static.africa-press.net\/centrafricaine\/sites\/45\/2021\/04\/img-60819233960b8.jpg","keywords":["Africa Press","Africa Press-CentrAfricaine","CentrAfricaine"],"articleSection":["homepage-french","Politique","Toutes les actualit\u00e9s"],"inLanguage":"fr-FR","potentialAction":[{"@type":"CommentAction","name":"Comment","target":["https:\/\/www.africa-press.net\/centrafricaine\/politique\/un-camp-militaire-dabidjan-attaque-3-morts#respond"]}]},{"@type":"WebPage","@id":"https:\/\/www.africa-press.net\/centrafricaine\/politique\/un-camp-militaire-dabidjan-attaque-3-morts","url":"https:\/\/www.africa-press.net\/centrafricaine\/politique\/un-camp-militaire-dabidjan-attaque-3-morts","name":"Un camp militaire d\u2019Abidjan attaqu\u00e9, 3 morts - centrafricaine","isPartOf":{"@id":"https:\/\/www.africa-press.net\/centrafricaine\/#website"},"primaryImageOfPage":{"@id":"https:\/\/www.africa-press.net\/centrafricaine\/politique\/un-camp-militaire-dabidjan-attaque-3-morts#primaryimage"},"image":{"@id":"https:\/\/www.africa-press.net\/centrafricaine\/politique\/un-camp-militaire-dabidjan-attaque-3-morts#primaryimage"},"thumbnailUrl":"https:\/\/static.africa-press.net\/centrafricaine\/sites\/45\/2021\/04\/img-60819233960b8.jpg","datePublished":"2021-04-22T15:28:00+00:00","dateModified":"2021-04-22T20:28:18+00:00","author":{"@id":"https:\/\/www.africa-press.net\/centrafricaine\/#\/schema\/person\/2b1cf3cd81a31e3cd26889ca66d677f1"},"description":"Bangui ( R\u00e9publique centrafricaine ) \u2013 Un camp militaire d\u2019Abidjan a \u00e9t\u00e9 attaqu\u00e9 dans la nuit de mardi \u00e0 mercredi par ...","breadcrumb":{"@id":"https:\/\/www.africa-press.net\/centrafricaine\/politique\/un-camp-militaire-dabidjan-attaque-3-morts#breadcrumb"},"inLanguage":"fr-FR","potentialAction":[{"@type":"ReadAction","target":["https:\/\/www.africa-press.net\/centrafricaine\/politique\/un-camp-militaire-dabidjan-attaque-3-morts"]}]},{"@type":"ImageObject","inLanguage":"fr-FR","@id":"https:\/\/www.africa-press.net\/centrafricaine\/politique\/un-camp-militaire-dabidjan-attaque-3-morts#primaryimage","url":"https:\/\/static.africa-press.net\/centrafricaine\/sites\/45\/2021\/04\/img-60819233960b8.jpg","contentUrl":"https:\/\/static.africa-press.net\/centrafricaine\/sites\/45\/2021\/04\/img-60819233960b8.jpg","width":720,"height":405,"caption":"Un camp militaire d\u2019Abidjan attaqu\u00e9, 3 morts"},{"@type":"BreadcrumbList","@id":"https:\/\/www.africa-press.net\/centrafricaine\/politique\/un-camp-militaire-dabidjan-attaque-3-morts#breadcrumb","itemListElement":[{"@type":"ListItem","position":1,"name":"Accueil","item":"https:\/\/www.africa-press.net\/centrafricaine\/"},{"@type":"ListItem","position":2,"name":"Un camp militaire d\u2019Abidjan attaqu\u00e9, 3 morts"}]},{"@type":"WebSite","@id":"https:\/\/www.africa-press.net\/centrafricaine\/#website","url":"https:\/\/www.africa-press.net\/centrafricaine\/","name":"centrafricaine","description":"Just another Africa News Agency Sites site","potentialAction":[{"@type":"SearchAction","target":{"@type":"EntryPoint","urlTemplate":"https:\/\/www.africa-press.net\/centrafricaine\/?s={search_term_string}"},"query-input":{"@type":"PropertyValueSpecification","valueRequired":true,"valueName":"search_term_string"}}],"inLanguage":"fr-FR"},{"@type":"Person","@id":"https:\/\/www.africa-press.net\/centrafricaine\/#\/schema\/person\/2b1cf3cd81a31e3cd26889ca66d677f1","name":"cfeditorfr"}]}},"_links":{"self":[{"href":"https:\/\/www.africa-press.net\/centrafricaine\/wp-json\/wp\/v2\/posts\/6004","targetHints":{"allow":["GET"]}}],"collection":[{"href":"https:\/\/www.africa-press.net\/centrafricaine\/wp-json\/wp\/v2\/posts"}],"about":[{"href":"https:\/\/www.africa-press.net\/centrafricaine\/wp-json\/wp\/v2\/types\/post"}],"author":[{"embeddable":true,"href":"https:\/\/www.africa-press.net\/centrafricaine\/wp-json\/wp\/v2\/users\/82"}],"replies":[{"embeddable":true,"href":"https:\/\/www.africa-press.net\/centrafricaine\/wp-json\/wp\/v2\/comments?post=6004"}],"version-history":[{"count":0,"href":"https:\/\/www.africa-press.net\/centrafricaine\/wp-json\/wp\/v2\/posts\/6004\/revisions"}],"wp:featuredmedia":[{"embeddable":true,"href":"https:\/\/www.africa-press.net\/centrafricaine\/wp-json\/wp\/v2\/media\/6003"}],"wp:attachment":[{"href":"https:\/\/www.africa-press.net\/centrafricaine\/wp-json\/wp\/v2\/media?parent=6004"}],"wp:term":[{"taxonomy":"category","embeddable":true,"href":"https:\/\/www.africa-press.net\/centrafricaine\/wp-json\/wp\/v2\/categories?post=6004"},{"taxonomy":"post_tag","embeddable":true,"href":"https:\/\/www.africa-press.net\/centrafricaine\/wp-json\/wp\/v2\/tags?post=6004"}],"curies":[{"name":"wp","href":"https:\/\/api.w.org\/{rel}","templated":true}]}}