{"id":6030,"date":"2021-04-24T12:44:20","date_gmt":"2021-04-24T12:44:20","guid":{"rendered":"https:\/\/www.africa-press.net\/centrafricaine\/?p=6030"},"modified":"2021-04-24T17:22:12","modified_gmt":"2021-04-24T17:22:12","slug":"centrafrique-francois-bozize-jusqua-la-derniere-balle","status":"publish","type":"post","link":"https:\/\/www.africa-press.net\/centrafricaine\/dossiers\/centrafrique-francois-bozize-jusqua-la-derniere-balle","title":{"rendered":"Fran\u00e7ois Boziz\u00e9, jusqu\u2019\u00e0 la derni\u00e8re balle ?"},"content":{"rendered":"<p><span style=\"color: #ff6600\"><strong><a href=\"https:\/\/www.africa-press.net\/\">Africa-Press<\/a> &#8211; <a href=\"https:\/\/www.africa-press.net\/centrafricaine\">CentrAfricaine<\/a>. <\/strong><\/span>Mi-mars, Fran\u00e7ois Boziz\u00e9 a pris la t\u00eate de la coalition rebelle en Centrafrique avec un objectif : renverser Faustin-Archange Touad\u00e9ra. De retour dans le maquis, l\u2019ancien pr\u00e9sident para\u00eet en mauvaise posture mais il a toujours su se tirer des mauvais pas.<\/p>\n<p>Le soleil vient de se lever sur la savane du nord de Kabo. Quelques collines de for\u00eat plus ou moins denses rompent l\u2019\u00e9meraude monotonie de ce paysage constell\u00e9 de cours d\u2019eau se remplissant au gr\u00e9 des pluies. On y croise quelques hippopotames, plus rarement une parade d\u2019\u00e9l\u00e9phants. Les villages sont peu nombreux. Quelques campements de braconniers s\u2019\u00e9tablissent de temps \u00e0 autre dans cette r\u00e9gion bord\u00e9e par les parcs du Nana-Barya et du Bamingui. Ici, o\u00f9 les pistes s\u2019effacent au rythme des saisons, ceux qui d\u00e9fient les lois ont peu de chances de se faire prendre.<\/p>\n<p><b>Vie en brousse<\/b><\/p>\n<p>Dans leur camp, la trentaine de personnes qui accompagnent Fran\u00e7ois Boziz\u00e9 s\u2019agitent alors que la faune s\u2019\u00e9veille. Certains sont charg\u00e9s de la logistique et pr\u00e9parent les v\u00e9hicules. D\u2019autres s\u2019occupent de la nourriture et des cases o\u00f9 l\u2019ancien pr\u00e9sident a pass\u00e9 la nuit. D\u2019autres encore g\u00e8rent sa s\u00e9curit\u00e9. Le confort est spartiate. L\u2019ancien g\u00e9n\u00e9ral dispose d\u2019un matelas et d\u2019un n\u00e9cessaire de toilette.<\/p>\n","protected":false},"excerpt":{"rendered":"<p>Africa-Press &#8211; CentrAfricaine. Mi-mars, Fran\u00e7ois Boziz\u00e9 a pris la t\u00eate de la coalition rebelle en Centrafrique avec un objectif : renverser Faustin-Archange Touad\u00e9ra. De retour dans le maquis, l\u2019ancien pr\u00e9sident para\u00eet en mauvaise posture mais il a toujours su se tirer des mauvais pas. Le soleil vient de se lever sur la savane du nord [&hellip;]<\/p>\n","protected":false},"author":82,"featured_media":6029,"comment_status":"open","ping_status":"closed","sticky":false,"template":"","format":"standard","meta":{"footnotes":""},"categories":[7,11,20,10],"tags":[36,58,30],"class_list":["post-6030","post","type-post","status-publish","format-standard","has-post-thumbnail","hentry","category-dossiers","category-homepage-french","category-top-nouvelles","category-toutes-les-actualites","tag-africa-press","tag-africa-press-centrafricaine","tag-centrafricaine"],"yoast_head":"<!-- This site is optimized with the Yoast SEO Premium plugin v26.1 (Yoast SEO v27.0) - https:\/\/yoast.com\/product\/yoast-seo-premium-wordpress\/ -->\n<title>Fran\u00e7ois Boziz\u00e9, jusqu\u2019\u00e0 la derni\u00e8re balle ? - centrafricaine<\/title>\n<meta name=\"description\" content=\"Mi-mars, Fran\u00e7ois Boziz\u00e9 a pris la t\u00eate de la coalition rebelle en Centrafrique avec un objectif : renverser Faustin-Arc ...\" \/>\n<meta name=\"robots\" content=\"index, follow, max-snippet:-1, max-image-preview:large, max-video-preview:-1\" \/>\n<link rel=\"canonical\" href=\"https:\/\/www.africa-press.net\/centrafricaine\/dossiers\/centrafrique-francois-bozize-jusqua-la-derniere-balle\" \/>\n<meta property=\"og:locale\" content=\"fr_FR\" \/>\n<meta property=\"og:type\" content=\"article\" \/>\n<meta property=\"og:title\" content=\"Fran\u00e7ois Boziz\u00e9, jusqu\u2019\u00e0 la derni\u00e8re balle ?\" \/>\n<meta property=\"og:description\" content=\"Mi-mars, Fran\u00e7ois Boziz\u00e9 a pris la t\u00eate de la coalition rebelle en Centrafrique avec un objectif : renverser Faustin-Arc ...\" \/>\n<meta property=\"og:url\" content=\"https:\/\/www.africa-press.net\/centrafricaine\/dossiers\/centrafrique-francois-bozize-jusqua-la-derniere-balle\" \/>\n<meta property=\"og:site_name\" content=\"centrafricaine\" \/>\n<meta property=\"article:published_time\" content=\"2021-04-24T12:44:20+00:00\" \/>\n<meta property=\"article:modified_time\" content=\"2021-04-24T17:22:12+00:00\" \/>\n<meta property=\"og:image\" content=\"https:\/\/static.africa-press.net\/centrafricaine\/sites\/45\/2021\/04\/img-608411660cf5d.jpg\" \/>\n\t<meta property=\"og:image:width\" content=\"720\" \/>\n\t<meta property=\"og:image:height\" content=\"360\" \/>\n\t<meta property=\"og:image:type\" content=\"image\/jpeg\" \/>\n<meta name=\"author\" content=\"cfeditorfr\" \/>\n<meta name=\"twitter:card\" content=\"summary_large_image\" \/>\n<meta name=\"twitter:label1\" content=\"\u00c9crit par\" \/>\n\t<meta name=\"twitter:data1\" content=\"cfeditorfr\" \/>\n\t<meta name=\"twitter:label2\" content=\"Dur\u00e9e de lecture estim\u00e9e\" \/>\n\t<meta name=\"twitter:data2\" content=\"1 minute\" \/>\n<script type=\"application\/ld+json\" class=\"yoast-schema-graph\">{\"@context\":\"https:\/\/schema.org\",\"@graph\":[{\"@type\":\"Article\",\"@id\":\"https:\/\/www.africa-press.net\/centrafricaine\/dossiers\/centrafrique-francois-bozize-jusqua-la-derniere-balle#article\",\"isPartOf\":{\"@id\":\"https:\/\/www.africa-press.net\/centrafricaine\/dossiers\/centrafrique-francois-bozize-jusqua-la-derniere-balle\"},\"author\":{\"name\":\"cfeditorfr\",\"@id\":\"https:\/\/www.africa-press.net\/centrafricaine\/#\/schema\/person\/2b1cf3cd81a31e3cd26889ca66d677f1\"},\"headline\":\"Fran\u00e7ois Boziz\u00e9, jusqu\u2019\u00e0 la derni\u00e8re balle ?\",\"datePublished\":\"2021-04-24T12:44:20+00:00\",\"dateModified\":\"2021-04-24T17:22:12+00:00\",\"mainEntityOfPage\":{\"@id\":\"https:\/\/www.africa-press.net\/centrafricaine\/dossiers\/centrafrique-francois-bozize-jusqua-la-derniere-balle\"},\"wordCount\":244,\"commentCount\":0,\"image\":{\"@id\":\"https:\/\/www.africa-press.net\/centrafricaine\/dossiers\/centrafrique-francois-bozize-jusqua-la-derniere-balle#primaryimage\"},\"thumbnailUrl\":\"https:\/\/static.africa-press.net\/centrafricaine\/sites\/45\/2021\/04\/img-608411660cf5d.jpg\",\"keywords\":[\"Africa Press\",\"Africa Press-CentrAfricaine\",\"CentrAfricaine\"],\"articleSection\":[\"Dossiers\",\"homepage-french\",\"Top Nouvelles\",\"Toutes les actualit\u00e9s\"],\"inLanguage\":\"fr-FR\",\"potentialAction\":[{\"@type\":\"CommentAction\",\"name\":\"Comment\",\"target\":[\"https:\/\/www.africa-press.net\/centrafricaine\/dossiers\/centrafrique-francois-bozize-jusqua-la-derniere-balle#respond\"]}]},{\"@type\":\"WebPage\",\"@id\":\"https:\/\/www.africa-press.net\/centrafricaine\/dossiers\/centrafrique-francois-bozize-jusqua-la-derniere-balle\",\"url\":\"https:\/\/www.africa-press.net\/centrafricaine\/dossiers\/centrafrique-francois-bozize-jusqua-la-derniere-balle\",\"name\":\"Fran\u00e7ois Boziz\u00e9, jusqu\u2019\u00e0 la derni\u00e8re balle ? - centrafricaine\",\"isPartOf\":{\"@id\":\"https:\/\/www.africa-press.net\/centrafricaine\/#website\"},\"primaryImageOfPage\":{\"@id\":\"https:\/\/www.africa-press.net\/centrafricaine\/dossiers\/centrafrique-francois-bozize-jusqua-la-derniere-balle#primaryimage\"},\"image\":{\"@id\":\"https:\/\/www.africa-press.net\/centrafricaine\/dossiers\/centrafrique-francois-bozize-jusqua-la-derniere-balle#primaryimage\"},\"thumbnailUrl\":\"https:\/\/static.africa-press.net\/centrafricaine\/sites\/45\/2021\/04\/img-608411660cf5d.jpg\",\"datePublished\":\"2021-04-24T12:44:20+00:00\",\"dateModified\":\"2021-04-24T17:22:12+00:00\",\"author\":{\"@id\":\"https:\/\/www.africa-press.net\/centrafricaine\/#\/schema\/person\/2b1cf3cd81a31e3cd26889ca66d677f1\"},\"description\":\"Mi-mars, Fran\u00e7ois Boziz\u00e9 a pris la t\u00eate de la coalition rebelle en Centrafrique avec un objectif : renverser Faustin-Arc ...\",\"breadcrumb\":{\"@id\":\"https:\/\/www.africa-press.net\/centrafricaine\/dossiers\/centrafrique-francois-bozize-jusqua-la-derniere-balle#breadcrumb\"},\"inLanguage\":\"fr-FR\",\"potentialAction\":[{\"@type\":\"ReadAction\",\"target\":[\"https:\/\/www.africa-press.net\/centrafricaine\/dossiers\/centrafrique-francois-bozize-jusqua-la-derniere-balle\"]}]},{\"@type\":\"ImageObject\",\"inLanguage\":\"fr-FR\",\"@id\":\"https:\/\/www.africa-press.net\/centrafricaine\/dossiers\/centrafrique-francois-bozize-jusqua-la-derniere-balle#primaryimage\",\"url\":\"https:\/\/static.africa-press.net\/centrafricaine\/sites\/45\/2021\/04\/img-608411660cf5d.jpg\",\"contentUrl\":\"https:\/\/static.africa-press.net\/centrafricaine\/sites\/45\/2021\/04\/img-608411660cf5d.jpg\",\"width\":720,\"height\":360,\"caption\":\"Centrafrique : Fran\u00e7ois Boziz\u00e9, jusqu\u2019\u00e0 la derni\u00e8re balle ?\"},{\"@type\":\"BreadcrumbList\",\"@id\":\"https:\/\/www.africa-press.net\/centrafricaine\/dossiers\/centrafrique-francois-bozize-jusqua-la-derniere-balle#breadcrumb\",\"itemListElement\":[{\"@type\":\"ListItem\",\"position\":1,\"name\":\"Accueil\",\"item\":\"https:\/\/www.africa-press.net\/centrafricaine\/\"},{\"@type\":\"ListItem\",\"position\":2,\"name\":\"Fran\u00e7ois Boziz\u00e9, jusqu\u2019\u00e0 la derni\u00e8re balle ?\"}]},{\"@type\":\"WebSite\",\"@id\":\"https:\/\/www.africa-press.net\/centrafricaine\/#website\",\"url\":\"https:\/\/www.africa-press.net\/centrafricaine\/\",\"name\":\"centrafricaine\",\"description\":\"Just another Africa News Agency Sites site\",\"potentialAction\":[{\"@type\":\"SearchAction\",\"target\":{\"@type\":\"EntryPoint\",\"urlTemplate\":\"https:\/\/www.africa-press.net\/centrafricaine\/?s={search_term_string}\"},\"query-input\":{\"@type\":\"PropertyValueSpecification\",\"valueRequired\":true,\"valueName\":\"search_term_string\"}}],\"inLanguage\":\"fr-FR\"},{\"@type\":\"Person\",\"@id\":\"https:\/\/www.africa-press.net\/centrafricaine\/#\/schema\/person\/2b1cf3cd81a31e3cd26889ca66d677f1\",\"name\":\"cfeditorfr\"}]}<\/script>\n<!-- \/ Yoast SEO Premium plugin. -->","yoast_head_json":{"title":"Fran\u00e7ois Boziz\u00e9, jusqu\u2019\u00e0 la derni\u00e8re balle ? - centrafricaine","description":"Mi-mars, Fran\u00e7ois Boziz\u00e9 a pris la t\u00eate de la coalition rebelle en Centrafrique avec un objectif : renverser Faustin-Arc ...","robots":{"index":"index","follow":"follow","max-snippet":"max-snippet:-1","max-image-preview":"max-image-preview:large","max-video-preview":"max-video-preview:-1"},"canonical":"https:\/\/www.africa-press.net\/centrafricaine\/dossiers\/centrafrique-francois-bozize-jusqua-la-derniere-balle","og_locale":"fr_FR","og_type":"article","og_title":"Fran\u00e7ois Boziz\u00e9, jusqu\u2019\u00e0 la derni\u00e8re balle ?","og_description":"Mi-mars, Fran\u00e7ois Boziz\u00e9 a pris la t\u00eate de la coalition rebelle en Centrafrique avec un objectif : renverser Faustin-Arc ...","og_url":"https:\/\/www.africa-press.net\/centrafricaine\/dossiers\/centrafrique-francois-bozize-jusqua-la-derniere-balle","og_site_name":"centrafricaine","article_published_time":"2021-04-24T12:44:20+00:00","article_modified_time":"2021-04-24T17:22:12+00:00","og_image":[{"width":720,"height":360,"url":"https:\/\/static.africa-press.net\/centrafricaine\/sites\/45\/2021\/04\/img-608411660cf5d.jpg","type":"image\/jpeg"}],"author":"cfeditorfr","twitter_card":"summary_large_image","twitter_misc":{"\u00c9crit par":"cfeditorfr","Dur\u00e9e de lecture estim\u00e9e":"1 minute"},"schema":{"@context":"https:\/\/schema.org","@graph":[{"@type":"Article","@id":"https:\/\/www.africa-press.net\/centrafricaine\/dossiers\/centrafrique-francois-bozize-jusqua-la-derniere-balle#article","isPartOf":{"@id":"https:\/\/www.africa-press.net\/centrafricaine\/dossiers\/centrafrique-francois-bozize-jusqua-la-derniere-balle"},"author":{"name":"cfeditorfr","@id":"https:\/\/www.africa-press.net\/centrafricaine\/#\/schema\/person\/2b1cf3cd81a31e3cd26889ca66d677f1"},"headline":"Fran\u00e7ois Boziz\u00e9, jusqu\u2019\u00e0 la derni\u00e8re balle ?","datePublished":"2021-04-24T12:44:20+00:00","dateModified":"2021-04-24T17:22:12+00:00","mainEntityOfPage":{"@id":"https:\/\/www.africa-press.net\/centrafricaine\/dossiers\/centrafrique-francois-bozize-jusqua-la-derniere-balle"},"wordCount":244,"commentCount":0,"image":{"@id":"https:\/\/www.africa-press.net\/centrafricaine\/dossiers\/centrafrique-francois-bozize-jusqua-la-derniere-balle#primaryimage"},"thumbnailUrl":"https:\/\/static.africa-press.net\/centrafricaine\/sites\/45\/2021\/04\/img-608411660cf5d.jpg","keywords":["Africa Press","Africa Press-CentrAfricaine","CentrAfricaine"],"articleSection":["Dossiers","homepage-french","Top Nouvelles","Toutes les actualit\u00e9s"],"inLanguage":"fr-FR","potentialAction":[{"@type":"CommentAction","name":"Comment","target":["https:\/\/www.africa-press.net\/centrafricaine\/dossiers\/centrafrique-francois-bozize-jusqua-la-derniere-balle#respond"]}]},{"@type":"WebPage","@id":"https:\/\/www.africa-press.net\/centrafricaine\/dossiers\/centrafrique-francois-bozize-jusqua-la-derniere-balle","url":"https:\/\/www.africa-press.net\/centrafricaine\/dossiers\/centrafrique-francois-bozize-jusqua-la-derniere-balle","name":"Fran\u00e7ois Boziz\u00e9, jusqu\u2019\u00e0 la derni\u00e8re balle ? - centrafricaine","isPartOf":{"@id":"https:\/\/www.africa-press.net\/centrafricaine\/#website"},"primaryImageOfPage":{"@id":"https:\/\/www.africa-press.net\/centrafricaine\/dossiers\/centrafrique-francois-bozize-jusqua-la-derniere-balle#primaryimage"},"image":{"@id":"https:\/\/www.africa-press.net\/centrafricaine\/dossiers\/centrafrique-francois-bozize-jusqua-la-derniere-balle#primaryimage"},"thumbnailUrl":"https:\/\/static.africa-press.net\/centrafricaine\/sites\/45\/2021\/04\/img-608411660cf5d.jpg","datePublished":"2021-04-24T12:44:20+00:00","dateModified":"2021-04-24T17:22:12+00:00","author":{"@id":"https:\/\/www.africa-press.net\/centrafricaine\/#\/schema\/person\/2b1cf3cd81a31e3cd26889ca66d677f1"},"description":"Mi-mars, Fran\u00e7ois Boziz\u00e9 a pris la t\u00eate de la coalition rebelle en Centrafrique avec un objectif : renverser Faustin-Arc ...","breadcrumb":{"@id":"https:\/\/www.africa-press.net\/centrafricaine\/dossiers\/centrafrique-francois-bozize-jusqua-la-derniere-balle#breadcrumb"},"inLanguage":"fr-FR","potentialAction":[{"@type":"ReadAction","target":["https:\/\/www.africa-press.net\/centrafricaine\/dossiers\/centrafrique-francois-bozize-jusqua-la-derniere-balle"]}]},{"@type":"ImageObject","inLanguage":"fr-FR","@id":"https:\/\/www.africa-press.net\/centrafricaine\/dossiers\/centrafrique-francois-bozize-jusqua-la-derniere-balle#primaryimage","url":"https:\/\/static.africa-press.net\/centrafricaine\/sites\/45\/2021\/04\/img-608411660cf5d.jpg","contentUrl":"https:\/\/static.africa-press.net\/centrafricaine\/sites\/45\/2021\/04\/img-608411660cf5d.jpg","width":720,"height":360,"caption":"Centrafrique : Fran\u00e7ois Boziz\u00e9, jusqu\u2019\u00e0 la derni\u00e8re balle ?"},{"@type":"BreadcrumbList","@id":"https:\/\/www.africa-press.net\/centrafricaine\/dossiers\/centrafrique-francois-bozize-jusqua-la-derniere-balle#breadcrumb","itemListElement":[{"@type":"ListItem","position":1,"name":"Accueil","item":"https:\/\/www.africa-press.net\/centrafricaine\/"},{"@type":"ListItem","position":2,"name":"Fran\u00e7ois Boziz\u00e9, jusqu\u2019\u00e0 la derni\u00e8re balle ?"}]},{"@type":"WebSite","@id":"https:\/\/www.africa-press.net\/centrafricaine\/#website","url":"https:\/\/www.africa-press.net\/centrafricaine\/","name":"centrafricaine","description":"Just another Africa News Agency Sites site","potentialAction":[{"@type":"SearchAction","target":{"@type":"EntryPoint","urlTemplate":"https:\/\/www.africa-press.net\/centrafricaine\/?s={search_term_string}"},"query-input":{"@type":"PropertyValueSpecification","valueRequired":true,"valueName":"search_term_string"}}],"inLanguage":"fr-FR"},{"@type":"Person","@id":"https:\/\/www.africa-press.net\/centrafricaine\/#\/schema\/person\/2b1cf3cd81a31e3cd26889ca66d677f1","name":"cfeditorfr"}]}},"_links":{"self":[{"href":"https:\/\/www.africa-press.net\/centrafricaine\/wp-json\/wp\/v2\/posts\/6030","targetHints":{"allow":["GET"]}}],"collection":[{"href":"https:\/\/www.africa-press.net\/centrafricaine\/wp-json\/wp\/v2\/posts"}],"about":[{"href":"https:\/\/www.africa-press.net\/centrafricaine\/wp-json\/wp\/v2\/types\/post"}],"author":[{"embeddable":true,"href":"https:\/\/www.africa-press.net\/centrafricaine\/wp-json\/wp\/v2\/users\/82"}],"replies":[{"embeddable":true,"href":"https:\/\/www.africa-press.net\/centrafricaine\/wp-json\/wp\/v2\/comments?post=6030"}],"version-history":[{"count":0,"href":"https:\/\/www.africa-press.net\/centrafricaine\/wp-json\/wp\/v2\/posts\/6030\/revisions"}],"wp:featuredmedia":[{"embeddable":true,"href":"https:\/\/www.africa-press.net\/centrafricaine\/wp-json\/wp\/v2\/media\/6029"}],"wp:attachment":[{"href":"https:\/\/www.africa-press.net\/centrafricaine\/wp-json\/wp\/v2\/media?parent=6030"}],"wp:term":[{"taxonomy":"category","embeddable":true,"href":"https:\/\/www.africa-press.net\/centrafricaine\/wp-json\/wp\/v2\/categories?post=6030"},{"taxonomy":"post_tag","embeddable":true,"href":"https:\/\/www.africa-press.net\/centrafricaine\/wp-json\/wp\/v2\/tags?post=6030"}],"curies":[{"name":"wp","href":"https:\/\/api.w.org\/{rel}","templated":true}]}}