{"id":6036,"date":"2021-04-24T13:00:25","date_gmt":"2021-04-24T13:00:25","guid":{"rendered":"https:\/\/www.africa-press.net\/centrafricaine\/?p=6036"},"modified":"2021-04-24T17:22:39","modified_gmt":"2021-04-24T17:22:39","slug":"la-flambee-des-prix-flambee-de-linsecurite-alimentaire-en-rca","status":"publish","type":"post","link":"https:\/\/www.africa-press.net\/centrafricaine\/toutes-les-actualites\/la-flambee-des-prix-flambee-de-linsecurite-alimentaire-en-rca","title":{"rendered":"La flamb\u00e9e des prix, flamb\u00e9e de l\u2019ins\u00e9curit\u00e9 alimentaire en RCA"},"content":{"rendered":"<p><span style=\"color: #ff6600\"><strong><a href=\"https:\/\/www.africa-press.net\/\">Africa-Press<\/a> &#8211; <a href=\"https:\/\/www.africa-press.net\/centrafricaine\">CentrAfricaine<\/a>.\u00a0 <\/strong><\/span>\u00a0Alors que les prix sur les march\u00e9s avaient d\u00e9j\u00e0 augment\u00e9 avec la pand\u00e9mie de COVID 19, l\u2019ensemble des produits import\u00e9s de premi\u00e8res n\u00e9cessit\u00e9s connaissent une importante inflation des prix depuis d\u00e9cembre 2020, suite \u00e0 l\u2019intensification du conflit arm\u00e9 dans le pays.<\/p>\n<p>Des centaines de camions transportant des denr\u00e9es alimentaires, du mat\u00e9riel humanitaire mais \u00e9galement des produits chimiques pour assainir des eaux ont \u00e9t\u00e9 bloqu\u00e9s \u00e0 la fronti\u00e8re avec le Cameroun pendant une longue p\u00e9riode. Les prix des produits de base tels que le lait en poudre, le sel, le sucre et les oignons ont enregistr\u00e9 une hausse g\u00e9n\u00e9ralis\u00e9e de 15 % \u00e0 240 % sur les march\u00e9s, a indiqu\u00e9 l\u2019Institut centrafricain des statistiques, des \u00e9tudes \u00e9conomiques et sociales (ICASEES).<\/p>\n<p>Malgr\u00e9 une reprise progressive des flux de marchandises sur le corridor qui relie Douala \u00e0 Bangui, certains produits ne cessent d\u2019augmenter et d\u2019autres sont de plus en plus rares. C\u2019est le cas du ciment. C\u2019est ce que confirme Monsieur Ali Blaise-Bienvenu, directeur g\u00e9n\u00e9ral de l\u2019ICASEES : \u00ab Avant on pouvait comprendre que le corridor Bangui-Douala \u00e9tait bloqu\u00e9 ou perturb\u00e9 par les \u00e9v\u00e9nements, mais depuis quelques semaines le trafic commence \u00e0 devenir fluide et il n\u2019y a pas de raisons que les commer\u00e7ants continuent \u00e0 sp\u00e9culer sur le prix du sac de ciment. \u00bb. En effet, indispensable dans le domaine de la construction, le prix du ciment a plus que doubl\u00e9 au cours de ces 6 derniers mois. De fait, de nombreux chantiers sont actuellement suspendus. Cette situation rappelle la hausse du co\u00fbt du ciment en 2019 qualifi\u00e9e de vertigineuse par de nombreux m\u00e9dias. A cette p\u00e9riode, le sac de ciment de 50 Kg, import\u00e9 du Cameroun \u00e9tait pass\u00e9 de 8500 \u00e0 12.000 F.CFA sur les march\u00e9s de la capitale Centrafricaine. Une situation qui avait provoqu\u00e9 d\u2019importantes r\u00e9unions entre les acteurs du BTP, des banques et des administrations fiscales \u00e0 Bangui.<\/p>\n<p>Cette situation, qu\u2019il est possible de qualifier de crise, n\u2019est pas sans cons\u00e9quence pour les populations. Comme l\u2019a indiqu\u00e9 Amnesty International \u00ab cette crise qui accentue l\u2019inflation et l\u2019acc\u00e8s des populations aux produits de premi\u00e8re n\u00e9cessit\u00e9 s\u2019av\u00e8re compliqu\u00e9e, sachant que la RCA est un pays o\u00f9 l\u2019ins\u00e9curit\u00e9 alimentaire et la malnutrition \u00e9taient d\u00e9j\u00e0 \u00e9lev\u00e9es. \u00bb<\/p>\n<p>Ainsi les Centrafricains qui ne disposent ni d\u2019\u00e9pargne, ni de r\u00e9serves alimentaires, sont les plus impact\u00e9s dans un contexte sanitaire et s\u00e9curitaire totalement instable. C\u2019est pour cette raison que le directeur g\u00e9n\u00e9ral de l\u2019ICASEES appelle les autorit\u00e9s et les op\u00e9rateurs \u00e9conomiques \u00e0 se r\u00e9unir pour trouver ensemble une issue intelligente et durable \u00e0 cette flamb\u00e9e des prix.<\/p>\n<p>&nbsp;<\/p>\n","protected":false},"excerpt":{"rendered":"<p>Africa-Press &#8211; CentrAfricaine.\u00a0 \u00a0Alors que les prix sur les march\u00e9s avaient d\u00e9j\u00e0 augment\u00e9 avec la pand\u00e9mie de COVID 19, l\u2019ensemble des produits import\u00e9s de premi\u00e8res n\u00e9cessit\u00e9s connaissent une importante inflation des prix depuis d\u00e9cembre 2020, suite \u00e0 l\u2019intensification du conflit arm\u00e9 dans le pays. Des centaines de camions transportant des denr\u00e9es alimentaires, du mat\u00e9riel humanitaire [&hellip;]<\/p>\n","protected":false},"author":82,"featured_media":6035,"comment_status":"open","ping_status":"closed","sticky":false,"template":"","format":"standard","meta":{"footnotes":""},"categories":[21,11,10],"tags":[36,58,30],"class_list":["post-6036","post","type-post","status-publish","format-standard","has-post-thumbnail","hentry","category-communaute","category-homepage-french","category-toutes-les-actualites","tag-africa-press","tag-africa-press-centrafricaine","tag-centrafricaine"],"yoast_head":"<!-- This site is optimized with the Yoast SEO Premium plugin v26.1 (Yoast SEO v27.0) - https:\/\/yoast.com\/product\/yoast-seo-premium-wordpress\/ -->\n<title>La flamb\u00e9e des prix, flamb\u00e9e de l\u2019ins\u00e9curit\u00e9 alimentaire en RCA - centrafricaine<\/title>\n<meta name=\"description\" content=\"Bangui, R\u00e9publique centrafricaine, vendredi, 23 vendredi, 23 avril 2021, 08:44:31 ( Corbeaunews-Centrafrique ). ...\" \/>\n<meta name=\"robots\" content=\"index, follow, max-snippet:-1, max-image-preview:large, max-video-preview:-1\" \/>\n<link rel=\"canonical\" href=\"https:\/\/www.africa-press.net\/centrafricaine\/toutes-les-actualites\/la-flambee-des-prix-flambee-de-linsecurite-alimentaire-en-rca\" \/>\n<meta property=\"og:locale\" content=\"fr_FR\" \/>\n<meta property=\"og:type\" content=\"article\" \/>\n<meta property=\"og:title\" content=\"La flamb\u00e9e des prix, flamb\u00e9e de l\u2019ins\u00e9curit\u00e9 alimentaire en RCA\" \/>\n<meta property=\"og:description\" content=\"Bangui, R\u00e9publique centrafricaine, vendredi, 23 vendredi, 23 avril 2021, 08:44:31 ( Corbeaunews-Centrafrique ). ...\" \/>\n<meta property=\"og:url\" content=\"https:\/\/www.africa-press.net\/centrafricaine\/toutes-les-actualites\/la-flambee-des-prix-flambee-de-linsecurite-alimentaire-en-rca\" \/>\n<meta property=\"og:site_name\" content=\"centrafricaine\" \/>\n<meta property=\"article:published_time\" content=\"2021-04-24T13:00:25+00:00\" \/>\n<meta property=\"article:modified_time\" content=\"2021-04-24T17:22:39+00:00\" \/>\n<meta property=\"og:image\" content=\"https:\/\/static.africa-press.net\/centrafricaine\/sites\/45\/2021\/04\/img-608411e68cad5.jpg\" \/>\n\t<meta property=\"og:image:width\" content=\"750\" \/>\n\t<meta property=\"og:image:height\" content=\"561\" \/>\n\t<meta property=\"og:image:type\" content=\"image\/jpeg\" \/>\n<meta name=\"author\" content=\"cfeditorfr\" \/>\n<meta name=\"twitter:card\" content=\"summary_large_image\" \/>\n<meta name=\"twitter:label1\" content=\"\u00c9crit par\" \/>\n\t<meta name=\"twitter:data1\" content=\"cfeditorfr\" \/>\n\t<meta name=\"twitter:label2\" content=\"Dur\u00e9e de lecture estim\u00e9e\" \/>\n\t<meta name=\"twitter:data2\" content=\"2 minutes\" \/>\n<script type=\"application\/ld+json\" class=\"yoast-schema-graph\">{\"@context\":\"https:\/\/schema.org\",\"@graph\":[{\"@type\":\"Article\",\"@id\":\"https:\/\/www.africa-press.net\/centrafricaine\/toutes-les-actualites\/la-flambee-des-prix-flambee-de-linsecurite-alimentaire-en-rca#article\",\"isPartOf\":{\"@id\":\"https:\/\/www.africa-press.net\/centrafricaine\/toutes-les-actualites\/la-flambee-des-prix-flambee-de-linsecurite-alimentaire-en-rca\"},\"author\":{\"name\":\"cfeditorfr\",\"@id\":\"https:\/\/www.africa-press.net\/centrafricaine\/#\/schema\/person\/2b1cf3cd81a31e3cd26889ca66d677f1\"},\"headline\":\"La flamb\u00e9e des prix, flamb\u00e9e de l\u2019ins\u00e9curit\u00e9 alimentaire en RCA\",\"datePublished\":\"2021-04-24T13:00:25+00:00\",\"dateModified\":\"2021-04-24T17:22:39+00:00\",\"mainEntityOfPage\":{\"@id\":\"https:\/\/www.africa-press.net\/centrafricaine\/toutes-les-actualites\/la-flambee-des-prix-flambee-de-linsecurite-alimentaire-en-rca\"},\"wordCount\":480,\"commentCount\":0,\"image\":{\"@id\":\"https:\/\/www.africa-press.net\/centrafricaine\/toutes-les-actualites\/la-flambee-des-prix-flambee-de-linsecurite-alimentaire-en-rca#primaryimage\"},\"thumbnailUrl\":\"https:\/\/static.africa-press.net\/centrafricaine\/sites\/45\/2021\/04\/img-608411e68cad5.jpg\",\"keywords\":[\"Africa Press\",\"Africa Press-CentrAfricaine\",\"CentrAfricaine\"],\"articleSection\":[\"Communaut\u00e9\",\"homepage-french\",\"Toutes les actualit\u00e9s\"],\"inLanguage\":\"fr-FR\",\"potentialAction\":[{\"@type\":\"CommentAction\",\"name\":\"Comment\",\"target\":[\"https:\/\/www.africa-press.net\/centrafricaine\/toutes-les-actualites\/la-flambee-des-prix-flambee-de-linsecurite-alimentaire-en-rca#respond\"]}]},{\"@type\":\"WebPage\",\"@id\":\"https:\/\/www.africa-press.net\/centrafricaine\/toutes-les-actualites\/la-flambee-des-prix-flambee-de-linsecurite-alimentaire-en-rca\",\"url\":\"https:\/\/www.africa-press.net\/centrafricaine\/toutes-les-actualites\/la-flambee-des-prix-flambee-de-linsecurite-alimentaire-en-rca\",\"name\":\"La flamb\u00e9e des prix, flamb\u00e9e de l\u2019ins\u00e9curit\u00e9 alimentaire en RCA - centrafricaine\",\"isPartOf\":{\"@id\":\"https:\/\/www.africa-press.net\/centrafricaine\/#website\"},\"primaryImageOfPage\":{\"@id\":\"https:\/\/www.africa-press.net\/centrafricaine\/toutes-les-actualites\/la-flambee-des-prix-flambee-de-linsecurite-alimentaire-en-rca#primaryimage\"},\"image\":{\"@id\":\"https:\/\/www.africa-press.net\/centrafricaine\/toutes-les-actualites\/la-flambee-des-prix-flambee-de-linsecurite-alimentaire-en-rca#primaryimage\"},\"thumbnailUrl\":\"https:\/\/static.africa-press.net\/centrafricaine\/sites\/45\/2021\/04\/img-608411e68cad5.jpg\",\"datePublished\":\"2021-04-24T13:00:25+00:00\",\"dateModified\":\"2021-04-24T17:22:39+00:00\",\"author\":{\"@id\":\"https:\/\/www.africa-press.net\/centrafricaine\/#\/schema\/person\/2b1cf3cd81a31e3cd26889ca66d677f1\"},\"description\":\"Bangui, R\u00e9publique centrafricaine, vendredi, 23 vendredi, 23 avril 2021, 08:44:31 ( Corbeaunews-Centrafrique ). ...\",\"breadcrumb\":{\"@id\":\"https:\/\/www.africa-press.net\/centrafricaine\/toutes-les-actualites\/la-flambee-des-prix-flambee-de-linsecurite-alimentaire-en-rca#breadcrumb\"},\"inLanguage\":\"fr-FR\",\"potentialAction\":[{\"@type\":\"ReadAction\",\"target\":[\"https:\/\/www.africa-press.net\/centrafricaine\/toutes-les-actualites\/la-flambee-des-prix-flambee-de-linsecurite-alimentaire-en-rca\"]}]},{\"@type\":\"ImageObject\",\"inLanguage\":\"fr-FR\",\"@id\":\"https:\/\/www.africa-press.net\/centrafricaine\/toutes-les-actualites\/la-flambee-des-prix-flambee-de-linsecurite-alimentaire-en-rca#primaryimage\",\"url\":\"https:\/\/static.africa-press.net\/centrafricaine\/sites\/45\/2021\/04\/img-608411e68cad5.jpg\",\"contentUrl\":\"https:\/\/static.africa-press.net\/centrafricaine\/sites\/45\/2021\/04\/img-608411e68cad5.jpg\",\"width\":750,\"height\":561,\"caption\":\"La flamb\u00e9e des prix, flamb\u00e9e de l\u2019ins\u00e9curit\u00e9 alimentaire en RCA\"},{\"@type\":\"BreadcrumbList\",\"@id\":\"https:\/\/www.africa-press.net\/centrafricaine\/toutes-les-actualites\/la-flambee-des-prix-flambee-de-linsecurite-alimentaire-en-rca#breadcrumb\",\"itemListElement\":[{\"@type\":\"ListItem\",\"position\":1,\"name\":\"Accueil\",\"item\":\"https:\/\/www.africa-press.net\/centrafricaine\/\"},{\"@type\":\"ListItem\",\"position\":2,\"name\":\"La flamb\u00e9e des prix, flamb\u00e9e de l\u2019ins\u00e9curit\u00e9 alimentaire en RCA\"}]},{\"@type\":\"WebSite\",\"@id\":\"https:\/\/www.africa-press.net\/centrafricaine\/#website\",\"url\":\"https:\/\/www.africa-press.net\/centrafricaine\/\",\"name\":\"centrafricaine\",\"description\":\"Just another Africa News Agency Sites site\",\"potentialAction\":[{\"@type\":\"SearchAction\",\"target\":{\"@type\":\"EntryPoint\",\"urlTemplate\":\"https:\/\/www.africa-press.net\/centrafricaine\/?s={search_term_string}\"},\"query-input\":{\"@type\":\"PropertyValueSpecification\",\"valueRequired\":true,\"valueName\":\"search_term_string\"}}],\"inLanguage\":\"fr-FR\"},{\"@type\":\"Person\",\"@id\":\"https:\/\/www.africa-press.net\/centrafricaine\/#\/schema\/person\/2b1cf3cd81a31e3cd26889ca66d677f1\",\"name\":\"cfeditorfr\"}]}<\/script>\n<!-- \/ Yoast SEO Premium plugin. -->","yoast_head_json":{"title":"La flamb\u00e9e des prix, flamb\u00e9e de l\u2019ins\u00e9curit\u00e9 alimentaire en RCA - centrafricaine","description":"Bangui, R\u00e9publique centrafricaine, vendredi, 23 vendredi, 23 avril 2021, 08:44:31 ( Corbeaunews-Centrafrique ). ...","robots":{"index":"index","follow":"follow","max-snippet":"max-snippet:-1","max-image-preview":"max-image-preview:large","max-video-preview":"max-video-preview:-1"},"canonical":"https:\/\/www.africa-press.net\/centrafricaine\/toutes-les-actualites\/la-flambee-des-prix-flambee-de-linsecurite-alimentaire-en-rca","og_locale":"fr_FR","og_type":"article","og_title":"La flamb\u00e9e des prix, flamb\u00e9e de l\u2019ins\u00e9curit\u00e9 alimentaire en RCA","og_description":"Bangui, R\u00e9publique centrafricaine, vendredi, 23 vendredi, 23 avril 2021, 08:44:31 ( Corbeaunews-Centrafrique ). ...","og_url":"https:\/\/www.africa-press.net\/centrafricaine\/toutes-les-actualites\/la-flambee-des-prix-flambee-de-linsecurite-alimentaire-en-rca","og_site_name":"centrafricaine","article_published_time":"2021-04-24T13:00:25+00:00","article_modified_time":"2021-04-24T17:22:39+00:00","og_image":[{"width":750,"height":561,"url":"https:\/\/static.africa-press.net\/centrafricaine\/sites\/45\/2021\/04\/img-608411e68cad5.jpg","type":"image\/jpeg"}],"author":"cfeditorfr","twitter_card":"summary_large_image","twitter_misc":{"\u00c9crit par":"cfeditorfr","Dur\u00e9e de lecture estim\u00e9e":"2 minutes"},"schema":{"@context":"https:\/\/schema.org","@graph":[{"@type":"Article","@id":"https:\/\/www.africa-press.net\/centrafricaine\/toutes-les-actualites\/la-flambee-des-prix-flambee-de-linsecurite-alimentaire-en-rca#article","isPartOf":{"@id":"https:\/\/www.africa-press.net\/centrafricaine\/toutes-les-actualites\/la-flambee-des-prix-flambee-de-linsecurite-alimentaire-en-rca"},"author":{"name":"cfeditorfr","@id":"https:\/\/www.africa-press.net\/centrafricaine\/#\/schema\/person\/2b1cf3cd81a31e3cd26889ca66d677f1"},"headline":"La flamb\u00e9e des prix, flamb\u00e9e de l\u2019ins\u00e9curit\u00e9 alimentaire en RCA","datePublished":"2021-04-24T13:00:25+00:00","dateModified":"2021-04-24T17:22:39+00:00","mainEntityOfPage":{"@id":"https:\/\/www.africa-press.net\/centrafricaine\/toutes-les-actualites\/la-flambee-des-prix-flambee-de-linsecurite-alimentaire-en-rca"},"wordCount":480,"commentCount":0,"image":{"@id":"https:\/\/www.africa-press.net\/centrafricaine\/toutes-les-actualites\/la-flambee-des-prix-flambee-de-linsecurite-alimentaire-en-rca#primaryimage"},"thumbnailUrl":"https:\/\/static.africa-press.net\/centrafricaine\/sites\/45\/2021\/04\/img-608411e68cad5.jpg","keywords":["Africa Press","Africa Press-CentrAfricaine","CentrAfricaine"],"articleSection":["Communaut\u00e9","homepage-french","Toutes les actualit\u00e9s"],"inLanguage":"fr-FR","potentialAction":[{"@type":"CommentAction","name":"Comment","target":["https:\/\/www.africa-press.net\/centrafricaine\/toutes-les-actualites\/la-flambee-des-prix-flambee-de-linsecurite-alimentaire-en-rca#respond"]}]},{"@type":"WebPage","@id":"https:\/\/www.africa-press.net\/centrafricaine\/toutes-les-actualites\/la-flambee-des-prix-flambee-de-linsecurite-alimentaire-en-rca","url":"https:\/\/www.africa-press.net\/centrafricaine\/toutes-les-actualites\/la-flambee-des-prix-flambee-de-linsecurite-alimentaire-en-rca","name":"La flamb\u00e9e des prix, flamb\u00e9e de l\u2019ins\u00e9curit\u00e9 alimentaire en RCA - centrafricaine","isPartOf":{"@id":"https:\/\/www.africa-press.net\/centrafricaine\/#website"},"primaryImageOfPage":{"@id":"https:\/\/www.africa-press.net\/centrafricaine\/toutes-les-actualites\/la-flambee-des-prix-flambee-de-linsecurite-alimentaire-en-rca#primaryimage"},"image":{"@id":"https:\/\/www.africa-press.net\/centrafricaine\/toutes-les-actualites\/la-flambee-des-prix-flambee-de-linsecurite-alimentaire-en-rca#primaryimage"},"thumbnailUrl":"https:\/\/static.africa-press.net\/centrafricaine\/sites\/45\/2021\/04\/img-608411e68cad5.jpg","datePublished":"2021-04-24T13:00:25+00:00","dateModified":"2021-04-24T17:22:39+00:00","author":{"@id":"https:\/\/www.africa-press.net\/centrafricaine\/#\/schema\/person\/2b1cf3cd81a31e3cd26889ca66d677f1"},"description":"Bangui, R\u00e9publique centrafricaine, vendredi, 23 vendredi, 23 avril 2021, 08:44:31 ( Corbeaunews-Centrafrique ). ...","breadcrumb":{"@id":"https:\/\/www.africa-press.net\/centrafricaine\/toutes-les-actualites\/la-flambee-des-prix-flambee-de-linsecurite-alimentaire-en-rca#breadcrumb"},"inLanguage":"fr-FR","potentialAction":[{"@type":"ReadAction","target":["https:\/\/www.africa-press.net\/centrafricaine\/toutes-les-actualites\/la-flambee-des-prix-flambee-de-linsecurite-alimentaire-en-rca"]}]},{"@type":"ImageObject","inLanguage":"fr-FR","@id":"https:\/\/www.africa-press.net\/centrafricaine\/toutes-les-actualites\/la-flambee-des-prix-flambee-de-linsecurite-alimentaire-en-rca#primaryimage","url":"https:\/\/static.africa-press.net\/centrafricaine\/sites\/45\/2021\/04\/img-608411e68cad5.jpg","contentUrl":"https:\/\/static.africa-press.net\/centrafricaine\/sites\/45\/2021\/04\/img-608411e68cad5.jpg","width":750,"height":561,"caption":"La flamb\u00e9e des prix, flamb\u00e9e de l\u2019ins\u00e9curit\u00e9 alimentaire en RCA"},{"@type":"BreadcrumbList","@id":"https:\/\/www.africa-press.net\/centrafricaine\/toutes-les-actualites\/la-flambee-des-prix-flambee-de-linsecurite-alimentaire-en-rca#breadcrumb","itemListElement":[{"@type":"ListItem","position":1,"name":"Accueil","item":"https:\/\/www.africa-press.net\/centrafricaine\/"},{"@type":"ListItem","position":2,"name":"La flamb\u00e9e des prix, flamb\u00e9e de l\u2019ins\u00e9curit\u00e9 alimentaire en RCA"}]},{"@type":"WebSite","@id":"https:\/\/www.africa-press.net\/centrafricaine\/#website","url":"https:\/\/www.africa-press.net\/centrafricaine\/","name":"centrafricaine","description":"Just another Africa News Agency Sites site","potentialAction":[{"@type":"SearchAction","target":{"@type":"EntryPoint","urlTemplate":"https:\/\/www.africa-press.net\/centrafricaine\/?s={search_term_string}"},"query-input":{"@type":"PropertyValueSpecification","valueRequired":true,"valueName":"search_term_string"}}],"inLanguage":"fr-FR"},{"@type":"Person","@id":"https:\/\/www.africa-press.net\/centrafricaine\/#\/schema\/person\/2b1cf3cd81a31e3cd26889ca66d677f1","name":"cfeditorfr"}]}},"_links":{"self":[{"href":"https:\/\/www.africa-press.net\/centrafricaine\/wp-json\/wp\/v2\/posts\/6036","targetHints":{"allow":["GET"]}}],"collection":[{"href":"https:\/\/www.africa-press.net\/centrafricaine\/wp-json\/wp\/v2\/posts"}],"about":[{"href":"https:\/\/www.africa-press.net\/centrafricaine\/wp-json\/wp\/v2\/types\/post"}],"author":[{"embeddable":true,"href":"https:\/\/www.africa-press.net\/centrafricaine\/wp-json\/wp\/v2\/users\/82"}],"replies":[{"embeddable":true,"href":"https:\/\/www.africa-press.net\/centrafricaine\/wp-json\/wp\/v2\/comments?post=6036"}],"version-history":[{"count":0,"href":"https:\/\/www.africa-press.net\/centrafricaine\/wp-json\/wp\/v2\/posts\/6036\/revisions"}],"wp:featuredmedia":[{"embeddable":true,"href":"https:\/\/www.africa-press.net\/centrafricaine\/wp-json\/wp\/v2\/media\/6035"}],"wp:attachment":[{"href":"https:\/\/www.africa-press.net\/centrafricaine\/wp-json\/wp\/v2\/media?parent=6036"}],"wp:term":[{"taxonomy":"category","embeddable":true,"href":"https:\/\/www.africa-press.net\/centrafricaine\/wp-json\/wp\/v2\/categories?post=6036"},{"taxonomy":"post_tag","embeddable":true,"href":"https:\/\/www.africa-press.net\/centrafricaine\/wp-json\/wp\/v2\/tags?post=6036"}],"curies":[{"name":"wp","href":"https:\/\/api.w.org\/{rel}","templated":true}]}}