{"id":6048,"date":"2021-04-24T13:29:50","date_gmt":"2021-04-24T13:29:50","guid":{"rendered":"https:\/\/www.africa-press.net\/centrafricaine\/?p=6048"},"modified":"2021-04-24T17:24:46","modified_gmt":"2021-04-24T17:24:46","slug":"centrafrique-la-problematique-de-la-legalite-et-de-la-legitimite-du-gouvernement-post-investiture-du-president-de-la-republique","status":"publish","type":"post","link":"https:\/\/www.africa-press.net\/centrafricaine\/economie\/centrafrique-la-problematique-de-la-legalite-et-de-la-legitimite-du-gouvernement-post-investiture-du-president-de-la-republique","title":{"rendered":"LA PROBL\u00c9MATIQUE DE LA L\u00c9GALIT\u00c9 ET DE LA L\u00c9GITIMIT\u00c9 DU GOUVERNEMENT POST-INVESTITURE DU PR\u00c9SIDENT DE LA R\u00c9PUBLIQUE."},"content":{"rendered":"<p><span style=\"color: #ff6600\"><strong><a href=\"https:\/\/www.africa-press.net\/\">Africa-Press<\/a> &#8211; <a href=\"https:\/\/www.africa-press.net\/centrafricaine\">CentrAfricaine<\/a>. <\/strong><\/span>Apr\u00e8s un quinquennat tumultueux sold\u00e9 par un bilan mitig\u00e9, le peuple souverain a brav\u00e9 l\u2019inconfort du climat s\u00e9curitaire pour renouveler sa confiance au pr\u00e9sident de la r\u00e9publique pour un second mandat de cinq (5) ans. Au del\u00e0 de de toutes contestations tacites ou manifestes de la classe politique centrafricaine, l\u2019\u00e9lu de la nation est d\u00e9sormais le pr\u00e9sident de tous ceux qui se r\u00e9clament centrafricains. Cette confiance qui s\u2019apparente \u00e0 un ch\u00e8que en blanc est assortie de fa\u00e7on insipide d\u2019une obligation de r\u00e9sultats contrairement aux pr\u00e9c\u00e9dent mandat.<\/p>\n<p>Ce nouveau quinquennat semble mal commenc\u00e9 du point de vue juridique car le pr\u00e9sident de la r\u00e9publique h\u00e9site \u00e0 mettre en place un nouveau gouvernement pour l\u2019accomplissement de sa nouvelle feuille de route. N\u2019oublions pas qu\u2019officiellement le pouvoir centrafricain a h\u00e9rit\u00e9 la tradition d\u2019un r\u00e9gime pr\u00e9sidentiel o\u00f9 la totalit\u00e9 du pouvoir ex\u00e9cutif est d\u00e9tenu par un pr\u00e9sident \u00e9lu au suffrage universel et que ce dernier est irresponsable devant le parlement.<\/p>\n<p>N\u2019\u00e9tant \u00e0 contrario pas un r\u00e9gime parlementaire m\u00eame s\u2019il y a un semblant d\u2019\u00e9quilibre bas\u00e9 sur le principe de la s\u00e9paration de pouvoir pr\u00f4n\u00e9 par Montesquieu, le pr\u00e9sident de la r\u00e9publique n\u2019a pas \u00e0 attendre la coloration et la trajectoire rectiligne de l\u2019assembl\u00e9e nationale pour mettre en place un gouvernement m\u00eame provisoire.<\/p>\n<p>Il est \u00e9vident que conform\u00e9ment aux dispositions de l\u2019article 33 de la constitution qui donne mandat au pr\u00e9sident de la r\u00e9publique de nommer un premier ainsi que les membres du gouvernement, la constitution du 30 mars 2016 est muette sur l\u2019obligation de d\u00e9signer un nouveau gouvernement imm\u00e9diatement apr\u00e8s son investiture.<\/p>\n<p>Ce vide juridique est combl\u00e9 en filigrane par une pratique politique qui n\u2019a pas de fondement juridique mais rel\u00e8ve simplement d\u2019une vieille et constante coutume ou tradition r\u00e9publicaine. Vous conviendrez avec cette analyse qu\u2019un pr\u00e9sident de la r\u00e9publique \u00e9lu pour un mandat ne peut mettre en place un gouvernement au del\u00e0 de la limite de son mandat. Logiquement, le gouvernement actuel devrait remettre par courtoisie r\u00e9publicaine sa d\u00e9mission au pr\u00e9sident de la r\u00e9publique dans les jours qui suivent l\u2019investiture et le gouvernement d\u00e9missionnaire en retour doit assurer l\u2019int\u00e9rim en se consacrant exclusivement \u00e0 l\u2019\u00e9vacuation des \u00ab affaires courantes \u00bb jusqu\u2019\u00e0 la d\u00e9signation du nouveau gouvernement.<\/p>\n<p>Sachant qu\u2019un gouvernement int\u00e9rimaire ne peut prendre des grandes d\u00e9cisions qui engagent la vie de la nation, le citoyen lambda s\u2019interroge :<\/p>\n<p>Le gouvernement actuel est-il l\u00e9gal et l\u00e9gitime ?<\/p>\n<p>Peut-on affirmer que c\u2019est logique que certains membres du gouvernement ont fait plus d\u2019ann\u00e9es que la dur\u00e9e du quinquennat si ce n\u2019est d\u2019\u00e9vacuer les affaires courantes ?<\/p>\n<p>Au regard de l\u2019absence d\u2019une Assembl\u00e9e nationale constitu\u00e9e, combien de temps ce gouvernement continuera \u00e0 accompagner le pr\u00e9sident de la r\u00e9publique ?<\/p>\n<p>En attendant l\u2019organisation du deuxi\u00e8me tour partiel des l\u00e9gislatives, le pouvoir ne va t-elle pas enregistr\u00e9 de retard dans l\u2019amorce du second quinquennat ?<\/p>\n<p>Imaginons par projection que le pr\u00e9sident de la r\u00e9publique n\u2019\u00e9tait pas r\u00e9\u00e9lu, le nouveau \u00e9lu de la nation devrait tourner au ralenti sachant qu\u2019un gouvernement int\u00e9rimaire n\u2019a que de pouvoirs r\u00e9duits ?<\/p>\n<p>Au del\u00e0 de toutes pol\u00e9miques doctrinales, jurisprudentielles et juridiques sur la probl\u00e9matique de la l\u00e9galit\u00e9 et de la l\u00e9gitimit\u00e9 du gouvernement actuel, nous exhortons le pr\u00e9sident de la r\u00e9publique de d\u00e9signer un chef du gouvernement \u00e0 sa convenance le plus rapidement possible quitte \u00e0 le d\u00e9mettre ou le reconduire apr\u00e8s la configuration et la composition d\u00e9finitive de l\u2019assembl\u00e9e de la septi\u00e8me l\u00e9gislature\u2026<\/p>\n<p>sachez que votre choix de l\u2019opportunit\u00e9 peut attendre mais l\u2019int\u00e9r\u00eat sup\u00e9rieur de la nation ne d\u00e9pend pas de petits calculs politiciens et partisans.<\/p>\n<p>Mais attention, ne le dites \u00e0 personne. Si on vous demande, ne dites surtout pas que c\u2019est moi.<\/p>\n<p>&nbsp;<\/p>\n","protected":false},"excerpt":{"rendered":"<p>Africa-Press &#8211; CentrAfricaine. Apr\u00e8s un quinquennat tumultueux sold\u00e9 par un bilan mitig\u00e9, le peuple souverain a brav\u00e9 l\u2019inconfort du climat s\u00e9curitaire pour renouveler sa confiance au pr\u00e9sident de la r\u00e9publique pour un second mandat de cinq (5) ans. Au del\u00e0 de de toutes contestations tacites ou manifestes de la classe politique centrafricaine, l\u2019\u00e9lu de la [&hellip;]<\/p>\n","protected":false},"author":82,"featured_media":6047,"comment_status":"open","ping_status":"closed","sticky":false,"template":"","format":"standard","meta":{"footnotes":""},"categories":[3,11,20,10],"tags":[36,58,30],"class_list":["post-6048","post","type-post","status-publish","format-standard","has-post-thumbnail","hentry","category-economie","category-homepage-french","category-top-nouvelles","category-toutes-les-actualites","tag-africa-press","tag-africa-press-centrafricaine","tag-centrafricaine"],"yoast_head":"<!-- This site is optimized with the Yoast SEO Premium plugin v26.1 (Yoast SEO v27.0) - https:\/\/yoast.com\/product\/yoast-seo-premium-wordpress\/ -->\n<title>LA PROBL\u00c9MATIQUE DE LA L\u00c9GALIT\u00c9 ET DE LA L\u00c9GITIMIT\u00c9 DU GOUVERNEMENT POST-INVESTITURE DU PR\u00c9SIDENT DE LA R\u00c9PUBLIQUE. - centrafricaine<\/title>\n<meta name=\"description\" content=\"Bangui, R\u00e9publique centrafricaine, samedi, 24 avril 2021, 10:42:17 ( Corbeaunews-Centrafrique ). Apr\u00e8s un quinqu ...\" \/>\n<meta name=\"robots\" content=\"index, follow, max-snippet:-1, max-image-preview:large, max-video-preview:-1\" \/>\n<link rel=\"canonical\" href=\"https:\/\/www.africa-press.net\/centrafricaine\/economie\/centrafrique-la-problematique-de-la-legalite-et-de-la-legitimite-du-gouvernement-post-investiture-du-president-de-la-republique\" \/>\n<meta property=\"og:locale\" content=\"fr_FR\" \/>\n<meta property=\"og:type\" content=\"article\" \/>\n<meta property=\"og:title\" content=\"LA PROBL\u00c9MATIQUE DE LA L\u00c9GALIT\u00c9 ET DE LA L\u00c9GITIMIT\u00c9 DU GOUVERNEMENT POST-INVESTITURE DU PR\u00c9SIDENT DE LA R\u00c9PUBLIQUE.\" \/>\n<meta property=\"og:description\" content=\"Bangui, R\u00e9publique centrafricaine, samedi, 24 avril 2021, 10:42:17 ( Corbeaunews-Centrafrique ). Apr\u00e8s un quinqu ...\" \/>\n<meta property=\"og:url\" content=\"https:\/\/www.africa-press.net\/centrafricaine\/economie\/centrafrique-la-problematique-de-la-legalite-et-de-la-legitimite-du-gouvernement-post-investiture-du-president-de-la-republique\" \/>\n<meta property=\"og:site_name\" content=\"centrafricaine\" \/>\n<meta property=\"article:published_time\" content=\"2021-04-24T13:29:50+00:00\" \/>\n<meta property=\"article:modified_time\" content=\"2021-04-24T17:24:46+00:00\" \/>\n<meta property=\"og:image\" content=\"https:\/\/static.africa-press.net\/centrafricaine\/sites\/45\/2021\/04\/img-608412b2a0cb8.jpg\" \/>\n\t<meta property=\"og:image:width\" content=\"750\" \/>\n\t<meta property=\"og:image:height\" content=\"562\" \/>\n\t<meta property=\"og:image:type\" content=\"image\/jpeg\" \/>\n<meta name=\"author\" content=\"cfeditorfr\" \/>\n<meta name=\"twitter:card\" content=\"summary_large_image\" \/>\n<meta name=\"twitter:label1\" content=\"\u00c9crit par\" \/>\n\t<meta name=\"twitter:data1\" content=\"cfeditorfr\" \/>\n\t<meta name=\"twitter:label2\" content=\"Dur\u00e9e de lecture estim\u00e9e\" \/>\n\t<meta name=\"twitter:data2\" content=\"3 minutes\" \/>\n<script type=\"application\/ld+json\" class=\"yoast-schema-graph\">{\"@context\":\"https:\/\/schema.org\",\"@graph\":[{\"@type\":\"Article\",\"@id\":\"https:\/\/www.africa-press.net\/centrafricaine\/economie\/centrafrique-la-problematique-de-la-legalite-et-de-la-legitimite-du-gouvernement-post-investiture-du-president-de-la-republique#article\",\"isPartOf\":{\"@id\":\"https:\/\/www.africa-press.net\/centrafricaine\/economie\/centrafrique-la-problematique-de-la-legalite-et-de-la-legitimite-du-gouvernement-post-investiture-du-president-de-la-republique\"},\"author\":{\"name\":\"cfeditorfr\",\"@id\":\"https:\/\/www.africa-press.net\/centrafricaine\/#\/schema\/person\/2b1cf3cd81a31e3cd26889ca66d677f1\"},\"headline\":\"LA PROBL\u00c9MATIQUE DE LA L\u00c9GALIT\u00c9 ET DE LA L\u00c9GITIMIT\u00c9 DU GOUVERNEMENT POST-INVESTITURE DU PR\u00c9SIDENT DE LA R\u00c9PUBLIQUE.\",\"datePublished\":\"2021-04-24T13:29:50+00:00\",\"dateModified\":\"2021-04-24T17:24:46+00:00\",\"mainEntityOfPage\":{\"@id\":\"https:\/\/www.africa-press.net\/centrafricaine\/economie\/centrafrique-la-problematique-de-la-legalite-et-de-la-legitimite-du-gouvernement-post-investiture-du-president-de-la-republique\"},\"wordCount\":724,\"commentCount\":0,\"image\":{\"@id\":\"https:\/\/www.africa-press.net\/centrafricaine\/economie\/centrafrique-la-problematique-de-la-legalite-et-de-la-legitimite-du-gouvernement-post-investiture-du-president-de-la-republique#primaryimage\"},\"thumbnailUrl\":\"https:\/\/static.africa-press.net\/centrafricaine\/sites\/45\/2021\/04\/img-608412b2a0cb8.jpg\",\"keywords\":[\"Africa Press\",\"Africa Press-CentrAfricaine\",\"CentrAfricaine\"],\"articleSection\":[\"\u00c9conomie\",\"homepage-french\",\"Top Nouvelles\",\"Toutes les actualit\u00e9s\"],\"inLanguage\":\"fr-FR\",\"potentialAction\":[{\"@type\":\"CommentAction\",\"name\":\"Comment\",\"target\":[\"https:\/\/www.africa-press.net\/centrafricaine\/economie\/centrafrique-la-problematique-de-la-legalite-et-de-la-legitimite-du-gouvernement-post-investiture-du-president-de-la-republique#respond\"]}]},{\"@type\":\"WebPage\",\"@id\":\"https:\/\/www.africa-press.net\/centrafricaine\/economie\/centrafrique-la-problematique-de-la-legalite-et-de-la-legitimite-du-gouvernement-post-investiture-du-president-de-la-republique\",\"url\":\"https:\/\/www.africa-press.net\/centrafricaine\/economie\/centrafrique-la-problematique-de-la-legalite-et-de-la-legitimite-du-gouvernement-post-investiture-du-president-de-la-republique\",\"name\":\"LA PROBL\u00c9MATIQUE DE LA L\u00c9GALIT\u00c9 ET DE LA L\u00c9GITIMIT\u00c9 DU GOUVERNEMENT POST-INVESTITURE DU PR\u00c9SIDENT DE LA R\u00c9PUBLIQUE. - centrafricaine\",\"isPartOf\":{\"@id\":\"https:\/\/www.africa-press.net\/centrafricaine\/#website\"},\"primaryImageOfPage\":{\"@id\":\"https:\/\/www.africa-press.net\/centrafricaine\/economie\/centrafrique-la-problematique-de-la-legalite-et-de-la-legitimite-du-gouvernement-post-investiture-du-president-de-la-republique#primaryimage\"},\"image\":{\"@id\":\"https:\/\/www.africa-press.net\/centrafricaine\/economie\/centrafrique-la-problematique-de-la-legalite-et-de-la-legitimite-du-gouvernement-post-investiture-du-president-de-la-republique#primaryimage\"},\"thumbnailUrl\":\"https:\/\/static.africa-press.net\/centrafricaine\/sites\/45\/2021\/04\/img-608412b2a0cb8.jpg\",\"datePublished\":\"2021-04-24T13:29:50+00:00\",\"dateModified\":\"2021-04-24T17:24:46+00:00\",\"author\":{\"@id\":\"https:\/\/www.africa-press.net\/centrafricaine\/#\/schema\/person\/2b1cf3cd81a31e3cd26889ca66d677f1\"},\"description\":\"Bangui, R\u00e9publique centrafricaine, samedi, 24 avril 2021, 10:42:17 ( Corbeaunews-Centrafrique ). Apr\u00e8s un quinqu ...\",\"breadcrumb\":{\"@id\":\"https:\/\/www.africa-press.net\/centrafricaine\/economie\/centrafrique-la-problematique-de-la-legalite-et-de-la-legitimite-du-gouvernement-post-investiture-du-president-de-la-republique#breadcrumb\"},\"inLanguage\":\"fr-FR\",\"potentialAction\":[{\"@type\":\"ReadAction\",\"target\":[\"https:\/\/www.africa-press.net\/centrafricaine\/economie\/centrafrique-la-problematique-de-la-legalite-et-de-la-legitimite-du-gouvernement-post-investiture-du-president-de-la-republique\"]}]},{\"@type\":\"ImageObject\",\"inLanguage\":\"fr-FR\",\"@id\":\"https:\/\/www.africa-press.net\/centrafricaine\/economie\/centrafrique-la-problematique-de-la-legalite-et-de-la-legitimite-du-gouvernement-post-investiture-du-president-de-la-republique#primaryimage\",\"url\":\"https:\/\/static.africa-press.net\/centrafricaine\/sites\/45\/2021\/04\/img-608412b2a0cb8.jpg\",\"contentUrl\":\"https:\/\/static.africa-press.net\/centrafricaine\/sites\/45\/2021\/04\/img-608412b2a0cb8.jpg\",\"width\":750,\"height\":562,\"caption\":\"CENTRAFRIQUE : LA PROBL\u00c9MATIQUE DE LA L\u00c9GALIT\u00c9 ET DE LA L\u00c9GITIMIT\u00c9 DU GOUVERNEMENT POST-INVESTITURE DU PR\u00c9SIDENT DE LA R\u00c9PUBLIQUE.\"},{\"@type\":\"BreadcrumbList\",\"@id\":\"https:\/\/www.africa-press.net\/centrafricaine\/economie\/centrafrique-la-problematique-de-la-legalite-et-de-la-legitimite-du-gouvernement-post-investiture-du-president-de-la-republique#breadcrumb\",\"itemListElement\":[{\"@type\":\"ListItem\",\"position\":1,\"name\":\"Accueil\",\"item\":\"https:\/\/www.africa-press.net\/centrafricaine\/\"},{\"@type\":\"ListItem\",\"position\":2,\"name\":\"LA PROBL\u00c9MATIQUE DE LA L\u00c9GALIT\u00c9 ET DE LA L\u00c9GITIMIT\u00c9 DU GOUVERNEMENT POST-INVESTITURE DU PR\u00c9SIDENT DE LA R\u00c9PUBLIQUE.\"}]},{\"@type\":\"WebSite\",\"@id\":\"https:\/\/www.africa-press.net\/centrafricaine\/#website\",\"url\":\"https:\/\/www.africa-press.net\/centrafricaine\/\",\"name\":\"centrafricaine\",\"description\":\"Just another Africa News Agency Sites site\",\"potentialAction\":[{\"@type\":\"SearchAction\",\"target\":{\"@type\":\"EntryPoint\",\"urlTemplate\":\"https:\/\/www.africa-press.net\/centrafricaine\/?s={search_term_string}\"},\"query-input\":{\"@type\":\"PropertyValueSpecification\",\"valueRequired\":true,\"valueName\":\"search_term_string\"}}],\"inLanguage\":\"fr-FR\"},{\"@type\":\"Person\",\"@id\":\"https:\/\/www.africa-press.net\/centrafricaine\/#\/schema\/person\/2b1cf3cd81a31e3cd26889ca66d677f1\",\"name\":\"cfeditorfr\"}]}<\/script>\n<!-- \/ Yoast SEO Premium plugin. -->","yoast_head_json":{"title":"LA PROBL\u00c9MATIQUE DE LA L\u00c9GALIT\u00c9 ET DE LA L\u00c9GITIMIT\u00c9 DU GOUVERNEMENT POST-INVESTITURE DU PR\u00c9SIDENT DE LA R\u00c9PUBLIQUE. - centrafricaine","description":"Bangui, R\u00e9publique centrafricaine, samedi, 24 avril 2021, 10:42:17 ( Corbeaunews-Centrafrique ). Apr\u00e8s un quinqu ...","robots":{"index":"index","follow":"follow","max-snippet":"max-snippet:-1","max-image-preview":"max-image-preview:large","max-video-preview":"max-video-preview:-1"},"canonical":"https:\/\/www.africa-press.net\/centrafricaine\/economie\/centrafrique-la-problematique-de-la-legalite-et-de-la-legitimite-du-gouvernement-post-investiture-du-president-de-la-republique","og_locale":"fr_FR","og_type":"article","og_title":"LA PROBL\u00c9MATIQUE DE LA L\u00c9GALIT\u00c9 ET DE LA L\u00c9GITIMIT\u00c9 DU GOUVERNEMENT POST-INVESTITURE DU PR\u00c9SIDENT DE LA R\u00c9PUBLIQUE.","og_description":"Bangui, R\u00e9publique centrafricaine, samedi, 24 avril 2021, 10:42:17 ( Corbeaunews-Centrafrique ). Apr\u00e8s un quinqu ...","og_url":"https:\/\/www.africa-press.net\/centrafricaine\/economie\/centrafrique-la-problematique-de-la-legalite-et-de-la-legitimite-du-gouvernement-post-investiture-du-president-de-la-republique","og_site_name":"centrafricaine","article_published_time":"2021-04-24T13:29:50+00:00","article_modified_time":"2021-04-24T17:24:46+00:00","og_image":[{"width":750,"height":562,"url":"https:\/\/static.africa-press.net\/centrafricaine\/sites\/45\/2021\/04\/img-608412b2a0cb8.jpg","type":"image\/jpeg"}],"author":"cfeditorfr","twitter_card":"summary_large_image","twitter_misc":{"\u00c9crit par":"cfeditorfr","Dur\u00e9e de lecture estim\u00e9e":"3 minutes"},"schema":{"@context":"https:\/\/schema.org","@graph":[{"@type":"Article","@id":"https:\/\/www.africa-press.net\/centrafricaine\/economie\/centrafrique-la-problematique-de-la-legalite-et-de-la-legitimite-du-gouvernement-post-investiture-du-president-de-la-republique#article","isPartOf":{"@id":"https:\/\/www.africa-press.net\/centrafricaine\/economie\/centrafrique-la-problematique-de-la-legalite-et-de-la-legitimite-du-gouvernement-post-investiture-du-president-de-la-republique"},"author":{"name":"cfeditorfr","@id":"https:\/\/www.africa-press.net\/centrafricaine\/#\/schema\/person\/2b1cf3cd81a31e3cd26889ca66d677f1"},"headline":"LA PROBL\u00c9MATIQUE DE LA L\u00c9GALIT\u00c9 ET DE LA L\u00c9GITIMIT\u00c9 DU GOUVERNEMENT POST-INVESTITURE DU PR\u00c9SIDENT DE LA R\u00c9PUBLIQUE.","datePublished":"2021-04-24T13:29:50+00:00","dateModified":"2021-04-24T17:24:46+00:00","mainEntityOfPage":{"@id":"https:\/\/www.africa-press.net\/centrafricaine\/economie\/centrafrique-la-problematique-de-la-legalite-et-de-la-legitimite-du-gouvernement-post-investiture-du-president-de-la-republique"},"wordCount":724,"commentCount":0,"image":{"@id":"https:\/\/www.africa-press.net\/centrafricaine\/economie\/centrafrique-la-problematique-de-la-legalite-et-de-la-legitimite-du-gouvernement-post-investiture-du-president-de-la-republique#primaryimage"},"thumbnailUrl":"https:\/\/static.africa-press.net\/centrafricaine\/sites\/45\/2021\/04\/img-608412b2a0cb8.jpg","keywords":["Africa Press","Africa Press-CentrAfricaine","CentrAfricaine"],"articleSection":["\u00c9conomie","homepage-french","Top Nouvelles","Toutes les actualit\u00e9s"],"inLanguage":"fr-FR","potentialAction":[{"@type":"CommentAction","name":"Comment","target":["https:\/\/www.africa-press.net\/centrafricaine\/economie\/centrafrique-la-problematique-de-la-legalite-et-de-la-legitimite-du-gouvernement-post-investiture-du-president-de-la-republique#respond"]}]},{"@type":"WebPage","@id":"https:\/\/www.africa-press.net\/centrafricaine\/economie\/centrafrique-la-problematique-de-la-legalite-et-de-la-legitimite-du-gouvernement-post-investiture-du-president-de-la-republique","url":"https:\/\/www.africa-press.net\/centrafricaine\/economie\/centrafrique-la-problematique-de-la-legalite-et-de-la-legitimite-du-gouvernement-post-investiture-du-president-de-la-republique","name":"LA PROBL\u00c9MATIQUE DE LA L\u00c9GALIT\u00c9 ET DE LA L\u00c9GITIMIT\u00c9 DU GOUVERNEMENT POST-INVESTITURE DU PR\u00c9SIDENT DE LA R\u00c9PUBLIQUE. - centrafricaine","isPartOf":{"@id":"https:\/\/www.africa-press.net\/centrafricaine\/#website"},"primaryImageOfPage":{"@id":"https:\/\/www.africa-press.net\/centrafricaine\/economie\/centrafrique-la-problematique-de-la-legalite-et-de-la-legitimite-du-gouvernement-post-investiture-du-president-de-la-republique#primaryimage"},"image":{"@id":"https:\/\/www.africa-press.net\/centrafricaine\/economie\/centrafrique-la-problematique-de-la-legalite-et-de-la-legitimite-du-gouvernement-post-investiture-du-president-de-la-republique#primaryimage"},"thumbnailUrl":"https:\/\/static.africa-press.net\/centrafricaine\/sites\/45\/2021\/04\/img-608412b2a0cb8.jpg","datePublished":"2021-04-24T13:29:50+00:00","dateModified":"2021-04-24T17:24:46+00:00","author":{"@id":"https:\/\/www.africa-press.net\/centrafricaine\/#\/schema\/person\/2b1cf3cd81a31e3cd26889ca66d677f1"},"description":"Bangui, R\u00e9publique centrafricaine, samedi, 24 avril 2021, 10:42:17 ( Corbeaunews-Centrafrique ). Apr\u00e8s un quinqu ...","breadcrumb":{"@id":"https:\/\/www.africa-press.net\/centrafricaine\/economie\/centrafrique-la-problematique-de-la-legalite-et-de-la-legitimite-du-gouvernement-post-investiture-du-president-de-la-republique#breadcrumb"},"inLanguage":"fr-FR","potentialAction":[{"@type":"ReadAction","target":["https:\/\/www.africa-press.net\/centrafricaine\/economie\/centrafrique-la-problematique-de-la-legalite-et-de-la-legitimite-du-gouvernement-post-investiture-du-president-de-la-republique"]}]},{"@type":"ImageObject","inLanguage":"fr-FR","@id":"https:\/\/www.africa-press.net\/centrafricaine\/economie\/centrafrique-la-problematique-de-la-legalite-et-de-la-legitimite-du-gouvernement-post-investiture-du-president-de-la-republique#primaryimage","url":"https:\/\/static.africa-press.net\/centrafricaine\/sites\/45\/2021\/04\/img-608412b2a0cb8.jpg","contentUrl":"https:\/\/static.africa-press.net\/centrafricaine\/sites\/45\/2021\/04\/img-608412b2a0cb8.jpg","width":750,"height":562,"caption":"CENTRAFRIQUE : LA PROBL\u00c9MATIQUE DE LA L\u00c9GALIT\u00c9 ET DE LA L\u00c9GITIMIT\u00c9 DU GOUVERNEMENT POST-INVESTITURE DU PR\u00c9SIDENT DE LA R\u00c9PUBLIQUE."},{"@type":"BreadcrumbList","@id":"https:\/\/www.africa-press.net\/centrafricaine\/economie\/centrafrique-la-problematique-de-la-legalite-et-de-la-legitimite-du-gouvernement-post-investiture-du-president-de-la-republique#breadcrumb","itemListElement":[{"@type":"ListItem","position":1,"name":"Accueil","item":"https:\/\/www.africa-press.net\/centrafricaine\/"},{"@type":"ListItem","position":2,"name":"LA PROBL\u00c9MATIQUE DE LA L\u00c9GALIT\u00c9 ET DE LA L\u00c9GITIMIT\u00c9 DU GOUVERNEMENT POST-INVESTITURE DU PR\u00c9SIDENT DE LA R\u00c9PUBLIQUE."}]},{"@type":"WebSite","@id":"https:\/\/www.africa-press.net\/centrafricaine\/#website","url":"https:\/\/www.africa-press.net\/centrafricaine\/","name":"centrafricaine","description":"Just another Africa News Agency Sites site","potentialAction":[{"@type":"SearchAction","target":{"@type":"EntryPoint","urlTemplate":"https:\/\/www.africa-press.net\/centrafricaine\/?s={search_term_string}"},"query-input":{"@type":"PropertyValueSpecification","valueRequired":true,"valueName":"search_term_string"}}],"inLanguage":"fr-FR"},{"@type":"Person","@id":"https:\/\/www.africa-press.net\/centrafricaine\/#\/schema\/person\/2b1cf3cd81a31e3cd26889ca66d677f1","name":"cfeditorfr"}]}},"_links":{"self":[{"href":"https:\/\/www.africa-press.net\/centrafricaine\/wp-json\/wp\/v2\/posts\/6048","targetHints":{"allow":["GET"]}}],"collection":[{"href":"https:\/\/www.africa-press.net\/centrafricaine\/wp-json\/wp\/v2\/posts"}],"about":[{"href":"https:\/\/www.africa-press.net\/centrafricaine\/wp-json\/wp\/v2\/types\/post"}],"author":[{"embeddable":true,"href":"https:\/\/www.africa-press.net\/centrafricaine\/wp-json\/wp\/v2\/users\/82"}],"replies":[{"embeddable":true,"href":"https:\/\/www.africa-press.net\/centrafricaine\/wp-json\/wp\/v2\/comments?post=6048"}],"version-history":[{"count":0,"href":"https:\/\/www.africa-press.net\/centrafricaine\/wp-json\/wp\/v2\/posts\/6048\/revisions"}],"wp:featuredmedia":[{"embeddable":true,"href":"https:\/\/www.africa-press.net\/centrafricaine\/wp-json\/wp\/v2\/media\/6047"}],"wp:attachment":[{"href":"https:\/\/www.africa-press.net\/centrafricaine\/wp-json\/wp\/v2\/media?parent=6048"}],"wp:term":[{"taxonomy":"category","embeddable":true,"href":"https:\/\/www.africa-press.net\/centrafricaine\/wp-json\/wp\/v2\/categories?post=6048"},{"taxonomy":"post_tag","embeddable":true,"href":"https:\/\/www.africa-press.net\/centrafricaine\/wp-json\/wp\/v2\/tags?post=6048"}],"curies":[{"name":"wp","href":"https:\/\/api.w.org\/{rel}","templated":true}]}}