{"id":6057,"date":"2021-04-24T13:55:41","date_gmt":"2021-04-24T13:55:41","guid":{"rendered":"https:\/\/www.africa-press.net\/centrafricaine\/?p=6057"},"modified":"2021-04-24T17:37:15","modified_gmt":"2021-04-24T17:37:15","slug":"covid-19-lafrique-enfin-a-lheure-du-vaccin","status":"publish","type":"post","link":"https:\/\/www.africa-press.net\/centrafricaine\/toutes-les-actualites\/covid-19-lafrique-enfin-a-lheure-du-vaccin","title":{"rendered":"Covid-19 : l\u2019Afrique, (enfin) \u00e0 l\u2019heure du vaccin ?"},"content":{"rendered":"<p><span style=\"color: #ff6600\"><strong><a href=\"https:\/\/www.africa-press.net\/\">Africa-Press<\/a> &#8211; <a href=\"https:\/\/www.africa-press.net\/centrafricaine\">CentrAfricaine<\/a>.\u00a0 <\/strong><\/span>Pendant que le monde entier se lance dans une course au vaccin contre la Covid-19, le continent africain entend, lui aussi, se mettre \u00e0 l\u2019heure universelle. Repr\u00e9sentant 16 % de la population mondiale, l\u2019Afrique produit pour l\u2019instant 0,1% des vaccins et repr\u00e9sente pr\u00e8s de 2% des 690 millions de doses de vaccins contre la Covid d\u00e9j\u00e0 administr\u00e9es dans le monde, selon l\u2019OMS. Ainsi, ce sont plus de 13,6 millions de doses de vaccin qui ont d\u00e9j\u00e0 \u00e9t\u00e9 administr\u00e9es en Afrique.<\/p>\n<p>Cependant, l\u2019Afrique entend bien jouer son r\u00f4le dans cette course aux vaccins alors que le nombre de cas augmente. En effet, certains pays du continent ont d\u00e9cid\u00e9 de financer des recherches pour trouver leur propre vaccin contre le coronavirus, comme l\u2019\u00c9gypte et le Nigeria.<\/p>\n<p>D\u2019autres pays pr\u00e9f\u00e8rent adopter une toute autre strat\u00e9gie. Cette derni\u00e8re consiste \u00e0 produire localement des vaccins \u00e9trangers. Ces vaccins locaux seront dans un premier temps distribu\u00e9s aux populations locales avant d\u2019\u00eatre export\u00e9s ailleurs dans le continent. C\u2019est le cas de pays comme le Maroc, le S\u00e9n\u00e9gal ou encore l\u2019Afrique du Sud o\u00f9 le laboratoire am\u00e9ricain Johnson &amp; Johnson (J&amp;J) a conclu le 2 novembre 2020 un accord avec le groupe sud-africain Aspen pour produire et distribuer son vaccin sur le continent.<\/p>\n<p>Ces efforts nationaux sont en phase avec l\u2019action de l\u2019Union Africaine qui va commander 672 millions de doses pour couvrir 38% de la population africaine d\u2019ici la fin 2022, dans le cadre de son initiative African Vaccine Acquisition Task Team (AVATT).<\/p>\n<p>Enfin, \u00e0 l\u2019instar des autres continents touch\u00e9s par la pand\u00e9mie, l\u2019Afrique a vu son syst\u00e8me sanitaire mis \u00e0 rude \u00e9preuve. D\u00e8s la sortie de cette crise, la question de la r\u00e9forme du syst\u00e8me sanitaire se posera et la volont\u00e9 d\u2019y parvenir sera primordiale.<\/p>\n<p>Car, comme dit l\u2019adage, \u00abmieux vaut pr\u00e9venir que gu\u00e9rir\u00bb.<\/p>\n<p>&nbsp;<\/p>\n","protected":false},"excerpt":{"rendered":"<p>Africa-Press &#8211; CentrAfricaine.\u00a0 Pendant que le monde entier se lance dans une course au vaccin contre la Covid-19, le continent africain entend, lui aussi, se mettre \u00e0 l\u2019heure universelle. Repr\u00e9sentant 16 % de la population mondiale, l\u2019Afrique produit pour l\u2019instant 0,1% des vaccins et repr\u00e9sente pr\u00e8s de 2% des 690 millions de doses de vaccins [&hellip;]<\/p>\n","protected":false},"author":82,"featured_media":6056,"comment_status":"open","ping_status":"closed","sticky":false,"template":"","format":"standard","meta":{"footnotes":""},"categories":[22,11,10],"tags":[36,58,30],"class_list":["post-6057","post","type-post","status-publish","format-standard","has-post-thumbnail","hentry","category-divers","category-homepage-french","category-toutes-les-actualites","tag-africa-press","tag-africa-press-centrafricaine","tag-centrafricaine"],"yoast_head":"<!-- This site is optimized with the Yoast SEO Premium plugin v26.1 (Yoast SEO v27.0) - https:\/\/yoast.com\/product\/yoast-seo-premium-wordpress\/ -->\n<title>Covid-19 : l\u2019Afrique, (enfin) \u00e0 l\u2019heure du vaccin ? - centrafricaine<\/title>\n<meta name=\"description\" content=\"Bangui, R\u00e9publique centrafricaine, samedi, 24 avril 2021, 10:57:42 ( Corbeaunews-Centrafrique ). Pendant que le ...\" \/>\n<meta name=\"robots\" content=\"index, follow, max-snippet:-1, max-image-preview:large, max-video-preview:-1\" \/>\n<link rel=\"canonical\" href=\"https:\/\/www.africa-press.net\/centrafricaine\/toutes-les-actualites\/covid-19-lafrique-enfin-a-lheure-du-vaccin\" \/>\n<meta property=\"og:locale\" content=\"fr_FR\" \/>\n<meta property=\"og:type\" content=\"article\" \/>\n<meta property=\"og:title\" content=\"Covid-19 : l\u2019Afrique, (enfin) \u00e0 l\u2019heure du vaccin ?\" \/>\n<meta property=\"og:description\" content=\"Bangui, R\u00e9publique centrafricaine, samedi, 24 avril 2021, 10:57:42 ( Corbeaunews-Centrafrique ). Pendant que le ...\" \/>\n<meta property=\"og:url\" content=\"https:\/\/www.africa-press.net\/centrafricaine\/toutes-les-actualites\/covid-19-lafrique-enfin-a-lheure-du-vaccin\" \/>\n<meta property=\"og:site_name\" content=\"centrafricaine\" \/>\n<meta property=\"article:published_time\" content=\"2021-04-24T13:55:41+00:00\" \/>\n<meta property=\"article:modified_time\" content=\"2021-04-24T17:37:15+00:00\" \/>\n<meta property=\"og:image\" content=\"https:\/\/static.africa-press.net\/centrafricaine\/sites\/45\/2021\/04\/img-6084135b2d1db.jpg\" \/>\n\t<meta property=\"og:image:width\" content=\"1000\" \/>\n\t<meta property=\"og:image:height\" content=\"666\" \/>\n\t<meta property=\"og:image:type\" content=\"image\/jpeg\" \/>\n<meta name=\"author\" content=\"cfeditorfr\" \/>\n<meta name=\"twitter:card\" content=\"summary_large_image\" \/>\n<meta name=\"twitter:label1\" content=\"\u00c9crit par\" \/>\n\t<meta name=\"twitter:data1\" content=\"cfeditorfr\" \/>\n\t<meta name=\"twitter:label2\" content=\"Dur\u00e9e de lecture estim\u00e9e\" \/>\n\t<meta name=\"twitter:data2\" content=\"2 minutes\" \/>\n<script type=\"application\/ld+json\" class=\"yoast-schema-graph\">{\"@context\":\"https:\/\/schema.org\",\"@graph\":[{\"@type\":\"Article\",\"@id\":\"https:\/\/www.africa-press.net\/centrafricaine\/toutes-les-actualites\/covid-19-lafrique-enfin-a-lheure-du-vaccin#article\",\"isPartOf\":{\"@id\":\"https:\/\/www.africa-press.net\/centrafricaine\/toutes-les-actualites\/covid-19-lafrique-enfin-a-lheure-du-vaccin\"},\"author\":{\"name\":\"cfeditorfr\",\"@id\":\"https:\/\/www.africa-press.net\/centrafricaine\/#\/schema\/person\/2b1cf3cd81a31e3cd26889ca66d677f1\"},\"headline\":\"Covid-19 : l\u2019Afrique, (enfin) \u00e0 l\u2019heure du vaccin ?\",\"datePublished\":\"2021-04-24T13:55:41+00:00\",\"dateModified\":\"2021-04-24T17:37:15+00:00\",\"mainEntityOfPage\":{\"@id\":\"https:\/\/www.africa-press.net\/centrafricaine\/toutes-les-actualites\/covid-19-lafrique-enfin-a-lheure-du-vaccin\"},\"wordCount\":340,\"commentCount\":0,\"image\":{\"@id\":\"https:\/\/www.africa-press.net\/centrafricaine\/toutes-les-actualites\/covid-19-lafrique-enfin-a-lheure-du-vaccin#primaryimage\"},\"thumbnailUrl\":\"https:\/\/static.africa-press.net\/centrafricaine\/sites\/45\/2021\/04\/img-6084135b2d1db.jpg\",\"keywords\":[\"Africa Press\",\"Africa Press-CentrAfricaine\",\"CentrAfricaine\"],\"articleSection\":[\"Divers\",\"homepage-french\",\"Toutes les actualit\u00e9s\"],\"inLanguage\":\"fr-FR\",\"potentialAction\":[{\"@type\":\"CommentAction\",\"name\":\"Comment\",\"target\":[\"https:\/\/www.africa-press.net\/centrafricaine\/toutes-les-actualites\/covid-19-lafrique-enfin-a-lheure-du-vaccin#respond\"]}]},{\"@type\":\"WebPage\",\"@id\":\"https:\/\/www.africa-press.net\/centrafricaine\/toutes-les-actualites\/covid-19-lafrique-enfin-a-lheure-du-vaccin\",\"url\":\"https:\/\/www.africa-press.net\/centrafricaine\/toutes-les-actualites\/covid-19-lafrique-enfin-a-lheure-du-vaccin\",\"name\":\"Covid-19 : l\u2019Afrique, (enfin) \u00e0 l\u2019heure du vaccin ? - centrafricaine\",\"isPartOf\":{\"@id\":\"https:\/\/www.africa-press.net\/centrafricaine\/#website\"},\"primaryImageOfPage\":{\"@id\":\"https:\/\/www.africa-press.net\/centrafricaine\/toutes-les-actualites\/covid-19-lafrique-enfin-a-lheure-du-vaccin#primaryimage\"},\"image\":{\"@id\":\"https:\/\/www.africa-press.net\/centrafricaine\/toutes-les-actualites\/covid-19-lafrique-enfin-a-lheure-du-vaccin#primaryimage\"},\"thumbnailUrl\":\"https:\/\/static.africa-press.net\/centrafricaine\/sites\/45\/2021\/04\/img-6084135b2d1db.jpg\",\"datePublished\":\"2021-04-24T13:55:41+00:00\",\"dateModified\":\"2021-04-24T17:37:15+00:00\",\"author\":{\"@id\":\"https:\/\/www.africa-press.net\/centrafricaine\/#\/schema\/person\/2b1cf3cd81a31e3cd26889ca66d677f1\"},\"description\":\"Bangui, R\u00e9publique centrafricaine, samedi, 24 avril 2021, 10:57:42 ( Corbeaunews-Centrafrique ). Pendant que le ...\",\"breadcrumb\":{\"@id\":\"https:\/\/www.africa-press.net\/centrafricaine\/toutes-les-actualites\/covid-19-lafrique-enfin-a-lheure-du-vaccin#breadcrumb\"},\"inLanguage\":\"fr-FR\",\"potentialAction\":[{\"@type\":\"ReadAction\",\"target\":[\"https:\/\/www.africa-press.net\/centrafricaine\/toutes-les-actualites\/covid-19-lafrique-enfin-a-lheure-du-vaccin\"]}]},{\"@type\":\"ImageObject\",\"inLanguage\":\"fr-FR\",\"@id\":\"https:\/\/www.africa-press.net\/centrafricaine\/toutes-les-actualites\/covid-19-lafrique-enfin-a-lheure-du-vaccin#primaryimage\",\"url\":\"https:\/\/static.africa-press.net\/centrafricaine\/sites\/45\/2021\/04\/img-6084135b2d1db.jpg\",\"contentUrl\":\"https:\/\/static.africa-press.net\/centrafricaine\/sites\/45\/2021\/04\/img-6084135b2d1db.jpg\",\"width\":1000,\"height\":666,\"caption\":\"Covid-19 : l\u2019Afrique, (enfin) \u00e0 l\u2019heure du vaccin ?\"},{\"@type\":\"BreadcrumbList\",\"@id\":\"https:\/\/www.africa-press.net\/centrafricaine\/toutes-les-actualites\/covid-19-lafrique-enfin-a-lheure-du-vaccin#breadcrumb\",\"itemListElement\":[{\"@type\":\"ListItem\",\"position\":1,\"name\":\"Accueil\",\"item\":\"https:\/\/www.africa-press.net\/centrafricaine\/\"},{\"@type\":\"ListItem\",\"position\":2,\"name\":\"Covid-19 : l\u2019Afrique, (enfin) \u00e0 l\u2019heure du vaccin ?\"}]},{\"@type\":\"WebSite\",\"@id\":\"https:\/\/www.africa-press.net\/centrafricaine\/#website\",\"url\":\"https:\/\/www.africa-press.net\/centrafricaine\/\",\"name\":\"centrafricaine\",\"description\":\"Just another Africa News Agency Sites site\",\"potentialAction\":[{\"@type\":\"SearchAction\",\"target\":{\"@type\":\"EntryPoint\",\"urlTemplate\":\"https:\/\/www.africa-press.net\/centrafricaine\/?s={search_term_string}\"},\"query-input\":{\"@type\":\"PropertyValueSpecification\",\"valueRequired\":true,\"valueName\":\"search_term_string\"}}],\"inLanguage\":\"fr-FR\"},{\"@type\":\"Person\",\"@id\":\"https:\/\/www.africa-press.net\/centrafricaine\/#\/schema\/person\/2b1cf3cd81a31e3cd26889ca66d677f1\",\"name\":\"cfeditorfr\"}]}<\/script>\n<!-- \/ Yoast SEO Premium plugin. -->","yoast_head_json":{"title":"Covid-19 : l\u2019Afrique, (enfin) \u00e0 l\u2019heure du vaccin ? - centrafricaine","description":"Bangui, R\u00e9publique centrafricaine, samedi, 24 avril 2021, 10:57:42 ( Corbeaunews-Centrafrique ). Pendant que le ...","robots":{"index":"index","follow":"follow","max-snippet":"max-snippet:-1","max-image-preview":"max-image-preview:large","max-video-preview":"max-video-preview:-1"},"canonical":"https:\/\/www.africa-press.net\/centrafricaine\/toutes-les-actualites\/covid-19-lafrique-enfin-a-lheure-du-vaccin","og_locale":"fr_FR","og_type":"article","og_title":"Covid-19 : l\u2019Afrique, (enfin) \u00e0 l\u2019heure du vaccin ?","og_description":"Bangui, R\u00e9publique centrafricaine, samedi, 24 avril 2021, 10:57:42 ( Corbeaunews-Centrafrique ). Pendant que le ...","og_url":"https:\/\/www.africa-press.net\/centrafricaine\/toutes-les-actualites\/covid-19-lafrique-enfin-a-lheure-du-vaccin","og_site_name":"centrafricaine","article_published_time":"2021-04-24T13:55:41+00:00","article_modified_time":"2021-04-24T17:37:15+00:00","og_image":[{"width":1000,"height":666,"url":"https:\/\/static.africa-press.net\/centrafricaine\/sites\/45\/2021\/04\/img-6084135b2d1db.jpg","type":"image\/jpeg"}],"author":"cfeditorfr","twitter_card":"summary_large_image","twitter_misc":{"\u00c9crit par":"cfeditorfr","Dur\u00e9e de lecture estim\u00e9e":"2 minutes"},"schema":{"@context":"https:\/\/schema.org","@graph":[{"@type":"Article","@id":"https:\/\/www.africa-press.net\/centrafricaine\/toutes-les-actualites\/covid-19-lafrique-enfin-a-lheure-du-vaccin#article","isPartOf":{"@id":"https:\/\/www.africa-press.net\/centrafricaine\/toutes-les-actualites\/covid-19-lafrique-enfin-a-lheure-du-vaccin"},"author":{"name":"cfeditorfr","@id":"https:\/\/www.africa-press.net\/centrafricaine\/#\/schema\/person\/2b1cf3cd81a31e3cd26889ca66d677f1"},"headline":"Covid-19 : l\u2019Afrique, (enfin) \u00e0 l\u2019heure du vaccin ?","datePublished":"2021-04-24T13:55:41+00:00","dateModified":"2021-04-24T17:37:15+00:00","mainEntityOfPage":{"@id":"https:\/\/www.africa-press.net\/centrafricaine\/toutes-les-actualites\/covid-19-lafrique-enfin-a-lheure-du-vaccin"},"wordCount":340,"commentCount":0,"image":{"@id":"https:\/\/www.africa-press.net\/centrafricaine\/toutes-les-actualites\/covid-19-lafrique-enfin-a-lheure-du-vaccin#primaryimage"},"thumbnailUrl":"https:\/\/static.africa-press.net\/centrafricaine\/sites\/45\/2021\/04\/img-6084135b2d1db.jpg","keywords":["Africa Press","Africa Press-CentrAfricaine","CentrAfricaine"],"articleSection":["Divers","homepage-french","Toutes les actualit\u00e9s"],"inLanguage":"fr-FR","potentialAction":[{"@type":"CommentAction","name":"Comment","target":["https:\/\/www.africa-press.net\/centrafricaine\/toutes-les-actualites\/covid-19-lafrique-enfin-a-lheure-du-vaccin#respond"]}]},{"@type":"WebPage","@id":"https:\/\/www.africa-press.net\/centrafricaine\/toutes-les-actualites\/covid-19-lafrique-enfin-a-lheure-du-vaccin","url":"https:\/\/www.africa-press.net\/centrafricaine\/toutes-les-actualites\/covid-19-lafrique-enfin-a-lheure-du-vaccin","name":"Covid-19 : l\u2019Afrique, (enfin) \u00e0 l\u2019heure du vaccin ? - centrafricaine","isPartOf":{"@id":"https:\/\/www.africa-press.net\/centrafricaine\/#website"},"primaryImageOfPage":{"@id":"https:\/\/www.africa-press.net\/centrafricaine\/toutes-les-actualites\/covid-19-lafrique-enfin-a-lheure-du-vaccin#primaryimage"},"image":{"@id":"https:\/\/www.africa-press.net\/centrafricaine\/toutes-les-actualites\/covid-19-lafrique-enfin-a-lheure-du-vaccin#primaryimage"},"thumbnailUrl":"https:\/\/static.africa-press.net\/centrafricaine\/sites\/45\/2021\/04\/img-6084135b2d1db.jpg","datePublished":"2021-04-24T13:55:41+00:00","dateModified":"2021-04-24T17:37:15+00:00","author":{"@id":"https:\/\/www.africa-press.net\/centrafricaine\/#\/schema\/person\/2b1cf3cd81a31e3cd26889ca66d677f1"},"description":"Bangui, R\u00e9publique centrafricaine, samedi, 24 avril 2021, 10:57:42 ( Corbeaunews-Centrafrique ). Pendant que le ...","breadcrumb":{"@id":"https:\/\/www.africa-press.net\/centrafricaine\/toutes-les-actualites\/covid-19-lafrique-enfin-a-lheure-du-vaccin#breadcrumb"},"inLanguage":"fr-FR","potentialAction":[{"@type":"ReadAction","target":["https:\/\/www.africa-press.net\/centrafricaine\/toutes-les-actualites\/covid-19-lafrique-enfin-a-lheure-du-vaccin"]}]},{"@type":"ImageObject","inLanguage":"fr-FR","@id":"https:\/\/www.africa-press.net\/centrafricaine\/toutes-les-actualites\/covid-19-lafrique-enfin-a-lheure-du-vaccin#primaryimage","url":"https:\/\/static.africa-press.net\/centrafricaine\/sites\/45\/2021\/04\/img-6084135b2d1db.jpg","contentUrl":"https:\/\/static.africa-press.net\/centrafricaine\/sites\/45\/2021\/04\/img-6084135b2d1db.jpg","width":1000,"height":666,"caption":"Covid-19 : l\u2019Afrique, (enfin) \u00e0 l\u2019heure du vaccin ?"},{"@type":"BreadcrumbList","@id":"https:\/\/www.africa-press.net\/centrafricaine\/toutes-les-actualites\/covid-19-lafrique-enfin-a-lheure-du-vaccin#breadcrumb","itemListElement":[{"@type":"ListItem","position":1,"name":"Accueil","item":"https:\/\/www.africa-press.net\/centrafricaine\/"},{"@type":"ListItem","position":2,"name":"Covid-19 : l\u2019Afrique, (enfin) \u00e0 l\u2019heure du vaccin ?"}]},{"@type":"WebSite","@id":"https:\/\/www.africa-press.net\/centrafricaine\/#website","url":"https:\/\/www.africa-press.net\/centrafricaine\/","name":"centrafricaine","description":"Just another Africa News Agency Sites site","potentialAction":[{"@type":"SearchAction","target":{"@type":"EntryPoint","urlTemplate":"https:\/\/www.africa-press.net\/centrafricaine\/?s={search_term_string}"},"query-input":{"@type":"PropertyValueSpecification","valueRequired":true,"valueName":"search_term_string"}}],"inLanguage":"fr-FR"},{"@type":"Person","@id":"https:\/\/www.africa-press.net\/centrafricaine\/#\/schema\/person\/2b1cf3cd81a31e3cd26889ca66d677f1","name":"cfeditorfr"}]}},"_links":{"self":[{"href":"https:\/\/www.africa-press.net\/centrafricaine\/wp-json\/wp\/v2\/posts\/6057","targetHints":{"allow":["GET"]}}],"collection":[{"href":"https:\/\/www.africa-press.net\/centrafricaine\/wp-json\/wp\/v2\/posts"}],"about":[{"href":"https:\/\/www.africa-press.net\/centrafricaine\/wp-json\/wp\/v2\/types\/post"}],"author":[{"embeddable":true,"href":"https:\/\/www.africa-press.net\/centrafricaine\/wp-json\/wp\/v2\/users\/82"}],"replies":[{"embeddable":true,"href":"https:\/\/www.africa-press.net\/centrafricaine\/wp-json\/wp\/v2\/comments?post=6057"}],"version-history":[{"count":0,"href":"https:\/\/www.africa-press.net\/centrafricaine\/wp-json\/wp\/v2\/posts\/6057\/revisions"}],"wp:featuredmedia":[{"embeddable":true,"href":"https:\/\/www.africa-press.net\/centrafricaine\/wp-json\/wp\/v2\/media\/6056"}],"wp:attachment":[{"href":"https:\/\/www.africa-press.net\/centrafricaine\/wp-json\/wp\/v2\/media?parent=6057"}],"wp:term":[{"taxonomy":"category","embeddable":true,"href":"https:\/\/www.africa-press.net\/centrafricaine\/wp-json\/wp\/v2\/categories?post=6057"},{"taxonomy":"post_tag","embeddable":true,"href":"https:\/\/www.africa-press.net\/centrafricaine\/wp-json\/wp\/v2\/tags?post=6057"}],"curies":[{"name":"wp","href":"https:\/\/api.w.org\/{rel}","templated":true}]}}