{"id":61454,"date":"2024-09-09T18:16:38","date_gmt":"2024-09-09T18:16:38","guid":{"rendered":"https:\/\/www.africa-press.net\/centrafricaine\/politique\/passeports-bloques-prise-de-fonction-gelee-le-casse-tete-des-attaches-militaires-recemment-nommes"},"modified":"2024-09-09T18:43:44","modified_gmt":"2024-09-09T18:43:44","slug":"passeports-bloques-prise-de-fonction-gelee-le-casse-tete-des-attaches-militaires-recemment-nommes","status":"publish","type":"post","link":"https:\/\/www.africa-press.net\/centrafricaine\/politique\/passeports-bloques-prise-de-fonction-gelee-le-casse-tete-des-attaches-militaires-recemment-nommes","title":{"rendered":"Passeports bloqu\u00e9s, prise de fonction gel\u00e9e : le casse-t\u00eate des attach\u00e9s militaires r\u00e9cemment nomm\u00e9s"},"content":{"rendered":"<p><span style=\"color: #ff6600\"><strong>Africa-Press &#8211; CentrAfricaine. <\/strong><\/span><b> Une affaire de favoritisme et de blocage administratif agite le ministe\u0300re des Affaires e\u0301trange\u0300res centrafricain. La ministre Sylvie Bai\u0308po-Temon est accuse\u0301e de privile\u0301gier sa famille au de\u0301triment d\u2019assistants militaires nomme\u0301s a\u0300 l\u2019e\u0301tranger.<\/b><\/p>\n<p>Plusieurs assistants des attache\u0301s de de\u0301fense, nomme\u0301s par arre\u0302te\u0301 du ministe\u0300re de la De\u0301fense pour servir dans les ambassades centrafricaines a\u0300 l\u2019e\u0301tranger, se retrouvent dans l\u2019impossibilite\u0301 de rejoindre leurs postes. La raison ? <b>Le refus du ministe\u0300re des Affaires e\u0301trange\u0300res de leur de\u0301livrer les passeports diplomatiques ne\u0301cessaires<\/b>.<\/p>\n<p><b>\u201cNous sommes bloque\u0301s ici a\u0300 Bangui depuis des semaines\u201d,<\/b> confie sous couvert d\u2019anonymat un officier concerne\u0301. <b>\u201cNos nominations sont officielles, mais sans passeport diplomatique, nous ne pouvons pas partir. C\u2019est incompre\u0301hensible et frustrant\u201d.<\/b><\/p>\n<p>Cette situation ubuesque paralyse une partie de l\u2019appareil diplomatique militaire centrafricain, alors me\u0302me que le pays cherche a\u0300 renforcer sa pre\u0301sence sur la sce\u0300ne internationale.<\/p>\n<p>Le blocage administratif prend une tournure plus pole\u0301mique encore lorsqu\u2019on examine le cas d\u2019<b>Anne Dambinza<\/b>, s\u0153ur de la ministre <b>Bai\u0308po-Temon<\/b>. Cette dernie\u0300re a re\u0301cemment obtenu un poste de <b>conseille\u0300re e\u0301conomique aux E\u0301tats-Unis<\/b>, be\u0301ne\u0301ficiant rapidement de tous les documents ne\u0301cessaires a\u0300 son de\u0301part.<\/p>\n<p><b>\u201cLa ministre a fait de\u0301livrer des passeports diplomatiques a\u0300 sa s\u0153ur et a\u0300 toute sa famille pour leur installation aux E\u0301tats-Unis\u201d,<\/b> affirme une source proche du dossier. <b>\u201cPendant ce temps, nous, les nouveaux Attache\u0301s militaires centrafricains nomme\u0301s officiellement, sommes dans l\u2019impasse. C\u2019est un deux poids, deux mesures flagrant\u201d.<\/b><\/p>\n<p>Ces accusations de favoritisme familial projettent une ombre sur la gestion du ministe\u0300re et pose e\u0301norme\u0301ment des questions sur l\u2019e\u0301quite\u0301 dans l\u2019attribution des postes diplomatiques.<\/p>\n<p>Certaines sources au sein du ministe\u0300re avancent une explication plus personnelle a\u0300 ce blocage des Attache\u0301s militaires centrafricains. Il serait lie\u0301 a\u0300 l\u2019e\u0301chec d\u2019un fre\u0300re de la ministre lors d\u2019une formation militaire a\u0300 l\u2019e\u0301tranger.<\/p>\n<p><b>\u201cLe fre\u0300re de Mme Bai\u0308po-Temon, un officier de gendarmerie, a e\u0301te\u0301 radie\u0301 apre\u0300s avoir e\u0301choue\u0301 a\u0300 un stage militaire dans un pays allie\u0301\u201d,<\/b> explique un haut fonctionnaire sous couvert d\u2019anonymat. <b>\u201cDepuis, la ministre semble avoir une dent contre les militaires en ge\u0301ne\u0301ral, mais aussi contre le ministre de la de\u0301fense. Elle se vengerait sur nous a\u0300 cause de cet incident familial\u201d.<\/b><\/p>\n<p>Si ces alle\u0301gations se confirment, elles re\u0301ve\u0300leraient un me\u0301lange dangereux entre affaires personnelles et gestion des affaires de l\u2019E\u0301tat.<\/p>\n<p>Face a\u0300 ces accusations graves, le mutisme du ministe\u0300re des Affaires e\u0301trange\u0300res ne fait qu\u2019amplifier la controverse. Malgre\u0301 nos sollicitations re\u0301pe\u0301te\u0301es, aucun commentaire officiel n\u2019a e\u0301te\u0301 obtenu pour clarifier la situation.<\/p>\n<p>Ce silence est interpre\u0301te\u0301 par certains comme un aveu tacite. <b>\u201cSi tout e\u0301tait en re\u0300gle, pourquoi ne pas s\u2019expliquer publiquement sur l\u2019affaire des Attache\u0301s militaires centrafricains ?\u201d,<\/b> s\u2019interroge un diplomate de carrie\u0300re. <b>\u201cCe mutisme ne fait que renforcer les soupc\u0327ons\u201d.<\/b><\/p>\n<p>Les Attache\u0301s militaires centrafricains le\u0301se\u0301s en appellent de\u0301sormais a\u0300 l\u2019intervention du plus haut niveau de l\u2019E\u0301tat. Ils demandent l\u2019arbitrage du ministre de la De\u0301fense et du pre\u0301sident <b>Baba Kongoboro<\/b> lui-me\u0302me.<\/p>\n<p><b>\u201cLe chef de l\u2019E\u0301tat doit intervenir pour de\u0301bloquer cette situation qui nuit a\u0300 notre diplomatie\u201d,<\/b> estime un officier supe\u0301rieur. <b>\u201cIl en va de la cre\u0301dibilite\u0301 de notre politique e\u0301trange\u0300re et de l\u2019image de la Centrafrique a\u0300 l\u2019international\u201d.<\/b><\/p>\n<p>L\u2019affaire prend une dimension politique inquie\u0301tante. Certains Attache\u0301s militaires centrafricains accusent la ministre Bai\u0308po-Temon de <b>\u201csaboter la politique diplomatique du pre\u0301sident Kongoboro \u201c<\/b> en bloquant ces nominations militaires strate\u0301giques.<\/p>\n<p>Le colonel <b>Banga Be\u0301koi<\/b>, charge\u0301 de mission a\u0300 la De\u0301fense, est e\u0301galement pointe\u0301 du doigt. Certains l\u2019accusent de <b>\u201cfaire le jeu\u201d<\/b> de la ministre Bai\u0308po-Temon au lieu de de\u0301fendre les inte\u0301re\u0302ts des personnels militaires aupre\u0300s du ministe\u0300re des Affaires e\u0301trange\u0300res.<\/p>\n<p>Alors que la Centrafrique tente de consolider sa place sur l\u2019e\u0301chiquier diplomatique africain et international, cette crise interne tombe au plus mal. Elle re\u0301ve\u0300le les divisions et les luttes d\u2019influence qui persistent au sein de l\u2019appareil d\u2019E\u0301tat.<b> <\/b><\/p>\n<p><b>Source: Corbeau News<\/b><\/p>\n<p><strong>Pour plus d&rsquo;informations et d&rsquo;analyses sur la CentrAfricaine, suivez Africa-Press<\/strong><\/p>\n","protected":false},"excerpt":{"rendered":"<p>Africa-Press &#8211; CentrAfricaine. Une affaire de favoritisme et de blocage administratif agite le ministe\u0300re des Affaires e\u0301trange\u0300res centrafricain. La ministre Sylvie Bai\u0308po-Temon est accuse\u0301e de privile\u0301gier sa famille au de\u0301triment d\u2019assistants militaires nomme\u0301s a\u0300 l\u2019e\u0301tranger. Plusieurs assistants des attache\u0301s de de\u0301fense, nomme\u0301s par arre\u0302te\u0301 du ministe\u0300re de la De\u0301fense pour servir dans les ambassades centrafricaines [&hellip;]<\/p>\n","protected":false},"author":82,"featured_media":61453,"comment_status":"open","ping_status":"closed","sticky":false,"template":"","format":"standard","meta":{"footnotes":""},"categories":[2,10],"tags":[30],"class_list":["post-61454","post","type-post","status-publish","format-standard","has-post-thumbnail","hentry","category-politique","category-toutes-les-actualites","tag-centrafricaine"],"yoast_head":"<!-- This site is optimized with the Yoast SEO Premium plugin v26.1 (Yoast SEO v27.0) - https:\/\/yoast.com\/product\/yoast-seo-premium-wordpress\/ -->\n<title>Passeports bloqu\u00e9s, prise de fonction gel\u00e9e : le casse-t\u00eate des attach\u00e9s militaires r\u00e9cemment nomm\u00e9s - centrafricaine<\/title>\n<meta name=\"description\" content=\"Une affaire de favoritisme et de blocage administratif agite le ministe\u0300re des Affaires e\u0301trange\u0300res centrafricain. ...\" \/>\n<meta name=\"robots\" content=\"index, follow, max-snippet:-1, max-image-preview:large, max-video-preview:-1\" \/>\n<link rel=\"canonical\" href=\"https:\/\/www.africa-press.net\/centrafricaine\/politique\/passeports-bloques-prise-de-fonction-gelee-le-casse-tete-des-attaches-militaires-recemment-nommes\" \/>\n<meta property=\"og:locale\" content=\"fr_FR\" \/>\n<meta property=\"og:type\" content=\"article\" \/>\n<meta property=\"og:title\" content=\"Passeports bloqu\u00e9s, prise de fonction gel\u00e9e : le casse-t\u00eate des attach\u00e9s militaires r\u00e9cemment nomm\u00e9s\" \/>\n<meta property=\"og:description\" content=\"Une affaire de favoritisme et de blocage administratif agite le ministe\u0300re des Affaires e\u0301trange\u0300res centrafricain. ...\" \/>\n<meta property=\"og:url\" content=\"https:\/\/www.africa-press.net\/centrafricaine\/politique\/passeports-bloques-prise-de-fonction-gelee-le-casse-tete-des-attaches-militaires-recemment-nommes\" \/>\n<meta property=\"og:site_name\" content=\"centrafricaine\" \/>\n<meta property=\"article:published_time\" content=\"2024-09-09T18:16:38+00:00\" \/>\n<meta property=\"article:modified_time\" content=\"2024-09-09T18:43:44+00:00\" \/>\n<meta property=\"og:image\" content=\"https:\/\/static.africa-press.net\/centrafricaine\/sites\/45\/2024\/09\/sm_1725894770.79677.jpg\" \/>\n\t<meta property=\"og:image:width\" content=\"720\" \/>\n\t<meta property=\"og:image:height\" content=\"404\" \/>\n\t<meta property=\"og:image:type\" content=\"image\/jpeg\" \/>\n<meta name=\"author\" content=\"cfeditorfr\" \/>\n<meta name=\"twitter:card\" content=\"summary_large_image\" \/>\n<meta name=\"twitter:label1\" content=\"\u00c9crit par\" \/>\n\t<meta name=\"twitter:data1\" content=\"cfeditorfr\" \/>\n\t<meta name=\"twitter:label2\" content=\"Dur\u00e9e de lecture estim\u00e9e\" \/>\n\t<meta name=\"twitter:data2\" content=\"4 minutes\" \/>\n<script type=\"application\/ld+json\" class=\"yoast-schema-graph\">{\"@context\":\"https:\/\/schema.org\",\"@graph\":[{\"@type\":\"Article\",\"@id\":\"https:\/\/www.africa-press.net\/centrafricaine\/politique\/passeports-bloques-prise-de-fonction-gelee-le-casse-tete-des-attaches-militaires-recemment-nommes#article\",\"isPartOf\":{\"@id\":\"https:\/\/www.africa-press.net\/centrafricaine\/politique\/passeports-bloques-prise-de-fonction-gelee-le-casse-tete-des-attaches-militaires-recemment-nommes\"},\"author\":{\"name\":\"cfeditorfr\",\"@id\":\"https:\/\/www.africa-press.net\/centrafricaine\/#\/schema\/person\/2b1cf3cd81a31e3cd26889ca66d677f1\"},\"headline\":\"Passeports bloqu\u00e9s, prise de fonction gel\u00e9e : le casse-t\u00eate des attach\u00e9s militaires r\u00e9cemment nomm\u00e9s\",\"datePublished\":\"2024-09-09T18:16:38+00:00\",\"dateModified\":\"2024-09-09T18:43:44+00:00\",\"mainEntityOfPage\":{\"@id\":\"https:\/\/www.africa-press.net\/centrafricaine\/politique\/passeports-bloques-prise-de-fonction-gelee-le-casse-tete-des-attaches-militaires-recemment-nommes\"},\"wordCount\":792,\"commentCount\":0,\"image\":{\"@id\":\"https:\/\/www.africa-press.net\/centrafricaine\/politique\/passeports-bloques-prise-de-fonction-gelee-le-casse-tete-des-attaches-militaires-recemment-nommes#primaryimage\"},\"thumbnailUrl\":\"https:\/\/static.africa-press.net\/centrafricaine\/sites\/45\/2024\/09\/sm_1725894770.79677.jpg\",\"keywords\":[\"CentrAfricaine\"],\"articleSection\":[\"Politique\",\"Toutes les actualit\u00e9s\"],\"inLanguage\":\"fr-FR\",\"potentialAction\":[{\"@type\":\"CommentAction\",\"name\":\"Comment\",\"target\":[\"https:\/\/www.africa-press.net\/centrafricaine\/politique\/passeports-bloques-prise-de-fonction-gelee-le-casse-tete-des-attaches-militaires-recemment-nommes#respond\"]}]},{\"@type\":\"WebPage\",\"@id\":\"https:\/\/www.africa-press.net\/centrafricaine\/politique\/passeports-bloques-prise-de-fonction-gelee-le-casse-tete-des-attaches-militaires-recemment-nommes\",\"url\":\"https:\/\/www.africa-press.net\/centrafricaine\/politique\/passeports-bloques-prise-de-fonction-gelee-le-casse-tete-des-attaches-militaires-recemment-nommes\",\"name\":\"Passeports bloqu\u00e9s, prise de fonction gel\u00e9e : le casse-t\u00eate des attach\u00e9s militaires r\u00e9cemment nomm\u00e9s - centrafricaine\",\"isPartOf\":{\"@id\":\"https:\/\/www.africa-press.net\/centrafricaine\/#website\"},\"primaryImageOfPage\":{\"@id\":\"https:\/\/www.africa-press.net\/centrafricaine\/politique\/passeports-bloques-prise-de-fonction-gelee-le-casse-tete-des-attaches-militaires-recemment-nommes#primaryimage\"},\"image\":{\"@id\":\"https:\/\/www.africa-press.net\/centrafricaine\/politique\/passeports-bloques-prise-de-fonction-gelee-le-casse-tete-des-attaches-militaires-recemment-nommes#primaryimage\"},\"thumbnailUrl\":\"https:\/\/static.africa-press.net\/centrafricaine\/sites\/45\/2024\/09\/sm_1725894770.79677.jpg\",\"datePublished\":\"2024-09-09T18:16:38+00:00\",\"dateModified\":\"2024-09-09T18:43:44+00:00\",\"author\":{\"@id\":\"https:\/\/www.africa-press.net\/centrafricaine\/#\/schema\/person\/2b1cf3cd81a31e3cd26889ca66d677f1\"},\"description\":\"Une affaire de favoritisme et de blocage administratif agite le ministe\u0300re des Affaires e\u0301trange\u0300res centrafricain. ...\",\"breadcrumb\":{\"@id\":\"https:\/\/www.africa-press.net\/centrafricaine\/politique\/passeports-bloques-prise-de-fonction-gelee-le-casse-tete-des-attaches-militaires-recemment-nommes#breadcrumb\"},\"inLanguage\":\"fr-FR\",\"potentialAction\":[{\"@type\":\"ReadAction\",\"target\":[\"https:\/\/www.africa-press.net\/centrafricaine\/politique\/passeports-bloques-prise-de-fonction-gelee-le-casse-tete-des-attaches-militaires-recemment-nommes\"]}]},{\"@type\":\"ImageObject\",\"inLanguage\":\"fr-FR\",\"@id\":\"https:\/\/www.africa-press.net\/centrafricaine\/politique\/passeports-bloques-prise-de-fonction-gelee-le-casse-tete-des-attaches-militaires-recemment-nommes#primaryimage\",\"url\":\"https:\/\/static.africa-press.net\/centrafricaine\/sites\/45\/2024\/09\/sm_1725894770.79677.jpg\",\"contentUrl\":\"https:\/\/static.africa-press.net\/centrafricaine\/sites\/45\/2024\/09\/sm_1725894770.79677.jpg\",\"width\":720,\"height\":404,\"caption\":\"Passeports bloqu\u00e9s, prise de fonction gel\u00e9e : le casse-t\u00eate des attach\u00e9s militaires r\u00e9cemment nomm\u00e9s\"},{\"@type\":\"BreadcrumbList\",\"@id\":\"https:\/\/www.africa-press.net\/centrafricaine\/politique\/passeports-bloques-prise-de-fonction-gelee-le-casse-tete-des-attaches-militaires-recemment-nommes#breadcrumb\",\"itemListElement\":[{\"@type\":\"ListItem\",\"position\":1,\"name\":\"Accueil\",\"item\":\"https:\/\/www.africa-press.net\/centrafricaine\/\"},{\"@type\":\"ListItem\",\"position\":2,\"name\":\"Passeports bloqu\u00e9s, prise de fonction gel\u00e9e : le casse-t\u00eate des attach\u00e9s militaires r\u00e9cemment nomm\u00e9s\"}]},{\"@type\":\"WebSite\",\"@id\":\"https:\/\/www.africa-press.net\/centrafricaine\/#website\",\"url\":\"https:\/\/www.africa-press.net\/centrafricaine\/\",\"name\":\"centrafricaine\",\"description\":\"Just another Africa News Agency Sites site\",\"potentialAction\":[{\"@type\":\"SearchAction\",\"target\":{\"@type\":\"EntryPoint\",\"urlTemplate\":\"https:\/\/www.africa-press.net\/centrafricaine\/?s={search_term_string}\"},\"query-input\":{\"@type\":\"PropertyValueSpecification\",\"valueRequired\":true,\"valueName\":\"search_term_string\"}}],\"inLanguage\":\"fr-FR\"},{\"@type\":\"Person\",\"@id\":\"https:\/\/www.africa-press.net\/centrafricaine\/#\/schema\/person\/2b1cf3cd81a31e3cd26889ca66d677f1\",\"name\":\"cfeditorfr\"}]}<\/script>\n<!-- \/ Yoast SEO Premium plugin. -->","yoast_head_json":{"title":"Passeports bloqu\u00e9s, prise de fonction gel\u00e9e : le casse-t\u00eate des attach\u00e9s militaires r\u00e9cemment nomm\u00e9s - centrafricaine","description":"Une affaire de favoritisme et de blocage administratif agite le ministe\u0300re des Affaires e\u0301trange\u0300res centrafricain. ...","robots":{"index":"index","follow":"follow","max-snippet":"max-snippet:-1","max-image-preview":"max-image-preview:large","max-video-preview":"max-video-preview:-1"},"canonical":"https:\/\/www.africa-press.net\/centrafricaine\/politique\/passeports-bloques-prise-de-fonction-gelee-le-casse-tete-des-attaches-militaires-recemment-nommes","og_locale":"fr_FR","og_type":"article","og_title":"Passeports bloqu\u00e9s, prise de fonction gel\u00e9e : le casse-t\u00eate des attach\u00e9s militaires r\u00e9cemment nomm\u00e9s","og_description":"Une affaire de favoritisme et de blocage administratif agite le ministe\u0300re des Affaires e\u0301trange\u0300res centrafricain. ...","og_url":"https:\/\/www.africa-press.net\/centrafricaine\/politique\/passeports-bloques-prise-de-fonction-gelee-le-casse-tete-des-attaches-militaires-recemment-nommes","og_site_name":"centrafricaine","article_published_time":"2024-09-09T18:16:38+00:00","article_modified_time":"2024-09-09T18:43:44+00:00","og_image":[{"width":720,"height":404,"url":"https:\/\/static.africa-press.net\/centrafricaine\/sites\/45\/2024\/09\/sm_1725894770.79677.jpg","type":"image\/jpeg"}],"author":"cfeditorfr","twitter_card":"summary_large_image","twitter_misc":{"\u00c9crit par":"cfeditorfr","Dur\u00e9e de lecture estim\u00e9e":"4 minutes"},"schema":{"@context":"https:\/\/schema.org","@graph":[{"@type":"Article","@id":"https:\/\/www.africa-press.net\/centrafricaine\/politique\/passeports-bloques-prise-de-fonction-gelee-le-casse-tete-des-attaches-militaires-recemment-nommes#article","isPartOf":{"@id":"https:\/\/www.africa-press.net\/centrafricaine\/politique\/passeports-bloques-prise-de-fonction-gelee-le-casse-tete-des-attaches-militaires-recemment-nommes"},"author":{"name":"cfeditorfr","@id":"https:\/\/www.africa-press.net\/centrafricaine\/#\/schema\/person\/2b1cf3cd81a31e3cd26889ca66d677f1"},"headline":"Passeports bloqu\u00e9s, prise de fonction gel\u00e9e : le casse-t\u00eate des attach\u00e9s militaires r\u00e9cemment nomm\u00e9s","datePublished":"2024-09-09T18:16:38+00:00","dateModified":"2024-09-09T18:43:44+00:00","mainEntityOfPage":{"@id":"https:\/\/www.africa-press.net\/centrafricaine\/politique\/passeports-bloques-prise-de-fonction-gelee-le-casse-tete-des-attaches-militaires-recemment-nommes"},"wordCount":792,"commentCount":0,"image":{"@id":"https:\/\/www.africa-press.net\/centrafricaine\/politique\/passeports-bloques-prise-de-fonction-gelee-le-casse-tete-des-attaches-militaires-recemment-nommes#primaryimage"},"thumbnailUrl":"https:\/\/static.africa-press.net\/centrafricaine\/sites\/45\/2024\/09\/sm_1725894770.79677.jpg","keywords":["CentrAfricaine"],"articleSection":["Politique","Toutes les actualit\u00e9s"],"inLanguage":"fr-FR","potentialAction":[{"@type":"CommentAction","name":"Comment","target":["https:\/\/www.africa-press.net\/centrafricaine\/politique\/passeports-bloques-prise-de-fonction-gelee-le-casse-tete-des-attaches-militaires-recemment-nommes#respond"]}]},{"@type":"WebPage","@id":"https:\/\/www.africa-press.net\/centrafricaine\/politique\/passeports-bloques-prise-de-fonction-gelee-le-casse-tete-des-attaches-militaires-recemment-nommes","url":"https:\/\/www.africa-press.net\/centrafricaine\/politique\/passeports-bloques-prise-de-fonction-gelee-le-casse-tete-des-attaches-militaires-recemment-nommes","name":"Passeports bloqu\u00e9s, prise de fonction gel\u00e9e : le casse-t\u00eate des attach\u00e9s militaires r\u00e9cemment nomm\u00e9s - centrafricaine","isPartOf":{"@id":"https:\/\/www.africa-press.net\/centrafricaine\/#website"},"primaryImageOfPage":{"@id":"https:\/\/www.africa-press.net\/centrafricaine\/politique\/passeports-bloques-prise-de-fonction-gelee-le-casse-tete-des-attaches-militaires-recemment-nommes#primaryimage"},"image":{"@id":"https:\/\/www.africa-press.net\/centrafricaine\/politique\/passeports-bloques-prise-de-fonction-gelee-le-casse-tete-des-attaches-militaires-recemment-nommes#primaryimage"},"thumbnailUrl":"https:\/\/static.africa-press.net\/centrafricaine\/sites\/45\/2024\/09\/sm_1725894770.79677.jpg","datePublished":"2024-09-09T18:16:38+00:00","dateModified":"2024-09-09T18:43:44+00:00","author":{"@id":"https:\/\/www.africa-press.net\/centrafricaine\/#\/schema\/person\/2b1cf3cd81a31e3cd26889ca66d677f1"},"description":"Une affaire de favoritisme et de blocage administratif agite le ministe\u0300re des Affaires e\u0301trange\u0300res centrafricain. ...","breadcrumb":{"@id":"https:\/\/www.africa-press.net\/centrafricaine\/politique\/passeports-bloques-prise-de-fonction-gelee-le-casse-tete-des-attaches-militaires-recemment-nommes#breadcrumb"},"inLanguage":"fr-FR","potentialAction":[{"@type":"ReadAction","target":["https:\/\/www.africa-press.net\/centrafricaine\/politique\/passeports-bloques-prise-de-fonction-gelee-le-casse-tete-des-attaches-militaires-recemment-nommes"]}]},{"@type":"ImageObject","inLanguage":"fr-FR","@id":"https:\/\/www.africa-press.net\/centrafricaine\/politique\/passeports-bloques-prise-de-fonction-gelee-le-casse-tete-des-attaches-militaires-recemment-nommes#primaryimage","url":"https:\/\/static.africa-press.net\/centrafricaine\/sites\/45\/2024\/09\/sm_1725894770.79677.jpg","contentUrl":"https:\/\/static.africa-press.net\/centrafricaine\/sites\/45\/2024\/09\/sm_1725894770.79677.jpg","width":720,"height":404,"caption":"Passeports bloqu\u00e9s, prise de fonction gel\u00e9e : le casse-t\u00eate des attach\u00e9s militaires r\u00e9cemment nomm\u00e9s"},{"@type":"BreadcrumbList","@id":"https:\/\/www.africa-press.net\/centrafricaine\/politique\/passeports-bloques-prise-de-fonction-gelee-le-casse-tete-des-attaches-militaires-recemment-nommes#breadcrumb","itemListElement":[{"@type":"ListItem","position":1,"name":"Accueil","item":"https:\/\/www.africa-press.net\/centrafricaine\/"},{"@type":"ListItem","position":2,"name":"Passeports bloqu\u00e9s, prise de fonction gel\u00e9e : le casse-t\u00eate des attach\u00e9s militaires r\u00e9cemment nomm\u00e9s"}]},{"@type":"WebSite","@id":"https:\/\/www.africa-press.net\/centrafricaine\/#website","url":"https:\/\/www.africa-press.net\/centrafricaine\/","name":"centrafricaine","description":"Just another Africa News Agency Sites site","potentialAction":[{"@type":"SearchAction","target":{"@type":"EntryPoint","urlTemplate":"https:\/\/www.africa-press.net\/centrafricaine\/?s={search_term_string}"},"query-input":{"@type":"PropertyValueSpecification","valueRequired":true,"valueName":"search_term_string"}}],"inLanguage":"fr-FR"},{"@type":"Person","@id":"https:\/\/www.africa-press.net\/centrafricaine\/#\/schema\/person\/2b1cf3cd81a31e3cd26889ca66d677f1","name":"cfeditorfr"}]}},"_links":{"self":[{"href":"https:\/\/www.africa-press.net\/centrafricaine\/wp-json\/wp\/v2\/posts\/61454","targetHints":{"allow":["GET"]}}],"collection":[{"href":"https:\/\/www.africa-press.net\/centrafricaine\/wp-json\/wp\/v2\/posts"}],"about":[{"href":"https:\/\/www.africa-press.net\/centrafricaine\/wp-json\/wp\/v2\/types\/post"}],"author":[{"embeddable":true,"href":"https:\/\/www.africa-press.net\/centrafricaine\/wp-json\/wp\/v2\/users\/82"}],"replies":[{"embeddable":true,"href":"https:\/\/www.africa-press.net\/centrafricaine\/wp-json\/wp\/v2\/comments?post=61454"}],"version-history":[{"count":0,"href":"https:\/\/www.africa-press.net\/centrafricaine\/wp-json\/wp\/v2\/posts\/61454\/revisions"}],"wp:featuredmedia":[{"embeddable":true,"href":"https:\/\/www.africa-press.net\/centrafricaine\/wp-json\/wp\/v2\/media\/61453"}],"wp:attachment":[{"href":"https:\/\/www.africa-press.net\/centrafricaine\/wp-json\/wp\/v2\/media?parent=61454"}],"wp:term":[{"taxonomy":"category","embeddable":true,"href":"https:\/\/www.africa-press.net\/centrafricaine\/wp-json\/wp\/v2\/categories?post=61454"},{"taxonomy":"post_tag","embeddable":true,"href":"https:\/\/www.africa-press.net\/centrafricaine\/wp-json\/wp\/v2\/tags?post=61454"}],"curies":[{"name":"wp","href":"https:\/\/api.w.org\/{rel}","templated":true}]}}