{"id":6155,"date":"2021-04-26T13:18:03","date_gmt":"2021-04-26T13:18:03","guid":{"rendered":"https:\/\/www.africa-press.net\/centrafricaine\/?p=6155"},"modified":"2021-04-26T14:35:06","modified_gmt":"2021-04-26T14:35:06","slug":"rca-il-y-a-deux-ans-ngrebada-intronisait-son-ministre-conseiller-darassa-chef-de-la-ouaka-avec-la-benediction-de-smail-chergui-et-de-jean-pierre-lacroix","status":"publish","type":"post","link":"https:\/\/www.africa-press.net\/centrafricaine\/politique\/rca-il-y-a-deux-ans-ngrebada-intronisait-son-ministre-conseiller-darassa-chef-de-la-ouaka-avec-la-benediction-de-smail-chergui-et-de-jean-pierre-lacroix","title":{"rendered":"\u00ab\u00a0Il y a deux ans, Ngrebada intronisait son Ministre conseiller Darassa chef de la Ouaka avec la b\u00e9n\u00e9diction de Smail Chergui et de Jean-Pierre Lacroix"},"content":{"rendered":"<p><span style=\"color: #ff6600\"><strong><a href=\"https:\/\/www.africa-press.net\/\">Africa-Press<\/a> &#8211; <a href=\"https:\/\/www.africa-press.net\/centrafricaine\">CentrAfricaine<\/a>.\u00a0 <\/strong><\/span>\u00a0Il y a deux ans de cela, le 15 Avril 2019, le Premier ministre Firmin Ngrebada passait en revue les troupes rebelles de l\u2019UPC a\u0300 Bambari en pre\u0301sence de Jean-Pierre Lacroix, secre\u0301taire ge\u0301ne\u0301ral adjoint de l\u2019ONU pour les ope\u0301rations de paix, Smai\u0308l Chergui, commissaire a\u0300 la paix et la se\u0301curite\u0301 de l\u2019Union africaine.<\/p>\n<p>Ali Darassa qui e\u0301tait alors nomme\u0301 \u00ab Ministre conseiller aupre\u0300s du Premier ministre \u00bb et \u00ab chef militaire des unite\u0301s mixtes de la re\u0301gion de la Ouaka \u00bb, paradait alors avec les galons de g\u00e9n\u00e9ral d\u2019arme\u0301e, le marquage militaire de l\u2019arme\u0301e centrafricaine devant le Premier Ministre qui reconnaissait de facto son grade de ge\u0301ne\u0301ral cinq e\u0301toiles.<\/p>\n<p>Le maire de la ville, Abel Matchipata expliquait alors a\u0300 la presse le ressentiment des populations mis devant le fait accompli d\u2019une telle ce\u0301re\u0301monie : \u00ab la population e\u0301tait e\u0301nerve\u0301e \u00bb car \u00ab le conflit a fait beaucoup de victimes et beaucoup d\u2019exactions, on a beaucoup de mal avec les groupes arme\u0301s \u00bb.<\/p>\n<p>Malgre\u0301 ces promotions conse\u0301cutives a\u0300 l\u2019accord de Khartoum, l\u2019UPC a continue\u0301 a\u0300 e\u0302tre implique\u0301 dans des incidents graves dont les principaux sont liste\u0301s ci-dessous.<\/p>\n<p>Sans e\u0301voquer les victimes mortes en brousse dans un total anonymat, les re\u0301fugie\u0301s et de\u0301place\u0301s provoque\u0301s par les exactions de l\u2019UPC, les blesse\u0301s, les victimes d\u2019atteintes aux droits humains, l\u2019implication d\u2019enfants, le pillage des re\u0301coltes, des ressources minie\u0300res, du be\u0301tail, les taxes aux commerc\u0327ants et aux transporteurs, ou encore la participation active au sein de la coalition rebelle CPC, on peut estimer a\u0300 environ 1300 morts des de\u0301comptes officiels les victimes impliquant l\u2019UPC de Darassa entre 2016 et 2020.<\/p>\n<p>Malgre\u0301\u0301 ce bilan et une participation active dans la CPC, les chefs de l\u2019UPC ne font l\u2019objet d\u2019aucune poursuite judiciaire en RCA et ne sont pas non plus sous sanctions des Nations Unies.<\/p>\n<p>Malgre\u0301 la participation active de l\u2019UPC au sein de la coalition rebelle CPC, le repre\u0301sentant spe\u0301cial du Secre\u0301taire Ge\u0301ne\u0301ral de l\u2019ONU en RCA Mankeur Ndiaye a estime\u0301 de\u0301but Avril 2021 dans une interview a\u0300 RFI que \u00ab ceux qui sont responsables de ces crimes contre les casques bleus seront recherche\u0301s, arre\u0302te\u0301s et traduits devant la justice. \u00bb Mais que \u00ab d\u2019autres membres de groupes arme\u0301s qui sont dispose\u0301s au dialogue. Je donne l\u2019exemple de l\u2019UPC, dont le chef Ali Darassa vient de de\u0301clarer, il y a deux jours, qu\u2019il se de\u0301marquait de Bozize\u0301 et de la CPC et qu\u2019il revenait a\u0300 l\u2019accord de paix. Je pense que ce genre de de\u0301claration me\u0301rite d\u2019e\u0302tre fortement encourage\u0301. \u00bb<\/p>\n<p><b>\u00a0<\/b><\/p>\n","protected":false},"excerpt":{"rendered":"<p>Africa-Press &#8211; CentrAfricaine.\u00a0 \u00a0Il y a deux ans de cela, le 15 Avril 2019, le Premier ministre Firmin Ngrebada passait en revue les troupes rebelles de l\u2019UPC a\u0300 Bambari en pre\u0301sence de Jean-Pierre Lacroix, secre\u0301taire ge\u0301ne\u0301ral adjoint de l\u2019ONU pour les ope\u0301rations de paix, Smai\u0308l Chergui, commissaire a\u0300 la paix et la se\u0301curite\u0301 de l\u2019Union [&hellip;]<\/p>\n","protected":false},"author":82,"featured_media":6154,"comment_status":"open","ping_status":"closed","sticky":false,"template":"","format":"standard","meta":{"footnotes":""},"categories":[11,2,10],"tags":[36,58,30],"class_list":["post-6155","post","type-post","status-publish","format-standard","has-post-thumbnail","hentry","category-homepage-french","category-politique","category-toutes-les-actualites","tag-africa-press","tag-africa-press-centrafricaine","tag-centrafricaine"],"yoast_head":"<!-- This site is optimized with the Yoast SEO Premium plugin v26.1 (Yoast SEO v27.0) - https:\/\/yoast.com\/product\/yoast-seo-premium-wordpress\/ -->\n<title>\u00ab\u00a0Il y a deux ans, Ngrebada intronisait son Ministre conseiller Darassa chef de la Ouaka avec la b\u00e9n\u00e9diction de Smail Chergui et de Jean-Pierre Lacroix - centrafricaine<\/title>\n<meta name=\"description\" content=\"Bangui, R\u00e9publique centrafricaine, lundi, 26 avril 2021 05:37:59 ( Corbeaunews-Centrafrique ). Il y a deux ans d ...\" \/>\n<meta name=\"robots\" content=\"index, follow, max-snippet:-1, max-image-preview:large, max-video-preview:-1\" \/>\n<link rel=\"canonical\" href=\"https:\/\/www.africa-press.net\/centrafricaine\/politique\/rca-il-y-a-deux-ans-ngrebada-intronisait-son-ministre-conseiller-darassa-chef-de-la-ouaka-avec-la-benediction-de-smail-chergui-et-de-jean-pierre-lacroix\" \/>\n<meta property=\"og:locale\" content=\"fr_FR\" \/>\n<meta property=\"og:type\" content=\"article\" \/>\n<meta property=\"og:title\" content=\"\u00ab\u00a0Il y a deux ans, Ngrebada intronisait son Ministre conseiller Darassa chef de la Ouaka avec la b\u00e9n\u00e9diction de Smail Chergui et de Jean-Pierre Lacroix\" \/>\n<meta property=\"og:description\" content=\"Bangui, R\u00e9publique centrafricaine, lundi, 26 avril 2021 05:37:59 ( Corbeaunews-Centrafrique ). Il y a deux ans d ...\" \/>\n<meta property=\"og:url\" content=\"https:\/\/www.africa-press.net\/centrafricaine\/politique\/rca-il-y-a-deux-ans-ngrebada-intronisait-son-ministre-conseiller-darassa-chef-de-la-ouaka-avec-la-benediction-de-smail-chergui-et-de-jean-pierre-lacroix\" \/>\n<meta property=\"og:site_name\" content=\"centrafricaine\" \/>\n<meta property=\"article:published_time\" content=\"2021-04-26T13:18:03+00:00\" \/>\n<meta property=\"article:modified_time\" content=\"2021-04-26T14:35:06+00:00\" \/>\n<meta property=\"og:image\" content=\"https:\/\/static.africa-press.net\/centrafricaine\/sites\/45\/2021\/04\/img-6086baab93ebd.jpg\" \/>\n\t<meta property=\"og:image:width\" content=\"720\" \/>\n\t<meta property=\"og:image:height\" content=\"478\" \/>\n\t<meta property=\"og:image:type\" content=\"image\/jpeg\" \/>\n<meta name=\"author\" content=\"cfeditorfr\" \/>\n<meta name=\"twitter:card\" content=\"summary_large_image\" \/>\n<meta name=\"twitter:label1\" content=\"\u00c9crit par\" \/>\n\t<meta name=\"twitter:data1\" content=\"cfeditorfr\" \/>\n\t<meta name=\"twitter:label2\" content=\"Dur\u00e9e de lecture estim\u00e9e\" \/>\n\t<meta name=\"twitter:data2\" content=\"2 minutes\" \/>\n<script type=\"application\/ld+json\" class=\"yoast-schema-graph\">{\"@context\":\"https:\/\/schema.org\",\"@graph\":[{\"@type\":\"Article\",\"@id\":\"https:\/\/www.africa-press.net\/centrafricaine\/politique\/rca-il-y-a-deux-ans-ngrebada-intronisait-son-ministre-conseiller-darassa-chef-de-la-ouaka-avec-la-benediction-de-smail-chergui-et-de-jean-pierre-lacroix#article\",\"isPartOf\":{\"@id\":\"https:\/\/www.africa-press.net\/centrafricaine\/politique\/rca-il-y-a-deux-ans-ngrebada-intronisait-son-ministre-conseiller-darassa-chef-de-la-ouaka-avec-la-benediction-de-smail-chergui-et-de-jean-pierre-lacroix\"},\"author\":{\"name\":\"cfeditorfr\",\"@id\":\"https:\/\/www.africa-press.net\/centrafricaine\/#\/schema\/person\/2b1cf3cd81a31e3cd26889ca66d677f1\"},\"headline\":\"\u00ab\u00a0Il y a deux ans, Ngrebada intronisait son Ministre conseiller Darassa chef de la Ouaka avec la b\u00e9n\u00e9diction de Smail Chergui et de Jean-Pierre Lacroix\",\"datePublished\":\"2021-04-26T13:18:03+00:00\",\"dateModified\":\"2021-04-26T14:35:06+00:00\",\"mainEntityOfPage\":{\"@id\":\"https:\/\/www.africa-press.net\/centrafricaine\/politique\/rca-il-y-a-deux-ans-ngrebada-intronisait-son-ministre-conseiller-darassa-chef-de-la-ouaka-avec-la-benediction-de-smail-chergui-et-de-jean-pierre-lacroix\"},\"wordCount\":506,\"commentCount\":0,\"image\":{\"@id\":\"https:\/\/www.africa-press.net\/centrafricaine\/politique\/rca-il-y-a-deux-ans-ngrebada-intronisait-son-ministre-conseiller-darassa-chef-de-la-ouaka-avec-la-benediction-de-smail-chergui-et-de-jean-pierre-lacroix#primaryimage\"},\"thumbnailUrl\":\"https:\/\/static.africa-press.net\/centrafricaine\/sites\/45\/2021\/04\/img-6086baab93ebd.jpg\",\"keywords\":[\"Africa Press\",\"Africa Press-CentrAfricaine\",\"CentrAfricaine\"],\"articleSection\":[\"homepage-french\",\"Politique\",\"Toutes les actualit\u00e9s\"],\"inLanguage\":\"fr-FR\",\"potentialAction\":[{\"@type\":\"CommentAction\",\"name\":\"Comment\",\"target\":[\"https:\/\/www.africa-press.net\/centrafricaine\/politique\/rca-il-y-a-deux-ans-ngrebada-intronisait-son-ministre-conseiller-darassa-chef-de-la-ouaka-avec-la-benediction-de-smail-chergui-et-de-jean-pierre-lacroix#respond\"]}]},{\"@type\":\"WebPage\",\"@id\":\"https:\/\/www.africa-press.net\/centrafricaine\/politique\/rca-il-y-a-deux-ans-ngrebada-intronisait-son-ministre-conseiller-darassa-chef-de-la-ouaka-avec-la-benediction-de-smail-chergui-et-de-jean-pierre-lacroix\",\"url\":\"https:\/\/www.africa-press.net\/centrafricaine\/politique\/rca-il-y-a-deux-ans-ngrebada-intronisait-son-ministre-conseiller-darassa-chef-de-la-ouaka-avec-la-benediction-de-smail-chergui-et-de-jean-pierre-lacroix\",\"name\":\"\u00ab\u00a0Il y a deux ans, Ngrebada intronisait son Ministre conseiller Darassa chef de la Ouaka avec la b\u00e9n\u00e9diction de Smail Chergui et de Jean-Pierre Lacroix - centrafricaine\",\"isPartOf\":{\"@id\":\"https:\/\/www.africa-press.net\/centrafricaine\/#website\"},\"primaryImageOfPage\":{\"@id\":\"https:\/\/www.africa-press.net\/centrafricaine\/politique\/rca-il-y-a-deux-ans-ngrebada-intronisait-son-ministre-conseiller-darassa-chef-de-la-ouaka-avec-la-benediction-de-smail-chergui-et-de-jean-pierre-lacroix#primaryimage\"},\"image\":{\"@id\":\"https:\/\/www.africa-press.net\/centrafricaine\/politique\/rca-il-y-a-deux-ans-ngrebada-intronisait-son-ministre-conseiller-darassa-chef-de-la-ouaka-avec-la-benediction-de-smail-chergui-et-de-jean-pierre-lacroix#primaryimage\"},\"thumbnailUrl\":\"https:\/\/static.africa-press.net\/centrafricaine\/sites\/45\/2021\/04\/img-6086baab93ebd.jpg\",\"datePublished\":\"2021-04-26T13:18:03+00:00\",\"dateModified\":\"2021-04-26T14:35:06+00:00\",\"author\":{\"@id\":\"https:\/\/www.africa-press.net\/centrafricaine\/#\/schema\/person\/2b1cf3cd81a31e3cd26889ca66d677f1\"},\"description\":\"Bangui, R\u00e9publique centrafricaine, lundi, 26 avril 2021 05:37:59 ( Corbeaunews-Centrafrique ). Il y a deux ans d ...\",\"breadcrumb\":{\"@id\":\"https:\/\/www.africa-press.net\/centrafricaine\/politique\/rca-il-y-a-deux-ans-ngrebada-intronisait-son-ministre-conseiller-darassa-chef-de-la-ouaka-avec-la-benediction-de-smail-chergui-et-de-jean-pierre-lacroix#breadcrumb\"},\"inLanguage\":\"fr-FR\",\"potentialAction\":[{\"@type\":\"ReadAction\",\"target\":[\"https:\/\/www.africa-press.net\/centrafricaine\/politique\/rca-il-y-a-deux-ans-ngrebada-intronisait-son-ministre-conseiller-darassa-chef-de-la-ouaka-avec-la-benediction-de-smail-chergui-et-de-jean-pierre-lacroix\"]}]},{\"@type\":\"ImageObject\",\"inLanguage\":\"fr-FR\",\"@id\":\"https:\/\/www.africa-press.net\/centrafricaine\/politique\/rca-il-y-a-deux-ans-ngrebada-intronisait-son-ministre-conseiller-darassa-chef-de-la-ouaka-avec-la-benediction-de-smail-chergui-et-de-jean-pierre-lacroix#primaryimage\",\"url\":\"https:\/\/static.africa-press.net\/centrafricaine\/sites\/45\/2021\/04\/img-6086baab93ebd.jpg\",\"contentUrl\":\"https:\/\/static.africa-press.net\/centrafricaine\/sites\/45\/2021\/04\/img-6086baab93ebd.jpg\",\"width\":720,\"height\":478,\"caption\":\"RCA\u00a0: \u00ab\u00a0Il y a deux ans, Ngrebada intronisait son Ministre conseiller Darassa chef de la Ouaka avec la b\u00e9n\u00e9diction de Smail Chergui et de Jean-Pierre Lacroix\"},{\"@type\":\"BreadcrumbList\",\"@id\":\"https:\/\/www.africa-press.net\/centrafricaine\/politique\/rca-il-y-a-deux-ans-ngrebada-intronisait-son-ministre-conseiller-darassa-chef-de-la-ouaka-avec-la-benediction-de-smail-chergui-et-de-jean-pierre-lacroix#breadcrumb\",\"itemListElement\":[{\"@type\":\"ListItem\",\"position\":1,\"name\":\"Accueil\",\"item\":\"https:\/\/www.africa-press.net\/centrafricaine\/\"},{\"@type\":\"ListItem\",\"position\":2,\"name\":\"\u00ab\u00a0Il y a deux ans, Ngrebada intronisait son Ministre conseiller Darassa chef de la Ouaka avec la b\u00e9n\u00e9diction de Smail Chergui et de Jean-Pierre Lacroix\"}]},{\"@type\":\"WebSite\",\"@id\":\"https:\/\/www.africa-press.net\/centrafricaine\/#website\",\"url\":\"https:\/\/www.africa-press.net\/centrafricaine\/\",\"name\":\"centrafricaine\",\"description\":\"Just another Africa News Agency Sites site\",\"potentialAction\":[{\"@type\":\"SearchAction\",\"target\":{\"@type\":\"EntryPoint\",\"urlTemplate\":\"https:\/\/www.africa-press.net\/centrafricaine\/?s={search_term_string}\"},\"query-input\":{\"@type\":\"PropertyValueSpecification\",\"valueRequired\":true,\"valueName\":\"search_term_string\"}}],\"inLanguage\":\"fr-FR\"},{\"@type\":\"Person\",\"@id\":\"https:\/\/www.africa-press.net\/centrafricaine\/#\/schema\/person\/2b1cf3cd81a31e3cd26889ca66d677f1\",\"name\":\"cfeditorfr\"}]}<\/script>\n<!-- \/ Yoast SEO Premium plugin. -->","yoast_head_json":{"title":"\u00ab\u00a0Il y a deux ans, Ngrebada intronisait son Ministre conseiller Darassa chef de la Ouaka avec la b\u00e9n\u00e9diction de Smail Chergui et de Jean-Pierre Lacroix - centrafricaine","description":"Bangui, R\u00e9publique centrafricaine, lundi, 26 avril 2021 05:37:59 ( Corbeaunews-Centrafrique ). Il y a deux ans d ...","robots":{"index":"index","follow":"follow","max-snippet":"max-snippet:-1","max-image-preview":"max-image-preview:large","max-video-preview":"max-video-preview:-1"},"canonical":"https:\/\/www.africa-press.net\/centrafricaine\/politique\/rca-il-y-a-deux-ans-ngrebada-intronisait-son-ministre-conseiller-darassa-chef-de-la-ouaka-avec-la-benediction-de-smail-chergui-et-de-jean-pierre-lacroix","og_locale":"fr_FR","og_type":"article","og_title":"\u00ab\u00a0Il y a deux ans, Ngrebada intronisait son Ministre conseiller Darassa chef de la Ouaka avec la b\u00e9n\u00e9diction de Smail Chergui et de Jean-Pierre Lacroix","og_description":"Bangui, R\u00e9publique centrafricaine, lundi, 26 avril 2021 05:37:59 ( Corbeaunews-Centrafrique ). Il y a deux ans d ...","og_url":"https:\/\/www.africa-press.net\/centrafricaine\/politique\/rca-il-y-a-deux-ans-ngrebada-intronisait-son-ministre-conseiller-darassa-chef-de-la-ouaka-avec-la-benediction-de-smail-chergui-et-de-jean-pierre-lacroix","og_site_name":"centrafricaine","article_published_time":"2021-04-26T13:18:03+00:00","article_modified_time":"2021-04-26T14:35:06+00:00","og_image":[{"width":720,"height":478,"url":"https:\/\/static.africa-press.net\/centrafricaine\/sites\/45\/2021\/04\/img-6086baab93ebd.jpg","type":"image\/jpeg"}],"author":"cfeditorfr","twitter_card":"summary_large_image","twitter_misc":{"\u00c9crit par":"cfeditorfr","Dur\u00e9e de lecture estim\u00e9e":"2 minutes"},"schema":{"@context":"https:\/\/schema.org","@graph":[{"@type":"Article","@id":"https:\/\/www.africa-press.net\/centrafricaine\/politique\/rca-il-y-a-deux-ans-ngrebada-intronisait-son-ministre-conseiller-darassa-chef-de-la-ouaka-avec-la-benediction-de-smail-chergui-et-de-jean-pierre-lacroix#article","isPartOf":{"@id":"https:\/\/www.africa-press.net\/centrafricaine\/politique\/rca-il-y-a-deux-ans-ngrebada-intronisait-son-ministre-conseiller-darassa-chef-de-la-ouaka-avec-la-benediction-de-smail-chergui-et-de-jean-pierre-lacroix"},"author":{"name":"cfeditorfr","@id":"https:\/\/www.africa-press.net\/centrafricaine\/#\/schema\/person\/2b1cf3cd81a31e3cd26889ca66d677f1"},"headline":"\u00ab\u00a0Il y a deux ans, Ngrebada intronisait son Ministre conseiller Darassa chef de la Ouaka avec la b\u00e9n\u00e9diction de Smail Chergui et de Jean-Pierre Lacroix","datePublished":"2021-04-26T13:18:03+00:00","dateModified":"2021-04-26T14:35:06+00:00","mainEntityOfPage":{"@id":"https:\/\/www.africa-press.net\/centrafricaine\/politique\/rca-il-y-a-deux-ans-ngrebada-intronisait-son-ministre-conseiller-darassa-chef-de-la-ouaka-avec-la-benediction-de-smail-chergui-et-de-jean-pierre-lacroix"},"wordCount":506,"commentCount":0,"image":{"@id":"https:\/\/www.africa-press.net\/centrafricaine\/politique\/rca-il-y-a-deux-ans-ngrebada-intronisait-son-ministre-conseiller-darassa-chef-de-la-ouaka-avec-la-benediction-de-smail-chergui-et-de-jean-pierre-lacroix#primaryimage"},"thumbnailUrl":"https:\/\/static.africa-press.net\/centrafricaine\/sites\/45\/2021\/04\/img-6086baab93ebd.jpg","keywords":["Africa Press","Africa Press-CentrAfricaine","CentrAfricaine"],"articleSection":["homepage-french","Politique","Toutes les actualit\u00e9s"],"inLanguage":"fr-FR","potentialAction":[{"@type":"CommentAction","name":"Comment","target":["https:\/\/www.africa-press.net\/centrafricaine\/politique\/rca-il-y-a-deux-ans-ngrebada-intronisait-son-ministre-conseiller-darassa-chef-de-la-ouaka-avec-la-benediction-de-smail-chergui-et-de-jean-pierre-lacroix#respond"]}]},{"@type":"WebPage","@id":"https:\/\/www.africa-press.net\/centrafricaine\/politique\/rca-il-y-a-deux-ans-ngrebada-intronisait-son-ministre-conseiller-darassa-chef-de-la-ouaka-avec-la-benediction-de-smail-chergui-et-de-jean-pierre-lacroix","url":"https:\/\/www.africa-press.net\/centrafricaine\/politique\/rca-il-y-a-deux-ans-ngrebada-intronisait-son-ministre-conseiller-darassa-chef-de-la-ouaka-avec-la-benediction-de-smail-chergui-et-de-jean-pierre-lacroix","name":"\u00ab\u00a0Il y a deux ans, Ngrebada intronisait son Ministre conseiller Darassa chef de la Ouaka avec la b\u00e9n\u00e9diction de Smail Chergui et de Jean-Pierre Lacroix - centrafricaine","isPartOf":{"@id":"https:\/\/www.africa-press.net\/centrafricaine\/#website"},"primaryImageOfPage":{"@id":"https:\/\/www.africa-press.net\/centrafricaine\/politique\/rca-il-y-a-deux-ans-ngrebada-intronisait-son-ministre-conseiller-darassa-chef-de-la-ouaka-avec-la-benediction-de-smail-chergui-et-de-jean-pierre-lacroix#primaryimage"},"image":{"@id":"https:\/\/www.africa-press.net\/centrafricaine\/politique\/rca-il-y-a-deux-ans-ngrebada-intronisait-son-ministre-conseiller-darassa-chef-de-la-ouaka-avec-la-benediction-de-smail-chergui-et-de-jean-pierre-lacroix#primaryimage"},"thumbnailUrl":"https:\/\/static.africa-press.net\/centrafricaine\/sites\/45\/2021\/04\/img-6086baab93ebd.jpg","datePublished":"2021-04-26T13:18:03+00:00","dateModified":"2021-04-26T14:35:06+00:00","author":{"@id":"https:\/\/www.africa-press.net\/centrafricaine\/#\/schema\/person\/2b1cf3cd81a31e3cd26889ca66d677f1"},"description":"Bangui, R\u00e9publique centrafricaine, lundi, 26 avril 2021 05:37:59 ( Corbeaunews-Centrafrique ). Il y a deux ans d ...","breadcrumb":{"@id":"https:\/\/www.africa-press.net\/centrafricaine\/politique\/rca-il-y-a-deux-ans-ngrebada-intronisait-son-ministre-conseiller-darassa-chef-de-la-ouaka-avec-la-benediction-de-smail-chergui-et-de-jean-pierre-lacroix#breadcrumb"},"inLanguage":"fr-FR","potentialAction":[{"@type":"ReadAction","target":["https:\/\/www.africa-press.net\/centrafricaine\/politique\/rca-il-y-a-deux-ans-ngrebada-intronisait-son-ministre-conseiller-darassa-chef-de-la-ouaka-avec-la-benediction-de-smail-chergui-et-de-jean-pierre-lacroix"]}]},{"@type":"ImageObject","inLanguage":"fr-FR","@id":"https:\/\/www.africa-press.net\/centrafricaine\/politique\/rca-il-y-a-deux-ans-ngrebada-intronisait-son-ministre-conseiller-darassa-chef-de-la-ouaka-avec-la-benediction-de-smail-chergui-et-de-jean-pierre-lacroix#primaryimage","url":"https:\/\/static.africa-press.net\/centrafricaine\/sites\/45\/2021\/04\/img-6086baab93ebd.jpg","contentUrl":"https:\/\/static.africa-press.net\/centrafricaine\/sites\/45\/2021\/04\/img-6086baab93ebd.jpg","width":720,"height":478,"caption":"RCA\u00a0: \u00ab\u00a0Il y a deux ans, Ngrebada intronisait son Ministre conseiller Darassa chef de la Ouaka avec la b\u00e9n\u00e9diction de Smail Chergui et de Jean-Pierre Lacroix"},{"@type":"BreadcrumbList","@id":"https:\/\/www.africa-press.net\/centrafricaine\/politique\/rca-il-y-a-deux-ans-ngrebada-intronisait-son-ministre-conseiller-darassa-chef-de-la-ouaka-avec-la-benediction-de-smail-chergui-et-de-jean-pierre-lacroix#breadcrumb","itemListElement":[{"@type":"ListItem","position":1,"name":"Accueil","item":"https:\/\/www.africa-press.net\/centrafricaine\/"},{"@type":"ListItem","position":2,"name":"\u00ab\u00a0Il y a deux ans, Ngrebada intronisait son Ministre conseiller Darassa chef de la Ouaka avec la b\u00e9n\u00e9diction de Smail Chergui et de Jean-Pierre Lacroix"}]},{"@type":"WebSite","@id":"https:\/\/www.africa-press.net\/centrafricaine\/#website","url":"https:\/\/www.africa-press.net\/centrafricaine\/","name":"centrafricaine","description":"Just another Africa News Agency Sites site","potentialAction":[{"@type":"SearchAction","target":{"@type":"EntryPoint","urlTemplate":"https:\/\/www.africa-press.net\/centrafricaine\/?s={search_term_string}"},"query-input":{"@type":"PropertyValueSpecification","valueRequired":true,"valueName":"search_term_string"}}],"inLanguage":"fr-FR"},{"@type":"Person","@id":"https:\/\/www.africa-press.net\/centrafricaine\/#\/schema\/person\/2b1cf3cd81a31e3cd26889ca66d677f1","name":"cfeditorfr"}]}},"_links":{"self":[{"href":"https:\/\/www.africa-press.net\/centrafricaine\/wp-json\/wp\/v2\/posts\/6155","targetHints":{"allow":["GET"]}}],"collection":[{"href":"https:\/\/www.africa-press.net\/centrafricaine\/wp-json\/wp\/v2\/posts"}],"about":[{"href":"https:\/\/www.africa-press.net\/centrafricaine\/wp-json\/wp\/v2\/types\/post"}],"author":[{"embeddable":true,"href":"https:\/\/www.africa-press.net\/centrafricaine\/wp-json\/wp\/v2\/users\/82"}],"replies":[{"embeddable":true,"href":"https:\/\/www.africa-press.net\/centrafricaine\/wp-json\/wp\/v2\/comments?post=6155"}],"version-history":[{"count":0,"href":"https:\/\/www.africa-press.net\/centrafricaine\/wp-json\/wp\/v2\/posts\/6155\/revisions"}],"wp:featuredmedia":[{"embeddable":true,"href":"https:\/\/www.africa-press.net\/centrafricaine\/wp-json\/wp\/v2\/media\/6154"}],"wp:attachment":[{"href":"https:\/\/www.africa-press.net\/centrafricaine\/wp-json\/wp\/v2\/media?parent=6155"}],"wp:term":[{"taxonomy":"category","embeddable":true,"href":"https:\/\/www.africa-press.net\/centrafricaine\/wp-json\/wp\/v2\/categories?post=6155"},{"taxonomy":"post_tag","embeddable":true,"href":"https:\/\/www.africa-press.net\/centrafricaine\/wp-json\/wp\/v2\/tags?post=6155"}],"curies":[{"name":"wp","href":"https:\/\/api.w.org\/{rel}","templated":true}]}}