{"id":61695,"date":"2024-09-14T14:38:47","date_gmt":"2024-09-14T14:38:47","guid":{"rendered":"https:\/\/www.africa-press.net\/centrafricaine\/politique\/des-parents-deleves-entre-mille-et-une-equation-a-lapproche-de-la-rentree-scolaire"},"modified":"2024-09-14T14:59:21","modified_gmt":"2024-09-14T14:59:21","slug":"des-parents-deleves-entre-mille-et-une-equation-a-lapproche-de-la-rentree-scolaire","status":"publish","type":"post","link":"https:\/\/www.africa-press.net\/centrafricaine\/culture-et-art\/des-parents-deleves-entre-mille-et-une-equation-a-lapproche-de-la-rentree-scolaire","title":{"rendered":"des parents d\u2019\u00e9l\u00e8ves entre mille et une \u00e9quation \u00e0 l\u2019approche de la rentr\u00e9e scolaire"},"content":{"rendered":"<p><span style=\"color: #ff6600\"><strong>Africa-Press &#8211; CentrAfricaine. <\/strong><\/span>Comme redoute\u0301 a\u0300 cause de la conjoncture socio-e\u0301conomique difficile du pays, le mois de septembre qui est celui de la rentre\u0301e scolaire au titre de l\u2019anne\u0301e acade\u0301mique 2024-2025 vient a\u0300 peine de commencer qu\u2019il tracasse de\u0301ja\u0300 de nombreux me\u0301nages. De nombreux parents d\u2019e\u0301le\u0300ves en effet, sont actuellement entre mille et une e\u0301quation afin de pre\u0301parer la rentre\u0301e de leurs enfants.<\/p>\n<p>C\u2019est devenu une habitude annuellement d\u2019entendre dans les familles de classe moyenne en RCA des plaintes a\u0300 l\u2019approche des rentre\u0301es scolaires du fait des difficulte\u0301s qu\u2019elles e\u0301prouvent dans la pre\u0301paration de la reprise des cours de leurs enfants.<\/p>\n<p>A cause de l\u2019inflation ge\u0301ne\u0301ralise\u0301e et de la situation socio-e\u0301conomique de\u0301licate du pays, ce sont mille et une e\u0301quation que doivent re\u0301soudre ces familles afin d\u2019envoyer leurs proge\u0301nitures a\u0300 l\u2019e\u0301cole si elles n\u2019ont pris le soin d\u2019e\u0301pargner.<\/p>\n<p>Quelques parents rencontre\u0301s dans les marche\u0301s de le cite\u0301-capitale affirment avoir consenti des sacrifices en abandonnant d\u2019autres charges afin de ne se concentrer que sur la pre\u0301paration de la rentre\u0301e de leurs enfants a\u0300 l\u2019instar de Ruffin venu faire des achats de fournitures pour ses 2 filles au marche\u0301 du Km5<b>.<\/b><br \/>\n<b>\u00ab c\u2019est la me\u0302me pression que nous ressentons presque chaque anne\u0301e a\u0300 l\u2019approche de la rentre\u0301e des classes, nous les parents qui avons des ressources limite\u0301es. J\u2019ai du\u0302 contracter un pre\u0302t scolaire au niveau de ma banque mais cela ne suffit pas pour re\u0301soudre les frais de scolarite\u0301 et de payer les fournitures de mes filles car a\u0300 cause de mon salaire modeste, la banque ne m\u2019a octroye\u0301 que la moitie\u0301 du montant que j\u2019ai sollicite\u0301. C\u2019est vraiment difficile pour nous de pre\u0301parer la rentre\u0301e de nos enfants mais comme c\u2019est notre responsabilite\u0301, nous nous battons pour le faire. Nous souhaitons vraiment que la situation e\u0301conomique du pays s\u2019ame\u0301liore pour permettre au gouvernement d\u2019augmenter nos revenus afin de nous occuper dignement de la scolarite\u0301 de nos enfants \u00bb<\/b> a-t-il fait savoir.<\/p>\n<p><b>Source: Ndjoni Sango<\/b><\/p>\n<p><strong>Pour plus d&rsquo;informations et d&rsquo;analyses sur la CentrAfricaine, suivez Africa-Press<\/strong><\/p>\n","protected":false},"excerpt":{"rendered":"<p>Africa-Press &#8211; CentrAfricaine. Comme redoute\u0301 a\u0300 cause de la conjoncture socio-e\u0301conomique difficile du pays, le mois de septembre qui est celui de la rentre\u0301e scolaire au titre de l\u2019anne\u0301e acade\u0301mique 2024-2025 vient a\u0300 peine de commencer qu\u2019il tracasse de\u0301ja\u0300 de nombreux me\u0301nages. De nombreux parents d\u2019e\u0301le\u0300ves en effet, sont actuellement entre mille et une e\u0301quation [&hellip;]<\/p>\n","protected":false},"author":82,"featured_media":61693,"comment_status":"open","ping_status":"closed","sticky":false,"template":"","format":"standard","meta":{"footnotes":""},"categories":[5,10],"tags":[30,41,5436,3032],"class_list":["post-61695","post","type-post","status-publish","format-standard","has-post-thumbnail","hentry","category-culture-et-art","category-toutes-les-actualites","tag-centrafricaine","tag-centrafrique","tag-parents-deleves","tag-rentree-scolaire"],"yoast_head":"<!-- This site is optimized with the Yoast SEO Premium plugin v26.1 (Yoast SEO v27.0) - https:\/\/yoast.com\/product\/yoast-seo-premium-wordpress\/ -->\n<title>des parents d\u2019\u00e9l\u00e8ves entre mille et une \u00e9quation \u00e0 l\u2019approche de la rentr\u00e9e scolaire - centrafricaine<\/title>\n<meta name=\"description\" content=\"Comme redoute\u0301 a\u0300 cause de la conjoncture socio-e\u0301conomique difficile du pays, le mois de septembre qui est celui de la ...\" \/>\n<meta name=\"robots\" content=\"index, follow, max-snippet:-1, max-image-preview:large, max-video-preview:-1\" \/>\n<link rel=\"canonical\" href=\"https:\/\/www.africa-press.net\/centrafricaine\/culture-et-art\/des-parents-deleves-entre-mille-et-une-equation-a-lapproche-de-la-rentree-scolaire\" \/>\n<meta property=\"og:locale\" content=\"fr_FR\" \/>\n<meta property=\"og:type\" content=\"article\" \/>\n<meta property=\"og:title\" content=\"des parents d\u2019\u00e9l\u00e8ves entre mille et une \u00e9quation \u00e0 l\u2019approche de la rentr\u00e9e scolaire\" \/>\n<meta property=\"og:description\" content=\"Comme redoute\u0301 a\u0300 cause de la conjoncture socio-e\u0301conomique difficile du pays, le mois de septembre qui est celui de la ...\" \/>\n<meta property=\"og:url\" content=\"https:\/\/www.africa-press.net\/centrafricaine\/culture-et-art\/des-parents-deleves-entre-mille-et-une-equation-a-lapproche-de-la-rentree-scolaire\" \/>\n<meta property=\"og:site_name\" content=\"centrafricaine\" \/>\n<meta property=\"article:published_time\" content=\"2024-09-14T14:38:47+00:00\" \/>\n<meta property=\"article:modified_time\" content=\"2024-09-14T14:59:21+00:00\" \/>\n<meta property=\"og:image\" content=\"https:\/\/static.africa-press.net\/centrafricaine\/sites\/45\/2024\/09\/sm_1726313339.830838.jpg\" \/>\n\t<meta property=\"og:image:width\" content=\"1920\" \/>\n\t<meta property=\"og:image:height\" content=\"965\" \/>\n\t<meta property=\"og:image:type\" content=\"image\/jpeg\" \/>\n<meta name=\"author\" content=\"cfeditorfr\" \/>\n<meta name=\"twitter:card\" content=\"summary_large_image\" \/>\n<meta name=\"twitter:label1\" content=\"\u00c9crit par\" \/>\n\t<meta name=\"twitter:data1\" content=\"cfeditorfr\" \/>\n\t<meta name=\"twitter:label2\" content=\"Dur\u00e9e de lecture estim\u00e9e\" \/>\n\t<meta name=\"twitter:data2\" content=\"2 minutes\" \/>\n<script type=\"application\/ld+json\" class=\"yoast-schema-graph\">{\"@context\":\"https:\/\/schema.org\",\"@graph\":[{\"@type\":\"Article\",\"@id\":\"https:\/\/www.africa-press.net\/centrafricaine\/culture-et-art\/des-parents-deleves-entre-mille-et-une-equation-a-lapproche-de-la-rentree-scolaire#article\",\"isPartOf\":{\"@id\":\"https:\/\/www.africa-press.net\/centrafricaine\/culture-et-art\/des-parents-deleves-entre-mille-et-une-equation-a-lapproche-de-la-rentree-scolaire\"},\"author\":{\"name\":\"cfeditorfr\",\"@id\":\"https:\/\/www.africa-press.net\/centrafricaine\/#\/schema\/person\/2b1cf3cd81a31e3cd26889ca66d677f1\"},\"headline\":\"des parents d\u2019\u00e9l\u00e8ves entre mille et une \u00e9quation \u00e0 l\u2019approche de la rentr\u00e9e scolaire\",\"datePublished\":\"2024-09-14T14:38:47+00:00\",\"dateModified\":\"2024-09-14T14:59:21+00:00\",\"mainEntityOfPage\":{\"@id\":\"https:\/\/www.africa-press.net\/centrafricaine\/culture-et-art\/des-parents-deleves-entre-mille-et-une-equation-a-lapproche-de-la-rentree-scolaire\"},\"wordCount\":412,\"commentCount\":0,\"image\":{\"@id\":\"https:\/\/www.africa-press.net\/centrafricaine\/culture-et-art\/des-parents-deleves-entre-mille-et-une-equation-a-lapproche-de-la-rentree-scolaire#primaryimage\"},\"thumbnailUrl\":\"https:\/\/static.africa-press.net\/centrafricaine\/sites\/45\/2024\/09\/sm_1726313339.830838.jpg\",\"keywords\":[\"CentrAfricaine\",\"Centrafrique\",\"parents d\u2019\u00e9l\u00e8ves\",\"rentr\u00e9e scolaire\"],\"articleSection\":[\"Culture et Art\",\"Toutes les actualit\u00e9s\"],\"inLanguage\":\"fr-FR\",\"potentialAction\":[{\"@type\":\"CommentAction\",\"name\":\"Comment\",\"target\":[\"https:\/\/www.africa-press.net\/centrafricaine\/culture-et-art\/des-parents-deleves-entre-mille-et-une-equation-a-lapproche-de-la-rentree-scolaire#respond\"]}]},{\"@type\":\"WebPage\",\"@id\":\"https:\/\/www.africa-press.net\/centrafricaine\/culture-et-art\/des-parents-deleves-entre-mille-et-une-equation-a-lapproche-de-la-rentree-scolaire\",\"url\":\"https:\/\/www.africa-press.net\/centrafricaine\/culture-et-art\/des-parents-deleves-entre-mille-et-une-equation-a-lapproche-de-la-rentree-scolaire\",\"name\":\"des parents d\u2019\u00e9l\u00e8ves entre mille et une \u00e9quation \u00e0 l\u2019approche de la rentr\u00e9e scolaire - centrafricaine\",\"isPartOf\":{\"@id\":\"https:\/\/www.africa-press.net\/centrafricaine\/#website\"},\"primaryImageOfPage\":{\"@id\":\"https:\/\/www.africa-press.net\/centrafricaine\/culture-et-art\/des-parents-deleves-entre-mille-et-une-equation-a-lapproche-de-la-rentree-scolaire#primaryimage\"},\"image\":{\"@id\":\"https:\/\/www.africa-press.net\/centrafricaine\/culture-et-art\/des-parents-deleves-entre-mille-et-une-equation-a-lapproche-de-la-rentree-scolaire#primaryimage\"},\"thumbnailUrl\":\"https:\/\/static.africa-press.net\/centrafricaine\/sites\/45\/2024\/09\/sm_1726313339.830838.jpg\",\"datePublished\":\"2024-09-14T14:38:47+00:00\",\"dateModified\":\"2024-09-14T14:59:21+00:00\",\"author\":{\"@id\":\"https:\/\/www.africa-press.net\/centrafricaine\/#\/schema\/person\/2b1cf3cd81a31e3cd26889ca66d677f1\"},\"description\":\"Comme redoute\u0301 a\u0300 cause de la conjoncture socio-e\u0301conomique difficile du pays, le mois de septembre qui est celui de la ...\",\"breadcrumb\":{\"@id\":\"https:\/\/www.africa-press.net\/centrafricaine\/culture-et-art\/des-parents-deleves-entre-mille-et-une-equation-a-lapproche-de-la-rentree-scolaire#breadcrumb\"},\"inLanguage\":\"fr-FR\",\"potentialAction\":[{\"@type\":\"ReadAction\",\"target\":[\"https:\/\/www.africa-press.net\/centrafricaine\/culture-et-art\/des-parents-deleves-entre-mille-et-une-equation-a-lapproche-de-la-rentree-scolaire\"]}]},{\"@type\":\"ImageObject\",\"inLanguage\":\"fr-FR\",\"@id\":\"https:\/\/www.africa-press.net\/centrafricaine\/culture-et-art\/des-parents-deleves-entre-mille-et-une-equation-a-lapproche-de-la-rentree-scolaire#primaryimage\",\"url\":\"https:\/\/static.africa-press.net\/centrafricaine\/sites\/45\/2024\/09\/sm_1726313339.830838.jpg\",\"contentUrl\":\"https:\/\/static.africa-press.net\/centrafricaine\/sites\/45\/2024\/09\/sm_1726313339.830838.jpg\",\"width\":1920,\"height\":965,\"caption\":\"des parents d\u2019\u00e9l\u00e8ves entre mille et une \u00e9quation \u00e0 l\u2019approche de la rentr\u00e9e scolaire\"},{\"@type\":\"BreadcrumbList\",\"@id\":\"https:\/\/www.africa-press.net\/centrafricaine\/culture-et-art\/des-parents-deleves-entre-mille-et-une-equation-a-lapproche-de-la-rentree-scolaire#breadcrumb\",\"itemListElement\":[{\"@type\":\"ListItem\",\"position\":1,\"name\":\"Accueil\",\"item\":\"https:\/\/www.africa-press.net\/centrafricaine\/\"},{\"@type\":\"ListItem\",\"position\":2,\"name\":\"des parents d\u2019\u00e9l\u00e8ves entre mille et une \u00e9quation \u00e0 l\u2019approche de la rentr\u00e9e scolaire\"}]},{\"@type\":\"WebSite\",\"@id\":\"https:\/\/www.africa-press.net\/centrafricaine\/#website\",\"url\":\"https:\/\/www.africa-press.net\/centrafricaine\/\",\"name\":\"centrafricaine\",\"description\":\"Just another Africa News Agency Sites site\",\"potentialAction\":[{\"@type\":\"SearchAction\",\"target\":{\"@type\":\"EntryPoint\",\"urlTemplate\":\"https:\/\/www.africa-press.net\/centrafricaine\/?s={search_term_string}\"},\"query-input\":{\"@type\":\"PropertyValueSpecification\",\"valueRequired\":true,\"valueName\":\"search_term_string\"}}],\"inLanguage\":\"fr-FR\"},{\"@type\":\"Person\",\"@id\":\"https:\/\/www.africa-press.net\/centrafricaine\/#\/schema\/person\/2b1cf3cd81a31e3cd26889ca66d677f1\",\"name\":\"cfeditorfr\"}]}<\/script>\n<!-- \/ Yoast SEO Premium plugin. -->","yoast_head_json":{"title":"des parents d\u2019\u00e9l\u00e8ves entre mille et une \u00e9quation \u00e0 l\u2019approche de la rentr\u00e9e scolaire - centrafricaine","description":"Comme redoute\u0301 a\u0300 cause de la conjoncture socio-e\u0301conomique difficile du pays, le mois de septembre qui est celui de la ...","robots":{"index":"index","follow":"follow","max-snippet":"max-snippet:-1","max-image-preview":"max-image-preview:large","max-video-preview":"max-video-preview:-1"},"canonical":"https:\/\/www.africa-press.net\/centrafricaine\/culture-et-art\/des-parents-deleves-entre-mille-et-une-equation-a-lapproche-de-la-rentree-scolaire","og_locale":"fr_FR","og_type":"article","og_title":"des parents d\u2019\u00e9l\u00e8ves entre mille et une \u00e9quation \u00e0 l\u2019approche de la rentr\u00e9e scolaire","og_description":"Comme redoute\u0301 a\u0300 cause de la conjoncture socio-e\u0301conomique difficile du pays, le mois de septembre qui est celui de la ...","og_url":"https:\/\/www.africa-press.net\/centrafricaine\/culture-et-art\/des-parents-deleves-entre-mille-et-une-equation-a-lapproche-de-la-rentree-scolaire","og_site_name":"centrafricaine","article_published_time":"2024-09-14T14:38:47+00:00","article_modified_time":"2024-09-14T14:59:21+00:00","og_image":[{"width":1920,"height":965,"url":"https:\/\/static.africa-press.net\/centrafricaine\/sites\/45\/2024\/09\/sm_1726313339.830838.jpg","type":"image\/jpeg"}],"author":"cfeditorfr","twitter_card":"summary_large_image","twitter_misc":{"\u00c9crit par":"cfeditorfr","Dur\u00e9e de lecture estim\u00e9e":"2 minutes"},"schema":{"@context":"https:\/\/schema.org","@graph":[{"@type":"Article","@id":"https:\/\/www.africa-press.net\/centrafricaine\/culture-et-art\/des-parents-deleves-entre-mille-et-une-equation-a-lapproche-de-la-rentree-scolaire#article","isPartOf":{"@id":"https:\/\/www.africa-press.net\/centrafricaine\/culture-et-art\/des-parents-deleves-entre-mille-et-une-equation-a-lapproche-de-la-rentree-scolaire"},"author":{"name":"cfeditorfr","@id":"https:\/\/www.africa-press.net\/centrafricaine\/#\/schema\/person\/2b1cf3cd81a31e3cd26889ca66d677f1"},"headline":"des parents d\u2019\u00e9l\u00e8ves entre mille et une \u00e9quation \u00e0 l\u2019approche de la rentr\u00e9e scolaire","datePublished":"2024-09-14T14:38:47+00:00","dateModified":"2024-09-14T14:59:21+00:00","mainEntityOfPage":{"@id":"https:\/\/www.africa-press.net\/centrafricaine\/culture-et-art\/des-parents-deleves-entre-mille-et-une-equation-a-lapproche-de-la-rentree-scolaire"},"wordCount":412,"commentCount":0,"image":{"@id":"https:\/\/www.africa-press.net\/centrafricaine\/culture-et-art\/des-parents-deleves-entre-mille-et-une-equation-a-lapproche-de-la-rentree-scolaire#primaryimage"},"thumbnailUrl":"https:\/\/static.africa-press.net\/centrafricaine\/sites\/45\/2024\/09\/sm_1726313339.830838.jpg","keywords":["CentrAfricaine","Centrafrique","parents d\u2019\u00e9l\u00e8ves","rentr\u00e9e scolaire"],"articleSection":["Culture et Art","Toutes les actualit\u00e9s"],"inLanguage":"fr-FR","potentialAction":[{"@type":"CommentAction","name":"Comment","target":["https:\/\/www.africa-press.net\/centrafricaine\/culture-et-art\/des-parents-deleves-entre-mille-et-une-equation-a-lapproche-de-la-rentree-scolaire#respond"]}]},{"@type":"WebPage","@id":"https:\/\/www.africa-press.net\/centrafricaine\/culture-et-art\/des-parents-deleves-entre-mille-et-une-equation-a-lapproche-de-la-rentree-scolaire","url":"https:\/\/www.africa-press.net\/centrafricaine\/culture-et-art\/des-parents-deleves-entre-mille-et-une-equation-a-lapproche-de-la-rentree-scolaire","name":"des parents d\u2019\u00e9l\u00e8ves entre mille et une \u00e9quation \u00e0 l\u2019approche de la rentr\u00e9e scolaire - centrafricaine","isPartOf":{"@id":"https:\/\/www.africa-press.net\/centrafricaine\/#website"},"primaryImageOfPage":{"@id":"https:\/\/www.africa-press.net\/centrafricaine\/culture-et-art\/des-parents-deleves-entre-mille-et-une-equation-a-lapproche-de-la-rentree-scolaire#primaryimage"},"image":{"@id":"https:\/\/www.africa-press.net\/centrafricaine\/culture-et-art\/des-parents-deleves-entre-mille-et-une-equation-a-lapproche-de-la-rentree-scolaire#primaryimage"},"thumbnailUrl":"https:\/\/static.africa-press.net\/centrafricaine\/sites\/45\/2024\/09\/sm_1726313339.830838.jpg","datePublished":"2024-09-14T14:38:47+00:00","dateModified":"2024-09-14T14:59:21+00:00","author":{"@id":"https:\/\/www.africa-press.net\/centrafricaine\/#\/schema\/person\/2b1cf3cd81a31e3cd26889ca66d677f1"},"description":"Comme redoute\u0301 a\u0300 cause de la conjoncture socio-e\u0301conomique difficile du pays, le mois de septembre qui est celui de la ...","breadcrumb":{"@id":"https:\/\/www.africa-press.net\/centrafricaine\/culture-et-art\/des-parents-deleves-entre-mille-et-une-equation-a-lapproche-de-la-rentree-scolaire#breadcrumb"},"inLanguage":"fr-FR","potentialAction":[{"@type":"ReadAction","target":["https:\/\/www.africa-press.net\/centrafricaine\/culture-et-art\/des-parents-deleves-entre-mille-et-une-equation-a-lapproche-de-la-rentree-scolaire"]}]},{"@type":"ImageObject","inLanguage":"fr-FR","@id":"https:\/\/www.africa-press.net\/centrafricaine\/culture-et-art\/des-parents-deleves-entre-mille-et-une-equation-a-lapproche-de-la-rentree-scolaire#primaryimage","url":"https:\/\/static.africa-press.net\/centrafricaine\/sites\/45\/2024\/09\/sm_1726313339.830838.jpg","contentUrl":"https:\/\/static.africa-press.net\/centrafricaine\/sites\/45\/2024\/09\/sm_1726313339.830838.jpg","width":1920,"height":965,"caption":"des parents d\u2019\u00e9l\u00e8ves entre mille et une \u00e9quation \u00e0 l\u2019approche de la rentr\u00e9e scolaire"},{"@type":"BreadcrumbList","@id":"https:\/\/www.africa-press.net\/centrafricaine\/culture-et-art\/des-parents-deleves-entre-mille-et-une-equation-a-lapproche-de-la-rentree-scolaire#breadcrumb","itemListElement":[{"@type":"ListItem","position":1,"name":"Accueil","item":"https:\/\/www.africa-press.net\/centrafricaine\/"},{"@type":"ListItem","position":2,"name":"des parents d\u2019\u00e9l\u00e8ves entre mille et une \u00e9quation \u00e0 l\u2019approche de la rentr\u00e9e scolaire"}]},{"@type":"WebSite","@id":"https:\/\/www.africa-press.net\/centrafricaine\/#website","url":"https:\/\/www.africa-press.net\/centrafricaine\/","name":"centrafricaine","description":"Just another Africa News Agency Sites site","potentialAction":[{"@type":"SearchAction","target":{"@type":"EntryPoint","urlTemplate":"https:\/\/www.africa-press.net\/centrafricaine\/?s={search_term_string}"},"query-input":{"@type":"PropertyValueSpecification","valueRequired":true,"valueName":"search_term_string"}}],"inLanguage":"fr-FR"},{"@type":"Person","@id":"https:\/\/www.africa-press.net\/centrafricaine\/#\/schema\/person\/2b1cf3cd81a31e3cd26889ca66d677f1","name":"cfeditorfr"}]}},"_links":{"self":[{"href":"https:\/\/www.africa-press.net\/centrafricaine\/wp-json\/wp\/v2\/posts\/61695","targetHints":{"allow":["GET"]}}],"collection":[{"href":"https:\/\/www.africa-press.net\/centrafricaine\/wp-json\/wp\/v2\/posts"}],"about":[{"href":"https:\/\/www.africa-press.net\/centrafricaine\/wp-json\/wp\/v2\/types\/post"}],"author":[{"embeddable":true,"href":"https:\/\/www.africa-press.net\/centrafricaine\/wp-json\/wp\/v2\/users\/82"}],"replies":[{"embeddable":true,"href":"https:\/\/www.africa-press.net\/centrafricaine\/wp-json\/wp\/v2\/comments?post=61695"}],"version-history":[{"count":0,"href":"https:\/\/www.africa-press.net\/centrafricaine\/wp-json\/wp\/v2\/posts\/61695\/revisions"}],"wp:featuredmedia":[{"embeddable":true,"href":"https:\/\/www.africa-press.net\/centrafricaine\/wp-json\/wp\/v2\/media\/61693"}],"wp:attachment":[{"href":"https:\/\/www.africa-press.net\/centrafricaine\/wp-json\/wp\/v2\/media?parent=61695"}],"wp:term":[{"taxonomy":"category","embeddable":true,"href":"https:\/\/www.africa-press.net\/centrafricaine\/wp-json\/wp\/v2\/categories?post=61695"},{"taxonomy":"post_tag","embeddable":true,"href":"https:\/\/www.africa-press.net\/centrafricaine\/wp-json\/wp\/v2\/tags?post=61695"}],"curies":[{"name":"wp","href":"https:\/\/api.w.org\/{rel}","templated":true}]}}