{"id":61797,"date":"2024-09-17T18:35:12","date_gmt":"2024-09-17T18:35:12","guid":{"rendered":"https:\/\/www.africa-press.net\/centrafricaine\/politique\/bangui-la-rentree-scolaire-relance-le-ballet-frenetique-des-bus"},"modified":"2024-09-17T19:10:20","modified_gmt":"2024-09-17T19:10:20","slug":"bangui-la-rentree-scolaire-relance-le-ballet-frenetique-des-bus","status":"publish","type":"post","link":"https:\/\/www.africa-press.net\/centrafricaine\/culture-et-art\/bangui-la-rentree-scolaire-relance-le-ballet-frenetique-des-bus","title":{"rendered":"Bangui : La rentr\u00e9e scolaire relance le ballet fr\u00e9n\u00e9tique des bus"},"content":{"rendered":"<p><span style=\"color: #ff6600\"><strong>Africa-Press &#8211; CentrAfricaine. <\/strong><\/span><b>Bangui, CNC. En ce lundi 16 septembre 2024, Bangui s\u2019e\u0301veille dans une effervescence familie\u0300re. La rentre\u0301e scolaire transforme la capitale centrafricaine en une ruche bourdonnante, rythme\u0301e par le va-et-vient incessant des bus.<\/b><\/p>\n<p>De\u0300s l\u2019aube, au marche\u0301 PK12, une foule dense se masse. <b>\u201cQuatrie\u0300me!, Miskine!, Centre-ville !, 5 kilos !\u201d,<\/b> scandent les receveurs, donnant le signal d\u2019une rue\u0301e effre\u0301ne\u0301e vers les portes des bus.<\/p>\n<p>Le parcours des bus dessine la ge\u0301ographie vivante de la ville. Apre\u0300s le de\u0301part de PK12, les ve\u0301hicules font halte au marche\u0301 Gobongo. Puis, arrive\u0301s au croisement du 4e arrondissement, ils empruntent une de\u0301viation vers le croisement Marabe\u0301na sur l\u2019avenue Koudoukou.<\/p>\n<p>Au croisement Koudoukou, les bus passent sur l\u2019avenue des martyrs pour progresser vers le centre-ville, passant devant l\u2019ho\u0302pital communautaire sur l\u2019avenue des Martyrs, multipliant les arre\u0302ts pour charger et de\u0301charger des passagers. Le trajet se poursuit jusqu\u2019a\u0300 l\u2019universite\u0301, avant de remonter sur la rue Touadera vers le <b>lyce\u0301e technique<\/b>, le <b>lyce\u0301e Caron<\/b>, le <b>Centre Hospitalier Universitaire<\/b> (CHU), pour finalement atteindre le <b>terminus nord au centre-ville<\/b>.<\/p>\n<p>Si dans les e\u0301tablissements publics, la rentre\u0301e reste timide, les e\u0301coles prive\u0301es semblent prendre de l\u2019e\u0301lan. Au bord des routes, c\u2019est la cohue. E\u0301le\u0300ves, professeurs, fonctionnaires, commerc\u0327ants, tous se pre\u0301cipitent pour attraper un bus.<\/p>\n<p><b>\u201cC\u2019est le me\u0302me cirque chaque anne\u0301e\u201d,<\/b> soupire Jeannette, une vendeuse du marche\u0301 Gobongo. <b>\u201cMais c\u2019est notre quotidien, il faut bien se de\u0301placer\u201d.<\/b><\/p>\n<p>Cette fre\u0301ne\u0301sie fait le bonheur des transporteurs, conducteurs et receveurs. Apre\u0300s des vacances difficiles ou\u0300 les recettes e\u0301taient maigres, la rentre\u0301e est un soulagement. <b>\u201cC\u2019est parti pour neuf mois\u201d,<\/b> s\u2019exclame Alban, un chauffeur. <b>\u201cEnfin, on va pouvoir travailler normalement\u201d.<\/b><\/p>\n<p>Au fil de la journe\u0301e, exactement comme dans la matine\u0301e, les itine\u0301raires se diversifient. Des bus partent vers le marche\u0301 Combattant, d\u2019autres vers KM5 ou Boy-Rabe, pour le nord, dessinant une toile complexe a\u0300 travers la ville. Mais d\u2019autres points restent encore, sur la voie du sud, vers Kassai\u0308 \u2013 Ouango, ou encore vers Pe\u0301te\u0301vo- Bimbo a\u0300 la sortie ouest de la ville, ou encore vers KM5, les trajets sont nombreux a\u0300 explorer.<\/p>\n<p>Ce ballet urbain se re\u0301pe\u0300te quotidiennement, rythmant la vie de milliers de Banguissois. Une chore\u0301graphie certes chaotique, mais essentielle, symbole d\u2019une ville en perpe\u0301tuel mouvement, malgre\u0301 les de\u0301fis.<\/p>\n<p>Dans cette fresque vivante de Bangui, les bus sont bien plus qu\u2019un simple moyen de transport. Ils incarnent le pouls de la ville, battant au rythme des espoirs et des luttes de ses habitants. La rentre\u0301e scolaire marque ainsi non seulement le retour a\u0300 l\u2019e\u0301cole, mais aussi le retour a\u0300 une certaine normalite\u0301 e\u0301conomique pour de nombreux acteurs de la ville.<\/p>\n<p><strong>Pour plus d&rsquo;informations et d&rsquo;analyses sur la CentrAfricaine, suivez Africa-Press<\/strong><\/p>\n","protected":false},"excerpt":{"rendered":"<p>Africa-Press &#8211; CentrAfricaine. Bangui, CNC. En ce lundi 16 septembre 2024, Bangui s\u2019e\u0301veille dans une effervescence familie\u0300re. La rentre\u0301e scolaire transforme la capitale centrafricaine en une ruche bourdonnante, rythme\u0301e par le va-et-vient incessant des bus. De\u0300s l\u2019aube, au marche\u0301 PK12, une foule dense se masse. \u201cQuatrie\u0300me!, Miskine!, Centre-ville !, 5 kilos !\u201d, scandent les receveurs, [&hellip;]<\/p>\n","protected":false},"author":82,"featured_media":61796,"comment_status":"open","ping_status":"closed","sticky":false,"template":"","format":"standard","meta":{"footnotes":""},"categories":[5,10],"tags":[30],"class_list":["post-61797","post","type-post","status-publish","format-standard","has-post-thumbnail","hentry","category-culture-et-art","category-toutes-les-actualites","tag-centrafricaine"],"yoast_head":"<!-- This site is optimized with the Yoast SEO Premium plugin v26.1 (Yoast SEO v27.0) - https:\/\/yoast.com\/product\/yoast-seo-premium-wordpress\/ -->\n<title>Bangui : La rentr\u00e9e scolaire relance le ballet fr\u00e9n\u00e9tique des bus - centrafricaine<\/title>\n<meta name=\"description\" content=\"Bangui, CNC. En ce lundi 16 septembre 2024, Bangui s\u2019e\u0301veille dans une effervescence familie\u0300re. La rentre\u0301e scolaire ...\" \/>\n<meta name=\"robots\" content=\"index, follow, max-snippet:-1, max-image-preview:large, max-video-preview:-1\" \/>\n<link rel=\"canonical\" href=\"https:\/\/www.africa-press.net\/centrafricaine\/culture-et-art\/bangui-la-rentree-scolaire-relance-le-ballet-frenetique-des-bus\" \/>\n<meta property=\"og:locale\" content=\"fr_FR\" \/>\n<meta property=\"og:type\" content=\"article\" \/>\n<meta property=\"og:title\" content=\"Bangui : La rentr\u00e9e scolaire relance le ballet fr\u00e9n\u00e9tique des bus\" \/>\n<meta property=\"og:description\" content=\"Bangui, CNC. En ce lundi 16 septembre 2024, Bangui s\u2019e\u0301veille dans une effervescence familie\u0300re. La rentre\u0301e scolaire ...\" \/>\n<meta property=\"og:url\" content=\"https:\/\/www.africa-press.net\/centrafricaine\/culture-et-art\/bangui-la-rentree-scolaire-relance-le-ballet-frenetique-des-bus\" \/>\n<meta property=\"og:site_name\" content=\"centrafricaine\" \/>\n<meta property=\"article:published_time\" content=\"2024-09-17T18:35:12+00:00\" \/>\n<meta property=\"article:modified_time\" content=\"2024-09-17T19:10:20+00:00\" \/>\n<meta property=\"og:image\" content=\"https:\/\/static.africa-press.net\/centrafricaine\/sites\/45\/2024\/09\/sm_1726587557.172628.jpg\" \/>\n\t<meta property=\"og:image:width\" content=\"750\" \/>\n\t<meta property=\"og:image:height\" content=\"561\" \/>\n\t<meta property=\"og:image:type\" content=\"image\/jpeg\" \/>\n<meta name=\"author\" content=\"cfeditorfr\" \/>\n<meta name=\"twitter:card\" content=\"summary_large_image\" \/>\n<meta name=\"twitter:label1\" content=\"\u00c9crit par\" \/>\n\t<meta name=\"twitter:data1\" content=\"cfeditorfr\" \/>\n\t<meta name=\"twitter:label2\" content=\"Dur\u00e9e de lecture estim\u00e9e\" \/>\n\t<meta name=\"twitter:data2\" content=\"3 minutes\" \/>\n<script type=\"application\/ld+json\" class=\"yoast-schema-graph\">{\"@context\":\"https:\/\/schema.org\",\"@graph\":[{\"@type\":\"Article\",\"@id\":\"https:\/\/www.africa-press.net\/centrafricaine\/culture-et-art\/bangui-la-rentree-scolaire-relance-le-ballet-frenetique-des-bus#article\",\"isPartOf\":{\"@id\":\"https:\/\/www.africa-press.net\/centrafricaine\/culture-et-art\/bangui-la-rentree-scolaire-relance-le-ballet-frenetique-des-bus\"},\"author\":{\"name\":\"cfeditorfr\",\"@id\":\"https:\/\/www.africa-press.net\/centrafricaine\/#\/schema\/person\/2b1cf3cd81a31e3cd26889ca66d677f1\"},\"headline\":\"Bangui : La rentr\u00e9e scolaire relance le ballet fr\u00e9n\u00e9tique des bus\",\"datePublished\":\"2024-09-17T18:35:12+00:00\",\"dateModified\":\"2024-09-17T19:10:20+00:00\",\"mainEntityOfPage\":{\"@id\":\"https:\/\/www.africa-press.net\/centrafricaine\/culture-et-art\/bangui-la-rentree-scolaire-relance-le-ballet-frenetique-des-bus\"},\"wordCount\":519,\"commentCount\":0,\"image\":{\"@id\":\"https:\/\/www.africa-press.net\/centrafricaine\/culture-et-art\/bangui-la-rentree-scolaire-relance-le-ballet-frenetique-des-bus#primaryimage\"},\"thumbnailUrl\":\"https:\/\/static.africa-press.net\/centrafricaine\/sites\/45\/2024\/09\/sm_1726587557.172628.jpg\",\"keywords\":[\"CentrAfricaine\"],\"articleSection\":[\"Culture et Art\",\"Toutes les actualit\u00e9s\"],\"inLanguage\":\"fr-FR\",\"potentialAction\":[{\"@type\":\"CommentAction\",\"name\":\"Comment\",\"target\":[\"https:\/\/www.africa-press.net\/centrafricaine\/culture-et-art\/bangui-la-rentree-scolaire-relance-le-ballet-frenetique-des-bus#respond\"]}]},{\"@type\":\"WebPage\",\"@id\":\"https:\/\/www.africa-press.net\/centrafricaine\/culture-et-art\/bangui-la-rentree-scolaire-relance-le-ballet-frenetique-des-bus\",\"url\":\"https:\/\/www.africa-press.net\/centrafricaine\/culture-et-art\/bangui-la-rentree-scolaire-relance-le-ballet-frenetique-des-bus\",\"name\":\"Bangui : La rentr\u00e9e scolaire relance le ballet fr\u00e9n\u00e9tique des bus - centrafricaine\",\"isPartOf\":{\"@id\":\"https:\/\/www.africa-press.net\/centrafricaine\/#website\"},\"primaryImageOfPage\":{\"@id\":\"https:\/\/www.africa-press.net\/centrafricaine\/culture-et-art\/bangui-la-rentree-scolaire-relance-le-ballet-frenetique-des-bus#primaryimage\"},\"image\":{\"@id\":\"https:\/\/www.africa-press.net\/centrafricaine\/culture-et-art\/bangui-la-rentree-scolaire-relance-le-ballet-frenetique-des-bus#primaryimage\"},\"thumbnailUrl\":\"https:\/\/static.africa-press.net\/centrafricaine\/sites\/45\/2024\/09\/sm_1726587557.172628.jpg\",\"datePublished\":\"2024-09-17T18:35:12+00:00\",\"dateModified\":\"2024-09-17T19:10:20+00:00\",\"author\":{\"@id\":\"https:\/\/www.africa-press.net\/centrafricaine\/#\/schema\/person\/2b1cf3cd81a31e3cd26889ca66d677f1\"},\"description\":\"Bangui, CNC. En ce lundi 16 septembre 2024, Bangui s\u2019e\u0301veille dans une effervescence familie\u0300re. La rentre\u0301e scolaire ...\",\"breadcrumb\":{\"@id\":\"https:\/\/www.africa-press.net\/centrafricaine\/culture-et-art\/bangui-la-rentree-scolaire-relance-le-ballet-frenetique-des-bus#breadcrumb\"},\"inLanguage\":\"fr-FR\",\"potentialAction\":[{\"@type\":\"ReadAction\",\"target\":[\"https:\/\/www.africa-press.net\/centrafricaine\/culture-et-art\/bangui-la-rentree-scolaire-relance-le-ballet-frenetique-des-bus\"]}]},{\"@type\":\"ImageObject\",\"inLanguage\":\"fr-FR\",\"@id\":\"https:\/\/www.africa-press.net\/centrafricaine\/culture-et-art\/bangui-la-rentree-scolaire-relance-le-ballet-frenetique-des-bus#primaryimage\",\"url\":\"https:\/\/static.africa-press.net\/centrafricaine\/sites\/45\/2024\/09\/sm_1726587557.172628.jpg\",\"contentUrl\":\"https:\/\/static.africa-press.net\/centrafricaine\/sites\/45\/2024\/09\/sm_1726587557.172628.jpg\",\"width\":750,\"height\":561,\"caption\":\"Bangui : La rentr\u00e9e scolaire relance le ballet fr\u00e9n\u00e9tique des bus\"},{\"@type\":\"BreadcrumbList\",\"@id\":\"https:\/\/www.africa-press.net\/centrafricaine\/culture-et-art\/bangui-la-rentree-scolaire-relance-le-ballet-frenetique-des-bus#breadcrumb\",\"itemListElement\":[{\"@type\":\"ListItem\",\"position\":1,\"name\":\"Accueil\",\"item\":\"https:\/\/www.africa-press.net\/centrafricaine\/\"},{\"@type\":\"ListItem\",\"position\":2,\"name\":\"Bangui : La rentr\u00e9e scolaire relance le ballet fr\u00e9n\u00e9tique des bus\"}]},{\"@type\":\"WebSite\",\"@id\":\"https:\/\/www.africa-press.net\/centrafricaine\/#website\",\"url\":\"https:\/\/www.africa-press.net\/centrafricaine\/\",\"name\":\"centrafricaine\",\"description\":\"Just another Africa News Agency Sites site\",\"potentialAction\":[{\"@type\":\"SearchAction\",\"target\":{\"@type\":\"EntryPoint\",\"urlTemplate\":\"https:\/\/www.africa-press.net\/centrafricaine\/?s={search_term_string}\"},\"query-input\":{\"@type\":\"PropertyValueSpecification\",\"valueRequired\":true,\"valueName\":\"search_term_string\"}}],\"inLanguage\":\"fr-FR\"},{\"@type\":\"Person\",\"@id\":\"https:\/\/www.africa-press.net\/centrafricaine\/#\/schema\/person\/2b1cf3cd81a31e3cd26889ca66d677f1\",\"name\":\"cfeditorfr\"}]}<\/script>\n<!-- \/ Yoast SEO Premium plugin. -->","yoast_head_json":{"title":"Bangui : La rentr\u00e9e scolaire relance le ballet fr\u00e9n\u00e9tique des bus - centrafricaine","description":"Bangui, CNC. En ce lundi 16 septembre 2024, Bangui s\u2019e\u0301veille dans une effervescence familie\u0300re. La rentre\u0301e scolaire ...","robots":{"index":"index","follow":"follow","max-snippet":"max-snippet:-1","max-image-preview":"max-image-preview:large","max-video-preview":"max-video-preview:-1"},"canonical":"https:\/\/www.africa-press.net\/centrafricaine\/culture-et-art\/bangui-la-rentree-scolaire-relance-le-ballet-frenetique-des-bus","og_locale":"fr_FR","og_type":"article","og_title":"Bangui : La rentr\u00e9e scolaire relance le ballet fr\u00e9n\u00e9tique des bus","og_description":"Bangui, CNC. En ce lundi 16 septembre 2024, Bangui s\u2019e\u0301veille dans une effervescence familie\u0300re. La rentre\u0301e scolaire ...","og_url":"https:\/\/www.africa-press.net\/centrafricaine\/culture-et-art\/bangui-la-rentree-scolaire-relance-le-ballet-frenetique-des-bus","og_site_name":"centrafricaine","article_published_time":"2024-09-17T18:35:12+00:00","article_modified_time":"2024-09-17T19:10:20+00:00","og_image":[{"width":750,"height":561,"url":"https:\/\/static.africa-press.net\/centrafricaine\/sites\/45\/2024\/09\/sm_1726587557.172628.jpg","type":"image\/jpeg"}],"author":"cfeditorfr","twitter_card":"summary_large_image","twitter_misc":{"\u00c9crit par":"cfeditorfr","Dur\u00e9e de lecture estim\u00e9e":"3 minutes"},"schema":{"@context":"https:\/\/schema.org","@graph":[{"@type":"Article","@id":"https:\/\/www.africa-press.net\/centrafricaine\/culture-et-art\/bangui-la-rentree-scolaire-relance-le-ballet-frenetique-des-bus#article","isPartOf":{"@id":"https:\/\/www.africa-press.net\/centrafricaine\/culture-et-art\/bangui-la-rentree-scolaire-relance-le-ballet-frenetique-des-bus"},"author":{"name":"cfeditorfr","@id":"https:\/\/www.africa-press.net\/centrafricaine\/#\/schema\/person\/2b1cf3cd81a31e3cd26889ca66d677f1"},"headline":"Bangui : La rentr\u00e9e scolaire relance le ballet fr\u00e9n\u00e9tique des bus","datePublished":"2024-09-17T18:35:12+00:00","dateModified":"2024-09-17T19:10:20+00:00","mainEntityOfPage":{"@id":"https:\/\/www.africa-press.net\/centrafricaine\/culture-et-art\/bangui-la-rentree-scolaire-relance-le-ballet-frenetique-des-bus"},"wordCount":519,"commentCount":0,"image":{"@id":"https:\/\/www.africa-press.net\/centrafricaine\/culture-et-art\/bangui-la-rentree-scolaire-relance-le-ballet-frenetique-des-bus#primaryimage"},"thumbnailUrl":"https:\/\/static.africa-press.net\/centrafricaine\/sites\/45\/2024\/09\/sm_1726587557.172628.jpg","keywords":["CentrAfricaine"],"articleSection":["Culture et Art","Toutes les actualit\u00e9s"],"inLanguage":"fr-FR","potentialAction":[{"@type":"CommentAction","name":"Comment","target":["https:\/\/www.africa-press.net\/centrafricaine\/culture-et-art\/bangui-la-rentree-scolaire-relance-le-ballet-frenetique-des-bus#respond"]}]},{"@type":"WebPage","@id":"https:\/\/www.africa-press.net\/centrafricaine\/culture-et-art\/bangui-la-rentree-scolaire-relance-le-ballet-frenetique-des-bus","url":"https:\/\/www.africa-press.net\/centrafricaine\/culture-et-art\/bangui-la-rentree-scolaire-relance-le-ballet-frenetique-des-bus","name":"Bangui : La rentr\u00e9e scolaire relance le ballet fr\u00e9n\u00e9tique des bus - centrafricaine","isPartOf":{"@id":"https:\/\/www.africa-press.net\/centrafricaine\/#website"},"primaryImageOfPage":{"@id":"https:\/\/www.africa-press.net\/centrafricaine\/culture-et-art\/bangui-la-rentree-scolaire-relance-le-ballet-frenetique-des-bus#primaryimage"},"image":{"@id":"https:\/\/www.africa-press.net\/centrafricaine\/culture-et-art\/bangui-la-rentree-scolaire-relance-le-ballet-frenetique-des-bus#primaryimage"},"thumbnailUrl":"https:\/\/static.africa-press.net\/centrafricaine\/sites\/45\/2024\/09\/sm_1726587557.172628.jpg","datePublished":"2024-09-17T18:35:12+00:00","dateModified":"2024-09-17T19:10:20+00:00","author":{"@id":"https:\/\/www.africa-press.net\/centrafricaine\/#\/schema\/person\/2b1cf3cd81a31e3cd26889ca66d677f1"},"description":"Bangui, CNC. En ce lundi 16 septembre 2024, Bangui s\u2019e\u0301veille dans une effervescence familie\u0300re. La rentre\u0301e scolaire ...","breadcrumb":{"@id":"https:\/\/www.africa-press.net\/centrafricaine\/culture-et-art\/bangui-la-rentree-scolaire-relance-le-ballet-frenetique-des-bus#breadcrumb"},"inLanguage":"fr-FR","potentialAction":[{"@type":"ReadAction","target":["https:\/\/www.africa-press.net\/centrafricaine\/culture-et-art\/bangui-la-rentree-scolaire-relance-le-ballet-frenetique-des-bus"]}]},{"@type":"ImageObject","inLanguage":"fr-FR","@id":"https:\/\/www.africa-press.net\/centrafricaine\/culture-et-art\/bangui-la-rentree-scolaire-relance-le-ballet-frenetique-des-bus#primaryimage","url":"https:\/\/static.africa-press.net\/centrafricaine\/sites\/45\/2024\/09\/sm_1726587557.172628.jpg","contentUrl":"https:\/\/static.africa-press.net\/centrafricaine\/sites\/45\/2024\/09\/sm_1726587557.172628.jpg","width":750,"height":561,"caption":"Bangui : La rentr\u00e9e scolaire relance le ballet fr\u00e9n\u00e9tique des bus"},{"@type":"BreadcrumbList","@id":"https:\/\/www.africa-press.net\/centrafricaine\/culture-et-art\/bangui-la-rentree-scolaire-relance-le-ballet-frenetique-des-bus#breadcrumb","itemListElement":[{"@type":"ListItem","position":1,"name":"Accueil","item":"https:\/\/www.africa-press.net\/centrafricaine\/"},{"@type":"ListItem","position":2,"name":"Bangui : La rentr\u00e9e scolaire relance le ballet fr\u00e9n\u00e9tique des bus"}]},{"@type":"WebSite","@id":"https:\/\/www.africa-press.net\/centrafricaine\/#website","url":"https:\/\/www.africa-press.net\/centrafricaine\/","name":"centrafricaine","description":"Just another Africa News Agency Sites site","potentialAction":[{"@type":"SearchAction","target":{"@type":"EntryPoint","urlTemplate":"https:\/\/www.africa-press.net\/centrafricaine\/?s={search_term_string}"},"query-input":{"@type":"PropertyValueSpecification","valueRequired":true,"valueName":"search_term_string"}}],"inLanguage":"fr-FR"},{"@type":"Person","@id":"https:\/\/www.africa-press.net\/centrafricaine\/#\/schema\/person\/2b1cf3cd81a31e3cd26889ca66d677f1","name":"cfeditorfr"}]}},"_links":{"self":[{"href":"https:\/\/www.africa-press.net\/centrafricaine\/wp-json\/wp\/v2\/posts\/61797","targetHints":{"allow":["GET"]}}],"collection":[{"href":"https:\/\/www.africa-press.net\/centrafricaine\/wp-json\/wp\/v2\/posts"}],"about":[{"href":"https:\/\/www.africa-press.net\/centrafricaine\/wp-json\/wp\/v2\/types\/post"}],"author":[{"embeddable":true,"href":"https:\/\/www.africa-press.net\/centrafricaine\/wp-json\/wp\/v2\/users\/82"}],"replies":[{"embeddable":true,"href":"https:\/\/www.africa-press.net\/centrafricaine\/wp-json\/wp\/v2\/comments?post=61797"}],"version-history":[{"count":0,"href":"https:\/\/www.africa-press.net\/centrafricaine\/wp-json\/wp\/v2\/posts\/61797\/revisions"}],"wp:featuredmedia":[{"embeddable":true,"href":"https:\/\/www.africa-press.net\/centrafricaine\/wp-json\/wp\/v2\/media\/61796"}],"wp:attachment":[{"href":"https:\/\/www.africa-press.net\/centrafricaine\/wp-json\/wp\/v2\/media?parent=61797"}],"wp:term":[{"taxonomy":"category","embeddable":true,"href":"https:\/\/www.africa-press.net\/centrafricaine\/wp-json\/wp\/v2\/categories?post=61797"},{"taxonomy":"post_tag","embeddable":true,"href":"https:\/\/www.africa-press.net\/centrafricaine\/wp-json\/wp\/v2\/tags?post=61797"}],"curies":[{"name":"wp","href":"https:\/\/api.w.org\/{rel}","templated":true}]}}