{"id":61808,"date":"2024-09-17T18:39:03","date_gmt":"2024-09-17T18:39:03","guid":{"rendered":"https:\/\/www.africa-press.net\/centrafricaine\/politique\/que-retenir-des-10-ans-de-la-presence-de-la-minusca"},"modified":"2024-09-17T19:11:32","modified_gmt":"2024-09-17T19:11:32","slug":"que-retenir-des-10-ans-de-la-presence-de-la-minusca","status":"publish","type":"post","link":"https:\/\/www.africa-press.net\/centrafricaine\/politique\/que-retenir-des-10-ans-de-la-presence-de-la-minusca","title":{"rendered":"que retenir des 10 ans de la pr\u00e9sence de la MINUSCA?"},"content":{"rendered":"<p><span style=\"color: #ff6600\"><strong>Africa-Press &#8211; CentrAfricaine. <\/strong><\/span>10 ans apre\u0300s son installation en terres centrafricaines, la MINUSCA dont la mission principale est de ramener la paix en RCA, n\u2019arrive pas a\u0300 convaincre les Centrafricains quant a\u0300 sa ve\u0301ritable utilite\u0301 dans le pays. Elle n\u2019a de l\u2019avis de nombreux observateurs, sans ambages, atteint les objectifs qui lui ont fixe\u0301s par le Conseil de Se\u0301curite\u0301 de l\u2019ONU et doit aujourd\u2019hui se remettre en cause et reconnaitre ses limites.<\/p>\n<p>Loin d\u2019e\u0302tre ingrats ou de manquer de reconnaissance envers les pays contributeurs en troupes qui ont eu a\u0300 perdre des hommes dans le cadre de la MINUSCA, les Centrafricains dans leur majorite\u0301 appre\u0301cient ne\u0301gativement le ro\u0302le que cette mission a joue\u0301 dans le pays en 10ans.<\/p>\n<p>Et si elle avait e\u0301te\u0301 re\u0301clame\u0301e et qu\u2019elle a suscite\u0301 de l\u2019espoir au sein de la population en 2013-2014, il n\u2019en est plus le cas tant cette me\u0302me population se dit aujourd\u2019hui de\u0301c\u0327ue de la prestation de la mission onusienne 10ans apre\u0300s.<\/p>\n<p>Avec le tout moyen ne\u0301cessaire qu\u2019elle dispose, la MINUSCA n\u2019a pas rempli sa mission et d\u2019aucuns plus critiques vont jusqu\u2019a\u0300 l\u2019accuser d\u2019entretenir l\u2019instabilite\u0301 dans le pays afin de s\u2019y maintenir.<\/p>\n<p>N\u2019eut-e\u0301te\u0301 la vision clairvoyante des autorite\u0301s nationales, la paix et la se\u0301curite\u0301 ne seraient pas revenues dans les re\u0301gions ou\u0300 re\u0301gnaient en mai\u0302tres des groupes arme\u0301s responsables de nombreux crimes en pre\u0301sence des casques bleus qui n\u2019intervenaient pas pour prote\u0301ger les civils.<\/p>\n<p>Pour un spe\u0301cialiste de gestion des conflits, la MINUSCA a montre\u0301 des limites dans la gestion de la crise centrafricaine a\u0300 cause de nombreux facteurs dont les inge\u0301rences des grandes puissances qui la financent majoritairement:<\/p>\n<p><b>\u00ab hors-mis les appuis sociaux et son implication dans les processus politiques de retour de la paix, la MINUSCA n\u2019a pas atteint les objectifs de retour de paix en RCA qui lui ont e\u0301te\u0301 fixe\u0301s. Le manque de coordination au niveau de son e\u0301tat-major et sa passivite\u0301 constate\u0301e dans des cas de violation des droits-humains ternissent l\u2019image de cette institution \u00bb<\/b> a-t-il fait savoir.<\/p>\n<p>Il invite par ailleurs les responsables de la MINUSCA et le Conseil de Se\u0301curite\u0301 de l\u2019ONU a\u0300 revoir le paradigme d\u2019intervention de la MINUSCA pour qu\u2019elle contribue efficacement au retour de la paix en RCA.<\/p>\n<p><b>Source: Ndjoni Sango<\/b><\/p>\n<p><strong>Pour plus d&rsquo;informations et d&rsquo;analyses sur la CentrAfricaine, suivez Africa-Press<\/strong><\/p>\n","protected":false},"excerpt":{"rendered":"<p>Africa-Press &#8211; CentrAfricaine. 10 ans apre\u0300s son installation en terres centrafricaines, la MINUSCA dont la mission principale est de ramener la paix en RCA, n\u2019arrive pas a\u0300 convaincre les Centrafricains quant a\u0300 sa ve\u0301ritable utilite\u0301 dans le pays. Elle n\u2019a de l\u2019avis de nombreux observateurs, sans ambages, atteint les objectifs qui lui ont fixe\u0301s par [&hellip;]<\/p>\n","protected":false},"author":82,"featured_media":61807,"comment_status":"open","ping_status":"closed","sticky":false,"template":"","format":"standard","meta":{"footnotes":""},"categories":[2,10],"tags":[30,41,48,2686],"class_list":["post-61808","post","type-post","status-publish","format-standard","has-post-thumbnail","hentry","category-politique","category-toutes-les-actualites","tag-centrafricaine","tag-centrafrique","tag-minusca","tag-presence"],"yoast_head":"<!-- This site is optimized with the Yoast SEO Premium plugin v26.1 (Yoast SEO v27.0) - https:\/\/yoast.com\/product\/yoast-seo-premium-wordpress\/ -->\n<title>que retenir des 10 ans de la pr\u00e9sence de la MINUSCA? - centrafricaine<\/title>\n<meta name=\"description\" content=\"10 ans apre\u0300s son installation en terres centrafricaines, la MINUSCA dont la mission principale est de ramener la paix e ...\" \/>\n<meta name=\"robots\" content=\"index, follow, max-snippet:-1, max-image-preview:large, max-video-preview:-1\" \/>\n<link rel=\"canonical\" href=\"https:\/\/www.africa-press.net\/centrafricaine\/politique\/que-retenir-des-10-ans-de-la-presence-de-la-minusca\" \/>\n<meta property=\"og:locale\" content=\"fr_FR\" \/>\n<meta property=\"og:type\" content=\"article\" \/>\n<meta property=\"og:title\" content=\"que retenir des 10 ans de la pr\u00e9sence de la MINUSCA?\" \/>\n<meta property=\"og:description\" content=\"10 ans apre\u0300s son installation en terres centrafricaines, la MINUSCA dont la mission principale est de ramener la paix e ...\" \/>\n<meta property=\"og:url\" content=\"https:\/\/www.africa-press.net\/centrafricaine\/politique\/que-retenir-des-10-ans-de-la-presence-de-la-minusca\" \/>\n<meta property=\"og:site_name\" content=\"centrafricaine\" \/>\n<meta property=\"article:published_time\" content=\"2024-09-17T18:39:03+00:00\" \/>\n<meta property=\"article:modified_time\" content=\"2024-09-17T19:11:32+00:00\" \/>\n<meta property=\"og:image\" content=\"https:\/\/static.africa-press.net\/centrafricaine\/sites\/45\/2024\/09\/sm_1726587626.959073.jpg\" \/>\n\t<meta property=\"og:image:width\" content=\"1280\" \/>\n\t<meta property=\"og:image:height\" content=\"720\" \/>\n\t<meta property=\"og:image:type\" content=\"image\/jpeg\" \/>\n<meta name=\"author\" content=\"cfeditorfr\" \/>\n<meta name=\"twitter:card\" content=\"summary_large_image\" \/>\n<meta name=\"twitter:label1\" content=\"\u00c9crit par\" \/>\n\t<meta name=\"twitter:data1\" content=\"cfeditorfr\" \/>\n\t<meta name=\"twitter:label2\" content=\"Dur\u00e9e de lecture estim\u00e9e\" \/>\n\t<meta name=\"twitter:data2\" content=\"3 minutes\" \/>\n<script type=\"application\/ld+json\" class=\"yoast-schema-graph\">{\"@context\":\"https:\/\/schema.org\",\"@graph\":[{\"@type\":\"Article\",\"@id\":\"https:\/\/www.africa-press.net\/centrafricaine\/politique\/que-retenir-des-10-ans-de-la-presence-de-la-minusca#article\",\"isPartOf\":{\"@id\":\"https:\/\/www.africa-press.net\/centrafricaine\/politique\/que-retenir-des-10-ans-de-la-presence-de-la-minusca\"},\"author\":{\"name\":\"cfeditorfr\",\"@id\":\"https:\/\/www.africa-press.net\/centrafricaine\/#\/schema\/person\/2b1cf3cd81a31e3cd26889ca66d677f1\"},\"headline\":\"que retenir des 10 ans de la pr\u00e9sence de la MINUSCA?\",\"datePublished\":\"2024-09-17T18:39:03+00:00\",\"dateModified\":\"2024-09-17T19:11:32+00:00\",\"mainEntityOfPage\":{\"@id\":\"https:\/\/www.africa-press.net\/centrafricaine\/politique\/que-retenir-des-10-ans-de-la-presence-de-la-minusca\"},\"wordCount\":446,\"commentCount\":0,\"image\":{\"@id\":\"https:\/\/www.africa-press.net\/centrafricaine\/politique\/que-retenir-des-10-ans-de-la-presence-de-la-minusca#primaryimage\"},\"thumbnailUrl\":\"https:\/\/static.africa-press.net\/centrafricaine\/sites\/45\/2024\/09\/sm_1726587626.959073.jpg\",\"keywords\":[\"CentrAfricaine\",\"Centrafrique\",\"Minusca\",\"pr\u00e9sence\"],\"articleSection\":[\"Politique\",\"Toutes les actualit\u00e9s\"],\"inLanguage\":\"fr-FR\",\"potentialAction\":[{\"@type\":\"CommentAction\",\"name\":\"Comment\",\"target\":[\"https:\/\/www.africa-press.net\/centrafricaine\/politique\/que-retenir-des-10-ans-de-la-presence-de-la-minusca#respond\"]}]},{\"@type\":\"WebPage\",\"@id\":\"https:\/\/www.africa-press.net\/centrafricaine\/politique\/que-retenir-des-10-ans-de-la-presence-de-la-minusca\",\"url\":\"https:\/\/www.africa-press.net\/centrafricaine\/politique\/que-retenir-des-10-ans-de-la-presence-de-la-minusca\",\"name\":\"que retenir des 10 ans de la pr\u00e9sence de la MINUSCA? - centrafricaine\",\"isPartOf\":{\"@id\":\"https:\/\/www.africa-press.net\/centrafricaine\/#website\"},\"primaryImageOfPage\":{\"@id\":\"https:\/\/www.africa-press.net\/centrafricaine\/politique\/que-retenir-des-10-ans-de-la-presence-de-la-minusca#primaryimage\"},\"image\":{\"@id\":\"https:\/\/www.africa-press.net\/centrafricaine\/politique\/que-retenir-des-10-ans-de-la-presence-de-la-minusca#primaryimage\"},\"thumbnailUrl\":\"https:\/\/static.africa-press.net\/centrafricaine\/sites\/45\/2024\/09\/sm_1726587626.959073.jpg\",\"datePublished\":\"2024-09-17T18:39:03+00:00\",\"dateModified\":\"2024-09-17T19:11:32+00:00\",\"author\":{\"@id\":\"https:\/\/www.africa-press.net\/centrafricaine\/#\/schema\/person\/2b1cf3cd81a31e3cd26889ca66d677f1\"},\"description\":\"10 ans apre\u0300s son installation en terres centrafricaines, la MINUSCA dont la mission principale est de ramener la paix e ...\",\"breadcrumb\":{\"@id\":\"https:\/\/www.africa-press.net\/centrafricaine\/politique\/que-retenir-des-10-ans-de-la-presence-de-la-minusca#breadcrumb\"},\"inLanguage\":\"fr-FR\",\"potentialAction\":[{\"@type\":\"ReadAction\",\"target\":[\"https:\/\/www.africa-press.net\/centrafricaine\/politique\/que-retenir-des-10-ans-de-la-presence-de-la-minusca\"]}]},{\"@type\":\"ImageObject\",\"inLanguage\":\"fr-FR\",\"@id\":\"https:\/\/www.africa-press.net\/centrafricaine\/politique\/que-retenir-des-10-ans-de-la-presence-de-la-minusca#primaryimage\",\"url\":\"https:\/\/static.africa-press.net\/centrafricaine\/sites\/45\/2024\/09\/sm_1726587626.959073.jpg\",\"contentUrl\":\"https:\/\/static.africa-press.net\/centrafricaine\/sites\/45\/2024\/09\/sm_1726587626.959073.jpg\",\"width\":1280,\"height\":720,\"caption\":\"que retenir des 10 ans de la pr\u00e9sence de la MINUSCA?\"},{\"@type\":\"BreadcrumbList\",\"@id\":\"https:\/\/www.africa-press.net\/centrafricaine\/politique\/que-retenir-des-10-ans-de-la-presence-de-la-minusca#breadcrumb\",\"itemListElement\":[{\"@type\":\"ListItem\",\"position\":1,\"name\":\"Accueil\",\"item\":\"https:\/\/www.africa-press.net\/centrafricaine\/\"},{\"@type\":\"ListItem\",\"position\":2,\"name\":\"que retenir des 10 ans de la pr\u00e9sence de la MINUSCA?\"}]},{\"@type\":\"WebSite\",\"@id\":\"https:\/\/www.africa-press.net\/centrafricaine\/#website\",\"url\":\"https:\/\/www.africa-press.net\/centrafricaine\/\",\"name\":\"centrafricaine\",\"description\":\"Just another Africa News Agency Sites site\",\"potentialAction\":[{\"@type\":\"SearchAction\",\"target\":{\"@type\":\"EntryPoint\",\"urlTemplate\":\"https:\/\/www.africa-press.net\/centrafricaine\/?s={search_term_string}\"},\"query-input\":{\"@type\":\"PropertyValueSpecification\",\"valueRequired\":true,\"valueName\":\"search_term_string\"}}],\"inLanguage\":\"fr-FR\"},{\"@type\":\"Person\",\"@id\":\"https:\/\/www.africa-press.net\/centrafricaine\/#\/schema\/person\/2b1cf3cd81a31e3cd26889ca66d677f1\",\"name\":\"cfeditorfr\"}]}<\/script>\n<!-- \/ Yoast SEO Premium plugin. -->","yoast_head_json":{"title":"que retenir des 10 ans de la pr\u00e9sence de la MINUSCA? - centrafricaine","description":"10 ans apre\u0300s son installation en terres centrafricaines, la MINUSCA dont la mission principale est de ramener la paix e ...","robots":{"index":"index","follow":"follow","max-snippet":"max-snippet:-1","max-image-preview":"max-image-preview:large","max-video-preview":"max-video-preview:-1"},"canonical":"https:\/\/www.africa-press.net\/centrafricaine\/politique\/que-retenir-des-10-ans-de-la-presence-de-la-minusca","og_locale":"fr_FR","og_type":"article","og_title":"que retenir des 10 ans de la pr\u00e9sence de la MINUSCA?","og_description":"10 ans apre\u0300s son installation en terres centrafricaines, la MINUSCA dont la mission principale est de ramener la paix e ...","og_url":"https:\/\/www.africa-press.net\/centrafricaine\/politique\/que-retenir-des-10-ans-de-la-presence-de-la-minusca","og_site_name":"centrafricaine","article_published_time":"2024-09-17T18:39:03+00:00","article_modified_time":"2024-09-17T19:11:32+00:00","og_image":[{"width":1280,"height":720,"url":"https:\/\/static.africa-press.net\/centrafricaine\/sites\/45\/2024\/09\/sm_1726587626.959073.jpg","type":"image\/jpeg"}],"author":"cfeditorfr","twitter_card":"summary_large_image","twitter_misc":{"\u00c9crit par":"cfeditorfr","Dur\u00e9e de lecture estim\u00e9e":"3 minutes"},"schema":{"@context":"https:\/\/schema.org","@graph":[{"@type":"Article","@id":"https:\/\/www.africa-press.net\/centrafricaine\/politique\/que-retenir-des-10-ans-de-la-presence-de-la-minusca#article","isPartOf":{"@id":"https:\/\/www.africa-press.net\/centrafricaine\/politique\/que-retenir-des-10-ans-de-la-presence-de-la-minusca"},"author":{"name":"cfeditorfr","@id":"https:\/\/www.africa-press.net\/centrafricaine\/#\/schema\/person\/2b1cf3cd81a31e3cd26889ca66d677f1"},"headline":"que retenir des 10 ans de la pr\u00e9sence de la MINUSCA?","datePublished":"2024-09-17T18:39:03+00:00","dateModified":"2024-09-17T19:11:32+00:00","mainEntityOfPage":{"@id":"https:\/\/www.africa-press.net\/centrafricaine\/politique\/que-retenir-des-10-ans-de-la-presence-de-la-minusca"},"wordCount":446,"commentCount":0,"image":{"@id":"https:\/\/www.africa-press.net\/centrafricaine\/politique\/que-retenir-des-10-ans-de-la-presence-de-la-minusca#primaryimage"},"thumbnailUrl":"https:\/\/static.africa-press.net\/centrafricaine\/sites\/45\/2024\/09\/sm_1726587626.959073.jpg","keywords":["CentrAfricaine","Centrafrique","Minusca","pr\u00e9sence"],"articleSection":["Politique","Toutes les actualit\u00e9s"],"inLanguage":"fr-FR","potentialAction":[{"@type":"CommentAction","name":"Comment","target":["https:\/\/www.africa-press.net\/centrafricaine\/politique\/que-retenir-des-10-ans-de-la-presence-de-la-minusca#respond"]}]},{"@type":"WebPage","@id":"https:\/\/www.africa-press.net\/centrafricaine\/politique\/que-retenir-des-10-ans-de-la-presence-de-la-minusca","url":"https:\/\/www.africa-press.net\/centrafricaine\/politique\/que-retenir-des-10-ans-de-la-presence-de-la-minusca","name":"que retenir des 10 ans de la pr\u00e9sence de la MINUSCA? - centrafricaine","isPartOf":{"@id":"https:\/\/www.africa-press.net\/centrafricaine\/#website"},"primaryImageOfPage":{"@id":"https:\/\/www.africa-press.net\/centrafricaine\/politique\/que-retenir-des-10-ans-de-la-presence-de-la-minusca#primaryimage"},"image":{"@id":"https:\/\/www.africa-press.net\/centrafricaine\/politique\/que-retenir-des-10-ans-de-la-presence-de-la-minusca#primaryimage"},"thumbnailUrl":"https:\/\/static.africa-press.net\/centrafricaine\/sites\/45\/2024\/09\/sm_1726587626.959073.jpg","datePublished":"2024-09-17T18:39:03+00:00","dateModified":"2024-09-17T19:11:32+00:00","author":{"@id":"https:\/\/www.africa-press.net\/centrafricaine\/#\/schema\/person\/2b1cf3cd81a31e3cd26889ca66d677f1"},"description":"10 ans apre\u0300s son installation en terres centrafricaines, la MINUSCA dont la mission principale est de ramener la paix e ...","breadcrumb":{"@id":"https:\/\/www.africa-press.net\/centrafricaine\/politique\/que-retenir-des-10-ans-de-la-presence-de-la-minusca#breadcrumb"},"inLanguage":"fr-FR","potentialAction":[{"@type":"ReadAction","target":["https:\/\/www.africa-press.net\/centrafricaine\/politique\/que-retenir-des-10-ans-de-la-presence-de-la-minusca"]}]},{"@type":"ImageObject","inLanguage":"fr-FR","@id":"https:\/\/www.africa-press.net\/centrafricaine\/politique\/que-retenir-des-10-ans-de-la-presence-de-la-minusca#primaryimage","url":"https:\/\/static.africa-press.net\/centrafricaine\/sites\/45\/2024\/09\/sm_1726587626.959073.jpg","contentUrl":"https:\/\/static.africa-press.net\/centrafricaine\/sites\/45\/2024\/09\/sm_1726587626.959073.jpg","width":1280,"height":720,"caption":"que retenir des 10 ans de la pr\u00e9sence de la MINUSCA?"},{"@type":"BreadcrumbList","@id":"https:\/\/www.africa-press.net\/centrafricaine\/politique\/que-retenir-des-10-ans-de-la-presence-de-la-minusca#breadcrumb","itemListElement":[{"@type":"ListItem","position":1,"name":"Accueil","item":"https:\/\/www.africa-press.net\/centrafricaine\/"},{"@type":"ListItem","position":2,"name":"que retenir des 10 ans de la pr\u00e9sence de la MINUSCA?"}]},{"@type":"WebSite","@id":"https:\/\/www.africa-press.net\/centrafricaine\/#website","url":"https:\/\/www.africa-press.net\/centrafricaine\/","name":"centrafricaine","description":"Just another Africa News Agency Sites site","potentialAction":[{"@type":"SearchAction","target":{"@type":"EntryPoint","urlTemplate":"https:\/\/www.africa-press.net\/centrafricaine\/?s={search_term_string}"},"query-input":{"@type":"PropertyValueSpecification","valueRequired":true,"valueName":"search_term_string"}}],"inLanguage":"fr-FR"},{"@type":"Person","@id":"https:\/\/www.africa-press.net\/centrafricaine\/#\/schema\/person\/2b1cf3cd81a31e3cd26889ca66d677f1","name":"cfeditorfr"}]}},"_links":{"self":[{"href":"https:\/\/www.africa-press.net\/centrafricaine\/wp-json\/wp\/v2\/posts\/61808","targetHints":{"allow":["GET"]}}],"collection":[{"href":"https:\/\/www.africa-press.net\/centrafricaine\/wp-json\/wp\/v2\/posts"}],"about":[{"href":"https:\/\/www.africa-press.net\/centrafricaine\/wp-json\/wp\/v2\/types\/post"}],"author":[{"embeddable":true,"href":"https:\/\/www.africa-press.net\/centrafricaine\/wp-json\/wp\/v2\/users\/82"}],"replies":[{"embeddable":true,"href":"https:\/\/www.africa-press.net\/centrafricaine\/wp-json\/wp\/v2\/comments?post=61808"}],"version-history":[{"count":0,"href":"https:\/\/www.africa-press.net\/centrafricaine\/wp-json\/wp\/v2\/posts\/61808\/revisions"}],"wp:featuredmedia":[{"embeddable":true,"href":"https:\/\/www.africa-press.net\/centrafricaine\/wp-json\/wp\/v2\/media\/61807"}],"wp:attachment":[{"href":"https:\/\/www.africa-press.net\/centrafricaine\/wp-json\/wp\/v2\/media?parent=61808"}],"wp:term":[{"taxonomy":"category","embeddable":true,"href":"https:\/\/www.africa-press.net\/centrafricaine\/wp-json\/wp\/v2\/categories?post=61808"},{"taxonomy":"post_tag","embeddable":true,"href":"https:\/\/www.africa-press.net\/centrafricaine\/wp-json\/wp\/v2\/tags?post=61808"}],"curies":[{"name":"wp","href":"https:\/\/api.w.org\/{rel}","templated":true}]}}