{"id":61817,"date":"2024-09-17T18:42:09","date_gmt":"2024-09-17T18:42:09","guid":{"rendered":"https:\/\/www.africa-press.net\/centrafricaine\/politique\/le-developpement-educatif-reste-une-priorite-nationale-le-president-touadera-a-bambari"},"modified":"2024-09-17T19:12:16","modified_gmt":"2024-09-17T19:12:16","slug":"le-developpement-educatif-reste-une-priorite-nationale-le-president-touadera-a-bambari","status":"publish","type":"post","link":"https:\/\/www.africa-press.net\/centrafricaine\/politique\/le-developpement-educatif-reste-une-priorite-nationale-le-president-touadera-a-bambari","title":{"rendered":"\u00abLe d\u00e9veloppement \u00e9ducatif reste une priorit\u00e9 nationale\u00bb le Pr\u00e9sident Touadera \u00e0 Bambari"},"content":{"rendered":"<p><span style=\"color: #ff6600\"><strong>Africa-Press &#8211; CentrAfricaine. <\/strong><\/span>A Bambari, chef-lieu de la Pre\u0301fecture de la Ouaka, ou\u0300 il a lance\u0301 la rentre\u0301e scolaire 2024-2025 en Re\u0301publique centrafricaine, le chef de l\u2019Etat centrafricain, Faustin Archange Touadera, a souligne\u0301 la ne\u0301cessite\u0301 de de\u0301velopper le syste\u0300me e\u0301ducatif du pays pour permettre une e\u0301ducation de qualite\u0301 aux futurs cadres. Le de\u0301veloppement e\u0301ducatif reste, a-t-il martele\u0301 dans son allocution, une priorite\u0301 nationale.<\/p>\n<p>Les multiples crises militaro-politiques ont conside\u0301rablement fragilise\u0301 le syste\u0300me e\u0301ducatif en Re\u0301publique centrafricaine, ou\u0300 on de\u0301plore non seulement une baisse de niveau mais aussi l\u2019inade\u0301quation du syste\u0300me a\u0300 l\u2019air du nume\u0301rique. C\u2019est pourquoi, le pre\u0301sident centrafricain, conscient de cette situation, appelle son gouvernement et les partenaires a\u0300 transformation du syste\u0300me e\u0301ducatif centrafricain.<\/p>\n<p>\u00ab <b>Nous devons e\u0301galement e\u0301tablir de nouvelles orientations politiques pour dynamiser notre syste\u0300me e\u0301ducatif. Cette transformation de notre syste\u0300me e\u0301ducatif requiert l\u2019engagement de chacun de nous. J\u2019en appelle a\u0300 nos enseignants pour qu\u2019ils continuent de faire preuve de de\u0301vouement et d\u2019empathie. J\u2019invite les parents a\u0300 soutenir activement l\u2019e\u0301ducation de leurs enfants, car leur ro\u0302le est de\u0301terminant dans la re\u0301ussite de ceux-ci <\/b>\u00bb, a de\u0301clare\u0301 le Professeur Faustin Archange Touadera.<\/p>\n<p>Cette rentre\u0301e scolaire 2024-2025 est baptise\u0301e sous un the\u0300me pour les enfants de Centrafrique. \u00ab <b>Transformons l\u2019e\u0301ducation pour une e\u0301cole inclusive, accessible, se\u0301curise\u0301e et de qualite\u0301 pour tous <\/b>\u00bb, c\u2019est un the\u0300me porteur d\u2019avenir qui rappelle l\u2019engagement de tous les acteurs a\u0300 \u0153uvrer pour l\u2019e\u0301ducation de qualite\u0301 en Re\u0301publique centrafricaine.<\/p>\n<p>\u00ab<b> Pour cette nouvelle anne\u0301e scolaire, nous avons choisi un the\u0300me porteur d\u2019avenir. Ce the\u0300me refle\u0300te notre vision de ba\u0302tir une e\u0301cole qui n\u2019exclut personne, offrant des chances e\u0301gales a\u0300 tous les enfants, inde\u0301pendamment de leur origine sociale, de leur genre ou de leur lieu de re\u0301sidence. Ces actions te\u0301moignent de la volonte\u0301 ferme et re\u0301solue du gouvernement a\u0300 transformer notre syste\u0300me e\u0301ducatif pour le bien de notre jeunesse et pour l\u2019avenir de notre nation. L\u2019e\u0301ducation est et restera un pilier fondamental de notre strate\u0301gie de de\u0301veloppement, car c\u2019est par elle que nous construirons un Centrafrique prospe\u0300re, uni et en paix \u00bb, a-t-il ajoute\u0301.<\/b><\/p>\n<p>Pour parvenir a\u0300 atteindre cet objectif, le pre\u0301sident centrafricain a rappele\u0301 les cinq messages cle\u0301s qui doivent e\u0302tre ve\u0301hicule\u0301s durant cette anne\u0301e scolaire. Il s\u2019agit la\u0300 de d\u2019assurer a\u0300 chaque fille un acce\u0300s e\u0301gal a\u0300 une e\u0301ducation de qualite\u0301, construire des e\u0301coles ou\u0300 chaque e\u0301le\u0300ve, quel que soit son handicap, trouve sa place, et de recruter des enseignants qualifie\u0301s pour un syste\u0300me e\u0301ducatif de qualite\u0301.<\/p>\n<p><b>\u00ab Chers partenaires, enseignants, e\u0301le\u0300ves et parents, notre avenir repose sur l\u2019e\u0301ducation que nous offrons a\u0300 nos enfants. Ensemble, nous devons ba\u0302tir un syste\u0300me e\u0301ducatif qui de\u0301passe la simple transmission des connaissances, pour forger des citoyens responsables, engage\u0301s et pleinement conscients de leur ro\u0302le dans le de\u0301veloppement de notre nation. Je demande a\u0300 chaque membre du Gouvernement, a\u0300 chaque Elu de la nation, a\u0300 chaque acteur de la socie\u0301te\u0301 civile, de faire de l\u2019e\u0301ducation une priorite\u0301 absolue<\/b> \u00bb, a renche\u0301rit le professeur<b> Faustin Archange Touadera<\/b>.<\/p>\n<p>Vu ce chantier immense, le chef de l\u2019Etat a estime\u0301 que les ressources ne\u0301cessaires doivent e\u0302tre alloue\u0301es, et que les efforts doivent e\u0302tre concerte\u0301s, aussi la volonte\u0301 politique qui doit e\u0302tre ferme et constante. Car, a-t-il souligne\u0301, l\u2019e\u0301ducation est un investissement sur lequel le pays il ne faut pas transiger, puisqu\u2019elle est le fondement de l\u2019avenir collectif.<\/p>\n<p>C\u2019est pourquoi, il encourage les partenaires internationaux a\u0300 poursuivre et intensifier leur soutien a\u0300 l\u2019e\u0301ducation qui est, d\u2019apre\u0300s lui, un investissement pour la paix, le de\u0301veloppement et la prospe\u0301rite\u0301 de la Re\u0301publique centrafricaine et au-dela\u0300, du monde.<\/p>\n<p><b>Source: Ndjoni Sango<\/b><\/p>\n<p><strong>Pour plus d&rsquo;informations et d&rsquo;analyses sur la CentrAfricaine, suivez Africa-Press<\/strong><\/p>\n","protected":false},"excerpt":{"rendered":"<p>Africa-Press &#8211; CentrAfricaine. A Bambari, chef-lieu de la Pre\u0301fecture de la Ouaka, ou\u0300 il a lance\u0301 la rentre\u0301e scolaire 2024-2025 en Re\u0301publique centrafricaine, le chef de l\u2019Etat centrafricain, Faustin Archange Touadera, a souligne\u0301 la ne\u0301cessite\u0301 de de\u0301velopper le syste\u0300me e\u0301ducatif du pays pour permettre une e\u0301ducation de qualite\u0301 aux futurs cadres. Le de\u0301veloppement e\u0301ducatif reste, [&hellip;]<\/p>\n","protected":false},"author":82,"featured_media":61816,"comment_status":"open","ping_status":"closed","sticky":false,"template":"","format":"standard","meta":{"footnotes":""},"categories":[2,20,10],"tags":[503,30,41,1513,3032],"class_list":["post-61817","post","type-post","status-publish","format-standard","has-post-thumbnail","hentry","category-politique","category-top-nouvelles","category-toutes-les-actualites","tag-bambari","tag-centrafricaine","tag-centrafrique","tag-faustin-archange-touadera-2","tag-rentree-scolaire"],"yoast_head":"<!-- This site is optimized with the Yoast SEO Premium plugin v26.1 (Yoast SEO v27.0) - https:\/\/yoast.com\/product\/yoast-seo-premium-wordpress\/ -->\n<title>\u00abLe d\u00e9veloppement \u00e9ducatif reste une priorit\u00e9 nationale\u00bb le Pr\u00e9sident Touadera \u00e0 Bambari - centrafricaine<\/title>\n<meta name=\"description\" content=\"A Bambari, chef-lieu de la Pre\u0301fecture de la Ouaka, ou\u0300 il a lance\u0301 la rentre\u0301e scolaire 2024-2025 en Re\u0301publique centra ...\" \/>\n<meta name=\"robots\" content=\"index, follow, max-snippet:-1, max-image-preview:large, max-video-preview:-1\" \/>\n<link rel=\"canonical\" href=\"https:\/\/www.africa-press.net\/centrafricaine\/politique\/le-developpement-educatif-reste-une-priorite-nationale-le-president-touadera-a-bambari\" \/>\n<meta property=\"og:locale\" content=\"fr_FR\" \/>\n<meta property=\"og:type\" content=\"article\" \/>\n<meta property=\"og:title\" content=\"\u00abLe d\u00e9veloppement \u00e9ducatif reste une priorit\u00e9 nationale\u00bb le Pr\u00e9sident Touadera \u00e0 Bambari\" \/>\n<meta property=\"og:description\" content=\"A Bambari, chef-lieu de la Pre\u0301fecture de la Ouaka, ou\u0300 il a lance\u0301 la rentre\u0301e scolaire 2024-2025 en Re\u0301publique centra ...\" \/>\n<meta property=\"og:url\" content=\"https:\/\/www.africa-press.net\/centrafricaine\/politique\/le-developpement-educatif-reste-une-priorite-nationale-le-president-touadera-a-bambari\" \/>\n<meta property=\"og:site_name\" content=\"centrafricaine\" \/>\n<meta property=\"article:published_time\" content=\"2024-09-17T18:42:09+00:00\" \/>\n<meta property=\"article:modified_time\" content=\"2024-09-17T19:12:16+00:00\" \/>\n<meta property=\"og:image\" content=\"https:\/\/static.africa-press.net\/centrafricaine\/sites\/45\/2024\/09\/sm_1726587673.91878.jpg\" \/>\n\t<meta property=\"og:image:width\" content=\"1032\" \/>\n\t<meta property=\"og:image:height\" content=\"688\" \/>\n\t<meta property=\"og:image:type\" content=\"image\/jpeg\" \/>\n<meta name=\"author\" content=\"cfeditorfr\" \/>\n<meta name=\"twitter:card\" content=\"summary_large_image\" \/>\n<meta name=\"twitter:label1\" content=\"\u00c9crit par\" \/>\n\t<meta name=\"twitter:data1\" content=\"cfeditorfr\" \/>\n\t<meta name=\"twitter:label2\" content=\"Dur\u00e9e de lecture estim\u00e9e\" \/>\n\t<meta name=\"twitter:data2\" content=\"4 minutes\" \/>\n<script type=\"application\/ld+json\" class=\"yoast-schema-graph\">{\"@context\":\"https:\/\/schema.org\",\"@graph\":[{\"@type\":\"Article\",\"@id\":\"https:\/\/www.africa-press.net\/centrafricaine\/politique\/le-developpement-educatif-reste-une-priorite-nationale-le-president-touadera-a-bambari#article\",\"isPartOf\":{\"@id\":\"https:\/\/www.africa-press.net\/centrafricaine\/politique\/le-developpement-educatif-reste-une-priorite-nationale-le-president-touadera-a-bambari\"},\"author\":{\"name\":\"cfeditorfr\",\"@id\":\"https:\/\/www.africa-press.net\/centrafricaine\/#\/schema\/person\/2b1cf3cd81a31e3cd26889ca66d677f1\"},\"headline\":\"\u00abLe d\u00e9veloppement \u00e9ducatif reste une priorit\u00e9 nationale\u00bb le Pr\u00e9sident Touadera \u00e0 Bambari\",\"datePublished\":\"2024-09-17T18:42:09+00:00\",\"dateModified\":\"2024-09-17T19:12:16+00:00\",\"mainEntityOfPage\":{\"@id\":\"https:\/\/www.africa-press.net\/centrafricaine\/politique\/le-developpement-educatif-reste-une-priorite-nationale-le-president-touadera-a-bambari\"},\"wordCount\":733,\"commentCount\":0,\"image\":{\"@id\":\"https:\/\/www.africa-press.net\/centrafricaine\/politique\/le-developpement-educatif-reste-une-priorite-nationale-le-president-touadera-a-bambari#primaryimage\"},\"thumbnailUrl\":\"https:\/\/static.africa-press.net\/centrafricaine\/sites\/45\/2024\/09\/sm_1726587673.91878.jpg\",\"keywords\":[\"Bambari\",\"CentrAfricaine\",\"Centrafrique\",\"Faustin Archange Touadera\",\"rentr\u00e9e scolaire\"],\"articleSection\":[\"Politique\",\"Top Nouvelles\",\"Toutes les actualit\u00e9s\"],\"inLanguage\":\"fr-FR\",\"potentialAction\":[{\"@type\":\"CommentAction\",\"name\":\"Comment\",\"target\":[\"https:\/\/www.africa-press.net\/centrafricaine\/politique\/le-developpement-educatif-reste-une-priorite-nationale-le-president-touadera-a-bambari#respond\"]}]},{\"@type\":\"WebPage\",\"@id\":\"https:\/\/www.africa-press.net\/centrafricaine\/politique\/le-developpement-educatif-reste-une-priorite-nationale-le-president-touadera-a-bambari\",\"url\":\"https:\/\/www.africa-press.net\/centrafricaine\/politique\/le-developpement-educatif-reste-une-priorite-nationale-le-president-touadera-a-bambari\",\"name\":\"\u00abLe d\u00e9veloppement \u00e9ducatif reste une priorit\u00e9 nationale\u00bb le Pr\u00e9sident Touadera \u00e0 Bambari - centrafricaine\",\"isPartOf\":{\"@id\":\"https:\/\/www.africa-press.net\/centrafricaine\/#website\"},\"primaryImageOfPage\":{\"@id\":\"https:\/\/www.africa-press.net\/centrafricaine\/politique\/le-developpement-educatif-reste-une-priorite-nationale-le-president-touadera-a-bambari#primaryimage\"},\"image\":{\"@id\":\"https:\/\/www.africa-press.net\/centrafricaine\/politique\/le-developpement-educatif-reste-une-priorite-nationale-le-president-touadera-a-bambari#primaryimage\"},\"thumbnailUrl\":\"https:\/\/static.africa-press.net\/centrafricaine\/sites\/45\/2024\/09\/sm_1726587673.91878.jpg\",\"datePublished\":\"2024-09-17T18:42:09+00:00\",\"dateModified\":\"2024-09-17T19:12:16+00:00\",\"author\":{\"@id\":\"https:\/\/www.africa-press.net\/centrafricaine\/#\/schema\/person\/2b1cf3cd81a31e3cd26889ca66d677f1\"},\"description\":\"A Bambari, chef-lieu de la Pre\u0301fecture de la Ouaka, ou\u0300 il a lance\u0301 la rentre\u0301e scolaire 2024-2025 en Re\u0301publique centra ...\",\"breadcrumb\":{\"@id\":\"https:\/\/www.africa-press.net\/centrafricaine\/politique\/le-developpement-educatif-reste-une-priorite-nationale-le-president-touadera-a-bambari#breadcrumb\"},\"inLanguage\":\"fr-FR\",\"potentialAction\":[{\"@type\":\"ReadAction\",\"target\":[\"https:\/\/www.africa-press.net\/centrafricaine\/politique\/le-developpement-educatif-reste-une-priorite-nationale-le-president-touadera-a-bambari\"]}]},{\"@type\":\"ImageObject\",\"inLanguage\":\"fr-FR\",\"@id\":\"https:\/\/www.africa-press.net\/centrafricaine\/politique\/le-developpement-educatif-reste-une-priorite-nationale-le-president-touadera-a-bambari#primaryimage\",\"url\":\"https:\/\/static.africa-press.net\/centrafricaine\/sites\/45\/2024\/09\/sm_1726587673.91878.jpg\",\"contentUrl\":\"https:\/\/static.africa-press.net\/centrafricaine\/sites\/45\/2024\/09\/sm_1726587673.91878.jpg\",\"width\":1032,\"height\":688,\"caption\":\"\u00abLe d\u00e9veloppement \u00e9ducatif reste une priorit\u00e9 nationale\u00bb le Pr\u00e9sident Touadera \u00e0 Bambari\"},{\"@type\":\"BreadcrumbList\",\"@id\":\"https:\/\/www.africa-press.net\/centrafricaine\/politique\/le-developpement-educatif-reste-une-priorite-nationale-le-president-touadera-a-bambari#breadcrumb\",\"itemListElement\":[{\"@type\":\"ListItem\",\"position\":1,\"name\":\"Accueil\",\"item\":\"https:\/\/www.africa-press.net\/centrafricaine\/\"},{\"@type\":\"ListItem\",\"position\":2,\"name\":\"\u00abLe d\u00e9veloppement \u00e9ducatif reste une priorit\u00e9 nationale\u00bb le Pr\u00e9sident Touadera \u00e0 Bambari\"}]},{\"@type\":\"WebSite\",\"@id\":\"https:\/\/www.africa-press.net\/centrafricaine\/#website\",\"url\":\"https:\/\/www.africa-press.net\/centrafricaine\/\",\"name\":\"centrafricaine\",\"description\":\"Just another Africa News Agency Sites site\",\"potentialAction\":[{\"@type\":\"SearchAction\",\"target\":{\"@type\":\"EntryPoint\",\"urlTemplate\":\"https:\/\/www.africa-press.net\/centrafricaine\/?s={search_term_string}\"},\"query-input\":{\"@type\":\"PropertyValueSpecification\",\"valueRequired\":true,\"valueName\":\"search_term_string\"}}],\"inLanguage\":\"fr-FR\"},{\"@type\":\"Person\",\"@id\":\"https:\/\/www.africa-press.net\/centrafricaine\/#\/schema\/person\/2b1cf3cd81a31e3cd26889ca66d677f1\",\"name\":\"cfeditorfr\"}]}<\/script>\n<!-- \/ Yoast SEO Premium plugin. -->","yoast_head_json":{"title":"\u00abLe d\u00e9veloppement \u00e9ducatif reste une priorit\u00e9 nationale\u00bb le Pr\u00e9sident Touadera \u00e0 Bambari - centrafricaine","description":"A Bambari, chef-lieu de la Pre\u0301fecture de la Ouaka, ou\u0300 il a lance\u0301 la rentre\u0301e scolaire 2024-2025 en Re\u0301publique centra ...","robots":{"index":"index","follow":"follow","max-snippet":"max-snippet:-1","max-image-preview":"max-image-preview:large","max-video-preview":"max-video-preview:-1"},"canonical":"https:\/\/www.africa-press.net\/centrafricaine\/politique\/le-developpement-educatif-reste-une-priorite-nationale-le-president-touadera-a-bambari","og_locale":"fr_FR","og_type":"article","og_title":"\u00abLe d\u00e9veloppement \u00e9ducatif reste une priorit\u00e9 nationale\u00bb le Pr\u00e9sident Touadera \u00e0 Bambari","og_description":"A Bambari, chef-lieu de la Pre\u0301fecture de la Ouaka, ou\u0300 il a lance\u0301 la rentre\u0301e scolaire 2024-2025 en Re\u0301publique centra ...","og_url":"https:\/\/www.africa-press.net\/centrafricaine\/politique\/le-developpement-educatif-reste-une-priorite-nationale-le-president-touadera-a-bambari","og_site_name":"centrafricaine","article_published_time":"2024-09-17T18:42:09+00:00","article_modified_time":"2024-09-17T19:12:16+00:00","og_image":[{"width":1032,"height":688,"url":"https:\/\/static.africa-press.net\/centrafricaine\/sites\/45\/2024\/09\/sm_1726587673.91878.jpg","type":"image\/jpeg"}],"author":"cfeditorfr","twitter_card":"summary_large_image","twitter_misc":{"\u00c9crit par":"cfeditorfr","Dur\u00e9e de lecture estim\u00e9e":"4 minutes"},"schema":{"@context":"https:\/\/schema.org","@graph":[{"@type":"Article","@id":"https:\/\/www.africa-press.net\/centrafricaine\/politique\/le-developpement-educatif-reste-une-priorite-nationale-le-president-touadera-a-bambari#article","isPartOf":{"@id":"https:\/\/www.africa-press.net\/centrafricaine\/politique\/le-developpement-educatif-reste-une-priorite-nationale-le-president-touadera-a-bambari"},"author":{"name":"cfeditorfr","@id":"https:\/\/www.africa-press.net\/centrafricaine\/#\/schema\/person\/2b1cf3cd81a31e3cd26889ca66d677f1"},"headline":"\u00abLe d\u00e9veloppement \u00e9ducatif reste une priorit\u00e9 nationale\u00bb le Pr\u00e9sident Touadera \u00e0 Bambari","datePublished":"2024-09-17T18:42:09+00:00","dateModified":"2024-09-17T19:12:16+00:00","mainEntityOfPage":{"@id":"https:\/\/www.africa-press.net\/centrafricaine\/politique\/le-developpement-educatif-reste-une-priorite-nationale-le-president-touadera-a-bambari"},"wordCount":733,"commentCount":0,"image":{"@id":"https:\/\/www.africa-press.net\/centrafricaine\/politique\/le-developpement-educatif-reste-une-priorite-nationale-le-president-touadera-a-bambari#primaryimage"},"thumbnailUrl":"https:\/\/static.africa-press.net\/centrafricaine\/sites\/45\/2024\/09\/sm_1726587673.91878.jpg","keywords":["Bambari","CentrAfricaine","Centrafrique","Faustin Archange Touadera","rentr\u00e9e scolaire"],"articleSection":["Politique","Top Nouvelles","Toutes les actualit\u00e9s"],"inLanguage":"fr-FR","potentialAction":[{"@type":"CommentAction","name":"Comment","target":["https:\/\/www.africa-press.net\/centrafricaine\/politique\/le-developpement-educatif-reste-une-priorite-nationale-le-president-touadera-a-bambari#respond"]}]},{"@type":"WebPage","@id":"https:\/\/www.africa-press.net\/centrafricaine\/politique\/le-developpement-educatif-reste-une-priorite-nationale-le-president-touadera-a-bambari","url":"https:\/\/www.africa-press.net\/centrafricaine\/politique\/le-developpement-educatif-reste-une-priorite-nationale-le-president-touadera-a-bambari","name":"\u00abLe d\u00e9veloppement \u00e9ducatif reste une priorit\u00e9 nationale\u00bb le Pr\u00e9sident Touadera \u00e0 Bambari - centrafricaine","isPartOf":{"@id":"https:\/\/www.africa-press.net\/centrafricaine\/#website"},"primaryImageOfPage":{"@id":"https:\/\/www.africa-press.net\/centrafricaine\/politique\/le-developpement-educatif-reste-une-priorite-nationale-le-president-touadera-a-bambari#primaryimage"},"image":{"@id":"https:\/\/www.africa-press.net\/centrafricaine\/politique\/le-developpement-educatif-reste-une-priorite-nationale-le-president-touadera-a-bambari#primaryimage"},"thumbnailUrl":"https:\/\/static.africa-press.net\/centrafricaine\/sites\/45\/2024\/09\/sm_1726587673.91878.jpg","datePublished":"2024-09-17T18:42:09+00:00","dateModified":"2024-09-17T19:12:16+00:00","author":{"@id":"https:\/\/www.africa-press.net\/centrafricaine\/#\/schema\/person\/2b1cf3cd81a31e3cd26889ca66d677f1"},"description":"A Bambari, chef-lieu de la Pre\u0301fecture de la Ouaka, ou\u0300 il a lance\u0301 la rentre\u0301e scolaire 2024-2025 en Re\u0301publique centra ...","breadcrumb":{"@id":"https:\/\/www.africa-press.net\/centrafricaine\/politique\/le-developpement-educatif-reste-une-priorite-nationale-le-president-touadera-a-bambari#breadcrumb"},"inLanguage":"fr-FR","potentialAction":[{"@type":"ReadAction","target":["https:\/\/www.africa-press.net\/centrafricaine\/politique\/le-developpement-educatif-reste-une-priorite-nationale-le-president-touadera-a-bambari"]}]},{"@type":"ImageObject","inLanguage":"fr-FR","@id":"https:\/\/www.africa-press.net\/centrafricaine\/politique\/le-developpement-educatif-reste-une-priorite-nationale-le-president-touadera-a-bambari#primaryimage","url":"https:\/\/static.africa-press.net\/centrafricaine\/sites\/45\/2024\/09\/sm_1726587673.91878.jpg","contentUrl":"https:\/\/static.africa-press.net\/centrafricaine\/sites\/45\/2024\/09\/sm_1726587673.91878.jpg","width":1032,"height":688,"caption":"\u00abLe d\u00e9veloppement \u00e9ducatif reste une priorit\u00e9 nationale\u00bb le Pr\u00e9sident Touadera \u00e0 Bambari"},{"@type":"BreadcrumbList","@id":"https:\/\/www.africa-press.net\/centrafricaine\/politique\/le-developpement-educatif-reste-une-priorite-nationale-le-president-touadera-a-bambari#breadcrumb","itemListElement":[{"@type":"ListItem","position":1,"name":"Accueil","item":"https:\/\/www.africa-press.net\/centrafricaine\/"},{"@type":"ListItem","position":2,"name":"\u00abLe d\u00e9veloppement \u00e9ducatif reste une priorit\u00e9 nationale\u00bb le Pr\u00e9sident Touadera \u00e0 Bambari"}]},{"@type":"WebSite","@id":"https:\/\/www.africa-press.net\/centrafricaine\/#website","url":"https:\/\/www.africa-press.net\/centrafricaine\/","name":"centrafricaine","description":"Just another Africa News Agency Sites site","potentialAction":[{"@type":"SearchAction","target":{"@type":"EntryPoint","urlTemplate":"https:\/\/www.africa-press.net\/centrafricaine\/?s={search_term_string}"},"query-input":{"@type":"PropertyValueSpecification","valueRequired":true,"valueName":"search_term_string"}}],"inLanguage":"fr-FR"},{"@type":"Person","@id":"https:\/\/www.africa-press.net\/centrafricaine\/#\/schema\/person\/2b1cf3cd81a31e3cd26889ca66d677f1","name":"cfeditorfr"}]}},"_links":{"self":[{"href":"https:\/\/www.africa-press.net\/centrafricaine\/wp-json\/wp\/v2\/posts\/61817","targetHints":{"allow":["GET"]}}],"collection":[{"href":"https:\/\/www.africa-press.net\/centrafricaine\/wp-json\/wp\/v2\/posts"}],"about":[{"href":"https:\/\/www.africa-press.net\/centrafricaine\/wp-json\/wp\/v2\/types\/post"}],"author":[{"embeddable":true,"href":"https:\/\/www.africa-press.net\/centrafricaine\/wp-json\/wp\/v2\/users\/82"}],"replies":[{"embeddable":true,"href":"https:\/\/www.africa-press.net\/centrafricaine\/wp-json\/wp\/v2\/comments?post=61817"}],"version-history":[{"count":0,"href":"https:\/\/www.africa-press.net\/centrafricaine\/wp-json\/wp\/v2\/posts\/61817\/revisions"}],"wp:featuredmedia":[{"embeddable":true,"href":"https:\/\/www.africa-press.net\/centrafricaine\/wp-json\/wp\/v2\/media\/61816"}],"wp:attachment":[{"href":"https:\/\/www.africa-press.net\/centrafricaine\/wp-json\/wp\/v2\/media?parent=61817"}],"wp:term":[{"taxonomy":"category","embeddable":true,"href":"https:\/\/www.africa-press.net\/centrafricaine\/wp-json\/wp\/v2\/categories?post=61817"},{"taxonomy":"post_tag","embeddable":true,"href":"https:\/\/www.africa-press.net\/centrafricaine\/wp-json\/wp\/v2\/tags?post=61817"}],"curies":[{"name":"wp","href":"https:\/\/api.w.org\/{rel}","templated":true}]}}