{"id":61997,"date":"2024-09-21T18:32:28","date_gmt":"2024-09-21T18:32:28","guid":{"rendered":"https:\/\/www.africa-press.net\/centrafricaine\/politique\/lancement-des-travaux-de-rehabilitation-du-troncon-bambari-alindao-bangassou-une-bouffee-pour-la-population"},"modified":"2024-09-21T18:54:12","modified_gmt":"2024-09-21T18:54:12","slug":"lancement-des-travaux-de-rehabilitation-du-troncon-bambari-alindao-bangassou-une-bouffee-pour-la-population","status":"publish","type":"post","link":"https:\/\/www.africa-press.net\/centrafricaine\/toutes-les-actualites\/lancement-des-travaux-de-rehabilitation-du-troncon-bambari-alindao-bangassou-une-bouffee-pour-la-population","title":{"rendered":"lancement des travaux de r\u00e9habilitation du tron\u00e7on Bambari-Alindao-Bangassou, une bouff\u00e9e pour la population"},"content":{"rendered":"<p><span style=\"color: #ff6600\"><strong>Africa-Press &#8211; CentrAfricaine. <\/strong><\/span>Dans le souci de re\u0301pondre a\u0300 la pre\u0301occupation des usagers de l\u2019axe Bambari- Alindao- Bangassou pour la bonne circulation et l\u2019inte\u0301re\u0302t socioe\u0301conomique et le de\u0301veloppement de cette partie du pays, le Pre\u0301sident de la Re\u0301publique, Faustin Archange Touadera, a proce\u0301de\u0301 le 16 septembre dernier, au lancement des travaux de re\u0301habilitation de cet axe se trouvant dans un e\u0301tat de de\u0301gradation avance\u0301e depuis plusieurs anne\u0301es. Le lancement des travaux <b>les partenaires au de\u0301veloppement a soulage\u0301 la population de ces localite\u0301s.<\/b><\/p>\n<p>A travers sa vision politique en matie\u0300re de de\u0301veloppement des infrastructures routie\u0300res, le Pre\u0301sident Faustin Archange Touade\u0301ra accorde un inte\u0301re\u0302t particulier a\u0300 la construction des voies routie\u0300res dans les re\u0301gions du pays afin de faciliter la libre circulation a\u0300 la population. Ainsi a\u0300 Bangui et dans les villes des provinces du pays, on note des avance\u0301es significatives de re\u0301habilitation et de construction des routes pour le bien de la population.<\/p>\n<p>II faut dire que c\u2019est un vaste programme de de\u0301senclavement total de toutes les re\u0301gions du pays qui est en marche. Le tronc\u0327on Bambari-Alindao-Bangassou retrouve biento\u0302t un e\u0301tat appre\u0301ciable suite au savoir-faire du Pre\u0301sident Touade\u0301ra qui est toujours a\u0300 l\u2019e\u0301coute de son peuple. Dans cette dynamique tous les axes routiers du pays se re\u0301habilitent progressivement pour atteindre toutes les frontie\u0300res.<\/p>\n<p>II sied de rappeler que ces travaux de re\u0301habilitation du tronc\u0327on Bambari-Alindao \u2013Bangassou viennent apre\u0300s le lancement acade\u0301mique de la rentre\u0301e scolaire 2024-2025 a\u0300 Bambari.<\/p>\n<p><b>Source: Ndjoni Sango<\/b><\/p>\n<p><strong>Pour plus d&rsquo;informations et d&rsquo;analyses sur la CentrAfricaine, suivez Africa-Press<\/strong><\/p>\n","protected":false},"excerpt":{"rendered":"<p>Africa-Press &#8211; CentrAfricaine. Dans le souci de re\u0301pondre a\u0300 la pre\u0301occupation des usagers de l\u2019axe Bambari- Alindao- Bangassou pour la bonne circulation et l\u2019inte\u0301re\u0302t socioe\u0301conomique et le de\u0301veloppement de cette partie du pays, le Pre\u0301sident de la Re\u0301publique, Faustin Archange Touadera, a proce\u0301de\u0301 le 16 septembre dernier, au lancement des travaux de re\u0301habilitation de cet [&hellip;]<\/p>\n","protected":false},"author":82,"featured_media":61996,"comment_status":"open","ping_status":"closed","sticky":false,"template":"","format":"standard","meta":{"footnotes":""},"categories":[21,10],"tags":[30,41,1693,5447,1144],"class_list":["post-61997","post","type-post","status-publish","format-standard","has-post-thumbnail","hentry","category-communaute","category-toutes-les-actualites","tag-centrafricaine","tag-centrafrique","tag-route","tag-trancon","tag-travaux"],"yoast_head":"<!-- This site is optimized with the Yoast SEO Premium plugin v26.1 (Yoast SEO v27.0) - https:\/\/yoast.com\/product\/yoast-seo-premium-wordpress\/ -->\n<title>lancement des travaux de r\u00e9habilitation du tron\u00e7on Bambari-Alindao-Bangassou, une bouff\u00e9e pour la population - centrafricaine<\/title>\n<meta name=\"description\" content=\"Dans le souci de re\u0301pondre a\u0300 la pre\u0301occupation des usagers de l\u2019axe Bambari- Alindao- Bangassou pour la bonne circulati ...\" \/>\n<meta name=\"robots\" content=\"index, follow, max-snippet:-1, max-image-preview:large, max-video-preview:-1\" \/>\n<link rel=\"canonical\" href=\"https:\/\/www.africa-press.net\/centrafricaine\/toutes-les-actualites\/lancement-des-travaux-de-rehabilitation-du-troncon-bambari-alindao-bangassou-une-bouffee-pour-la-population\" \/>\n<meta property=\"og:locale\" content=\"fr_FR\" \/>\n<meta property=\"og:type\" content=\"article\" \/>\n<meta property=\"og:title\" content=\"lancement des travaux de r\u00e9habilitation du tron\u00e7on Bambari-Alindao-Bangassou, une bouff\u00e9e pour la population\" \/>\n<meta property=\"og:description\" content=\"Dans le souci de re\u0301pondre a\u0300 la pre\u0301occupation des usagers de l\u2019axe Bambari- Alindao- Bangassou pour la bonne circulati ...\" \/>\n<meta property=\"og:url\" content=\"https:\/\/www.africa-press.net\/centrafricaine\/toutes-les-actualites\/lancement-des-travaux-de-rehabilitation-du-troncon-bambari-alindao-bangassou-une-bouffee-pour-la-population\" \/>\n<meta property=\"og:site_name\" content=\"centrafricaine\" \/>\n<meta property=\"article:published_time\" content=\"2024-09-21T18:32:28+00:00\" \/>\n<meta property=\"article:modified_time\" content=\"2024-09-21T18:54:12+00:00\" \/>\n<meta property=\"og:image\" content=\"https:\/\/static.africa-press.net\/centrafricaine\/sites\/45\/2024\/09\/sm_1726932192.234864.jpg\" \/>\n\t<meta property=\"og:image:width\" content=\"1728\" \/>\n\t<meta property=\"og:image:height\" content=\"1151\" \/>\n\t<meta property=\"og:image:type\" content=\"image\/jpeg\" \/>\n<meta name=\"author\" content=\"cfeditorfr\" \/>\n<meta name=\"twitter:card\" content=\"summary_large_image\" \/>\n<meta name=\"twitter:label1\" content=\"\u00c9crit par\" \/>\n\t<meta name=\"twitter:data1\" content=\"cfeditorfr\" \/>\n\t<meta name=\"twitter:label2\" content=\"Dur\u00e9e de lecture estim\u00e9e\" \/>\n\t<meta name=\"twitter:data2\" content=\"2 minutes\" \/>\n<script type=\"application\/ld+json\" class=\"yoast-schema-graph\">{\"@context\":\"https:\/\/schema.org\",\"@graph\":[{\"@type\":\"Article\",\"@id\":\"https:\/\/www.africa-press.net\/centrafricaine\/toutes-les-actualites\/lancement-des-travaux-de-rehabilitation-du-troncon-bambari-alindao-bangassou-une-bouffee-pour-la-population#article\",\"isPartOf\":{\"@id\":\"https:\/\/www.africa-press.net\/centrafricaine\/toutes-les-actualites\/lancement-des-travaux-de-rehabilitation-du-troncon-bambari-alindao-bangassou-une-bouffee-pour-la-population\"},\"author\":{\"name\":\"cfeditorfr\",\"@id\":\"https:\/\/www.africa-press.net\/centrafricaine\/#\/schema\/person\/2b1cf3cd81a31e3cd26889ca66d677f1\"},\"headline\":\"lancement des travaux de r\u00e9habilitation du tron\u00e7on Bambari-Alindao-Bangassou, une bouff\u00e9e pour la population\",\"datePublished\":\"2024-09-21T18:32:28+00:00\",\"dateModified\":\"2024-09-21T18:54:12+00:00\",\"mainEntityOfPage\":{\"@id\":\"https:\/\/www.africa-press.net\/centrafricaine\/toutes-les-actualites\/lancement-des-travaux-de-rehabilitation-du-troncon-bambari-alindao-bangassou-une-bouffee-pour-la-population\"},\"wordCount\":314,\"commentCount\":0,\"image\":{\"@id\":\"https:\/\/www.africa-press.net\/centrafricaine\/toutes-les-actualites\/lancement-des-travaux-de-rehabilitation-du-troncon-bambari-alindao-bangassou-une-bouffee-pour-la-population#primaryimage\"},\"thumbnailUrl\":\"https:\/\/static.africa-press.net\/centrafricaine\/sites\/45\/2024\/09\/sm_1726932192.234864.jpg\",\"keywords\":[\"CentrAfricaine\",\"Centrafrique\",\"route\",\"tran\u00e7on\",\"travaux\"],\"articleSection\":[\"Communaut\u00e9\",\"Toutes les actualit\u00e9s\"],\"inLanguage\":\"fr-FR\",\"potentialAction\":[{\"@type\":\"CommentAction\",\"name\":\"Comment\",\"target\":[\"https:\/\/www.africa-press.net\/centrafricaine\/toutes-les-actualites\/lancement-des-travaux-de-rehabilitation-du-troncon-bambari-alindao-bangassou-une-bouffee-pour-la-population#respond\"]}]},{\"@type\":\"WebPage\",\"@id\":\"https:\/\/www.africa-press.net\/centrafricaine\/toutes-les-actualites\/lancement-des-travaux-de-rehabilitation-du-troncon-bambari-alindao-bangassou-une-bouffee-pour-la-population\",\"url\":\"https:\/\/www.africa-press.net\/centrafricaine\/toutes-les-actualites\/lancement-des-travaux-de-rehabilitation-du-troncon-bambari-alindao-bangassou-une-bouffee-pour-la-population\",\"name\":\"lancement des travaux de r\u00e9habilitation du tron\u00e7on Bambari-Alindao-Bangassou, une bouff\u00e9e pour la population - centrafricaine\",\"isPartOf\":{\"@id\":\"https:\/\/www.africa-press.net\/centrafricaine\/#website\"},\"primaryImageOfPage\":{\"@id\":\"https:\/\/www.africa-press.net\/centrafricaine\/toutes-les-actualites\/lancement-des-travaux-de-rehabilitation-du-troncon-bambari-alindao-bangassou-une-bouffee-pour-la-population#primaryimage\"},\"image\":{\"@id\":\"https:\/\/www.africa-press.net\/centrafricaine\/toutes-les-actualites\/lancement-des-travaux-de-rehabilitation-du-troncon-bambari-alindao-bangassou-une-bouffee-pour-la-population#primaryimage\"},\"thumbnailUrl\":\"https:\/\/static.africa-press.net\/centrafricaine\/sites\/45\/2024\/09\/sm_1726932192.234864.jpg\",\"datePublished\":\"2024-09-21T18:32:28+00:00\",\"dateModified\":\"2024-09-21T18:54:12+00:00\",\"author\":{\"@id\":\"https:\/\/www.africa-press.net\/centrafricaine\/#\/schema\/person\/2b1cf3cd81a31e3cd26889ca66d677f1\"},\"description\":\"Dans le souci de re\u0301pondre a\u0300 la pre\u0301occupation des usagers de l\u2019axe Bambari- Alindao- Bangassou pour la bonne circulati ...\",\"breadcrumb\":{\"@id\":\"https:\/\/www.africa-press.net\/centrafricaine\/toutes-les-actualites\/lancement-des-travaux-de-rehabilitation-du-troncon-bambari-alindao-bangassou-une-bouffee-pour-la-population#breadcrumb\"},\"inLanguage\":\"fr-FR\",\"potentialAction\":[{\"@type\":\"ReadAction\",\"target\":[\"https:\/\/www.africa-press.net\/centrafricaine\/toutes-les-actualites\/lancement-des-travaux-de-rehabilitation-du-troncon-bambari-alindao-bangassou-une-bouffee-pour-la-population\"]}]},{\"@type\":\"ImageObject\",\"inLanguage\":\"fr-FR\",\"@id\":\"https:\/\/www.africa-press.net\/centrafricaine\/toutes-les-actualites\/lancement-des-travaux-de-rehabilitation-du-troncon-bambari-alindao-bangassou-une-bouffee-pour-la-population#primaryimage\",\"url\":\"https:\/\/static.africa-press.net\/centrafricaine\/sites\/45\/2024\/09\/sm_1726932192.234864.jpg\",\"contentUrl\":\"https:\/\/static.africa-press.net\/centrafricaine\/sites\/45\/2024\/09\/sm_1726932192.234864.jpg\",\"width\":1728,\"height\":1151,\"caption\":\"lancement des travaux de r\u00e9habilitation du tron\u00e7on Bambari-Alindao-Bangassou, une bouff\u00e9e pour la population\"},{\"@type\":\"BreadcrumbList\",\"@id\":\"https:\/\/www.africa-press.net\/centrafricaine\/toutes-les-actualites\/lancement-des-travaux-de-rehabilitation-du-troncon-bambari-alindao-bangassou-une-bouffee-pour-la-population#breadcrumb\",\"itemListElement\":[{\"@type\":\"ListItem\",\"position\":1,\"name\":\"Accueil\",\"item\":\"https:\/\/www.africa-press.net\/centrafricaine\/\"},{\"@type\":\"ListItem\",\"position\":2,\"name\":\"lancement des travaux de r\u00e9habilitation du tron\u00e7on Bambari-Alindao-Bangassou, une bouff\u00e9e pour la population\"}]},{\"@type\":\"WebSite\",\"@id\":\"https:\/\/www.africa-press.net\/centrafricaine\/#website\",\"url\":\"https:\/\/www.africa-press.net\/centrafricaine\/\",\"name\":\"centrafricaine\",\"description\":\"Just another Africa News Agency Sites site\",\"potentialAction\":[{\"@type\":\"SearchAction\",\"target\":{\"@type\":\"EntryPoint\",\"urlTemplate\":\"https:\/\/www.africa-press.net\/centrafricaine\/?s={search_term_string}\"},\"query-input\":{\"@type\":\"PropertyValueSpecification\",\"valueRequired\":true,\"valueName\":\"search_term_string\"}}],\"inLanguage\":\"fr-FR\"},{\"@type\":\"Person\",\"@id\":\"https:\/\/www.africa-press.net\/centrafricaine\/#\/schema\/person\/2b1cf3cd81a31e3cd26889ca66d677f1\",\"name\":\"cfeditorfr\"}]}<\/script>\n<!-- \/ Yoast SEO Premium plugin. -->","yoast_head_json":{"title":"lancement des travaux de r\u00e9habilitation du tron\u00e7on Bambari-Alindao-Bangassou, une bouff\u00e9e pour la population - centrafricaine","description":"Dans le souci de re\u0301pondre a\u0300 la pre\u0301occupation des usagers de l\u2019axe Bambari- Alindao- Bangassou pour la bonne circulati ...","robots":{"index":"index","follow":"follow","max-snippet":"max-snippet:-1","max-image-preview":"max-image-preview:large","max-video-preview":"max-video-preview:-1"},"canonical":"https:\/\/www.africa-press.net\/centrafricaine\/toutes-les-actualites\/lancement-des-travaux-de-rehabilitation-du-troncon-bambari-alindao-bangassou-une-bouffee-pour-la-population","og_locale":"fr_FR","og_type":"article","og_title":"lancement des travaux de r\u00e9habilitation du tron\u00e7on Bambari-Alindao-Bangassou, une bouff\u00e9e pour la population","og_description":"Dans le souci de re\u0301pondre a\u0300 la pre\u0301occupation des usagers de l\u2019axe Bambari- Alindao- Bangassou pour la bonne circulati ...","og_url":"https:\/\/www.africa-press.net\/centrafricaine\/toutes-les-actualites\/lancement-des-travaux-de-rehabilitation-du-troncon-bambari-alindao-bangassou-une-bouffee-pour-la-population","og_site_name":"centrafricaine","article_published_time":"2024-09-21T18:32:28+00:00","article_modified_time":"2024-09-21T18:54:12+00:00","og_image":[{"width":1728,"height":1151,"url":"https:\/\/static.africa-press.net\/centrafricaine\/sites\/45\/2024\/09\/sm_1726932192.234864.jpg","type":"image\/jpeg"}],"author":"cfeditorfr","twitter_card":"summary_large_image","twitter_misc":{"\u00c9crit par":"cfeditorfr","Dur\u00e9e de lecture estim\u00e9e":"2 minutes"},"schema":{"@context":"https:\/\/schema.org","@graph":[{"@type":"Article","@id":"https:\/\/www.africa-press.net\/centrafricaine\/toutes-les-actualites\/lancement-des-travaux-de-rehabilitation-du-troncon-bambari-alindao-bangassou-une-bouffee-pour-la-population#article","isPartOf":{"@id":"https:\/\/www.africa-press.net\/centrafricaine\/toutes-les-actualites\/lancement-des-travaux-de-rehabilitation-du-troncon-bambari-alindao-bangassou-une-bouffee-pour-la-population"},"author":{"name":"cfeditorfr","@id":"https:\/\/www.africa-press.net\/centrafricaine\/#\/schema\/person\/2b1cf3cd81a31e3cd26889ca66d677f1"},"headline":"lancement des travaux de r\u00e9habilitation du tron\u00e7on Bambari-Alindao-Bangassou, une bouff\u00e9e pour la population","datePublished":"2024-09-21T18:32:28+00:00","dateModified":"2024-09-21T18:54:12+00:00","mainEntityOfPage":{"@id":"https:\/\/www.africa-press.net\/centrafricaine\/toutes-les-actualites\/lancement-des-travaux-de-rehabilitation-du-troncon-bambari-alindao-bangassou-une-bouffee-pour-la-population"},"wordCount":314,"commentCount":0,"image":{"@id":"https:\/\/www.africa-press.net\/centrafricaine\/toutes-les-actualites\/lancement-des-travaux-de-rehabilitation-du-troncon-bambari-alindao-bangassou-une-bouffee-pour-la-population#primaryimage"},"thumbnailUrl":"https:\/\/static.africa-press.net\/centrafricaine\/sites\/45\/2024\/09\/sm_1726932192.234864.jpg","keywords":["CentrAfricaine","Centrafrique","route","tran\u00e7on","travaux"],"articleSection":["Communaut\u00e9","Toutes les actualit\u00e9s"],"inLanguage":"fr-FR","potentialAction":[{"@type":"CommentAction","name":"Comment","target":["https:\/\/www.africa-press.net\/centrafricaine\/toutes-les-actualites\/lancement-des-travaux-de-rehabilitation-du-troncon-bambari-alindao-bangassou-une-bouffee-pour-la-population#respond"]}]},{"@type":"WebPage","@id":"https:\/\/www.africa-press.net\/centrafricaine\/toutes-les-actualites\/lancement-des-travaux-de-rehabilitation-du-troncon-bambari-alindao-bangassou-une-bouffee-pour-la-population","url":"https:\/\/www.africa-press.net\/centrafricaine\/toutes-les-actualites\/lancement-des-travaux-de-rehabilitation-du-troncon-bambari-alindao-bangassou-une-bouffee-pour-la-population","name":"lancement des travaux de r\u00e9habilitation du tron\u00e7on Bambari-Alindao-Bangassou, une bouff\u00e9e pour la population - centrafricaine","isPartOf":{"@id":"https:\/\/www.africa-press.net\/centrafricaine\/#website"},"primaryImageOfPage":{"@id":"https:\/\/www.africa-press.net\/centrafricaine\/toutes-les-actualites\/lancement-des-travaux-de-rehabilitation-du-troncon-bambari-alindao-bangassou-une-bouffee-pour-la-population#primaryimage"},"image":{"@id":"https:\/\/www.africa-press.net\/centrafricaine\/toutes-les-actualites\/lancement-des-travaux-de-rehabilitation-du-troncon-bambari-alindao-bangassou-une-bouffee-pour-la-population#primaryimage"},"thumbnailUrl":"https:\/\/static.africa-press.net\/centrafricaine\/sites\/45\/2024\/09\/sm_1726932192.234864.jpg","datePublished":"2024-09-21T18:32:28+00:00","dateModified":"2024-09-21T18:54:12+00:00","author":{"@id":"https:\/\/www.africa-press.net\/centrafricaine\/#\/schema\/person\/2b1cf3cd81a31e3cd26889ca66d677f1"},"description":"Dans le souci de re\u0301pondre a\u0300 la pre\u0301occupation des usagers de l\u2019axe Bambari- Alindao- Bangassou pour la bonne circulati ...","breadcrumb":{"@id":"https:\/\/www.africa-press.net\/centrafricaine\/toutes-les-actualites\/lancement-des-travaux-de-rehabilitation-du-troncon-bambari-alindao-bangassou-une-bouffee-pour-la-population#breadcrumb"},"inLanguage":"fr-FR","potentialAction":[{"@type":"ReadAction","target":["https:\/\/www.africa-press.net\/centrafricaine\/toutes-les-actualites\/lancement-des-travaux-de-rehabilitation-du-troncon-bambari-alindao-bangassou-une-bouffee-pour-la-population"]}]},{"@type":"ImageObject","inLanguage":"fr-FR","@id":"https:\/\/www.africa-press.net\/centrafricaine\/toutes-les-actualites\/lancement-des-travaux-de-rehabilitation-du-troncon-bambari-alindao-bangassou-une-bouffee-pour-la-population#primaryimage","url":"https:\/\/static.africa-press.net\/centrafricaine\/sites\/45\/2024\/09\/sm_1726932192.234864.jpg","contentUrl":"https:\/\/static.africa-press.net\/centrafricaine\/sites\/45\/2024\/09\/sm_1726932192.234864.jpg","width":1728,"height":1151,"caption":"lancement des travaux de r\u00e9habilitation du tron\u00e7on Bambari-Alindao-Bangassou, une bouff\u00e9e pour la population"},{"@type":"BreadcrumbList","@id":"https:\/\/www.africa-press.net\/centrafricaine\/toutes-les-actualites\/lancement-des-travaux-de-rehabilitation-du-troncon-bambari-alindao-bangassou-une-bouffee-pour-la-population#breadcrumb","itemListElement":[{"@type":"ListItem","position":1,"name":"Accueil","item":"https:\/\/www.africa-press.net\/centrafricaine\/"},{"@type":"ListItem","position":2,"name":"lancement des travaux de r\u00e9habilitation du tron\u00e7on Bambari-Alindao-Bangassou, une bouff\u00e9e pour la population"}]},{"@type":"WebSite","@id":"https:\/\/www.africa-press.net\/centrafricaine\/#website","url":"https:\/\/www.africa-press.net\/centrafricaine\/","name":"centrafricaine","description":"Just another Africa News Agency Sites site","potentialAction":[{"@type":"SearchAction","target":{"@type":"EntryPoint","urlTemplate":"https:\/\/www.africa-press.net\/centrafricaine\/?s={search_term_string}"},"query-input":{"@type":"PropertyValueSpecification","valueRequired":true,"valueName":"search_term_string"}}],"inLanguage":"fr-FR"},{"@type":"Person","@id":"https:\/\/www.africa-press.net\/centrafricaine\/#\/schema\/person\/2b1cf3cd81a31e3cd26889ca66d677f1","name":"cfeditorfr"}]}},"_links":{"self":[{"href":"https:\/\/www.africa-press.net\/centrafricaine\/wp-json\/wp\/v2\/posts\/61997","targetHints":{"allow":["GET"]}}],"collection":[{"href":"https:\/\/www.africa-press.net\/centrafricaine\/wp-json\/wp\/v2\/posts"}],"about":[{"href":"https:\/\/www.africa-press.net\/centrafricaine\/wp-json\/wp\/v2\/types\/post"}],"author":[{"embeddable":true,"href":"https:\/\/www.africa-press.net\/centrafricaine\/wp-json\/wp\/v2\/users\/82"}],"replies":[{"embeddable":true,"href":"https:\/\/www.africa-press.net\/centrafricaine\/wp-json\/wp\/v2\/comments?post=61997"}],"version-history":[{"count":0,"href":"https:\/\/www.africa-press.net\/centrafricaine\/wp-json\/wp\/v2\/posts\/61997\/revisions"}],"wp:featuredmedia":[{"embeddable":true,"href":"https:\/\/www.africa-press.net\/centrafricaine\/wp-json\/wp\/v2\/media\/61996"}],"wp:attachment":[{"href":"https:\/\/www.africa-press.net\/centrafricaine\/wp-json\/wp\/v2\/media?parent=61997"}],"wp:term":[{"taxonomy":"category","embeddable":true,"href":"https:\/\/www.africa-press.net\/centrafricaine\/wp-json\/wp\/v2\/categories?post=61997"},{"taxonomy":"post_tag","embeddable":true,"href":"https:\/\/www.africa-press.net\/centrafricaine\/wp-json\/wp\/v2\/tags?post=61997"}],"curies":[{"name":"wp","href":"https:\/\/api.w.org\/{rel}","templated":true}]}}