{"id":6206,"date":"2021-04-27T12:48:51","date_gmt":"2021-04-27T12:48:51","guid":{"rendered":"https:\/\/www.africa-press.net\/centrafricaine\/?p=6206"},"modified":"2021-04-27T13:18:47","modified_gmt":"2021-04-27T13:18:47","slug":"rca-panne-de-lelectricite-a-bangui-3-jours-apres-la-population-commence-a-sentir-les-consequences","status":"publish","type":"post","link":"https:\/\/www.africa-press.net\/centrafricaine\/toutes-les-actualites\/rca-panne-de-lelectricite-a-bangui-3-jours-apres-la-population-commence-a-sentir-les-consequences","title":{"rendered":"panne de l\u2019\u00e9lectricit\u00e9 \u00e0 Bangui, 3 jours apr\u00e8s, la population commence \u00e0 sentir les cons\u00e9quences"},"content":{"rendered":"<p><span style=\"color: #ff6600\"><strong><a href=\"https:\/\/www.africa-press.net\/\">Africa-Press<\/a> &#8211; <a href=\"https:\/\/www.africa-press.net\/centrafricaine\">CentrAfricaine<\/a>. <\/strong><\/span>\u00a0Trois jours apr\u00e8s une gigantesque panne de l\u2019\u00e9lectricit\u00e9 qui a frapp\u00e9 la capitale centrafricaine le vendredi 23 avril, les cons\u00e9quences de cette interruption de courant commencent \u00e0 se faire sentir \u00e0 Bangui, que \u00e7a soit \u00e0 la maison, au travail ou encore dans l\u2019espace public.<\/p>\n<p>Sans doute, le service public et l\u2019\u00e9conomie centrafricaine commencent \u00e0 subir l\u2019effet de la perturbation de la distribution de l\u2019\u00e9lectricit\u00e9 dans la capitale. Presque tout tourne au ralenti. Les activit\u00e9s g\u00e9n\u00e9ratrices des revenus sont totalement paralys\u00e9es, et ce, apr\u00e8s les d\u00e9g\u00e2ts caus\u00e9s par la pluie sur les c\u00e2bles \u00e9lectriques de l\u2019\u00e9nergie centrafricaine (\u00c9NERCA) au village Danzi, situ\u00e9 \u00e0 une vingtaine de kilom\u00e8tres de la capitale sur l\u2019axe Boali, le vendredi dernier.<\/p>\n<p>Du d\u00e9partement de l\u2019\u00e9conomie en passant par celui du commerce, de l\u2019immigration ou encore \u00e0 la primature, les services fonctionnent au ralenti. Le personnel est dehors \u00e0 cause de la chaleur. La climatisation ne fonctionne plus. Ceux qui utilisent les ordinateurs n\u2019arrivent pas \u00e0 travailler \u00e0 cause du manque d\u2019\u00e9lectricit\u00e9.<\/p>\n<p>M\u00eame le minist\u00e8re des Finances n\u2019\u00e9chappe pas aussi \u00e0 ce probl\u00e8me de coupure d\u2019\u00e9lectricit\u00e9. Pour le chef de service des ressources humaines, Monsieur Jacky Mamadou Wangu\u00e9, c\u2019est le pays tout entier qui est paralys\u00e9.<\/p>\n<p><b>\u00ab Ce b\u00e2timent abrite trois directions. La direction du syst\u00e8me d\u2019information, la direction des ressources et la direction du contr\u00f4le financier. Donc depuis vendredi \u00e7a ne fonctionne pas. Nous sommes vraiment bloqu\u00e9s \u00e0 ce niveau. Vous voyez le contr\u00f4le financier l\u00e0, si \u00e7a ne fonctionne pas, \u00e7a bloque un peu le pays. C\u2019est \u00e7a que les gens ignorent \u00bb<\/b><\/p>\n<p>, a r\u00e9agi monsieur Jacky Mamadou Wangu\u00e9.<\/p>\n<p>Les activit\u00e9s \u00e9conomiques ne sont pas rest\u00e9es en marge des cons\u00e9quences du d\u00e9lestage. Rodrigue Touloundjou, fait des photocopies au centre-ville, il n\u2019arrive pas \u00e0 r\u00e9aliser de b\u00e9n\u00e9fice parce qu\u2019il utilise un groupe \u00e9lectrog\u00e8ne.<\/p>\n<p>Le 23 avril dernier, une pluie torrentielle a renvers\u00e9 cinq pyl\u00f4nes qui supportent les c\u00e2bles \u00e9lectriques de l\u2019\u00c9NERCA \u00e0 Danzi. Le courant, qui quitte le barrage de Boali, ne peut donc pas arriver \u00e0 Bangui. Cette situation a affect\u00e9 tous les secteurs d\u2019activit\u00e9s dans la capitale. L\u2019\u00e9nergie centrafricaine qui est \u00e0 pied d\u2019\u0153uvre pour pallier ce probl\u00e8me, estime que les travaux vont un peu durer.<\/p>\n<p>&nbsp;<\/p>\n","protected":false},"excerpt":{"rendered":"<p>Africa-Press &#8211; CentrAfricaine. \u00a0Trois jours apr\u00e8s une gigantesque panne de l\u2019\u00e9lectricit\u00e9 qui a frapp\u00e9 la capitale centrafricaine le vendredi 23 avril, les cons\u00e9quences de cette interruption de courant commencent \u00e0 se faire sentir \u00e0 Bangui, que \u00e7a soit \u00e0 la maison, au travail ou encore dans l\u2019espace public. Sans doute, le service public et l\u2019\u00e9conomie [&hellip;]<\/p>\n","protected":false},"author":82,"featured_media":6205,"comment_status":"open","ping_status":"closed","sticky":false,"template":"","format":"standard","meta":{"footnotes":""},"categories":[21,11,10],"tags":[36,58,30],"class_list":["post-6206","post","type-post","status-publish","format-standard","has-post-thumbnail","hentry","category-communaute","category-homepage-french","category-toutes-les-actualites","tag-africa-press","tag-africa-press-centrafricaine","tag-centrafricaine"],"yoast_head":"<!-- This site is optimized with the Yoast SEO Premium plugin v26.1 (Yoast SEO v27.0) - https:\/\/yoast.com\/product\/yoast-seo-premium-wordpress\/ -->\n<title>panne de l\u2019\u00e9lectricit\u00e9 \u00e0 Bangui, 3 jours apr\u00e8s, la population commence \u00e0 sentir les cons\u00e9quences - centrafricaine<\/title>\n<meta name=\"description\" content=\"Bangui, R\u00e9publique centrafricaine, mardi, 27 avril 2021, 05:57:43 ( Corbeaunews-Centrafrique ). Trois jours apr\u00e8 ...\" \/>\n<meta name=\"robots\" content=\"index, follow, max-snippet:-1, max-image-preview:large, max-video-preview:-1\" \/>\n<link rel=\"canonical\" href=\"https:\/\/www.africa-press.net\/centrafricaine\/toutes-les-actualites\/rca-panne-de-lelectricite-a-bangui-3-jours-apres-la-population-commence-a-sentir-les-consequences\" \/>\n<meta property=\"og:locale\" content=\"fr_FR\" \/>\n<meta property=\"og:type\" content=\"article\" \/>\n<meta property=\"og:title\" content=\"panne de l\u2019\u00e9lectricit\u00e9 \u00e0 Bangui, 3 jours apr\u00e8s, la population commence \u00e0 sentir les cons\u00e9quences\" \/>\n<meta property=\"og:description\" content=\"Bangui, R\u00e9publique centrafricaine, mardi, 27 avril 2021, 05:57:43 ( Corbeaunews-Centrafrique ). Trois jours apr\u00e8 ...\" \/>\n<meta property=\"og:url\" content=\"https:\/\/www.africa-press.net\/centrafricaine\/toutes-les-actualites\/rca-panne-de-lelectricite-a-bangui-3-jours-apres-la-population-commence-a-sentir-les-consequences\" \/>\n<meta property=\"og:site_name\" content=\"centrafricaine\" \/>\n<meta property=\"article:published_time\" content=\"2021-04-27T12:48:51+00:00\" \/>\n<meta property=\"article:modified_time\" content=\"2021-04-27T13:18:47+00:00\" \/>\n<meta property=\"og:image\" content=\"https:\/\/static.africa-press.net\/centrafricaine\/sites\/45\/2021\/04\/img-608805cbc8051.jpg\" \/>\n\t<meta property=\"og:image:width\" content=\"720\" \/>\n\t<meta property=\"og:image:height\" content=\"358\" \/>\n\t<meta property=\"og:image:type\" content=\"image\/jpeg\" \/>\n<meta name=\"author\" content=\"cfeditorfr\" \/>\n<meta name=\"twitter:card\" content=\"summary_large_image\" \/>\n<meta name=\"twitter:label1\" content=\"\u00c9crit par\" \/>\n\t<meta name=\"twitter:data1\" content=\"cfeditorfr\" \/>\n\t<meta name=\"twitter:label2\" content=\"Dur\u00e9e de lecture estim\u00e9e\" \/>\n\t<meta name=\"twitter:data2\" content=\"2 minutes\" \/>\n<script type=\"application\/ld+json\" class=\"yoast-schema-graph\">{\"@context\":\"https:\/\/schema.org\",\"@graph\":[{\"@type\":\"Article\",\"@id\":\"https:\/\/www.africa-press.net\/centrafricaine\/toutes-les-actualites\/rca-panne-de-lelectricite-a-bangui-3-jours-apres-la-population-commence-a-sentir-les-consequences#article\",\"isPartOf\":{\"@id\":\"https:\/\/www.africa-press.net\/centrafricaine\/toutes-les-actualites\/rca-panne-de-lelectricite-a-bangui-3-jours-apres-la-population-commence-a-sentir-les-consequences\"},\"author\":{\"name\":\"cfeditorfr\",\"@id\":\"https:\/\/www.africa-press.net\/centrafricaine\/#\/schema\/person\/2b1cf3cd81a31e3cd26889ca66d677f1\"},\"headline\":\"panne de l\u2019\u00e9lectricit\u00e9 \u00e0 Bangui, 3 jours apr\u00e8s, la population commence \u00e0 sentir les cons\u00e9quences\",\"datePublished\":\"2021-04-27T12:48:51+00:00\",\"dateModified\":\"2021-04-27T13:18:47+00:00\",\"mainEntityOfPage\":{\"@id\":\"https:\/\/www.africa-press.net\/centrafricaine\/toutes-les-actualites\/rca-panne-de-lelectricite-a-bangui-3-jours-apres-la-population-commence-a-sentir-les-consequences\"},\"wordCount\":419,\"commentCount\":0,\"image\":{\"@id\":\"https:\/\/www.africa-press.net\/centrafricaine\/toutes-les-actualites\/rca-panne-de-lelectricite-a-bangui-3-jours-apres-la-population-commence-a-sentir-les-consequences#primaryimage\"},\"thumbnailUrl\":\"https:\/\/static.africa-press.net\/centrafricaine\/sites\/45\/2021\/04\/img-608805cbc8051.jpg\",\"keywords\":[\"Africa Press\",\"Africa Press-CentrAfricaine\",\"CentrAfricaine\"],\"articleSection\":[\"Communaut\u00e9\",\"homepage-french\",\"Toutes les actualit\u00e9s\"],\"inLanguage\":\"fr-FR\",\"potentialAction\":[{\"@type\":\"CommentAction\",\"name\":\"Comment\",\"target\":[\"https:\/\/www.africa-press.net\/centrafricaine\/toutes-les-actualites\/rca-panne-de-lelectricite-a-bangui-3-jours-apres-la-population-commence-a-sentir-les-consequences#respond\"]}]},{\"@type\":\"WebPage\",\"@id\":\"https:\/\/www.africa-press.net\/centrafricaine\/toutes-les-actualites\/rca-panne-de-lelectricite-a-bangui-3-jours-apres-la-population-commence-a-sentir-les-consequences\",\"url\":\"https:\/\/www.africa-press.net\/centrafricaine\/toutes-les-actualites\/rca-panne-de-lelectricite-a-bangui-3-jours-apres-la-population-commence-a-sentir-les-consequences\",\"name\":\"panne de l\u2019\u00e9lectricit\u00e9 \u00e0 Bangui, 3 jours apr\u00e8s, la population commence \u00e0 sentir les cons\u00e9quences - centrafricaine\",\"isPartOf\":{\"@id\":\"https:\/\/www.africa-press.net\/centrafricaine\/#website\"},\"primaryImageOfPage\":{\"@id\":\"https:\/\/www.africa-press.net\/centrafricaine\/toutes-les-actualites\/rca-panne-de-lelectricite-a-bangui-3-jours-apres-la-population-commence-a-sentir-les-consequences#primaryimage\"},\"image\":{\"@id\":\"https:\/\/www.africa-press.net\/centrafricaine\/toutes-les-actualites\/rca-panne-de-lelectricite-a-bangui-3-jours-apres-la-population-commence-a-sentir-les-consequences#primaryimage\"},\"thumbnailUrl\":\"https:\/\/static.africa-press.net\/centrafricaine\/sites\/45\/2021\/04\/img-608805cbc8051.jpg\",\"datePublished\":\"2021-04-27T12:48:51+00:00\",\"dateModified\":\"2021-04-27T13:18:47+00:00\",\"author\":{\"@id\":\"https:\/\/www.africa-press.net\/centrafricaine\/#\/schema\/person\/2b1cf3cd81a31e3cd26889ca66d677f1\"},\"description\":\"Bangui, R\u00e9publique centrafricaine, mardi, 27 avril 2021, 05:57:43 ( Corbeaunews-Centrafrique ). Trois jours apr\u00e8 ...\",\"breadcrumb\":{\"@id\":\"https:\/\/www.africa-press.net\/centrafricaine\/toutes-les-actualites\/rca-panne-de-lelectricite-a-bangui-3-jours-apres-la-population-commence-a-sentir-les-consequences#breadcrumb\"},\"inLanguage\":\"fr-FR\",\"potentialAction\":[{\"@type\":\"ReadAction\",\"target\":[\"https:\/\/www.africa-press.net\/centrafricaine\/toutes-les-actualites\/rca-panne-de-lelectricite-a-bangui-3-jours-apres-la-population-commence-a-sentir-les-consequences\"]}]},{\"@type\":\"ImageObject\",\"inLanguage\":\"fr-FR\",\"@id\":\"https:\/\/www.africa-press.net\/centrafricaine\/toutes-les-actualites\/rca-panne-de-lelectricite-a-bangui-3-jours-apres-la-population-commence-a-sentir-les-consequences#primaryimage\",\"url\":\"https:\/\/static.africa-press.net\/centrafricaine\/sites\/45\/2021\/04\/img-608805cbc8051.jpg\",\"contentUrl\":\"https:\/\/static.africa-press.net\/centrafricaine\/sites\/45\/2021\/04\/img-608805cbc8051.jpg\",\"width\":720,\"height\":358,\"caption\":\"RCA\u00a0: panne de l\u2019\u00e9lectricit\u00e9 \u00e0 Bangui, 3 jours apr\u00e8s, la population commence \u00e0 sentir les cons\u00e9quences\"},{\"@type\":\"BreadcrumbList\",\"@id\":\"https:\/\/www.africa-press.net\/centrafricaine\/toutes-les-actualites\/rca-panne-de-lelectricite-a-bangui-3-jours-apres-la-population-commence-a-sentir-les-consequences#breadcrumb\",\"itemListElement\":[{\"@type\":\"ListItem\",\"position\":1,\"name\":\"Accueil\",\"item\":\"https:\/\/www.africa-press.net\/centrafricaine\/\"},{\"@type\":\"ListItem\",\"position\":2,\"name\":\"panne de l\u2019\u00e9lectricit\u00e9 \u00e0 Bangui, 3 jours apr\u00e8s, la population commence \u00e0 sentir les cons\u00e9quences\"}]},{\"@type\":\"WebSite\",\"@id\":\"https:\/\/www.africa-press.net\/centrafricaine\/#website\",\"url\":\"https:\/\/www.africa-press.net\/centrafricaine\/\",\"name\":\"centrafricaine\",\"description\":\"Just another Africa News Agency Sites site\",\"potentialAction\":[{\"@type\":\"SearchAction\",\"target\":{\"@type\":\"EntryPoint\",\"urlTemplate\":\"https:\/\/www.africa-press.net\/centrafricaine\/?s={search_term_string}\"},\"query-input\":{\"@type\":\"PropertyValueSpecification\",\"valueRequired\":true,\"valueName\":\"search_term_string\"}}],\"inLanguage\":\"fr-FR\"},{\"@type\":\"Person\",\"@id\":\"https:\/\/www.africa-press.net\/centrafricaine\/#\/schema\/person\/2b1cf3cd81a31e3cd26889ca66d677f1\",\"name\":\"cfeditorfr\"}]}<\/script>\n<!-- \/ Yoast SEO Premium plugin. -->","yoast_head_json":{"title":"panne de l\u2019\u00e9lectricit\u00e9 \u00e0 Bangui, 3 jours apr\u00e8s, la population commence \u00e0 sentir les cons\u00e9quences - centrafricaine","description":"Bangui, R\u00e9publique centrafricaine, mardi, 27 avril 2021, 05:57:43 ( Corbeaunews-Centrafrique ). Trois jours apr\u00e8 ...","robots":{"index":"index","follow":"follow","max-snippet":"max-snippet:-1","max-image-preview":"max-image-preview:large","max-video-preview":"max-video-preview:-1"},"canonical":"https:\/\/www.africa-press.net\/centrafricaine\/toutes-les-actualites\/rca-panne-de-lelectricite-a-bangui-3-jours-apres-la-population-commence-a-sentir-les-consequences","og_locale":"fr_FR","og_type":"article","og_title":"panne de l\u2019\u00e9lectricit\u00e9 \u00e0 Bangui, 3 jours apr\u00e8s, la population commence \u00e0 sentir les cons\u00e9quences","og_description":"Bangui, R\u00e9publique centrafricaine, mardi, 27 avril 2021, 05:57:43 ( Corbeaunews-Centrafrique ). Trois jours apr\u00e8 ...","og_url":"https:\/\/www.africa-press.net\/centrafricaine\/toutes-les-actualites\/rca-panne-de-lelectricite-a-bangui-3-jours-apres-la-population-commence-a-sentir-les-consequences","og_site_name":"centrafricaine","article_published_time":"2021-04-27T12:48:51+00:00","article_modified_time":"2021-04-27T13:18:47+00:00","og_image":[{"width":720,"height":358,"url":"https:\/\/static.africa-press.net\/centrafricaine\/sites\/45\/2021\/04\/img-608805cbc8051.jpg","type":"image\/jpeg"}],"author":"cfeditorfr","twitter_card":"summary_large_image","twitter_misc":{"\u00c9crit par":"cfeditorfr","Dur\u00e9e de lecture estim\u00e9e":"2 minutes"},"schema":{"@context":"https:\/\/schema.org","@graph":[{"@type":"Article","@id":"https:\/\/www.africa-press.net\/centrafricaine\/toutes-les-actualites\/rca-panne-de-lelectricite-a-bangui-3-jours-apres-la-population-commence-a-sentir-les-consequences#article","isPartOf":{"@id":"https:\/\/www.africa-press.net\/centrafricaine\/toutes-les-actualites\/rca-panne-de-lelectricite-a-bangui-3-jours-apres-la-population-commence-a-sentir-les-consequences"},"author":{"name":"cfeditorfr","@id":"https:\/\/www.africa-press.net\/centrafricaine\/#\/schema\/person\/2b1cf3cd81a31e3cd26889ca66d677f1"},"headline":"panne de l\u2019\u00e9lectricit\u00e9 \u00e0 Bangui, 3 jours apr\u00e8s, la population commence \u00e0 sentir les cons\u00e9quences","datePublished":"2021-04-27T12:48:51+00:00","dateModified":"2021-04-27T13:18:47+00:00","mainEntityOfPage":{"@id":"https:\/\/www.africa-press.net\/centrafricaine\/toutes-les-actualites\/rca-panne-de-lelectricite-a-bangui-3-jours-apres-la-population-commence-a-sentir-les-consequences"},"wordCount":419,"commentCount":0,"image":{"@id":"https:\/\/www.africa-press.net\/centrafricaine\/toutes-les-actualites\/rca-panne-de-lelectricite-a-bangui-3-jours-apres-la-population-commence-a-sentir-les-consequences#primaryimage"},"thumbnailUrl":"https:\/\/static.africa-press.net\/centrafricaine\/sites\/45\/2021\/04\/img-608805cbc8051.jpg","keywords":["Africa Press","Africa Press-CentrAfricaine","CentrAfricaine"],"articleSection":["Communaut\u00e9","homepage-french","Toutes les actualit\u00e9s"],"inLanguage":"fr-FR","potentialAction":[{"@type":"CommentAction","name":"Comment","target":["https:\/\/www.africa-press.net\/centrafricaine\/toutes-les-actualites\/rca-panne-de-lelectricite-a-bangui-3-jours-apres-la-population-commence-a-sentir-les-consequences#respond"]}]},{"@type":"WebPage","@id":"https:\/\/www.africa-press.net\/centrafricaine\/toutes-les-actualites\/rca-panne-de-lelectricite-a-bangui-3-jours-apres-la-population-commence-a-sentir-les-consequences","url":"https:\/\/www.africa-press.net\/centrafricaine\/toutes-les-actualites\/rca-panne-de-lelectricite-a-bangui-3-jours-apres-la-population-commence-a-sentir-les-consequences","name":"panne de l\u2019\u00e9lectricit\u00e9 \u00e0 Bangui, 3 jours apr\u00e8s, la population commence \u00e0 sentir les cons\u00e9quences - centrafricaine","isPartOf":{"@id":"https:\/\/www.africa-press.net\/centrafricaine\/#website"},"primaryImageOfPage":{"@id":"https:\/\/www.africa-press.net\/centrafricaine\/toutes-les-actualites\/rca-panne-de-lelectricite-a-bangui-3-jours-apres-la-population-commence-a-sentir-les-consequences#primaryimage"},"image":{"@id":"https:\/\/www.africa-press.net\/centrafricaine\/toutes-les-actualites\/rca-panne-de-lelectricite-a-bangui-3-jours-apres-la-population-commence-a-sentir-les-consequences#primaryimage"},"thumbnailUrl":"https:\/\/static.africa-press.net\/centrafricaine\/sites\/45\/2021\/04\/img-608805cbc8051.jpg","datePublished":"2021-04-27T12:48:51+00:00","dateModified":"2021-04-27T13:18:47+00:00","author":{"@id":"https:\/\/www.africa-press.net\/centrafricaine\/#\/schema\/person\/2b1cf3cd81a31e3cd26889ca66d677f1"},"description":"Bangui, R\u00e9publique centrafricaine, mardi, 27 avril 2021, 05:57:43 ( Corbeaunews-Centrafrique ). Trois jours apr\u00e8 ...","breadcrumb":{"@id":"https:\/\/www.africa-press.net\/centrafricaine\/toutes-les-actualites\/rca-panne-de-lelectricite-a-bangui-3-jours-apres-la-population-commence-a-sentir-les-consequences#breadcrumb"},"inLanguage":"fr-FR","potentialAction":[{"@type":"ReadAction","target":["https:\/\/www.africa-press.net\/centrafricaine\/toutes-les-actualites\/rca-panne-de-lelectricite-a-bangui-3-jours-apres-la-population-commence-a-sentir-les-consequences"]}]},{"@type":"ImageObject","inLanguage":"fr-FR","@id":"https:\/\/www.africa-press.net\/centrafricaine\/toutes-les-actualites\/rca-panne-de-lelectricite-a-bangui-3-jours-apres-la-population-commence-a-sentir-les-consequences#primaryimage","url":"https:\/\/static.africa-press.net\/centrafricaine\/sites\/45\/2021\/04\/img-608805cbc8051.jpg","contentUrl":"https:\/\/static.africa-press.net\/centrafricaine\/sites\/45\/2021\/04\/img-608805cbc8051.jpg","width":720,"height":358,"caption":"RCA\u00a0: panne de l\u2019\u00e9lectricit\u00e9 \u00e0 Bangui, 3 jours apr\u00e8s, la population commence \u00e0 sentir les cons\u00e9quences"},{"@type":"BreadcrumbList","@id":"https:\/\/www.africa-press.net\/centrafricaine\/toutes-les-actualites\/rca-panne-de-lelectricite-a-bangui-3-jours-apres-la-population-commence-a-sentir-les-consequences#breadcrumb","itemListElement":[{"@type":"ListItem","position":1,"name":"Accueil","item":"https:\/\/www.africa-press.net\/centrafricaine\/"},{"@type":"ListItem","position":2,"name":"panne de l\u2019\u00e9lectricit\u00e9 \u00e0 Bangui, 3 jours apr\u00e8s, la population commence \u00e0 sentir les cons\u00e9quences"}]},{"@type":"WebSite","@id":"https:\/\/www.africa-press.net\/centrafricaine\/#website","url":"https:\/\/www.africa-press.net\/centrafricaine\/","name":"centrafricaine","description":"Just another Africa News Agency Sites site","potentialAction":[{"@type":"SearchAction","target":{"@type":"EntryPoint","urlTemplate":"https:\/\/www.africa-press.net\/centrafricaine\/?s={search_term_string}"},"query-input":{"@type":"PropertyValueSpecification","valueRequired":true,"valueName":"search_term_string"}}],"inLanguage":"fr-FR"},{"@type":"Person","@id":"https:\/\/www.africa-press.net\/centrafricaine\/#\/schema\/person\/2b1cf3cd81a31e3cd26889ca66d677f1","name":"cfeditorfr"}]}},"_links":{"self":[{"href":"https:\/\/www.africa-press.net\/centrafricaine\/wp-json\/wp\/v2\/posts\/6206","targetHints":{"allow":["GET"]}}],"collection":[{"href":"https:\/\/www.africa-press.net\/centrafricaine\/wp-json\/wp\/v2\/posts"}],"about":[{"href":"https:\/\/www.africa-press.net\/centrafricaine\/wp-json\/wp\/v2\/types\/post"}],"author":[{"embeddable":true,"href":"https:\/\/www.africa-press.net\/centrafricaine\/wp-json\/wp\/v2\/users\/82"}],"replies":[{"embeddable":true,"href":"https:\/\/www.africa-press.net\/centrafricaine\/wp-json\/wp\/v2\/comments?post=6206"}],"version-history":[{"count":0,"href":"https:\/\/www.africa-press.net\/centrafricaine\/wp-json\/wp\/v2\/posts\/6206\/revisions"}],"wp:featuredmedia":[{"embeddable":true,"href":"https:\/\/www.africa-press.net\/centrafricaine\/wp-json\/wp\/v2\/media\/6205"}],"wp:attachment":[{"href":"https:\/\/www.africa-press.net\/centrafricaine\/wp-json\/wp\/v2\/media?parent=6206"}],"wp:term":[{"taxonomy":"category","embeddable":true,"href":"https:\/\/www.africa-press.net\/centrafricaine\/wp-json\/wp\/v2\/categories?post=6206"},{"taxonomy":"post_tag","embeddable":true,"href":"https:\/\/www.africa-press.net\/centrafricaine\/wp-json\/wp\/v2\/tags?post=6206"}],"curies":[{"name":"wp","href":"https:\/\/api.w.org\/{rel}","templated":true}]}}