{"id":6243,"date":"2021-04-29T09:30:28","date_gmt":"2021-04-29T09:30:28","guid":{"rendered":"https:\/\/www.africa-press.net\/centrafricaine\/?p=6243"},"modified":"2021-04-29T11:19:59","modified_gmt":"2021-04-29T11:19:59","slug":"le-fonds-bekou-de-lunion-europeenne-appuie-le-gouvernement-dans-le-relevement-et-le-developpement-du-secteur-agricole-en-centrafrique","status":"publish","type":"post","link":"https:\/\/www.africa-press.net\/centrafricaine\/economie\/le-fonds-bekou-de-lunion-europeenne-appuie-le-gouvernement-dans-le-relevement-et-le-developpement-du-secteur-agricole-en-centrafrique","title":{"rendered":"LE FONDS BEKOU DE L\u2019UNION EUROPEENNE APPUIE LE GOUVERNEMENT DANS LE RELEVEMENT ET LE DEVELOPPEMENT DU SECTEUR AGRICOLE EN CENTRAFRIQUE"},"content":{"rendered":"<p><span style=\"color: #ff6600\"><strong><a href=\"https:\/\/www.africa-press.net\/\">Africa-Press<\/a> &#8211; <a href=\"https:\/\/www.africa-press.net\/centrafricaine\">CentrAfricaine<\/a>. <\/strong><\/span>\u00a0Le Pr\u00e9sident de la R\u00e9publique, le Professeur Faustin Archange Touadera, et l\u2019Ambassadrice de l\u2019Union europ\u00e9enne, Samuela Isopi, ont proc\u00e9d\u00e9 ce jour \u00e0 Bangui, au lancement du Programme d\u2019appui au d\u00e9veloppement rural \u00ab Mungo l\u00e9gu\u00e9 ti k\u00e9k\u00e9r\u00e9k\u00e9 \u00bb\/\u00ab Ouvrir des perspectives d\u2019avenir \u00bb (DEVRUR II), financ\u00e9 par l\u2019Union europ\u00e9enne \u00e0 travers le Fonds B\u00eakou, \u00e0 hauteur de 17 950 000 Euros (plus de 11,7 milliards de Francs CFA).<\/p>\n<p>Mis en \u0153uvre par Enabel, l\u2019Agence belge de d\u00e9veloppement, ce programme interviendra dans la capitale Bangui ; dans les pr\u00e9fectures de la Nana-Mamb\u00e9r\u00e9 (Bouar), de l\u2019Ouham- Pend\u00e9 (Bozoum), de l\u2019Ouham (Bossangoa), et de la K\u00e9mo (Sibut). D\u2019autres pr\u00e9fectures seront identifi\u00e9es \u00e0 la suite d\u2019une analyse approfondie du terrain.<\/p>\n<p>Le projet DEVRUR II contribuera \u00e0 la relance socio-\u00e9conomique, \u00e0 travers la cr\u00e9ation d\u2019\u00abagrop\u00f4les \u00bb, des p\u00f4les de services destin\u00e9s \u00e0 appuyer le d\u00e9veloppement des activit\u00e9s agricoles et d\u2019\u00e9levage et \u00e0 valoriser le potentiel agricole de la rCa. Autour de ces agropoles, le programme va en particulier r\u00e9habiliter et relancer des centres de formation professionnelle pour les jeunes, d\u00e9velopper des sources d\u2019\u00e9nergie propre et dynamiser l\u2019offre de services fin anciers (microfinance) et non financiers.<\/p>\n<p>Cette nouvelle action du Fonds Bekou vise \u00e9galement \u00e0 cr\u00e9er de nouvelles opportunit\u00e9s pour les jeunes, principaux b\u00e9n\u00e9ficiaires de ce projet \u00e0 travers la promotion et la formation aux m\u00e9tiers ruraux Le programme leur permettra d\u2019acqu\u00e9rir les comp\u00e9tences n\u00e9cessaires en vue de leur insertion professionnelle, en facilitant la cr\u00e9ation d\u2019activit\u00e9s g\u00e9n\u00e9ratrices de revenus.<\/p>\n<p>DEVRUR II s\u2019aligne sur les axes strat\u00e9giques fix\u00e9s par le Gouvernement dans le Plan de rel\u00e8vement et consolidation de la paix (RCPCA), et s\u2019inscrit pleinement dans le cadre de la mise en \u0153uvre effective de l\u2019Accord politique pour la paix et la r\u00e9conciliation et de la nouvelle Strat\u00e9gie de l\u2019Union europ\u00e9enne avec l\u2019Afrique.<\/p>\n<p>\u2018\u2019Malgr\u00e9 un contexte socio-\u00e9conomique toujours tr\u00e8s fragile et complexe, le secteur agricole constitue un domaine strat\u00e9gique cl\u00e9 pour favoriser l\u2019emploi et la coh\u00e9sion sociale, renforcer la s\u00e9curit\u00e9 alimentaire et nutritionnelle et r\u00e9duire la pauvret\u00e9 de la tr\u00e8s grande majorit\u00e9 des Centrafricains. Son potentiel reste encore largement inexploit\u00e9\u201d, remarque l\u2019Ambassadrice de l\u2019Union europ\u00e9enne pour qui, \u00ab le rel\u00e8vement et le d\u00e9veloppement du secteur agricole peuvent et doivent offrir des dividendes de la paix tangibles aux communaut\u00e9s \u00bb car \u00ab donner des perspectives alimentaires et \u00e9conomiques aux populations vuln\u00e9rables et aux jeunes en particulier, r\u00e9duit le risque qu\u2019ils s\u2019enr\u00f4lent dans des groupes arm\u00e9s et contribue ainsi \u00e0 diminuer les conflits et stabiliser le pays \u00bb.<\/p>\n<p>Les conditions naturelles de la R\u00e9publique centrafricaine sont tr\u00e8s favorables au d\u00e9veloppement du monde rural. Le pays b\u00e9n\u00e9ficie de 15 millions d\u2019hectares de terres arables dont pr\u00e8s de 5% seulement sont cultiv\u00e9es chaque ann\u00e9e, alors qu\u2019en moyenne, moins de 0,5 hectares sont exploit\u00e9s par actif agricole. Les terres de p\u00e2turage sont estim\u00e9es \u00e0 16 millions d\u2019hectares de superficie, dont seulement 9 millions d\u2019hectares sont exploit\u00e9 es pour un cheptel estim\u00e9 \u00e0 3,7 millions de t\u00eates de bovins.<\/p>\n<p>Le Fonds B\u00eakou, Fonds multi-bailleurs (UE, Allemagne, France, Italie, Pays-bas et Suisse) cr\u00e9\u00e9 par l\u2019Union europ\u00e9enne pour appuyer la r\u00e9silience de la R\u00e9publique centrafricaine, a d\u00e9j\u00e0 mobilis\u00e9 plus de 67 milliards de FCFA en faveur de la relance \u00e9conomique depuis sa cr\u00e9ation en 2014.<\/p>\n<p>&nbsp;<\/p>\n","protected":false},"excerpt":{"rendered":"<p>Africa-Press &#8211; CentrAfricaine. \u00a0Le Pr\u00e9sident de la R\u00e9publique, le Professeur Faustin Archange Touadera, et l\u2019Ambassadrice de l\u2019Union europ\u00e9enne, Samuela Isopi, ont proc\u00e9d\u00e9 ce jour \u00e0 Bangui, au lancement du Programme d\u2019appui au d\u00e9veloppement rural \u00ab Mungo l\u00e9gu\u00e9 ti k\u00e9k\u00e9r\u00e9k\u00e9 \u00bb\/\u00ab Ouvrir des perspectives d\u2019avenir \u00bb (DEVRUR II), financ\u00e9 par l\u2019Union europ\u00e9enne \u00e0 travers le Fonds [&hellip;]<\/p>\n","protected":false},"author":82,"featured_media":6242,"comment_status":"open","ping_status":"closed","sticky":false,"template":"","format":"standard","meta":{"footnotes":""},"categories":[3,11,20,10],"tags":[36,58,30],"class_list":["post-6243","post","type-post","status-publish","format-standard","has-post-thumbnail","hentry","category-economie","category-homepage-french","category-top-nouvelles","category-toutes-les-actualites","tag-africa-press","tag-africa-press-centrafricaine","tag-centrafricaine"],"yoast_head":"<!-- This site is optimized with the Yoast SEO Premium plugin v26.1 (Yoast SEO v27.0) - https:\/\/yoast.com\/product\/yoast-seo-premium-wordpress\/ -->\n<title>LE FONDS BEKOU DE L\u2019UNION EUROPEENNE APPUIE LE GOUVERNEMENT DANS LE RELEVEMENT ET LE DEVELOPPEMENT DU SECTEUR AGRICOLE EN CENTRAFRIQUE - centrafricaine<\/title>\n<meta name=\"description\" content=\"Bangui, le 28 avril 2021 : Le Pr\u00e9sident de la R\u00e9publique, le Professeur Faustin Archange Touadera, et l\u2019Ambassadrice de ...\" \/>\n<meta name=\"robots\" content=\"index, follow, max-snippet:-1, max-image-preview:large, max-video-preview:-1\" \/>\n<link rel=\"canonical\" href=\"https:\/\/www.africa-press.net\/centrafricaine\/economie\/le-fonds-bekou-de-lunion-europeenne-appuie-le-gouvernement-dans-le-relevement-et-le-developpement-du-secteur-agricole-en-centrafrique\" \/>\n<meta property=\"og:locale\" content=\"fr_FR\" \/>\n<meta property=\"og:type\" content=\"article\" \/>\n<meta property=\"og:title\" content=\"LE FONDS BEKOU DE L\u2019UNION EUROPEENNE APPUIE LE GOUVERNEMENT DANS LE RELEVEMENT ET LE DEVELOPPEMENT DU SECTEUR AGRICOLE EN CENTRAFRIQUE\" \/>\n<meta property=\"og:description\" content=\"Bangui, le 28 avril 2021 : Le Pr\u00e9sident de la R\u00e9publique, le Professeur Faustin Archange Touadera, et l\u2019Ambassadrice de ...\" \/>\n<meta property=\"og:url\" content=\"https:\/\/www.africa-press.net\/centrafricaine\/economie\/le-fonds-bekou-de-lunion-europeenne-appuie-le-gouvernement-dans-le-relevement-et-le-developpement-du-secteur-agricole-en-centrafrique\" \/>\n<meta property=\"og:site_name\" content=\"centrafricaine\" \/>\n<meta property=\"article:published_time\" content=\"2021-04-29T09:30:28+00:00\" \/>\n<meta property=\"article:modified_time\" content=\"2021-04-29T11:19:59+00:00\" \/>\n<meta property=\"og:image\" content=\"https:\/\/static.africa-press.net\/centrafricaine\/sites\/45\/2021\/04\/img-608a73bbeff89.jpg\" \/>\n\t<meta property=\"og:image:width\" content=\"720\" \/>\n\t<meta property=\"og:image:height\" content=\"535\" \/>\n\t<meta property=\"og:image:type\" content=\"image\/jpeg\" \/>\n<meta name=\"author\" content=\"cfeditorfr\" \/>\n<meta name=\"twitter:card\" content=\"summary_large_image\" \/>\n<meta name=\"twitter:label1\" content=\"\u00c9crit par\" \/>\n\t<meta name=\"twitter:data1\" content=\"cfeditorfr\" \/>\n\t<meta name=\"twitter:label2\" content=\"Dur\u00e9e de lecture estim\u00e9e\" \/>\n\t<meta name=\"twitter:data2\" content=\"3 minutes\" \/>\n<script type=\"application\/ld+json\" class=\"yoast-schema-graph\">{\"@context\":\"https:\/\/schema.org\",\"@graph\":[{\"@type\":\"Article\",\"@id\":\"https:\/\/www.africa-press.net\/centrafricaine\/economie\/le-fonds-bekou-de-lunion-europeenne-appuie-le-gouvernement-dans-le-relevement-et-le-developpement-du-secteur-agricole-en-centrafrique#article\",\"isPartOf\":{\"@id\":\"https:\/\/www.africa-press.net\/centrafricaine\/economie\/le-fonds-bekou-de-lunion-europeenne-appuie-le-gouvernement-dans-le-relevement-et-le-developpement-du-secteur-agricole-en-centrafrique\"},\"author\":{\"name\":\"cfeditorfr\",\"@id\":\"https:\/\/www.africa-press.net\/centrafricaine\/#\/schema\/person\/2b1cf3cd81a31e3cd26889ca66d677f1\"},\"headline\":\"LE FONDS BEKOU DE L\u2019UNION EUROPEENNE APPUIE LE GOUVERNEMENT DANS LE RELEVEMENT ET LE DEVELOPPEMENT DU SECTEUR AGRICOLE EN CENTRAFRIQUE\",\"datePublished\":\"2021-04-29T09:30:28+00:00\",\"dateModified\":\"2021-04-29T11:19:59+00:00\",\"mainEntityOfPage\":{\"@id\":\"https:\/\/www.africa-press.net\/centrafricaine\/economie\/le-fonds-bekou-de-lunion-europeenne-appuie-le-gouvernement-dans-le-relevement-et-le-developpement-du-secteur-agricole-en-centrafrique\"},\"wordCount\":628,\"commentCount\":0,\"image\":{\"@id\":\"https:\/\/www.africa-press.net\/centrafricaine\/economie\/le-fonds-bekou-de-lunion-europeenne-appuie-le-gouvernement-dans-le-relevement-et-le-developpement-du-secteur-agricole-en-centrafrique#primaryimage\"},\"thumbnailUrl\":\"https:\/\/static.africa-press.net\/centrafricaine\/sites\/45\/2021\/04\/img-608a73bbeff89.jpg\",\"keywords\":[\"Africa Press\",\"Africa Press-CentrAfricaine\",\"CentrAfricaine\"],\"articleSection\":[\"\u00c9conomie\",\"homepage-french\",\"Top Nouvelles\",\"Toutes les actualit\u00e9s\"],\"inLanguage\":\"fr-FR\",\"potentialAction\":[{\"@type\":\"CommentAction\",\"name\":\"Comment\",\"target\":[\"https:\/\/www.africa-press.net\/centrafricaine\/economie\/le-fonds-bekou-de-lunion-europeenne-appuie-le-gouvernement-dans-le-relevement-et-le-developpement-du-secteur-agricole-en-centrafrique#respond\"]}]},{\"@type\":\"WebPage\",\"@id\":\"https:\/\/www.africa-press.net\/centrafricaine\/economie\/le-fonds-bekou-de-lunion-europeenne-appuie-le-gouvernement-dans-le-relevement-et-le-developpement-du-secteur-agricole-en-centrafrique\",\"url\":\"https:\/\/www.africa-press.net\/centrafricaine\/economie\/le-fonds-bekou-de-lunion-europeenne-appuie-le-gouvernement-dans-le-relevement-et-le-developpement-du-secteur-agricole-en-centrafrique\",\"name\":\"LE FONDS BEKOU DE L\u2019UNION EUROPEENNE APPUIE LE GOUVERNEMENT DANS LE RELEVEMENT ET LE DEVELOPPEMENT DU SECTEUR AGRICOLE EN CENTRAFRIQUE - centrafricaine\",\"isPartOf\":{\"@id\":\"https:\/\/www.africa-press.net\/centrafricaine\/#website\"},\"primaryImageOfPage\":{\"@id\":\"https:\/\/www.africa-press.net\/centrafricaine\/economie\/le-fonds-bekou-de-lunion-europeenne-appuie-le-gouvernement-dans-le-relevement-et-le-developpement-du-secteur-agricole-en-centrafrique#primaryimage\"},\"image\":{\"@id\":\"https:\/\/www.africa-press.net\/centrafricaine\/economie\/le-fonds-bekou-de-lunion-europeenne-appuie-le-gouvernement-dans-le-relevement-et-le-developpement-du-secteur-agricole-en-centrafrique#primaryimage\"},\"thumbnailUrl\":\"https:\/\/static.africa-press.net\/centrafricaine\/sites\/45\/2021\/04\/img-608a73bbeff89.jpg\",\"datePublished\":\"2021-04-29T09:30:28+00:00\",\"dateModified\":\"2021-04-29T11:19:59+00:00\",\"author\":{\"@id\":\"https:\/\/www.africa-press.net\/centrafricaine\/#\/schema\/person\/2b1cf3cd81a31e3cd26889ca66d677f1\"},\"description\":\"Bangui, le 28 avril 2021 : Le Pr\u00e9sident de la R\u00e9publique, le Professeur Faustin Archange Touadera, et l\u2019Ambassadrice de ...\",\"breadcrumb\":{\"@id\":\"https:\/\/www.africa-press.net\/centrafricaine\/economie\/le-fonds-bekou-de-lunion-europeenne-appuie-le-gouvernement-dans-le-relevement-et-le-developpement-du-secteur-agricole-en-centrafrique#breadcrumb\"},\"inLanguage\":\"fr-FR\",\"potentialAction\":[{\"@type\":\"ReadAction\",\"target\":[\"https:\/\/www.africa-press.net\/centrafricaine\/economie\/le-fonds-bekou-de-lunion-europeenne-appuie-le-gouvernement-dans-le-relevement-et-le-developpement-du-secteur-agricole-en-centrafrique\"]}]},{\"@type\":\"ImageObject\",\"inLanguage\":\"fr-FR\",\"@id\":\"https:\/\/www.africa-press.net\/centrafricaine\/economie\/le-fonds-bekou-de-lunion-europeenne-appuie-le-gouvernement-dans-le-relevement-et-le-developpement-du-secteur-agricole-en-centrafrique#primaryimage\",\"url\":\"https:\/\/static.africa-press.net\/centrafricaine\/sites\/45\/2021\/04\/img-608a73bbeff89.jpg\",\"contentUrl\":\"https:\/\/static.africa-press.net\/centrafricaine\/sites\/45\/2021\/04\/img-608a73bbeff89.jpg\",\"width\":720,\"height\":535,\"caption\":\"LE FONDS BEKOU DE L\u2019UNION EUROPEENNE APPUIE LE GOUVERNEMENT DANS LE RELEVEMENT ET LE DEVELOPPEMENT DU SECTEUR AGRICOLE EN CENTRAFRIQUE\"},{\"@type\":\"BreadcrumbList\",\"@id\":\"https:\/\/www.africa-press.net\/centrafricaine\/economie\/le-fonds-bekou-de-lunion-europeenne-appuie-le-gouvernement-dans-le-relevement-et-le-developpement-du-secteur-agricole-en-centrafrique#breadcrumb\",\"itemListElement\":[{\"@type\":\"ListItem\",\"position\":1,\"name\":\"Accueil\",\"item\":\"https:\/\/www.africa-press.net\/centrafricaine\/\"},{\"@type\":\"ListItem\",\"position\":2,\"name\":\"LE FONDS BEKOU DE L\u2019UNION EUROPEENNE APPUIE LE GOUVERNEMENT DANS LE RELEVEMENT ET LE DEVELOPPEMENT DU SECTEUR AGRICOLE EN CENTRAFRIQUE\"}]},{\"@type\":\"WebSite\",\"@id\":\"https:\/\/www.africa-press.net\/centrafricaine\/#website\",\"url\":\"https:\/\/www.africa-press.net\/centrafricaine\/\",\"name\":\"centrafricaine\",\"description\":\"Just another Africa News Agency Sites site\",\"potentialAction\":[{\"@type\":\"SearchAction\",\"target\":{\"@type\":\"EntryPoint\",\"urlTemplate\":\"https:\/\/www.africa-press.net\/centrafricaine\/?s={search_term_string}\"},\"query-input\":{\"@type\":\"PropertyValueSpecification\",\"valueRequired\":true,\"valueName\":\"search_term_string\"}}],\"inLanguage\":\"fr-FR\"},{\"@type\":\"Person\",\"@id\":\"https:\/\/www.africa-press.net\/centrafricaine\/#\/schema\/person\/2b1cf3cd81a31e3cd26889ca66d677f1\",\"name\":\"cfeditorfr\"}]}<\/script>\n<!-- \/ Yoast SEO Premium plugin. -->","yoast_head_json":{"title":"LE FONDS BEKOU DE L\u2019UNION EUROPEENNE APPUIE LE GOUVERNEMENT DANS LE RELEVEMENT ET LE DEVELOPPEMENT DU SECTEUR AGRICOLE EN CENTRAFRIQUE - centrafricaine","description":"Bangui, le 28 avril 2021 : Le Pr\u00e9sident de la R\u00e9publique, le Professeur Faustin Archange Touadera, et l\u2019Ambassadrice de ...","robots":{"index":"index","follow":"follow","max-snippet":"max-snippet:-1","max-image-preview":"max-image-preview:large","max-video-preview":"max-video-preview:-1"},"canonical":"https:\/\/www.africa-press.net\/centrafricaine\/economie\/le-fonds-bekou-de-lunion-europeenne-appuie-le-gouvernement-dans-le-relevement-et-le-developpement-du-secteur-agricole-en-centrafrique","og_locale":"fr_FR","og_type":"article","og_title":"LE FONDS BEKOU DE L\u2019UNION EUROPEENNE APPUIE LE GOUVERNEMENT DANS LE RELEVEMENT ET LE DEVELOPPEMENT DU SECTEUR AGRICOLE EN CENTRAFRIQUE","og_description":"Bangui, le 28 avril 2021 : Le Pr\u00e9sident de la R\u00e9publique, le Professeur Faustin Archange Touadera, et l\u2019Ambassadrice de ...","og_url":"https:\/\/www.africa-press.net\/centrafricaine\/economie\/le-fonds-bekou-de-lunion-europeenne-appuie-le-gouvernement-dans-le-relevement-et-le-developpement-du-secteur-agricole-en-centrafrique","og_site_name":"centrafricaine","article_published_time":"2021-04-29T09:30:28+00:00","article_modified_time":"2021-04-29T11:19:59+00:00","og_image":[{"width":720,"height":535,"url":"https:\/\/static.africa-press.net\/centrafricaine\/sites\/45\/2021\/04\/img-608a73bbeff89.jpg","type":"image\/jpeg"}],"author":"cfeditorfr","twitter_card":"summary_large_image","twitter_misc":{"\u00c9crit par":"cfeditorfr","Dur\u00e9e de lecture estim\u00e9e":"3 minutes"},"schema":{"@context":"https:\/\/schema.org","@graph":[{"@type":"Article","@id":"https:\/\/www.africa-press.net\/centrafricaine\/economie\/le-fonds-bekou-de-lunion-europeenne-appuie-le-gouvernement-dans-le-relevement-et-le-developpement-du-secteur-agricole-en-centrafrique#article","isPartOf":{"@id":"https:\/\/www.africa-press.net\/centrafricaine\/economie\/le-fonds-bekou-de-lunion-europeenne-appuie-le-gouvernement-dans-le-relevement-et-le-developpement-du-secteur-agricole-en-centrafrique"},"author":{"name":"cfeditorfr","@id":"https:\/\/www.africa-press.net\/centrafricaine\/#\/schema\/person\/2b1cf3cd81a31e3cd26889ca66d677f1"},"headline":"LE FONDS BEKOU DE L\u2019UNION EUROPEENNE APPUIE LE GOUVERNEMENT DANS LE RELEVEMENT ET LE DEVELOPPEMENT DU SECTEUR AGRICOLE EN CENTRAFRIQUE","datePublished":"2021-04-29T09:30:28+00:00","dateModified":"2021-04-29T11:19:59+00:00","mainEntityOfPage":{"@id":"https:\/\/www.africa-press.net\/centrafricaine\/economie\/le-fonds-bekou-de-lunion-europeenne-appuie-le-gouvernement-dans-le-relevement-et-le-developpement-du-secteur-agricole-en-centrafrique"},"wordCount":628,"commentCount":0,"image":{"@id":"https:\/\/www.africa-press.net\/centrafricaine\/economie\/le-fonds-bekou-de-lunion-europeenne-appuie-le-gouvernement-dans-le-relevement-et-le-developpement-du-secteur-agricole-en-centrafrique#primaryimage"},"thumbnailUrl":"https:\/\/static.africa-press.net\/centrafricaine\/sites\/45\/2021\/04\/img-608a73bbeff89.jpg","keywords":["Africa Press","Africa Press-CentrAfricaine","CentrAfricaine"],"articleSection":["\u00c9conomie","homepage-french","Top Nouvelles","Toutes les actualit\u00e9s"],"inLanguage":"fr-FR","potentialAction":[{"@type":"CommentAction","name":"Comment","target":["https:\/\/www.africa-press.net\/centrafricaine\/economie\/le-fonds-bekou-de-lunion-europeenne-appuie-le-gouvernement-dans-le-relevement-et-le-developpement-du-secteur-agricole-en-centrafrique#respond"]}]},{"@type":"WebPage","@id":"https:\/\/www.africa-press.net\/centrafricaine\/economie\/le-fonds-bekou-de-lunion-europeenne-appuie-le-gouvernement-dans-le-relevement-et-le-developpement-du-secteur-agricole-en-centrafrique","url":"https:\/\/www.africa-press.net\/centrafricaine\/economie\/le-fonds-bekou-de-lunion-europeenne-appuie-le-gouvernement-dans-le-relevement-et-le-developpement-du-secteur-agricole-en-centrafrique","name":"LE FONDS BEKOU DE L\u2019UNION EUROPEENNE APPUIE LE GOUVERNEMENT DANS LE RELEVEMENT ET LE DEVELOPPEMENT DU SECTEUR AGRICOLE EN CENTRAFRIQUE - centrafricaine","isPartOf":{"@id":"https:\/\/www.africa-press.net\/centrafricaine\/#website"},"primaryImageOfPage":{"@id":"https:\/\/www.africa-press.net\/centrafricaine\/economie\/le-fonds-bekou-de-lunion-europeenne-appuie-le-gouvernement-dans-le-relevement-et-le-developpement-du-secteur-agricole-en-centrafrique#primaryimage"},"image":{"@id":"https:\/\/www.africa-press.net\/centrafricaine\/economie\/le-fonds-bekou-de-lunion-europeenne-appuie-le-gouvernement-dans-le-relevement-et-le-developpement-du-secteur-agricole-en-centrafrique#primaryimage"},"thumbnailUrl":"https:\/\/static.africa-press.net\/centrafricaine\/sites\/45\/2021\/04\/img-608a73bbeff89.jpg","datePublished":"2021-04-29T09:30:28+00:00","dateModified":"2021-04-29T11:19:59+00:00","author":{"@id":"https:\/\/www.africa-press.net\/centrafricaine\/#\/schema\/person\/2b1cf3cd81a31e3cd26889ca66d677f1"},"description":"Bangui, le 28 avril 2021 : Le Pr\u00e9sident de la R\u00e9publique, le Professeur Faustin Archange Touadera, et l\u2019Ambassadrice de ...","breadcrumb":{"@id":"https:\/\/www.africa-press.net\/centrafricaine\/economie\/le-fonds-bekou-de-lunion-europeenne-appuie-le-gouvernement-dans-le-relevement-et-le-developpement-du-secteur-agricole-en-centrafrique#breadcrumb"},"inLanguage":"fr-FR","potentialAction":[{"@type":"ReadAction","target":["https:\/\/www.africa-press.net\/centrafricaine\/economie\/le-fonds-bekou-de-lunion-europeenne-appuie-le-gouvernement-dans-le-relevement-et-le-developpement-du-secteur-agricole-en-centrafrique"]}]},{"@type":"ImageObject","inLanguage":"fr-FR","@id":"https:\/\/www.africa-press.net\/centrafricaine\/economie\/le-fonds-bekou-de-lunion-europeenne-appuie-le-gouvernement-dans-le-relevement-et-le-developpement-du-secteur-agricole-en-centrafrique#primaryimage","url":"https:\/\/static.africa-press.net\/centrafricaine\/sites\/45\/2021\/04\/img-608a73bbeff89.jpg","contentUrl":"https:\/\/static.africa-press.net\/centrafricaine\/sites\/45\/2021\/04\/img-608a73bbeff89.jpg","width":720,"height":535,"caption":"LE FONDS BEKOU DE L\u2019UNION EUROPEENNE APPUIE LE GOUVERNEMENT DANS LE RELEVEMENT ET LE DEVELOPPEMENT DU SECTEUR AGRICOLE EN CENTRAFRIQUE"},{"@type":"BreadcrumbList","@id":"https:\/\/www.africa-press.net\/centrafricaine\/economie\/le-fonds-bekou-de-lunion-europeenne-appuie-le-gouvernement-dans-le-relevement-et-le-developpement-du-secteur-agricole-en-centrafrique#breadcrumb","itemListElement":[{"@type":"ListItem","position":1,"name":"Accueil","item":"https:\/\/www.africa-press.net\/centrafricaine\/"},{"@type":"ListItem","position":2,"name":"LE FONDS BEKOU DE L\u2019UNION EUROPEENNE APPUIE LE GOUVERNEMENT DANS LE RELEVEMENT ET LE DEVELOPPEMENT DU SECTEUR AGRICOLE EN CENTRAFRIQUE"}]},{"@type":"WebSite","@id":"https:\/\/www.africa-press.net\/centrafricaine\/#website","url":"https:\/\/www.africa-press.net\/centrafricaine\/","name":"centrafricaine","description":"Just another Africa News Agency Sites site","potentialAction":[{"@type":"SearchAction","target":{"@type":"EntryPoint","urlTemplate":"https:\/\/www.africa-press.net\/centrafricaine\/?s={search_term_string}"},"query-input":{"@type":"PropertyValueSpecification","valueRequired":true,"valueName":"search_term_string"}}],"inLanguage":"fr-FR"},{"@type":"Person","@id":"https:\/\/www.africa-press.net\/centrafricaine\/#\/schema\/person\/2b1cf3cd81a31e3cd26889ca66d677f1","name":"cfeditorfr"}]}},"_links":{"self":[{"href":"https:\/\/www.africa-press.net\/centrafricaine\/wp-json\/wp\/v2\/posts\/6243","targetHints":{"allow":["GET"]}}],"collection":[{"href":"https:\/\/www.africa-press.net\/centrafricaine\/wp-json\/wp\/v2\/posts"}],"about":[{"href":"https:\/\/www.africa-press.net\/centrafricaine\/wp-json\/wp\/v2\/types\/post"}],"author":[{"embeddable":true,"href":"https:\/\/www.africa-press.net\/centrafricaine\/wp-json\/wp\/v2\/users\/82"}],"replies":[{"embeddable":true,"href":"https:\/\/www.africa-press.net\/centrafricaine\/wp-json\/wp\/v2\/comments?post=6243"}],"version-history":[{"count":0,"href":"https:\/\/www.africa-press.net\/centrafricaine\/wp-json\/wp\/v2\/posts\/6243\/revisions"}],"wp:featuredmedia":[{"embeddable":true,"href":"https:\/\/www.africa-press.net\/centrafricaine\/wp-json\/wp\/v2\/media\/6242"}],"wp:attachment":[{"href":"https:\/\/www.africa-press.net\/centrafricaine\/wp-json\/wp\/v2\/media?parent=6243"}],"wp:term":[{"taxonomy":"category","embeddable":true,"href":"https:\/\/www.africa-press.net\/centrafricaine\/wp-json\/wp\/v2\/categories?post=6243"},{"taxonomy":"post_tag","embeddable":true,"href":"https:\/\/www.africa-press.net\/centrafricaine\/wp-json\/wp\/v2\/tags?post=6243"}],"curies":[{"name":"wp","href":"https:\/\/api.w.org\/{rel}","templated":true}]}}