{"id":6284,"date":"2021-04-30T10:00:53","date_gmt":"2021-04-30T10:00:53","guid":{"rendered":"https:\/\/www.africa-press.net\/centrafricaine\/?p=6284"},"modified":"2021-04-30T13:17:23","modified_gmt":"2021-04-30T13:17:23","slug":"rca-la-minusca-insiste-sur-la-necessite-de-dialoguer-avec-les-groupes-armes-2","status":"publish","type":"post","link":"https:\/\/www.africa-press.net\/centrafricaine\/politique\/rca-la-minusca-insiste-sur-la-necessite-de-dialoguer-avec-les-groupes-armes-2","title":{"rendered":"la Minusca insiste sur la n\u00e9cessit\u00e9 de dialoguer avec les groupes arm\u00e9s"},"content":{"rendered":"<p><span style=\"color: #ff6600\"><strong><a href=\"https:\/\/www.africa-press.net\/\">Africa-Press<\/a> &#8211; <a href=\"https:\/\/www.africa-press.net\/centrafricaine\">CentrAfricaine<\/a>. <\/strong><\/span>\u00a0Position exprim\u00e9e lors d\u2019un point de presse hebdomadaire conjoint Minusca \/ gouvernement tenu \u00e0 Bangui mercredi. Le porte-parole de la Minusca, Vladimir Monteiro pr\u00e9cise qu\u2019il faut dialoguer avec les groupes arm\u00e9s dans le cadre de l\u2019accord de paix du 6 f\u00e9vrier 2019. Donc pour la Minusca, faut-il organiser un autre dialogue en plus de celui initi\u00e9 par le chef de l\u2019\u00c9tat et pompeusement d\u00e9nomm\u00e9 \u00ab dialogue R\u00e9publicain \u00bb ?<\/p>\n<p><b>\u00ab La position de la Minusca c\u2019est la position des Nations unies, de l\u2019Union europ\u00e9enne, de l\u2019union africaine, de la CEEAC concernant le dialogue. Et vous avez eu r\u00e9cemment cette rencontre qui a eu lieu r\u00e9cemment \u00e0 Luanda. Les prises de position de ces diff\u00e9rentes Institutions ont soulign\u00e9 le besoin de r\u00e9engager les groupes arm\u00e9s et de les ramener dans l\u2019accord de paix \u00bb<\/b><\/p>\n<p>, a soulign\u00e9 le porte-parole de la Minusca, Vladimir Monteiro.<\/p>\n<p>D\u2019apr\u00e8s lui, ce dialogue avec les groupes arm\u00e9s doit \u00eatre fait dans le cadre de l\u2019accord de paix, tout en tenant compte de l\u2019aspect violation.<\/p>\n<p><b>\u00ab L\u2019autre dialogue, les consultations qui ont eu lieu pour le dialogue r\u00e9publicain c\u2019est \u00e9galement un volet extr\u00eamement important que la Minusca et toute la communaut\u00e9 internationale avaient salu\u00e9 en son temps, et comme je l\u2019ai dit toute \u00e0 l\u2019heure, nous soutenons ce dialogue, nous apportons un appui logistique pour ces consultations entre les diff\u00e9rentes parties, les forces vives avec le Pr\u00e9sident de la R\u00e9publique \u00bb,<\/b><\/p>\n<p>ajoute-t-il.<\/p>\n<p>Vladimir Monteiro a beau de pr\u00e9ciser que dialoguer avec les groupes arm\u00e9s et un autre avec les forces vives de la nation sont deux aspects totalement diff\u00e9rents, contrairement \u00e0 la volont\u00e9 du chef de l\u2019\u00c9tat Faustin Archange Touadera qui rejette cat\u00e9goriquement de dialoguer avec les groupes arm\u00e9s.<\/p>\n<p><b>\u00ab nous continuons de souligner que dans le cadre de l\u2019accord de paix, ce besoin de dialoguer, de ramener les groupes arm\u00e9s autour de la table et discuter \u00bb,<\/b><\/p>\n<p>&nbsp;<\/p>\n<p>&nbsp;<\/p>\n","protected":false},"excerpt":{"rendered":"<p>Africa-Press &#8211; CentrAfricaine. \u00a0Position exprim\u00e9e lors d\u2019un point de presse hebdomadaire conjoint Minusca \/ gouvernement tenu \u00e0 Bangui mercredi. Le porte-parole de la Minusca, Vladimir Monteiro pr\u00e9cise qu\u2019il faut dialoguer avec les groupes arm\u00e9s dans le cadre de l\u2019accord de paix du 6 f\u00e9vrier 2019. Donc pour la Minusca, faut-il organiser un autre dialogue en [&hellip;]<\/p>\n","protected":false},"author":82,"featured_media":6283,"comment_status":"open","ping_status":"closed","sticky":false,"template":"","format":"standard","meta":{"footnotes":""},"categories":[11,2,10],"tags":[36,58,30],"class_list":["post-6284","post","type-post","status-publish","format-standard","has-post-thumbnail","hentry","category-homepage-french","category-politique","category-toutes-les-actualites","tag-africa-press","tag-africa-press-centrafricaine","tag-centrafricaine"],"yoast_head":"<!-- This site is optimized with the Yoast SEO Premium plugin v26.1 (Yoast SEO v27.0) - https:\/\/yoast.com\/product\/yoast-seo-premium-wordpress\/ -->\n<title>la Minusca insiste sur la n\u00e9cessit\u00e9 de dialoguer avec les groupes arm\u00e9s - centrafricaine<\/title>\n<meta name=\"description\" content=\"Bangui, R\u00e9publique centrafricaine, jeudi, 29 avril 2021, 09:21:02 ( Corbeaunews-Centrafrique ). Position exprim\u00e9 ...\" \/>\n<meta name=\"robots\" content=\"index, follow, max-snippet:-1, max-image-preview:large, max-video-preview:-1\" \/>\n<link rel=\"canonical\" href=\"https:\/\/www.africa-press.net\/centrafricaine\/politique\/rca-la-minusca-insiste-sur-la-necessite-de-dialoguer-avec-les-groupes-armes-2\" \/>\n<meta property=\"og:locale\" content=\"fr_FR\" \/>\n<meta property=\"og:type\" content=\"article\" \/>\n<meta property=\"og:title\" content=\"la Minusca insiste sur la n\u00e9cessit\u00e9 de dialoguer avec les groupes arm\u00e9s\" \/>\n<meta property=\"og:description\" content=\"Bangui, R\u00e9publique centrafricaine, jeudi, 29 avril 2021, 09:21:02 ( Corbeaunews-Centrafrique ). Position exprim\u00e9 ...\" \/>\n<meta property=\"og:url\" content=\"https:\/\/www.africa-press.net\/centrafricaine\/politique\/rca-la-minusca-insiste-sur-la-necessite-de-dialoguer-avec-les-groupes-armes-2\" \/>\n<meta property=\"og:site_name\" content=\"centrafricaine\" \/>\n<meta property=\"article:published_time\" content=\"2021-04-30T10:00:53+00:00\" \/>\n<meta property=\"article:modified_time\" content=\"2021-04-30T13:17:23+00:00\" \/>\n<meta property=\"og:image\" content=\"https:\/\/static.africa-press.net\/centrafricaine\/sites\/45\/2021\/04\/img-608bd493dfe40.jpg\" \/>\n\t<meta property=\"og:image:width\" content=\"750\" \/>\n\t<meta property=\"og:image:height\" content=\"452\" \/>\n\t<meta property=\"og:image:type\" content=\"image\/jpeg\" \/>\n<meta name=\"author\" content=\"cfeditorfr\" \/>\n<meta name=\"twitter:card\" content=\"summary_large_image\" \/>\n<meta name=\"twitter:label1\" content=\"\u00c9crit par\" \/>\n\t<meta name=\"twitter:data1\" content=\"cfeditorfr\" \/>\n\t<meta name=\"twitter:label2\" content=\"Dur\u00e9e de lecture estim\u00e9e\" \/>\n\t<meta name=\"twitter:data2\" content=\"2 minutes\" \/>\n<script type=\"application\/ld+json\" class=\"yoast-schema-graph\">{\"@context\":\"https:\/\/schema.org\",\"@graph\":[{\"@type\":\"Article\",\"@id\":\"https:\/\/www.africa-press.net\/centrafricaine\/politique\/rca-la-minusca-insiste-sur-la-necessite-de-dialoguer-avec-les-groupes-armes-2#article\",\"isPartOf\":{\"@id\":\"https:\/\/www.africa-press.net\/centrafricaine\/politique\/rca-la-minusca-insiste-sur-la-necessite-de-dialoguer-avec-les-groupes-armes-2\"},\"author\":{\"name\":\"cfeditorfr\",\"@id\":\"https:\/\/www.africa-press.net\/centrafricaine\/#\/schema\/person\/2b1cf3cd81a31e3cd26889ca66d677f1\"},\"headline\":\"la Minusca insiste sur la n\u00e9cessit\u00e9 de dialoguer avec les groupes arm\u00e9s\",\"datePublished\":\"2021-04-30T10:00:53+00:00\",\"dateModified\":\"2021-04-30T13:17:23+00:00\",\"mainEntityOfPage\":{\"@id\":\"https:\/\/www.africa-press.net\/centrafricaine\/politique\/rca-la-minusca-insiste-sur-la-necessite-de-dialoguer-avec-les-groupes-armes-2\"},\"wordCount\":355,\"commentCount\":0,\"image\":{\"@id\":\"https:\/\/www.africa-press.net\/centrafricaine\/politique\/rca-la-minusca-insiste-sur-la-necessite-de-dialoguer-avec-les-groupes-armes-2#primaryimage\"},\"thumbnailUrl\":\"https:\/\/static.africa-press.net\/centrafricaine\/sites\/45\/2021\/04\/img-608bd493dfe40.jpg\",\"keywords\":[\"Africa Press\",\"Africa Press-CentrAfricaine\",\"CentrAfricaine\"],\"articleSection\":[\"homepage-french\",\"Politique\",\"Toutes les actualit\u00e9s\"],\"inLanguage\":\"fr-FR\",\"potentialAction\":[{\"@type\":\"CommentAction\",\"name\":\"Comment\",\"target\":[\"https:\/\/www.africa-press.net\/centrafricaine\/politique\/rca-la-minusca-insiste-sur-la-necessite-de-dialoguer-avec-les-groupes-armes-2#respond\"]}]},{\"@type\":\"WebPage\",\"@id\":\"https:\/\/www.africa-press.net\/centrafricaine\/politique\/rca-la-minusca-insiste-sur-la-necessite-de-dialoguer-avec-les-groupes-armes-2\",\"url\":\"https:\/\/www.africa-press.net\/centrafricaine\/politique\/rca-la-minusca-insiste-sur-la-necessite-de-dialoguer-avec-les-groupes-armes-2\",\"name\":\"la Minusca insiste sur la n\u00e9cessit\u00e9 de dialoguer avec les groupes arm\u00e9s - centrafricaine\",\"isPartOf\":{\"@id\":\"https:\/\/www.africa-press.net\/centrafricaine\/#website\"},\"primaryImageOfPage\":{\"@id\":\"https:\/\/www.africa-press.net\/centrafricaine\/politique\/rca-la-minusca-insiste-sur-la-necessite-de-dialoguer-avec-les-groupes-armes-2#primaryimage\"},\"image\":{\"@id\":\"https:\/\/www.africa-press.net\/centrafricaine\/politique\/rca-la-minusca-insiste-sur-la-necessite-de-dialoguer-avec-les-groupes-armes-2#primaryimage\"},\"thumbnailUrl\":\"https:\/\/static.africa-press.net\/centrafricaine\/sites\/45\/2021\/04\/img-608bd493dfe40.jpg\",\"datePublished\":\"2021-04-30T10:00:53+00:00\",\"dateModified\":\"2021-04-30T13:17:23+00:00\",\"author\":{\"@id\":\"https:\/\/www.africa-press.net\/centrafricaine\/#\/schema\/person\/2b1cf3cd81a31e3cd26889ca66d677f1\"},\"description\":\"Bangui, R\u00e9publique centrafricaine, jeudi, 29 avril 2021, 09:21:02 ( Corbeaunews-Centrafrique ). Position exprim\u00e9 ...\",\"breadcrumb\":{\"@id\":\"https:\/\/www.africa-press.net\/centrafricaine\/politique\/rca-la-minusca-insiste-sur-la-necessite-de-dialoguer-avec-les-groupes-armes-2#breadcrumb\"},\"inLanguage\":\"fr-FR\",\"potentialAction\":[{\"@type\":\"ReadAction\",\"target\":[\"https:\/\/www.africa-press.net\/centrafricaine\/politique\/rca-la-minusca-insiste-sur-la-necessite-de-dialoguer-avec-les-groupes-armes-2\"]}]},{\"@type\":\"ImageObject\",\"inLanguage\":\"fr-FR\",\"@id\":\"https:\/\/www.africa-press.net\/centrafricaine\/politique\/rca-la-minusca-insiste-sur-la-necessite-de-dialoguer-avec-les-groupes-armes-2#primaryimage\",\"url\":\"https:\/\/static.africa-press.net\/centrafricaine\/sites\/45\/2021\/04\/img-608bd493dfe40.jpg\",\"contentUrl\":\"https:\/\/static.africa-press.net\/centrafricaine\/sites\/45\/2021\/04\/img-608bd493dfe40.jpg\",\"width\":750,\"height\":452,\"caption\":\"RCA\u00a0: la Minusca insiste sur la n\u00e9cessit\u00e9 de dialoguer avec les groupes arm\u00e9s\"},{\"@type\":\"BreadcrumbList\",\"@id\":\"https:\/\/www.africa-press.net\/centrafricaine\/politique\/rca-la-minusca-insiste-sur-la-necessite-de-dialoguer-avec-les-groupes-armes-2#breadcrumb\",\"itemListElement\":[{\"@type\":\"ListItem\",\"position\":1,\"name\":\"Accueil\",\"item\":\"https:\/\/www.africa-press.net\/centrafricaine\/\"},{\"@type\":\"ListItem\",\"position\":2,\"name\":\"la Minusca insiste sur la n\u00e9cessit\u00e9 de dialoguer avec les groupes arm\u00e9s\"}]},{\"@type\":\"WebSite\",\"@id\":\"https:\/\/www.africa-press.net\/centrafricaine\/#website\",\"url\":\"https:\/\/www.africa-press.net\/centrafricaine\/\",\"name\":\"centrafricaine\",\"description\":\"Just another Africa News Agency Sites site\",\"potentialAction\":[{\"@type\":\"SearchAction\",\"target\":{\"@type\":\"EntryPoint\",\"urlTemplate\":\"https:\/\/www.africa-press.net\/centrafricaine\/?s={search_term_string}\"},\"query-input\":{\"@type\":\"PropertyValueSpecification\",\"valueRequired\":true,\"valueName\":\"search_term_string\"}}],\"inLanguage\":\"fr-FR\"},{\"@type\":\"Person\",\"@id\":\"https:\/\/www.africa-press.net\/centrafricaine\/#\/schema\/person\/2b1cf3cd81a31e3cd26889ca66d677f1\",\"name\":\"cfeditorfr\"}]}<\/script>\n<!-- \/ Yoast SEO Premium plugin. -->","yoast_head_json":{"title":"la Minusca insiste sur la n\u00e9cessit\u00e9 de dialoguer avec les groupes arm\u00e9s - centrafricaine","description":"Bangui, R\u00e9publique centrafricaine, jeudi, 29 avril 2021, 09:21:02 ( Corbeaunews-Centrafrique ). Position exprim\u00e9 ...","robots":{"index":"index","follow":"follow","max-snippet":"max-snippet:-1","max-image-preview":"max-image-preview:large","max-video-preview":"max-video-preview:-1"},"canonical":"https:\/\/www.africa-press.net\/centrafricaine\/politique\/rca-la-minusca-insiste-sur-la-necessite-de-dialoguer-avec-les-groupes-armes-2","og_locale":"fr_FR","og_type":"article","og_title":"la Minusca insiste sur la n\u00e9cessit\u00e9 de dialoguer avec les groupes arm\u00e9s","og_description":"Bangui, R\u00e9publique centrafricaine, jeudi, 29 avril 2021, 09:21:02 ( Corbeaunews-Centrafrique ). Position exprim\u00e9 ...","og_url":"https:\/\/www.africa-press.net\/centrafricaine\/politique\/rca-la-minusca-insiste-sur-la-necessite-de-dialoguer-avec-les-groupes-armes-2","og_site_name":"centrafricaine","article_published_time":"2021-04-30T10:00:53+00:00","article_modified_time":"2021-04-30T13:17:23+00:00","og_image":[{"width":750,"height":452,"url":"https:\/\/static.africa-press.net\/centrafricaine\/sites\/45\/2021\/04\/img-608bd493dfe40.jpg","type":"image\/jpeg"}],"author":"cfeditorfr","twitter_card":"summary_large_image","twitter_misc":{"\u00c9crit par":"cfeditorfr","Dur\u00e9e de lecture estim\u00e9e":"2 minutes"},"schema":{"@context":"https:\/\/schema.org","@graph":[{"@type":"Article","@id":"https:\/\/www.africa-press.net\/centrafricaine\/politique\/rca-la-minusca-insiste-sur-la-necessite-de-dialoguer-avec-les-groupes-armes-2#article","isPartOf":{"@id":"https:\/\/www.africa-press.net\/centrafricaine\/politique\/rca-la-minusca-insiste-sur-la-necessite-de-dialoguer-avec-les-groupes-armes-2"},"author":{"name":"cfeditorfr","@id":"https:\/\/www.africa-press.net\/centrafricaine\/#\/schema\/person\/2b1cf3cd81a31e3cd26889ca66d677f1"},"headline":"la Minusca insiste sur la n\u00e9cessit\u00e9 de dialoguer avec les groupes arm\u00e9s","datePublished":"2021-04-30T10:00:53+00:00","dateModified":"2021-04-30T13:17:23+00:00","mainEntityOfPage":{"@id":"https:\/\/www.africa-press.net\/centrafricaine\/politique\/rca-la-minusca-insiste-sur-la-necessite-de-dialoguer-avec-les-groupes-armes-2"},"wordCount":355,"commentCount":0,"image":{"@id":"https:\/\/www.africa-press.net\/centrafricaine\/politique\/rca-la-minusca-insiste-sur-la-necessite-de-dialoguer-avec-les-groupes-armes-2#primaryimage"},"thumbnailUrl":"https:\/\/static.africa-press.net\/centrafricaine\/sites\/45\/2021\/04\/img-608bd493dfe40.jpg","keywords":["Africa Press","Africa Press-CentrAfricaine","CentrAfricaine"],"articleSection":["homepage-french","Politique","Toutes les actualit\u00e9s"],"inLanguage":"fr-FR","potentialAction":[{"@type":"CommentAction","name":"Comment","target":["https:\/\/www.africa-press.net\/centrafricaine\/politique\/rca-la-minusca-insiste-sur-la-necessite-de-dialoguer-avec-les-groupes-armes-2#respond"]}]},{"@type":"WebPage","@id":"https:\/\/www.africa-press.net\/centrafricaine\/politique\/rca-la-minusca-insiste-sur-la-necessite-de-dialoguer-avec-les-groupes-armes-2","url":"https:\/\/www.africa-press.net\/centrafricaine\/politique\/rca-la-minusca-insiste-sur-la-necessite-de-dialoguer-avec-les-groupes-armes-2","name":"la Minusca insiste sur la n\u00e9cessit\u00e9 de dialoguer avec les groupes arm\u00e9s - centrafricaine","isPartOf":{"@id":"https:\/\/www.africa-press.net\/centrafricaine\/#website"},"primaryImageOfPage":{"@id":"https:\/\/www.africa-press.net\/centrafricaine\/politique\/rca-la-minusca-insiste-sur-la-necessite-de-dialoguer-avec-les-groupes-armes-2#primaryimage"},"image":{"@id":"https:\/\/www.africa-press.net\/centrafricaine\/politique\/rca-la-minusca-insiste-sur-la-necessite-de-dialoguer-avec-les-groupes-armes-2#primaryimage"},"thumbnailUrl":"https:\/\/static.africa-press.net\/centrafricaine\/sites\/45\/2021\/04\/img-608bd493dfe40.jpg","datePublished":"2021-04-30T10:00:53+00:00","dateModified":"2021-04-30T13:17:23+00:00","author":{"@id":"https:\/\/www.africa-press.net\/centrafricaine\/#\/schema\/person\/2b1cf3cd81a31e3cd26889ca66d677f1"},"description":"Bangui, R\u00e9publique centrafricaine, jeudi, 29 avril 2021, 09:21:02 ( Corbeaunews-Centrafrique ). Position exprim\u00e9 ...","breadcrumb":{"@id":"https:\/\/www.africa-press.net\/centrafricaine\/politique\/rca-la-minusca-insiste-sur-la-necessite-de-dialoguer-avec-les-groupes-armes-2#breadcrumb"},"inLanguage":"fr-FR","potentialAction":[{"@type":"ReadAction","target":["https:\/\/www.africa-press.net\/centrafricaine\/politique\/rca-la-minusca-insiste-sur-la-necessite-de-dialoguer-avec-les-groupes-armes-2"]}]},{"@type":"ImageObject","inLanguage":"fr-FR","@id":"https:\/\/www.africa-press.net\/centrafricaine\/politique\/rca-la-minusca-insiste-sur-la-necessite-de-dialoguer-avec-les-groupes-armes-2#primaryimage","url":"https:\/\/static.africa-press.net\/centrafricaine\/sites\/45\/2021\/04\/img-608bd493dfe40.jpg","contentUrl":"https:\/\/static.africa-press.net\/centrafricaine\/sites\/45\/2021\/04\/img-608bd493dfe40.jpg","width":750,"height":452,"caption":"RCA\u00a0: la Minusca insiste sur la n\u00e9cessit\u00e9 de dialoguer avec les groupes arm\u00e9s"},{"@type":"BreadcrumbList","@id":"https:\/\/www.africa-press.net\/centrafricaine\/politique\/rca-la-minusca-insiste-sur-la-necessite-de-dialoguer-avec-les-groupes-armes-2#breadcrumb","itemListElement":[{"@type":"ListItem","position":1,"name":"Accueil","item":"https:\/\/www.africa-press.net\/centrafricaine\/"},{"@type":"ListItem","position":2,"name":"la Minusca insiste sur la n\u00e9cessit\u00e9 de dialoguer avec les groupes arm\u00e9s"}]},{"@type":"WebSite","@id":"https:\/\/www.africa-press.net\/centrafricaine\/#website","url":"https:\/\/www.africa-press.net\/centrafricaine\/","name":"centrafricaine","description":"Just another Africa News Agency Sites site","potentialAction":[{"@type":"SearchAction","target":{"@type":"EntryPoint","urlTemplate":"https:\/\/www.africa-press.net\/centrafricaine\/?s={search_term_string}"},"query-input":{"@type":"PropertyValueSpecification","valueRequired":true,"valueName":"search_term_string"}}],"inLanguage":"fr-FR"},{"@type":"Person","@id":"https:\/\/www.africa-press.net\/centrafricaine\/#\/schema\/person\/2b1cf3cd81a31e3cd26889ca66d677f1","name":"cfeditorfr"}]}},"_links":{"self":[{"href":"https:\/\/www.africa-press.net\/centrafricaine\/wp-json\/wp\/v2\/posts\/6284","targetHints":{"allow":["GET"]}}],"collection":[{"href":"https:\/\/www.africa-press.net\/centrafricaine\/wp-json\/wp\/v2\/posts"}],"about":[{"href":"https:\/\/www.africa-press.net\/centrafricaine\/wp-json\/wp\/v2\/types\/post"}],"author":[{"embeddable":true,"href":"https:\/\/www.africa-press.net\/centrafricaine\/wp-json\/wp\/v2\/users\/82"}],"replies":[{"embeddable":true,"href":"https:\/\/www.africa-press.net\/centrafricaine\/wp-json\/wp\/v2\/comments?post=6284"}],"version-history":[{"count":0,"href":"https:\/\/www.africa-press.net\/centrafricaine\/wp-json\/wp\/v2\/posts\/6284\/revisions"}],"wp:featuredmedia":[{"embeddable":true,"href":"https:\/\/www.africa-press.net\/centrafricaine\/wp-json\/wp\/v2\/media\/6283"}],"wp:attachment":[{"href":"https:\/\/www.africa-press.net\/centrafricaine\/wp-json\/wp\/v2\/media?parent=6284"}],"wp:term":[{"taxonomy":"category","embeddable":true,"href":"https:\/\/www.africa-press.net\/centrafricaine\/wp-json\/wp\/v2\/categories?post=6284"},{"taxonomy":"post_tag","embeddable":true,"href":"https:\/\/www.africa-press.net\/centrafricaine\/wp-json\/wp\/v2\/tags?post=6284"}],"curies":[{"name":"wp","href":"https:\/\/api.w.org\/{rel}","templated":true}]}}