{"id":6305,"date":"2021-04-30T10:55:00","date_gmt":"2021-04-30T10:55:00","guid":{"rendered":"https:\/\/www.africa-press.net\/centrafricaine\/?p=6305"},"modified":"2021-04-30T13:19:14","modified_gmt":"2021-04-30T13:19:14","slug":"centrafrique-trois-morts-et-un-blesse-dans-une-altercation-familiale-a-bangui","status":"publish","type":"post","link":"https:\/\/www.africa-press.net\/centrafricaine\/toutes-les-actualites\/centrafrique-trois-morts-et-un-blesse-dans-une-altercation-familiale-a-bangui","title":{"rendered":"trois morts et un bless\u00e9 dans une altercation familiale \u00e0 Bangui"},"content":{"rendered":"<p><span style=\"color: #ff6600\"><strong><a href=\"https:\/\/www.africa-press.net\/\">Africa-Press<\/a> &#8211; <a href=\"https:\/\/www.africa-press.net\/centrafricaine\">CentrAfricaine<\/a>.\u00a0 <\/strong><\/span>\u00a0Encore un drame familial li\u00e9 aux armes \u00e0 feu en R\u00e9publique centrafricaine. Ce jeudi 29 avril 2021, dans la soir\u00e9e, un \u00e9l\u00e9ment de la garde pr\u00e9sidentielle, muni de son arme de service, a abattu froidement son petit fr\u00e8re et son oncle paternel \u00e0 leur domicile du quartier Ndr\u00e8ss 1, dans le quatri\u00e8me arrondissement de Bangui.<\/p>\n<p>Le pr\u00e9sum\u00e9 criminel s\u2019appelle Amend\u00e9, \u00e2g\u00e9 d\u2019une trentaine d\u2019ann\u00e9es, et domicili\u00e9 non loin de l\u2019\u00e9cole Ndr\u00e8ss 1 dans le quatri\u00e8me arrondissement de Bangui. Selon nos informations, il aurait abattu son petit fr\u00e8re, son oncle paternel et bless\u00e9 un adolescent avant de se suicider dans la soir\u00e9e d\u2019hier jeudi 29 avril 2021.<\/p>\n<p>En effet, selon les t\u00e9moignages recueillis par la r\u00e9daction du CNC, apr\u00e8s la mort de son p\u00e8re il y\u2019a quelques mois, Monsieur Amend\u00e9 nouvellement incorpor\u00e9 dans la garde pr\u00e9sidentielle ne vivait pas en bon terme avec ses fr\u00e8res et s\u0153urs. Son oncle paternel, \u00e2g\u00e9 d\u2019une quarantaine d\u2019ann\u00e9es, et qui travaille comme ma\u00e7on, joue le r\u00f4le du p\u00e8re de la famille. Il ne cesse de leur prodiguer des conseils.<\/p>\n<p>Soudainement hier, apr\u00e8s avoir per\u00e7u sa solde de ce mois et passer quelque temps de rafra\u00eechissement avec ses amis dans une buvette locale, Monsieur Amend\u00e9 est rentrer finalement \u00e0 la maison le soir. Sous l\u2019emprise de l\u2019alcool, il s\u2019est mis \u00e0 frapper durement un petit enfant qui vivait chez lui, mais tout le membre de la famille n\u2019approuve pas sa r\u00e9action.<\/p>\n<p>Pendant ce temps, son petit fr\u00e8re, \u00e2g\u00e9 d\u2019une vingtaine d\u2019ann\u00e9es, est venu lui dire de pardonner l\u2019enfant et le laisser partir, mais il s\u2019est mis \u00e0 se bagarrer avec son cadet. Comme il a encore son pistolet par-devers lui, il le prend et fait plusieurs tirs sur son cadet qui s\u2019\u00e9croule imm\u00e9diatement au sol. Son oncle paternel qui n\u2019\u00e9tait pas loin de la sc\u00e8ne, s\u2019est vite approch\u00e9 du jeune Amend\u00e9 pour lui demander de se calmer. Il tire \u00e0 bout portant sur son oncle paternel et le tue sur place.<\/p>\n<p>Aussit\u00f4t, c\u2019est la d\u00e9bandade g\u00e9n\u00e9rale dans la famille. Il trouve l\u2019enfant qu\u2019il a frapp\u00e9 et lui tire dessus. L\u2019enfant est bless\u00e9, mais s\u2019\u00e9croule au sol comme mort.<\/p>\n<p>Sachant quoi faire avec trois personnes allong\u00e9es au sol, le jeune amend\u00e9 tourne son pistolet contre lui et se tire une balle dans la t\u00eate.<\/p>\n<p>Une sc\u00e8ne tr\u00e8s dramatique qui a pouss\u00e9 les \u00e9l\u00e9ments de la gendarmerie \u00e0 intervenir sur le lieu du crime.<\/p>\n<p>L\u2019enfant bless\u00e9 au pied est transport\u00e9 \u00e0 l\u2019h\u00f4pital, tandis que les corps des deux victimes sont amen\u00e9s \u00e0 la morgue par les gendarmes. Cependant, le corps du pr\u00e9sum\u00e9 criminel est transport\u00e9 par ses coll\u00e8gues de la garde pr\u00e9sidentielle pour d\u00e9poser \u00e0 la morgue de l\u2019h\u00f4pital communautaire.<\/p>\n","protected":false},"excerpt":{"rendered":"<p>Africa-Press &#8211; CentrAfricaine.\u00a0 \u00a0Encore un drame familial li\u00e9 aux armes \u00e0 feu en R\u00e9publique centrafricaine. Ce jeudi 29 avril 2021, dans la soir\u00e9e, un \u00e9l\u00e9ment de la garde pr\u00e9sidentielle, muni de son arme de service, a abattu froidement son petit fr\u00e8re et son oncle paternel \u00e0 leur domicile du quartier Ndr\u00e8ss 1, dans le quatri\u00e8me [&hellip;]<\/p>\n","protected":false},"author":82,"featured_media":6304,"comment_status":"open","ping_status":"closed","sticky":false,"template":"","format":"standard","meta":{"footnotes":""},"categories":[21,11,10],"tags":[36,58,30],"class_list":["post-6305","post","type-post","status-publish","format-standard","has-post-thumbnail","hentry","category-communaute","category-homepage-french","category-toutes-les-actualites","tag-africa-press","tag-africa-press-centrafricaine","tag-centrafricaine"],"yoast_head":"<!-- This site is optimized with the Yoast SEO Premium plugin v26.1 (Yoast SEO v27.0) - https:\/\/yoast.com\/product\/yoast-seo-premium-wordpress\/ -->\n<title>trois morts et un bless\u00e9 dans une altercation familiale \u00e0 Bangui - centrafricaine<\/title>\n<meta name=\"description\" content=\"Bangui, R\u00e9publique centrafricaine, vendredi, 30 avril 2021, 09:34:01 ( Corbeaunews-Centrafrique ). Encore un dra ...\" \/>\n<meta name=\"robots\" content=\"index, follow, max-snippet:-1, max-image-preview:large, max-video-preview:-1\" \/>\n<link rel=\"canonical\" href=\"https:\/\/www.africa-press.net\/centrafricaine\/toutes-les-actualites\/centrafrique-trois-morts-et-un-blesse-dans-une-altercation-familiale-a-bangui\" \/>\n<meta property=\"og:locale\" content=\"fr_FR\" \/>\n<meta property=\"og:type\" content=\"article\" \/>\n<meta property=\"og:title\" content=\"trois morts et un bless\u00e9 dans une altercation familiale \u00e0 Bangui\" \/>\n<meta property=\"og:description\" content=\"Bangui, R\u00e9publique centrafricaine, vendredi, 30 avril 2021, 09:34:01 ( Corbeaunews-Centrafrique ). Encore un dra ...\" \/>\n<meta property=\"og:url\" content=\"https:\/\/www.africa-press.net\/centrafricaine\/toutes-les-actualites\/centrafrique-trois-morts-et-un-blesse-dans-une-altercation-familiale-a-bangui\" \/>\n<meta property=\"og:site_name\" content=\"centrafricaine\" \/>\n<meta property=\"article:published_time\" content=\"2021-04-30T10:55:00+00:00\" \/>\n<meta property=\"article:modified_time\" content=\"2021-04-30T13:19:14+00:00\" \/>\n<meta property=\"og:image\" content=\"https:\/\/static.africa-press.net\/centrafricaine\/sites\/45\/2021\/04\/img-608bd5c6bca04.jpg\" \/>\n\t<meta property=\"og:image:width\" content=\"750\" \/>\n\t<meta property=\"og:image:height\" content=\"500\" \/>\n\t<meta property=\"og:image:type\" content=\"image\/jpeg\" \/>\n<meta name=\"author\" content=\"cfeditorfr\" \/>\n<meta name=\"twitter:card\" content=\"summary_large_image\" \/>\n<meta name=\"twitter:label1\" content=\"\u00c9crit par\" \/>\n\t<meta name=\"twitter:data1\" content=\"cfeditorfr\" \/>\n\t<meta name=\"twitter:label2\" content=\"Dur\u00e9e de lecture estim\u00e9e\" \/>\n\t<meta name=\"twitter:data2\" content=\"2 minutes\" \/>\n<script type=\"application\/ld+json\" class=\"yoast-schema-graph\">{\"@context\":\"https:\/\/schema.org\",\"@graph\":[{\"@type\":\"Article\",\"@id\":\"https:\/\/www.africa-press.net\/centrafricaine\/toutes-les-actualites\/centrafrique-trois-morts-et-un-blesse-dans-une-altercation-familiale-a-bangui#article\",\"isPartOf\":{\"@id\":\"https:\/\/www.africa-press.net\/centrafricaine\/toutes-les-actualites\/centrafrique-trois-morts-et-un-blesse-dans-une-altercation-familiale-a-bangui\"},\"author\":{\"name\":\"cfeditorfr\",\"@id\":\"https:\/\/www.africa-press.net\/centrafricaine\/#\/schema\/person\/2b1cf3cd81a31e3cd26889ca66d677f1\"},\"headline\":\"trois morts et un bless\u00e9 dans une altercation familiale \u00e0 Bangui\",\"datePublished\":\"2021-04-30T10:55:00+00:00\",\"dateModified\":\"2021-04-30T13:19:14+00:00\",\"mainEntityOfPage\":{\"@id\":\"https:\/\/www.africa-press.net\/centrafricaine\/toutes-les-actualites\/centrafrique-trois-morts-et-un-blesse-dans-une-altercation-familiale-a-bangui\"},\"wordCount\":514,\"commentCount\":0,\"image\":{\"@id\":\"https:\/\/www.africa-press.net\/centrafricaine\/toutes-les-actualites\/centrafrique-trois-morts-et-un-blesse-dans-une-altercation-familiale-a-bangui#primaryimage\"},\"thumbnailUrl\":\"https:\/\/static.africa-press.net\/centrafricaine\/sites\/45\/2021\/04\/img-608bd5c6bca04.jpg\",\"keywords\":[\"Africa Press\",\"Africa Press-CentrAfricaine\",\"CentrAfricaine\"],\"articleSection\":[\"Communaut\u00e9\",\"homepage-french\",\"Toutes les actualit\u00e9s\"],\"inLanguage\":\"fr-FR\",\"potentialAction\":[{\"@type\":\"CommentAction\",\"name\":\"Comment\",\"target\":[\"https:\/\/www.africa-press.net\/centrafricaine\/toutes-les-actualites\/centrafrique-trois-morts-et-un-blesse-dans-une-altercation-familiale-a-bangui#respond\"]}]},{\"@type\":\"WebPage\",\"@id\":\"https:\/\/www.africa-press.net\/centrafricaine\/toutes-les-actualites\/centrafrique-trois-morts-et-un-blesse-dans-une-altercation-familiale-a-bangui\",\"url\":\"https:\/\/www.africa-press.net\/centrafricaine\/toutes-les-actualites\/centrafrique-trois-morts-et-un-blesse-dans-une-altercation-familiale-a-bangui\",\"name\":\"trois morts et un bless\u00e9 dans une altercation familiale \u00e0 Bangui - centrafricaine\",\"isPartOf\":{\"@id\":\"https:\/\/www.africa-press.net\/centrafricaine\/#website\"},\"primaryImageOfPage\":{\"@id\":\"https:\/\/www.africa-press.net\/centrafricaine\/toutes-les-actualites\/centrafrique-trois-morts-et-un-blesse-dans-une-altercation-familiale-a-bangui#primaryimage\"},\"image\":{\"@id\":\"https:\/\/www.africa-press.net\/centrafricaine\/toutes-les-actualites\/centrafrique-trois-morts-et-un-blesse-dans-une-altercation-familiale-a-bangui#primaryimage\"},\"thumbnailUrl\":\"https:\/\/static.africa-press.net\/centrafricaine\/sites\/45\/2021\/04\/img-608bd5c6bca04.jpg\",\"datePublished\":\"2021-04-30T10:55:00+00:00\",\"dateModified\":\"2021-04-30T13:19:14+00:00\",\"author\":{\"@id\":\"https:\/\/www.africa-press.net\/centrafricaine\/#\/schema\/person\/2b1cf3cd81a31e3cd26889ca66d677f1\"},\"description\":\"Bangui, R\u00e9publique centrafricaine, vendredi, 30 avril 2021, 09:34:01 ( Corbeaunews-Centrafrique ). Encore un dra ...\",\"breadcrumb\":{\"@id\":\"https:\/\/www.africa-press.net\/centrafricaine\/toutes-les-actualites\/centrafrique-trois-morts-et-un-blesse-dans-une-altercation-familiale-a-bangui#breadcrumb\"},\"inLanguage\":\"fr-FR\",\"potentialAction\":[{\"@type\":\"ReadAction\",\"target\":[\"https:\/\/www.africa-press.net\/centrafricaine\/toutes-les-actualites\/centrafrique-trois-morts-et-un-blesse-dans-une-altercation-familiale-a-bangui\"]}]},{\"@type\":\"ImageObject\",\"inLanguage\":\"fr-FR\",\"@id\":\"https:\/\/www.africa-press.net\/centrafricaine\/toutes-les-actualites\/centrafrique-trois-morts-et-un-blesse-dans-une-altercation-familiale-a-bangui#primaryimage\",\"url\":\"https:\/\/static.africa-press.net\/centrafricaine\/sites\/45\/2021\/04\/img-608bd5c6bca04.jpg\",\"contentUrl\":\"https:\/\/static.africa-press.net\/centrafricaine\/sites\/45\/2021\/04\/img-608bd5c6bca04.jpg\",\"width\":750,\"height\":500,\"caption\":\"Centrafrique\u00a0: trois morts et un bless\u00e9 dans une altercation familiale \u00e0 Bangui\"},{\"@type\":\"BreadcrumbList\",\"@id\":\"https:\/\/www.africa-press.net\/centrafricaine\/toutes-les-actualites\/centrafrique-trois-morts-et-un-blesse-dans-une-altercation-familiale-a-bangui#breadcrumb\",\"itemListElement\":[{\"@type\":\"ListItem\",\"position\":1,\"name\":\"Accueil\",\"item\":\"https:\/\/www.africa-press.net\/centrafricaine\/\"},{\"@type\":\"ListItem\",\"position\":2,\"name\":\"trois morts et un bless\u00e9 dans une altercation familiale \u00e0 Bangui\"}]},{\"@type\":\"WebSite\",\"@id\":\"https:\/\/www.africa-press.net\/centrafricaine\/#website\",\"url\":\"https:\/\/www.africa-press.net\/centrafricaine\/\",\"name\":\"centrafricaine\",\"description\":\"Just another Africa News Agency Sites site\",\"potentialAction\":[{\"@type\":\"SearchAction\",\"target\":{\"@type\":\"EntryPoint\",\"urlTemplate\":\"https:\/\/www.africa-press.net\/centrafricaine\/?s={search_term_string}\"},\"query-input\":{\"@type\":\"PropertyValueSpecification\",\"valueRequired\":true,\"valueName\":\"search_term_string\"}}],\"inLanguage\":\"fr-FR\"},{\"@type\":\"Person\",\"@id\":\"https:\/\/www.africa-press.net\/centrafricaine\/#\/schema\/person\/2b1cf3cd81a31e3cd26889ca66d677f1\",\"name\":\"cfeditorfr\"}]}<\/script>\n<!-- \/ Yoast SEO Premium plugin. -->","yoast_head_json":{"title":"trois morts et un bless\u00e9 dans une altercation familiale \u00e0 Bangui - centrafricaine","description":"Bangui, R\u00e9publique centrafricaine, vendredi, 30 avril 2021, 09:34:01 ( Corbeaunews-Centrafrique ). Encore un dra ...","robots":{"index":"index","follow":"follow","max-snippet":"max-snippet:-1","max-image-preview":"max-image-preview:large","max-video-preview":"max-video-preview:-1"},"canonical":"https:\/\/www.africa-press.net\/centrafricaine\/toutes-les-actualites\/centrafrique-trois-morts-et-un-blesse-dans-une-altercation-familiale-a-bangui","og_locale":"fr_FR","og_type":"article","og_title":"trois morts et un bless\u00e9 dans une altercation familiale \u00e0 Bangui","og_description":"Bangui, R\u00e9publique centrafricaine, vendredi, 30 avril 2021, 09:34:01 ( Corbeaunews-Centrafrique ). Encore un dra ...","og_url":"https:\/\/www.africa-press.net\/centrafricaine\/toutes-les-actualites\/centrafrique-trois-morts-et-un-blesse-dans-une-altercation-familiale-a-bangui","og_site_name":"centrafricaine","article_published_time":"2021-04-30T10:55:00+00:00","article_modified_time":"2021-04-30T13:19:14+00:00","og_image":[{"width":750,"height":500,"url":"https:\/\/static.africa-press.net\/centrafricaine\/sites\/45\/2021\/04\/img-608bd5c6bca04.jpg","type":"image\/jpeg"}],"author":"cfeditorfr","twitter_card":"summary_large_image","twitter_misc":{"\u00c9crit par":"cfeditorfr","Dur\u00e9e de lecture estim\u00e9e":"2 minutes"},"schema":{"@context":"https:\/\/schema.org","@graph":[{"@type":"Article","@id":"https:\/\/www.africa-press.net\/centrafricaine\/toutes-les-actualites\/centrafrique-trois-morts-et-un-blesse-dans-une-altercation-familiale-a-bangui#article","isPartOf":{"@id":"https:\/\/www.africa-press.net\/centrafricaine\/toutes-les-actualites\/centrafrique-trois-morts-et-un-blesse-dans-une-altercation-familiale-a-bangui"},"author":{"name":"cfeditorfr","@id":"https:\/\/www.africa-press.net\/centrafricaine\/#\/schema\/person\/2b1cf3cd81a31e3cd26889ca66d677f1"},"headline":"trois morts et un bless\u00e9 dans une altercation familiale \u00e0 Bangui","datePublished":"2021-04-30T10:55:00+00:00","dateModified":"2021-04-30T13:19:14+00:00","mainEntityOfPage":{"@id":"https:\/\/www.africa-press.net\/centrafricaine\/toutes-les-actualites\/centrafrique-trois-morts-et-un-blesse-dans-une-altercation-familiale-a-bangui"},"wordCount":514,"commentCount":0,"image":{"@id":"https:\/\/www.africa-press.net\/centrafricaine\/toutes-les-actualites\/centrafrique-trois-morts-et-un-blesse-dans-une-altercation-familiale-a-bangui#primaryimage"},"thumbnailUrl":"https:\/\/static.africa-press.net\/centrafricaine\/sites\/45\/2021\/04\/img-608bd5c6bca04.jpg","keywords":["Africa Press","Africa Press-CentrAfricaine","CentrAfricaine"],"articleSection":["Communaut\u00e9","homepage-french","Toutes les actualit\u00e9s"],"inLanguage":"fr-FR","potentialAction":[{"@type":"CommentAction","name":"Comment","target":["https:\/\/www.africa-press.net\/centrafricaine\/toutes-les-actualites\/centrafrique-trois-morts-et-un-blesse-dans-une-altercation-familiale-a-bangui#respond"]}]},{"@type":"WebPage","@id":"https:\/\/www.africa-press.net\/centrafricaine\/toutes-les-actualites\/centrafrique-trois-morts-et-un-blesse-dans-une-altercation-familiale-a-bangui","url":"https:\/\/www.africa-press.net\/centrafricaine\/toutes-les-actualites\/centrafrique-trois-morts-et-un-blesse-dans-une-altercation-familiale-a-bangui","name":"trois morts et un bless\u00e9 dans une altercation familiale \u00e0 Bangui - centrafricaine","isPartOf":{"@id":"https:\/\/www.africa-press.net\/centrafricaine\/#website"},"primaryImageOfPage":{"@id":"https:\/\/www.africa-press.net\/centrafricaine\/toutes-les-actualites\/centrafrique-trois-morts-et-un-blesse-dans-une-altercation-familiale-a-bangui#primaryimage"},"image":{"@id":"https:\/\/www.africa-press.net\/centrafricaine\/toutes-les-actualites\/centrafrique-trois-morts-et-un-blesse-dans-une-altercation-familiale-a-bangui#primaryimage"},"thumbnailUrl":"https:\/\/static.africa-press.net\/centrafricaine\/sites\/45\/2021\/04\/img-608bd5c6bca04.jpg","datePublished":"2021-04-30T10:55:00+00:00","dateModified":"2021-04-30T13:19:14+00:00","author":{"@id":"https:\/\/www.africa-press.net\/centrafricaine\/#\/schema\/person\/2b1cf3cd81a31e3cd26889ca66d677f1"},"description":"Bangui, R\u00e9publique centrafricaine, vendredi, 30 avril 2021, 09:34:01 ( Corbeaunews-Centrafrique ). Encore un dra ...","breadcrumb":{"@id":"https:\/\/www.africa-press.net\/centrafricaine\/toutes-les-actualites\/centrafrique-trois-morts-et-un-blesse-dans-une-altercation-familiale-a-bangui#breadcrumb"},"inLanguage":"fr-FR","potentialAction":[{"@type":"ReadAction","target":["https:\/\/www.africa-press.net\/centrafricaine\/toutes-les-actualites\/centrafrique-trois-morts-et-un-blesse-dans-une-altercation-familiale-a-bangui"]}]},{"@type":"ImageObject","inLanguage":"fr-FR","@id":"https:\/\/www.africa-press.net\/centrafricaine\/toutes-les-actualites\/centrafrique-trois-morts-et-un-blesse-dans-une-altercation-familiale-a-bangui#primaryimage","url":"https:\/\/static.africa-press.net\/centrafricaine\/sites\/45\/2021\/04\/img-608bd5c6bca04.jpg","contentUrl":"https:\/\/static.africa-press.net\/centrafricaine\/sites\/45\/2021\/04\/img-608bd5c6bca04.jpg","width":750,"height":500,"caption":"Centrafrique\u00a0: trois morts et un bless\u00e9 dans une altercation familiale \u00e0 Bangui"},{"@type":"BreadcrumbList","@id":"https:\/\/www.africa-press.net\/centrafricaine\/toutes-les-actualites\/centrafrique-trois-morts-et-un-blesse-dans-une-altercation-familiale-a-bangui#breadcrumb","itemListElement":[{"@type":"ListItem","position":1,"name":"Accueil","item":"https:\/\/www.africa-press.net\/centrafricaine\/"},{"@type":"ListItem","position":2,"name":"trois morts et un bless\u00e9 dans une altercation familiale \u00e0 Bangui"}]},{"@type":"WebSite","@id":"https:\/\/www.africa-press.net\/centrafricaine\/#website","url":"https:\/\/www.africa-press.net\/centrafricaine\/","name":"centrafricaine","description":"Just another Africa News Agency Sites site","potentialAction":[{"@type":"SearchAction","target":{"@type":"EntryPoint","urlTemplate":"https:\/\/www.africa-press.net\/centrafricaine\/?s={search_term_string}"},"query-input":{"@type":"PropertyValueSpecification","valueRequired":true,"valueName":"search_term_string"}}],"inLanguage":"fr-FR"},{"@type":"Person","@id":"https:\/\/www.africa-press.net\/centrafricaine\/#\/schema\/person\/2b1cf3cd81a31e3cd26889ca66d677f1","name":"cfeditorfr"}]}},"_links":{"self":[{"href":"https:\/\/www.africa-press.net\/centrafricaine\/wp-json\/wp\/v2\/posts\/6305","targetHints":{"allow":["GET"]}}],"collection":[{"href":"https:\/\/www.africa-press.net\/centrafricaine\/wp-json\/wp\/v2\/posts"}],"about":[{"href":"https:\/\/www.africa-press.net\/centrafricaine\/wp-json\/wp\/v2\/types\/post"}],"author":[{"embeddable":true,"href":"https:\/\/www.africa-press.net\/centrafricaine\/wp-json\/wp\/v2\/users\/82"}],"replies":[{"embeddable":true,"href":"https:\/\/www.africa-press.net\/centrafricaine\/wp-json\/wp\/v2\/comments?post=6305"}],"version-history":[{"count":0,"href":"https:\/\/www.africa-press.net\/centrafricaine\/wp-json\/wp\/v2\/posts\/6305\/revisions"}],"wp:featuredmedia":[{"embeddable":true,"href":"https:\/\/www.africa-press.net\/centrafricaine\/wp-json\/wp\/v2\/media\/6304"}],"wp:attachment":[{"href":"https:\/\/www.africa-press.net\/centrafricaine\/wp-json\/wp\/v2\/media?parent=6305"}],"wp:term":[{"taxonomy":"category","embeddable":true,"href":"https:\/\/www.africa-press.net\/centrafricaine\/wp-json\/wp\/v2\/categories?post=6305"},{"taxonomy":"post_tag","embeddable":true,"href":"https:\/\/www.africa-press.net\/centrafricaine\/wp-json\/wp\/v2\/tags?post=6305"}],"curies":[{"name":"wp","href":"https:\/\/api.w.org\/{rel}","templated":true}]}}