{"id":63110,"date":"2024-10-15T17:14:47","date_gmt":"2024-10-15T17:14:47","guid":{"rendered":"https:\/\/www.africa-press.net\/centrafricaine\/politique\/rehabilitation-de-laxe-bossangoa-bossembele-un-soulagement-pour-la-population-de-la-region-du-yade"},"modified":"2024-10-15T17:41:43","modified_gmt":"2024-10-15T17:41:43","slug":"rehabilitation-de-laxe-bossangoa-bossembele-un-soulagement-pour-la-population-de-la-region-du-yade","status":"publish","type":"post","link":"https:\/\/www.africa-press.net\/centrafricaine\/politique\/rehabilitation-de-laxe-bossangoa-bossembele-un-soulagement-pour-la-population-de-la-region-du-yade","title":{"rendered":"r\u00e9habilitation de l\u2019axe Bossangoa-Bossemb\u00e9l\u00e9, un soulagement pour la population de la r\u00e9gion du Yad\u00e9"},"content":{"rendered":"<p><span style=\"color: #ff6600\"><strong>Africa-Press &#8211; CentrAfricaine. <\/strong><\/span>Le Pre\u0301sident de la Re\u0301publique, Faustin Archange Touadera, profitant de son se\u0301jour a\u0300 Bossangoa dans le cadre de la ce\u0301re\u0301monie d\u2019inauguration de plusieurs infrastructures sociales et e\u0301conomiques, a aussi proce\u0301de\u0301 au lancement des travaux de re\u0301habilitation de l\u2019axe Bossangoa\/ Bossembe\u0301le\u0301. Il e\u0301tait accompagne\u0301 d\u2019une forte de\u0301le\u0301gation gouvernementale dont le Ministre E\u0301ric Rokosse Kamot, ministre des TP et ministre re\u0301sident de l\u2019Ouham et qui devra veiller a\u0300 la bonne exe\u0301cution des travaux.<\/p>\n<p>Le de\u0301senclavement interne de la RCA doucement mais surement est en train de se faire, re\u0301pondant ainsi a\u0300 la demande de nombreuses populations qui peinent a\u0300 circuler librement dans le cadre de leurs diffe\u0301rentes occupations.<\/p>\n<p>A l\u2019allure ou\u0300 des lancements des travaux de re\u0301habilitation de route dans le pays se font re\u0301gulie\u0300rement, c\u2019est dire que la priorite\u0301 accorde\u0301e par le gouvernement a\u0300 ce secteur prend une vitesse de croisie\u0300re.<\/p>\n<p>Le de\u0301veloppement de la route, une des priorite\u0301s majeures de la gouvernance du Pre\u0301sident Touadera et exe\u0301cute\u0301e par le de\u0301partement en charge des travaux publics avec <b>E\u0301ric Rokosse Kamot<\/b> a\u0300 la te\u0302te et qui ne me\u0301nage aucun effort a\u0300 cet effet, augure un avenir meilleur pour l\u2019e\u0301conomie nationale car ne dit-on pas que le de\u0301veloppement passe par la route ?<\/p>\n<p>La de\u0301gradation avance\u0301e de l\u2019axe Bossangoa\/Bossembe\u0301le\u0301 impactait ne\u0301gativement sur la libre circulation des biens et des personnes et rendait difficiles les e\u0301changes e\u0301conomiques entre la re\u0301gion du Yade\u0301 et Bangui, la capitale. La re\u0301habilitation de cet axe aujourd\u2019hui vient de confirmer la ferme volonte\u0301 des autorite\u0301s du pays a\u0300 cre\u0301er les conditions solides du de\u0301veloppement de la RCA.<\/p>\n<p><b>\u00ab Je suis heureux de vous annoncer le lancement prochain des travaux de re\u0301habilitation de la route Bossangoa\/Bossembe\u0301le\u0301. Comme vous l\u2019avez constate\u0301, ce tronc\u0327on est fortement de\u0301grade\u0301 et le lancement des travaux de re\u0301habilitation sera le signal de notre volonte\u0301 commune d\u2019ame\u0301liorer l\u2019acce\u0300s par voie routie\u0300re, vitale pour l\u2019e\u0301conomie locale et l\u2019ensemble de la population, en attendant le lancement prochain des travaux de bitumage du Corridor 13 fiance\u0301 par la BAD. L\u2019ame\u0301lioration de l\u2019acce\u0300s dans la pre\u0301fecture de l\u2019Ouham et en direction de la capitale Bangui facilitera les e\u0301changes dans cette pre\u0301fecture qui constitue un des greniers de notre et e\u0301largira les opportunite\u0301s e\u0301conomiques ne\u0301cessaires a\u0300 l\u2019ame\u0301lioration des conditions de vie de chaque Centrafricain \u00bb<\/b> a de\u0301clare\u0301 Faustin Archange Touadera.<\/p>\n<p>De son co\u0302te\u0301, Paco\u0302me Goana commerc\u0327ant a\u0300 Bossangoa, se re\u0301jouit du lancement des travaux de re\u0301habilitation de cet axe et remercie les autorite\u0301s et les partenaires qui ont pense\u0301 a\u0300 la population du Yade\u0301.<\/p>\n<p><b>\u00ab Je suis vraiment e\u0301mu et content de voir que l\u2019axe qui nous causait des proble\u0300mes pour aller a\u0300 Bangui va e\u0302tre reconstruit, je remercie vivement le Pre\u0301sident Touadera ainsi que son gouvernement, notre ministre re\u0301sident et les partenaires du pays qui ont re\u0301pondu a\u0300 nos sollicitations concernant la re\u0301habilitation de cet axe \u00bb <\/b>a-t-il fait savoir.<\/p>\n<p>Les travaux de l\u2019axe Bossangoa\/Bossembe\u0301le\u0301 vont e\u0302tre exe\u0301cute\u0301s par une unite\u0301 de ge\u0301nie militaire de la MINUSCA sur financement de la me\u0302me institution.<\/p>\n<p><b>Source: Ndjoni Sango<\/b><\/p>\n<p><strong>Pour plus d&rsquo;informations et d&rsquo;analyses sur la CentrAfricaine, suivez Africa-Press<\/strong><\/p>\n","protected":false},"excerpt":{"rendered":"<p>Africa-Press &#8211; CentrAfricaine. Le Pre\u0301sident de la Re\u0301publique, Faustin Archange Touadera, profitant de son se\u0301jour a\u0300 Bossangoa dans le cadre de la ce\u0301re\u0301monie d\u2019inauguration de plusieurs infrastructures sociales et e\u0301conomiques, a aussi proce\u0301de\u0301 au lancement des travaux de re\u0301habilitation de l\u2019axe Bossangoa\/ Bossembe\u0301le\u0301. Il e\u0301tait accompagne\u0301 d\u2019une forte de\u0301le\u0301gation gouvernementale dont le Ministre E\u0301ric Rokosse [&hellip;]<\/p>\n","protected":false},"author":82,"featured_media":63109,"comment_status":"open","ping_status":"closed","sticky":false,"template":"","format":"standard","meta":{"footnotes":""},"categories":[2,10],"tags":[2146,3192,3609,30,41,478],"class_list":["post-63110","post","type-post","status-publish","format-standard","has-post-thumbnail","hentry","category-politique","category-toutes-les-actualites","tag-axe","tag-bossangoa","tag-bossembele","tag-centrafricaine","tag-centrafrique","tag-rehabilitation"],"yoast_head":"<!-- This site is optimized with the Yoast SEO Premium plugin v26.1 (Yoast SEO v27.0) - https:\/\/yoast.com\/product\/yoast-seo-premium-wordpress\/ -->\n<title>r\u00e9habilitation de l\u2019axe Bossangoa-Bossemb\u00e9l\u00e9, un soulagement pour la population de la r\u00e9gion du Yad\u00e9 - centrafricaine<\/title>\n<meta name=\"description\" content=\"Le Pre\u0301sident de la Re\u0301publique, Faustin Archange Touadera, profitant de son se\u0301jour a\u0300 Bossangoa dans le cadre de la ce ...\" \/>\n<meta name=\"robots\" content=\"index, follow, max-snippet:-1, max-image-preview:large, max-video-preview:-1\" \/>\n<link rel=\"canonical\" href=\"https:\/\/www.africa-press.net\/centrafricaine\/politique\/rehabilitation-de-laxe-bossangoa-bossembele-un-soulagement-pour-la-population-de-la-region-du-yade\" \/>\n<meta property=\"og:locale\" content=\"fr_FR\" \/>\n<meta property=\"og:type\" content=\"article\" \/>\n<meta property=\"og:title\" content=\"r\u00e9habilitation de l\u2019axe Bossangoa-Bossemb\u00e9l\u00e9, un soulagement pour la population de la r\u00e9gion du Yad\u00e9\" \/>\n<meta property=\"og:description\" content=\"Le Pre\u0301sident de la Re\u0301publique, Faustin Archange Touadera, profitant de son se\u0301jour a\u0300 Bossangoa dans le cadre de la ce ...\" \/>\n<meta property=\"og:url\" content=\"https:\/\/www.africa-press.net\/centrafricaine\/politique\/rehabilitation-de-laxe-bossangoa-bossembele-un-soulagement-pour-la-population-de-la-region-du-yade\" \/>\n<meta property=\"og:site_name\" content=\"centrafricaine\" \/>\n<meta property=\"article:published_time\" content=\"2024-10-15T17:14:47+00:00\" \/>\n<meta property=\"article:modified_time\" content=\"2024-10-15T17:41:43+00:00\" \/>\n<meta property=\"og:image\" content=\"https:\/\/static.africa-press.net\/centrafricaine\/sites\/45\/2024\/10\/sm_1729001426.626505.jpg\" \/>\n\t<meta property=\"og:image:width\" content=\"720\" \/>\n\t<meta property=\"og:image:height\" content=\"480\" \/>\n\t<meta property=\"og:image:type\" content=\"image\/jpeg\" \/>\n<meta name=\"author\" content=\"cfeditorfr\" \/>\n<meta name=\"twitter:card\" content=\"summary_large_image\" \/>\n<meta name=\"twitter:label1\" content=\"\u00c9crit par\" \/>\n\t<meta name=\"twitter:data1\" content=\"cfeditorfr\" \/>\n\t<meta name=\"twitter:label2\" content=\"Dur\u00e9e de lecture estim\u00e9e\" \/>\n\t<meta name=\"twitter:data2\" content=\"3 minutes\" \/>\n<script type=\"application\/ld+json\" class=\"yoast-schema-graph\">{\"@context\":\"https:\/\/schema.org\",\"@graph\":[{\"@type\":\"Article\",\"@id\":\"https:\/\/www.africa-press.net\/centrafricaine\/politique\/rehabilitation-de-laxe-bossangoa-bossembele-un-soulagement-pour-la-population-de-la-region-du-yade#article\",\"isPartOf\":{\"@id\":\"https:\/\/www.africa-press.net\/centrafricaine\/politique\/rehabilitation-de-laxe-bossangoa-bossembele-un-soulagement-pour-la-population-de-la-region-du-yade\"},\"author\":{\"name\":\"cfeditorfr\",\"@id\":\"https:\/\/www.africa-press.net\/centrafricaine\/#\/schema\/person\/2b1cf3cd81a31e3cd26889ca66d677f1\"},\"headline\":\"r\u00e9habilitation de l\u2019axe Bossangoa-Bossemb\u00e9l\u00e9, un soulagement pour la population de la r\u00e9gion du Yad\u00e9\",\"datePublished\":\"2024-10-15T17:14:47+00:00\",\"dateModified\":\"2024-10-15T17:41:43+00:00\",\"mainEntityOfPage\":{\"@id\":\"https:\/\/www.africa-press.net\/centrafricaine\/politique\/rehabilitation-de-laxe-bossangoa-bossembele-un-soulagement-pour-la-population-de-la-region-du-yade\"},\"wordCount\":629,\"commentCount\":0,\"image\":{\"@id\":\"https:\/\/www.africa-press.net\/centrafricaine\/politique\/rehabilitation-de-laxe-bossangoa-bossembele-un-soulagement-pour-la-population-de-la-region-du-yade#primaryimage\"},\"thumbnailUrl\":\"https:\/\/static.africa-press.net\/centrafricaine\/sites\/45\/2024\/10\/sm_1729001426.626505.jpg\",\"keywords\":[\"axe\",\"Bossangoa\",\"Bossembel\u00e9\",\"CentrAfricaine\",\"Centrafrique\",\"r\u00e9habilitation\"],\"articleSection\":[\"Politique\",\"Toutes les actualit\u00e9s\"],\"inLanguage\":\"fr-FR\",\"potentialAction\":[{\"@type\":\"CommentAction\",\"name\":\"Comment\",\"target\":[\"https:\/\/www.africa-press.net\/centrafricaine\/politique\/rehabilitation-de-laxe-bossangoa-bossembele-un-soulagement-pour-la-population-de-la-region-du-yade#respond\"]}]},{\"@type\":\"WebPage\",\"@id\":\"https:\/\/www.africa-press.net\/centrafricaine\/politique\/rehabilitation-de-laxe-bossangoa-bossembele-un-soulagement-pour-la-population-de-la-region-du-yade\",\"url\":\"https:\/\/www.africa-press.net\/centrafricaine\/politique\/rehabilitation-de-laxe-bossangoa-bossembele-un-soulagement-pour-la-population-de-la-region-du-yade\",\"name\":\"r\u00e9habilitation de l\u2019axe Bossangoa-Bossemb\u00e9l\u00e9, un soulagement pour la population de la r\u00e9gion du Yad\u00e9 - centrafricaine\",\"isPartOf\":{\"@id\":\"https:\/\/www.africa-press.net\/centrafricaine\/#website\"},\"primaryImageOfPage\":{\"@id\":\"https:\/\/www.africa-press.net\/centrafricaine\/politique\/rehabilitation-de-laxe-bossangoa-bossembele-un-soulagement-pour-la-population-de-la-region-du-yade#primaryimage\"},\"image\":{\"@id\":\"https:\/\/www.africa-press.net\/centrafricaine\/politique\/rehabilitation-de-laxe-bossangoa-bossembele-un-soulagement-pour-la-population-de-la-region-du-yade#primaryimage\"},\"thumbnailUrl\":\"https:\/\/static.africa-press.net\/centrafricaine\/sites\/45\/2024\/10\/sm_1729001426.626505.jpg\",\"datePublished\":\"2024-10-15T17:14:47+00:00\",\"dateModified\":\"2024-10-15T17:41:43+00:00\",\"author\":{\"@id\":\"https:\/\/www.africa-press.net\/centrafricaine\/#\/schema\/person\/2b1cf3cd81a31e3cd26889ca66d677f1\"},\"description\":\"Le Pre\u0301sident de la Re\u0301publique, Faustin Archange Touadera, profitant de son se\u0301jour a\u0300 Bossangoa dans le cadre de la ce ...\",\"breadcrumb\":{\"@id\":\"https:\/\/www.africa-press.net\/centrafricaine\/politique\/rehabilitation-de-laxe-bossangoa-bossembele-un-soulagement-pour-la-population-de-la-region-du-yade#breadcrumb\"},\"inLanguage\":\"fr-FR\",\"potentialAction\":[{\"@type\":\"ReadAction\",\"target\":[\"https:\/\/www.africa-press.net\/centrafricaine\/politique\/rehabilitation-de-laxe-bossangoa-bossembele-un-soulagement-pour-la-population-de-la-region-du-yade\"]}]},{\"@type\":\"ImageObject\",\"inLanguage\":\"fr-FR\",\"@id\":\"https:\/\/www.africa-press.net\/centrafricaine\/politique\/rehabilitation-de-laxe-bossangoa-bossembele-un-soulagement-pour-la-population-de-la-region-du-yade#primaryimage\",\"url\":\"https:\/\/static.africa-press.net\/centrafricaine\/sites\/45\/2024\/10\/sm_1729001426.626505.jpg\",\"contentUrl\":\"https:\/\/static.africa-press.net\/centrafricaine\/sites\/45\/2024\/10\/sm_1729001426.626505.jpg\",\"width\":720,\"height\":480,\"caption\":\"r\u00e9habilitation de l\u2019axe Bossangoa-Bossemb\u00e9l\u00e9, un soulagement pour la population de la r\u00e9gion du Yad\u00e9\"},{\"@type\":\"BreadcrumbList\",\"@id\":\"https:\/\/www.africa-press.net\/centrafricaine\/politique\/rehabilitation-de-laxe-bossangoa-bossembele-un-soulagement-pour-la-population-de-la-region-du-yade#breadcrumb\",\"itemListElement\":[{\"@type\":\"ListItem\",\"position\":1,\"name\":\"Accueil\",\"item\":\"https:\/\/www.africa-press.net\/centrafricaine\/\"},{\"@type\":\"ListItem\",\"position\":2,\"name\":\"r\u00e9habilitation de l\u2019axe Bossangoa-Bossemb\u00e9l\u00e9, un soulagement pour la population de la r\u00e9gion du Yad\u00e9\"}]},{\"@type\":\"WebSite\",\"@id\":\"https:\/\/www.africa-press.net\/centrafricaine\/#website\",\"url\":\"https:\/\/www.africa-press.net\/centrafricaine\/\",\"name\":\"centrafricaine\",\"description\":\"Just another Africa News Agency Sites site\",\"potentialAction\":[{\"@type\":\"SearchAction\",\"target\":{\"@type\":\"EntryPoint\",\"urlTemplate\":\"https:\/\/www.africa-press.net\/centrafricaine\/?s={search_term_string}\"},\"query-input\":{\"@type\":\"PropertyValueSpecification\",\"valueRequired\":true,\"valueName\":\"search_term_string\"}}],\"inLanguage\":\"fr-FR\"},{\"@type\":\"Person\",\"@id\":\"https:\/\/www.africa-press.net\/centrafricaine\/#\/schema\/person\/2b1cf3cd81a31e3cd26889ca66d677f1\",\"name\":\"cfeditorfr\"}]}<\/script>\n<!-- \/ Yoast SEO Premium plugin. -->","yoast_head_json":{"title":"r\u00e9habilitation de l\u2019axe Bossangoa-Bossemb\u00e9l\u00e9, un soulagement pour la population de la r\u00e9gion du Yad\u00e9 - centrafricaine","description":"Le Pre\u0301sident de la Re\u0301publique, Faustin Archange Touadera, profitant de son se\u0301jour a\u0300 Bossangoa dans le cadre de la ce ...","robots":{"index":"index","follow":"follow","max-snippet":"max-snippet:-1","max-image-preview":"max-image-preview:large","max-video-preview":"max-video-preview:-1"},"canonical":"https:\/\/www.africa-press.net\/centrafricaine\/politique\/rehabilitation-de-laxe-bossangoa-bossembele-un-soulagement-pour-la-population-de-la-region-du-yade","og_locale":"fr_FR","og_type":"article","og_title":"r\u00e9habilitation de l\u2019axe Bossangoa-Bossemb\u00e9l\u00e9, un soulagement pour la population de la r\u00e9gion du Yad\u00e9","og_description":"Le Pre\u0301sident de la Re\u0301publique, Faustin Archange Touadera, profitant de son se\u0301jour a\u0300 Bossangoa dans le cadre de la ce ...","og_url":"https:\/\/www.africa-press.net\/centrafricaine\/politique\/rehabilitation-de-laxe-bossangoa-bossembele-un-soulagement-pour-la-population-de-la-region-du-yade","og_site_name":"centrafricaine","article_published_time":"2024-10-15T17:14:47+00:00","article_modified_time":"2024-10-15T17:41:43+00:00","og_image":[{"width":720,"height":480,"url":"https:\/\/static.africa-press.net\/centrafricaine\/sites\/45\/2024\/10\/sm_1729001426.626505.jpg","type":"image\/jpeg"}],"author":"cfeditorfr","twitter_card":"summary_large_image","twitter_misc":{"\u00c9crit par":"cfeditorfr","Dur\u00e9e de lecture estim\u00e9e":"3 minutes"},"schema":{"@context":"https:\/\/schema.org","@graph":[{"@type":"Article","@id":"https:\/\/www.africa-press.net\/centrafricaine\/politique\/rehabilitation-de-laxe-bossangoa-bossembele-un-soulagement-pour-la-population-de-la-region-du-yade#article","isPartOf":{"@id":"https:\/\/www.africa-press.net\/centrafricaine\/politique\/rehabilitation-de-laxe-bossangoa-bossembele-un-soulagement-pour-la-population-de-la-region-du-yade"},"author":{"name":"cfeditorfr","@id":"https:\/\/www.africa-press.net\/centrafricaine\/#\/schema\/person\/2b1cf3cd81a31e3cd26889ca66d677f1"},"headline":"r\u00e9habilitation de l\u2019axe Bossangoa-Bossemb\u00e9l\u00e9, un soulagement pour la population de la r\u00e9gion du Yad\u00e9","datePublished":"2024-10-15T17:14:47+00:00","dateModified":"2024-10-15T17:41:43+00:00","mainEntityOfPage":{"@id":"https:\/\/www.africa-press.net\/centrafricaine\/politique\/rehabilitation-de-laxe-bossangoa-bossembele-un-soulagement-pour-la-population-de-la-region-du-yade"},"wordCount":629,"commentCount":0,"image":{"@id":"https:\/\/www.africa-press.net\/centrafricaine\/politique\/rehabilitation-de-laxe-bossangoa-bossembele-un-soulagement-pour-la-population-de-la-region-du-yade#primaryimage"},"thumbnailUrl":"https:\/\/static.africa-press.net\/centrafricaine\/sites\/45\/2024\/10\/sm_1729001426.626505.jpg","keywords":["axe","Bossangoa","Bossembel\u00e9","CentrAfricaine","Centrafrique","r\u00e9habilitation"],"articleSection":["Politique","Toutes les actualit\u00e9s"],"inLanguage":"fr-FR","potentialAction":[{"@type":"CommentAction","name":"Comment","target":["https:\/\/www.africa-press.net\/centrafricaine\/politique\/rehabilitation-de-laxe-bossangoa-bossembele-un-soulagement-pour-la-population-de-la-region-du-yade#respond"]}]},{"@type":"WebPage","@id":"https:\/\/www.africa-press.net\/centrafricaine\/politique\/rehabilitation-de-laxe-bossangoa-bossembele-un-soulagement-pour-la-population-de-la-region-du-yade","url":"https:\/\/www.africa-press.net\/centrafricaine\/politique\/rehabilitation-de-laxe-bossangoa-bossembele-un-soulagement-pour-la-population-de-la-region-du-yade","name":"r\u00e9habilitation de l\u2019axe Bossangoa-Bossemb\u00e9l\u00e9, un soulagement pour la population de la r\u00e9gion du Yad\u00e9 - centrafricaine","isPartOf":{"@id":"https:\/\/www.africa-press.net\/centrafricaine\/#website"},"primaryImageOfPage":{"@id":"https:\/\/www.africa-press.net\/centrafricaine\/politique\/rehabilitation-de-laxe-bossangoa-bossembele-un-soulagement-pour-la-population-de-la-region-du-yade#primaryimage"},"image":{"@id":"https:\/\/www.africa-press.net\/centrafricaine\/politique\/rehabilitation-de-laxe-bossangoa-bossembele-un-soulagement-pour-la-population-de-la-region-du-yade#primaryimage"},"thumbnailUrl":"https:\/\/static.africa-press.net\/centrafricaine\/sites\/45\/2024\/10\/sm_1729001426.626505.jpg","datePublished":"2024-10-15T17:14:47+00:00","dateModified":"2024-10-15T17:41:43+00:00","author":{"@id":"https:\/\/www.africa-press.net\/centrafricaine\/#\/schema\/person\/2b1cf3cd81a31e3cd26889ca66d677f1"},"description":"Le Pre\u0301sident de la Re\u0301publique, Faustin Archange Touadera, profitant de son se\u0301jour a\u0300 Bossangoa dans le cadre de la ce ...","breadcrumb":{"@id":"https:\/\/www.africa-press.net\/centrafricaine\/politique\/rehabilitation-de-laxe-bossangoa-bossembele-un-soulagement-pour-la-population-de-la-region-du-yade#breadcrumb"},"inLanguage":"fr-FR","potentialAction":[{"@type":"ReadAction","target":["https:\/\/www.africa-press.net\/centrafricaine\/politique\/rehabilitation-de-laxe-bossangoa-bossembele-un-soulagement-pour-la-population-de-la-region-du-yade"]}]},{"@type":"ImageObject","inLanguage":"fr-FR","@id":"https:\/\/www.africa-press.net\/centrafricaine\/politique\/rehabilitation-de-laxe-bossangoa-bossembele-un-soulagement-pour-la-population-de-la-region-du-yade#primaryimage","url":"https:\/\/static.africa-press.net\/centrafricaine\/sites\/45\/2024\/10\/sm_1729001426.626505.jpg","contentUrl":"https:\/\/static.africa-press.net\/centrafricaine\/sites\/45\/2024\/10\/sm_1729001426.626505.jpg","width":720,"height":480,"caption":"r\u00e9habilitation de l\u2019axe Bossangoa-Bossemb\u00e9l\u00e9, un soulagement pour la population de la r\u00e9gion du Yad\u00e9"},{"@type":"BreadcrumbList","@id":"https:\/\/www.africa-press.net\/centrafricaine\/politique\/rehabilitation-de-laxe-bossangoa-bossembele-un-soulagement-pour-la-population-de-la-region-du-yade#breadcrumb","itemListElement":[{"@type":"ListItem","position":1,"name":"Accueil","item":"https:\/\/www.africa-press.net\/centrafricaine\/"},{"@type":"ListItem","position":2,"name":"r\u00e9habilitation de l\u2019axe Bossangoa-Bossemb\u00e9l\u00e9, un soulagement pour la population de la r\u00e9gion du Yad\u00e9"}]},{"@type":"WebSite","@id":"https:\/\/www.africa-press.net\/centrafricaine\/#website","url":"https:\/\/www.africa-press.net\/centrafricaine\/","name":"centrafricaine","description":"Just another Africa News Agency Sites site","potentialAction":[{"@type":"SearchAction","target":{"@type":"EntryPoint","urlTemplate":"https:\/\/www.africa-press.net\/centrafricaine\/?s={search_term_string}"},"query-input":{"@type":"PropertyValueSpecification","valueRequired":true,"valueName":"search_term_string"}}],"inLanguage":"fr-FR"},{"@type":"Person","@id":"https:\/\/www.africa-press.net\/centrafricaine\/#\/schema\/person\/2b1cf3cd81a31e3cd26889ca66d677f1","name":"cfeditorfr"}]}},"_links":{"self":[{"href":"https:\/\/www.africa-press.net\/centrafricaine\/wp-json\/wp\/v2\/posts\/63110","targetHints":{"allow":["GET"]}}],"collection":[{"href":"https:\/\/www.africa-press.net\/centrafricaine\/wp-json\/wp\/v2\/posts"}],"about":[{"href":"https:\/\/www.africa-press.net\/centrafricaine\/wp-json\/wp\/v2\/types\/post"}],"author":[{"embeddable":true,"href":"https:\/\/www.africa-press.net\/centrafricaine\/wp-json\/wp\/v2\/users\/82"}],"replies":[{"embeddable":true,"href":"https:\/\/www.africa-press.net\/centrafricaine\/wp-json\/wp\/v2\/comments?post=63110"}],"version-history":[{"count":0,"href":"https:\/\/www.africa-press.net\/centrafricaine\/wp-json\/wp\/v2\/posts\/63110\/revisions"}],"wp:featuredmedia":[{"embeddable":true,"href":"https:\/\/www.africa-press.net\/centrafricaine\/wp-json\/wp\/v2\/media\/63109"}],"wp:attachment":[{"href":"https:\/\/www.africa-press.net\/centrafricaine\/wp-json\/wp\/v2\/media?parent=63110"}],"wp:term":[{"taxonomy":"category","embeddable":true,"href":"https:\/\/www.africa-press.net\/centrafricaine\/wp-json\/wp\/v2\/categories?post=63110"},{"taxonomy":"post_tag","embeddable":true,"href":"https:\/\/www.africa-press.net\/centrafricaine\/wp-json\/wp\/v2\/tags?post=63110"}],"curies":[{"name":"wp","href":"https:\/\/api.w.org\/{rel}","templated":true}]}}