{"id":64046,"date":"2024-11-02T13:10:05","date_gmt":"2024-11-02T13:10:05","guid":{"rendered":"https:\/\/www.africa-press.net\/centrafricaine\/politique\/le-president-touadera-lance-le-premier-incubateur-dentreprises-pour-la-jeunesse-et-la-diaspora"},"modified":"2024-11-02T14:07:17","modified_gmt":"2024-11-02T14:07:17","slug":"le-president-touadera-lance-le-premier-incubateur-dentreprises-pour-la-jeunesse-et-la-diaspora","status":"publish","type":"post","link":"https:\/\/www.africa-press.net\/centrafricaine\/politique\/le-president-touadera-lance-le-premier-incubateur-dentreprises-pour-la-jeunesse-et-la-diaspora","title":{"rendered":"le pr\u00e9sident Touadera lance le premier incubateur d\u2019entreprises pour la jeunesse et la diaspora"},"content":{"rendered":"<p><span style=\"color: #ff6600\"><strong>Africa-Press &#8211; CentrAfricaine. <\/strong><\/span>afin de soutenir et de promouvoir l\u2019entreprenariat et l\u2019innovation en Centrafrique, la Fondation Bangui HUB sur financement de l\u2019ambassade de France a lance\u0301 officiellement le 1er incubateur d\u2019entreprises pour la jeunesse et la diaspora centrafricaines. La ce\u0301re\u0301monie y relative s\u2019est de\u0301roule\u0301e ce jour sous le tre\u0300s haut patronage du Pre\u0301sident de la Re\u0301publique.<\/p>\n<p>C\u2019est une premie\u0300re pour la RCA qui dispose de\u0301sormais d\u2019une structure d\u2019accompagnement de projets de cre\u0301ation d\u2019entreprises afin de promouvoir l\u2019entreprenariat et l\u2019innovation dans le pays. La Fondation Bangui HUB spe\u0301cialise\u0301e dans la formation a\u0300 l\u2019entreprenariat et l\u2019employabilite\u0301 des jeunes avec l\u2019appui financier de l\u2019ambassade de France en Centrafrique a inaugure\u0301 le tout 1er incubateur d\u2019entreprises du pays.<\/p>\n<p>Cet incubateur devra accompagner la jeunesse et la diaspora centrafricaines vers l\u2019excellence entrepreneuriale, les rendre autonomes sur le plan professionnel pour qu\u2019ils soient de ve\u0301ritables acteurs qui contribuent a\u0300 la cre\u0301ation de la richesse nationale. Le Pre\u0301sident de la Re\u0301publique qui fait de l\u2019entreprenariat des jeunes une priorite\u0301, e\u0301tait accompagne\u0301 du 1er ministre ainsi que du ministre des PME et PMI pour prendre part a\u0300 la ce\u0301re\u0301monie du lancement de cet incubateur.<\/p>\n<p><b>\u00ab Aujourd\u2019hui, avec l\u2019inauguration de cet incubateur, nous souhaitons vous offrir un espace ou\u0300 vos ide\u0301es pourront germer, ou\u0300 vos re\u0302ves pourront se transformer en re\u0301alite\u0301 et ou\u0300 votre potentiel pourra pleinement s\u2019exprimer. L\u2019incubateur de la Fondation Bangui HUB est plus qu\u2019un simple espace de travail. Il est le lieu d\u2019apprentissage, d\u2019e\u0301change et de croissance. Ici, vous aurez acce\u0300s a\u0300 des formations qui vous permettront de de\u0301velopper les compe\u0301tences ne\u0301cessaires pour re\u0301ussir dans le monde des affaires. Vous serez accompagne\u0301s dans vos de\u0301marches d\u2019immatriculation au registre du commerce et des socie\u0301te\u0301s, une e\u0301tape cruciale pour formaliser vos activite\u0301s et acce\u0301der aux opportunite\u0301s du secteur formel \u00bb <\/b>a fait savoir le Pre\u0301sident de la Fondation Bangui HUB, s\u2019adressant aux jeunes be\u0301ne\u0301ficiaires des programmes de Bangui HUB.<\/p>\n<p>Pour l\u2019ambassadeur de a France en RCA, bailleur de cette initiative, le soutien de l\u2019ambassade de France a\u0300 cet incubateur a pour objectif de soutenir les jeunes centrafricains qui veulent innover a\u0300 travers l\u2019entreprenariat <b>: <\/b><br \/>\n<b>\u00ab l\u2019engagement de la France est souvent la jeunesse parfois bien forme\u0301e rencontre des difficulte\u0301s pour cre\u0301er des entreprises, pour les ge\u0301rer surtout, pour les lancer, pour avoir les quelques moyens dont ils besoin pour de\u0301marrer et c\u2019est pre\u0301cise\u0301ment le ro\u0302le d\u2019un incubateur de leur apporter cette aide finalement assez le\u0301ge\u0300re qui permette dans une phase de de\u0301marrage aux jeunes entrepreneurs dans tous les domaines de pouvoir fixer leur travail, leurs entreprises, de\u0301marrer un mode\u0300le qui va ensuite se de\u0301velopper \u00bb <\/b>a de\u0301clare\u0301 Bruno Daniel Jean-Michel FOUCHER.<\/p>\n<p><b>Source: Ndjoni Sango<\/b><\/p>\n<p><strong>Pour plus d&rsquo;informations et d&rsquo;analyses sur la CentrAfricaine, suivez Africa-Press<\/strong><\/p>\n","protected":false},"excerpt":{"rendered":"<p>Africa-Press &#8211; CentrAfricaine. afin de soutenir et de promouvoir l\u2019entreprenariat et l\u2019innovation en Centrafrique, la Fondation Bangui HUB sur financement de l\u2019ambassade de France a lance\u0301 officiellement le 1er incubateur d\u2019entreprises pour la jeunesse et la diaspora centrafricaines. La ce\u0301re\u0301monie y relative s\u2019est de\u0301roule\u0301e ce jour sous le tre\u0300s haut patronage du Pre\u0301sident de la [&hellip;]<\/p>\n","protected":false},"author":82,"featured_media":64045,"comment_status":"open","ping_status":"closed","sticky":false,"template":"","format":"standard","meta":{"footnotes":""},"categories":[2,20,10],"tags":[30,41,3301,2739,5526,955],"class_list":["post-64046","post","type-post","status-publish","format-standard","has-post-thumbnail","hentry","category-politique","category-top-nouvelles","category-toutes-les-actualites","tag-centrafricaine","tag-centrafrique","tag-diaspora","tag-entreprises","tag-incubateur","tag-jeunesse"],"yoast_head":"<!-- This site is optimized with the Yoast SEO Premium plugin v26.1 (Yoast SEO v27.0) - https:\/\/yoast.com\/product\/yoast-seo-premium-wordpress\/ -->\n<title>le pr\u00e9sident Touadera lance le premier incubateur d\u2019entreprises pour la jeunesse et la diaspora - centrafricaine<\/title>\n<meta name=\"description\" content=\"afin de soutenir et de promouvoir l\u2019entreprenariat et l\u2019innovation en Centrafrique, la Fondation Bangui HUB sur financem ...\" \/>\n<meta name=\"robots\" content=\"index, follow, max-snippet:-1, max-image-preview:large, max-video-preview:-1\" \/>\n<link rel=\"canonical\" href=\"https:\/\/www.africa-press.net\/centrafricaine\/politique\/le-president-touadera-lance-le-premier-incubateur-dentreprises-pour-la-jeunesse-et-la-diaspora\" \/>\n<meta property=\"og:locale\" content=\"fr_FR\" \/>\n<meta property=\"og:type\" content=\"article\" \/>\n<meta property=\"og:title\" content=\"le pr\u00e9sident Touadera lance le premier incubateur d\u2019entreprises pour la jeunesse et la diaspora\" \/>\n<meta property=\"og:description\" content=\"afin de soutenir et de promouvoir l\u2019entreprenariat et l\u2019innovation en Centrafrique, la Fondation Bangui HUB sur financem ...\" \/>\n<meta property=\"og:url\" content=\"https:\/\/www.africa-press.net\/centrafricaine\/politique\/le-president-touadera-lance-le-premier-incubateur-dentreprises-pour-la-jeunesse-et-la-diaspora\" \/>\n<meta property=\"og:site_name\" content=\"centrafricaine\" \/>\n<meta property=\"article:published_time\" content=\"2024-11-02T13:10:05+00:00\" \/>\n<meta property=\"article:modified_time\" content=\"2024-11-02T14:07:17+00:00\" \/>\n<meta property=\"og:image\" content=\"https:\/\/static.africa-press.net\/centrafricaine\/sites\/45\/2024\/11\/sm_1730543769.090573.jpg\" \/>\n\t<meta property=\"og:image:width\" content=\"1280\" \/>\n\t<meta property=\"og:image:height\" content=\"720\" \/>\n\t<meta property=\"og:image:type\" content=\"image\/jpeg\" \/>\n<meta name=\"author\" content=\"cfeditorfr\" \/>\n<meta name=\"twitter:card\" content=\"summary_large_image\" \/>\n<meta name=\"twitter:label1\" content=\"\u00c9crit par\" \/>\n\t<meta name=\"twitter:data1\" content=\"cfeditorfr\" \/>\n\t<meta name=\"twitter:label2\" content=\"Dur\u00e9e de lecture estim\u00e9e\" \/>\n\t<meta name=\"twitter:data2\" content=\"3 minutes\" \/>\n<script type=\"application\/ld+json\" class=\"yoast-schema-graph\">{\"@context\":\"https:\/\/schema.org\",\"@graph\":[{\"@type\":\"Article\",\"@id\":\"https:\/\/www.africa-press.net\/centrafricaine\/politique\/le-president-touadera-lance-le-premier-incubateur-dentreprises-pour-la-jeunesse-et-la-diaspora#article\",\"isPartOf\":{\"@id\":\"https:\/\/www.africa-press.net\/centrafricaine\/politique\/le-president-touadera-lance-le-premier-incubateur-dentreprises-pour-la-jeunesse-et-la-diaspora\"},\"author\":{\"name\":\"cfeditorfr\",\"@id\":\"https:\/\/www.africa-press.net\/centrafricaine\/#\/schema\/person\/2b1cf3cd81a31e3cd26889ca66d677f1\"},\"headline\":\"le pr\u00e9sident Touadera lance le premier incubateur d\u2019entreprises pour la jeunesse et la diaspora\",\"datePublished\":\"2024-11-02T13:10:05+00:00\",\"dateModified\":\"2024-11-02T14:07:17+00:00\",\"mainEntityOfPage\":{\"@id\":\"https:\/\/www.africa-press.net\/centrafricaine\/politique\/le-president-touadera-lance-le-premier-incubateur-dentreprises-pour-la-jeunesse-et-la-diaspora\"},\"wordCount\":547,\"commentCount\":0,\"image\":{\"@id\":\"https:\/\/www.africa-press.net\/centrafricaine\/politique\/le-president-touadera-lance-le-premier-incubateur-dentreprises-pour-la-jeunesse-et-la-diaspora#primaryimage\"},\"thumbnailUrl\":\"https:\/\/static.africa-press.net\/centrafricaine\/sites\/45\/2024\/11\/sm_1730543769.090573.jpg\",\"keywords\":[\"CentrAfricaine\",\"Centrafrique\",\"Diaspora\",\"entreprises\",\"incubateur\",\"Jeunesse\"],\"articleSection\":[\"Politique\",\"Top Nouvelles\",\"Toutes les actualit\u00e9s\"],\"inLanguage\":\"fr-FR\",\"potentialAction\":[{\"@type\":\"CommentAction\",\"name\":\"Comment\",\"target\":[\"https:\/\/www.africa-press.net\/centrafricaine\/politique\/le-president-touadera-lance-le-premier-incubateur-dentreprises-pour-la-jeunesse-et-la-diaspora#respond\"]}]},{\"@type\":\"WebPage\",\"@id\":\"https:\/\/www.africa-press.net\/centrafricaine\/politique\/le-president-touadera-lance-le-premier-incubateur-dentreprises-pour-la-jeunesse-et-la-diaspora\",\"url\":\"https:\/\/www.africa-press.net\/centrafricaine\/politique\/le-president-touadera-lance-le-premier-incubateur-dentreprises-pour-la-jeunesse-et-la-diaspora\",\"name\":\"le pr\u00e9sident Touadera lance le premier incubateur d\u2019entreprises pour la jeunesse et la diaspora - centrafricaine\",\"isPartOf\":{\"@id\":\"https:\/\/www.africa-press.net\/centrafricaine\/#website\"},\"primaryImageOfPage\":{\"@id\":\"https:\/\/www.africa-press.net\/centrafricaine\/politique\/le-president-touadera-lance-le-premier-incubateur-dentreprises-pour-la-jeunesse-et-la-diaspora#primaryimage\"},\"image\":{\"@id\":\"https:\/\/www.africa-press.net\/centrafricaine\/politique\/le-president-touadera-lance-le-premier-incubateur-dentreprises-pour-la-jeunesse-et-la-diaspora#primaryimage\"},\"thumbnailUrl\":\"https:\/\/static.africa-press.net\/centrafricaine\/sites\/45\/2024\/11\/sm_1730543769.090573.jpg\",\"datePublished\":\"2024-11-02T13:10:05+00:00\",\"dateModified\":\"2024-11-02T14:07:17+00:00\",\"author\":{\"@id\":\"https:\/\/www.africa-press.net\/centrafricaine\/#\/schema\/person\/2b1cf3cd81a31e3cd26889ca66d677f1\"},\"description\":\"afin de soutenir et de promouvoir l\u2019entreprenariat et l\u2019innovation en Centrafrique, la Fondation Bangui HUB sur financem ...\",\"breadcrumb\":{\"@id\":\"https:\/\/www.africa-press.net\/centrafricaine\/politique\/le-president-touadera-lance-le-premier-incubateur-dentreprises-pour-la-jeunesse-et-la-diaspora#breadcrumb\"},\"inLanguage\":\"fr-FR\",\"potentialAction\":[{\"@type\":\"ReadAction\",\"target\":[\"https:\/\/www.africa-press.net\/centrafricaine\/politique\/le-president-touadera-lance-le-premier-incubateur-dentreprises-pour-la-jeunesse-et-la-diaspora\"]}]},{\"@type\":\"ImageObject\",\"inLanguage\":\"fr-FR\",\"@id\":\"https:\/\/www.africa-press.net\/centrafricaine\/politique\/le-president-touadera-lance-le-premier-incubateur-dentreprises-pour-la-jeunesse-et-la-diaspora#primaryimage\",\"url\":\"https:\/\/static.africa-press.net\/centrafricaine\/sites\/45\/2024\/11\/sm_1730543769.090573.jpg\",\"contentUrl\":\"https:\/\/static.africa-press.net\/centrafricaine\/sites\/45\/2024\/11\/sm_1730543769.090573.jpg\",\"width\":1280,\"height\":720,\"caption\":\"le pr\u00e9sident Touadera lance le premier incubateur d\u2019entreprises pour la jeunesse et la diaspora\"},{\"@type\":\"BreadcrumbList\",\"@id\":\"https:\/\/www.africa-press.net\/centrafricaine\/politique\/le-president-touadera-lance-le-premier-incubateur-dentreprises-pour-la-jeunesse-et-la-diaspora#breadcrumb\",\"itemListElement\":[{\"@type\":\"ListItem\",\"position\":1,\"name\":\"Accueil\",\"item\":\"https:\/\/www.africa-press.net\/centrafricaine\/\"},{\"@type\":\"ListItem\",\"position\":2,\"name\":\"le pr\u00e9sident Touadera lance le premier incubateur d\u2019entreprises pour la jeunesse et la diaspora\"}]},{\"@type\":\"WebSite\",\"@id\":\"https:\/\/www.africa-press.net\/centrafricaine\/#website\",\"url\":\"https:\/\/www.africa-press.net\/centrafricaine\/\",\"name\":\"centrafricaine\",\"description\":\"Just another Africa News Agency Sites site\",\"potentialAction\":[{\"@type\":\"SearchAction\",\"target\":{\"@type\":\"EntryPoint\",\"urlTemplate\":\"https:\/\/www.africa-press.net\/centrafricaine\/?s={search_term_string}\"},\"query-input\":{\"@type\":\"PropertyValueSpecification\",\"valueRequired\":true,\"valueName\":\"search_term_string\"}}],\"inLanguage\":\"fr-FR\"},{\"@type\":\"Person\",\"@id\":\"https:\/\/www.africa-press.net\/centrafricaine\/#\/schema\/person\/2b1cf3cd81a31e3cd26889ca66d677f1\",\"name\":\"cfeditorfr\"}]}<\/script>\n<!-- \/ Yoast SEO Premium plugin. -->","yoast_head_json":{"title":"le pr\u00e9sident Touadera lance le premier incubateur d\u2019entreprises pour la jeunesse et la diaspora - centrafricaine","description":"afin de soutenir et de promouvoir l\u2019entreprenariat et l\u2019innovation en Centrafrique, la Fondation Bangui HUB sur financem ...","robots":{"index":"index","follow":"follow","max-snippet":"max-snippet:-1","max-image-preview":"max-image-preview:large","max-video-preview":"max-video-preview:-1"},"canonical":"https:\/\/www.africa-press.net\/centrafricaine\/politique\/le-president-touadera-lance-le-premier-incubateur-dentreprises-pour-la-jeunesse-et-la-diaspora","og_locale":"fr_FR","og_type":"article","og_title":"le pr\u00e9sident Touadera lance le premier incubateur d\u2019entreprises pour la jeunesse et la diaspora","og_description":"afin de soutenir et de promouvoir l\u2019entreprenariat et l\u2019innovation en Centrafrique, la Fondation Bangui HUB sur financem ...","og_url":"https:\/\/www.africa-press.net\/centrafricaine\/politique\/le-president-touadera-lance-le-premier-incubateur-dentreprises-pour-la-jeunesse-et-la-diaspora","og_site_name":"centrafricaine","article_published_time":"2024-11-02T13:10:05+00:00","article_modified_time":"2024-11-02T14:07:17+00:00","og_image":[{"width":1280,"height":720,"url":"https:\/\/static.africa-press.net\/centrafricaine\/sites\/45\/2024\/11\/sm_1730543769.090573.jpg","type":"image\/jpeg"}],"author":"cfeditorfr","twitter_card":"summary_large_image","twitter_misc":{"\u00c9crit par":"cfeditorfr","Dur\u00e9e de lecture estim\u00e9e":"3 minutes"},"schema":{"@context":"https:\/\/schema.org","@graph":[{"@type":"Article","@id":"https:\/\/www.africa-press.net\/centrafricaine\/politique\/le-president-touadera-lance-le-premier-incubateur-dentreprises-pour-la-jeunesse-et-la-diaspora#article","isPartOf":{"@id":"https:\/\/www.africa-press.net\/centrafricaine\/politique\/le-president-touadera-lance-le-premier-incubateur-dentreprises-pour-la-jeunesse-et-la-diaspora"},"author":{"name":"cfeditorfr","@id":"https:\/\/www.africa-press.net\/centrafricaine\/#\/schema\/person\/2b1cf3cd81a31e3cd26889ca66d677f1"},"headline":"le pr\u00e9sident Touadera lance le premier incubateur d\u2019entreprises pour la jeunesse et la diaspora","datePublished":"2024-11-02T13:10:05+00:00","dateModified":"2024-11-02T14:07:17+00:00","mainEntityOfPage":{"@id":"https:\/\/www.africa-press.net\/centrafricaine\/politique\/le-president-touadera-lance-le-premier-incubateur-dentreprises-pour-la-jeunesse-et-la-diaspora"},"wordCount":547,"commentCount":0,"image":{"@id":"https:\/\/www.africa-press.net\/centrafricaine\/politique\/le-president-touadera-lance-le-premier-incubateur-dentreprises-pour-la-jeunesse-et-la-diaspora#primaryimage"},"thumbnailUrl":"https:\/\/static.africa-press.net\/centrafricaine\/sites\/45\/2024\/11\/sm_1730543769.090573.jpg","keywords":["CentrAfricaine","Centrafrique","Diaspora","entreprises","incubateur","Jeunesse"],"articleSection":["Politique","Top Nouvelles","Toutes les actualit\u00e9s"],"inLanguage":"fr-FR","potentialAction":[{"@type":"CommentAction","name":"Comment","target":["https:\/\/www.africa-press.net\/centrafricaine\/politique\/le-president-touadera-lance-le-premier-incubateur-dentreprises-pour-la-jeunesse-et-la-diaspora#respond"]}]},{"@type":"WebPage","@id":"https:\/\/www.africa-press.net\/centrafricaine\/politique\/le-president-touadera-lance-le-premier-incubateur-dentreprises-pour-la-jeunesse-et-la-diaspora","url":"https:\/\/www.africa-press.net\/centrafricaine\/politique\/le-president-touadera-lance-le-premier-incubateur-dentreprises-pour-la-jeunesse-et-la-diaspora","name":"le pr\u00e9sident Touadera lance le premier incubateur d\u2019entreprises pour la jeunesse et la diaspora - centrafricaine","isPartOf":{"@id":"https:\/\/www.africa-press.net\/centrafricaine\/#website"},"primaryImageOfPage":{"@id":"https:\/\/www.africa-press.net\/centrafricaine\/politique\/le-president-touadera-lance-le-premier-incubateur-dentreprises-pour-la-jeunesse-et-la-diaspora#primaryimage"},"image":{"@id":"https:\/\/www.africa-press.net\/centrafricaine\/politique\/le-president-touadera-lance-le-premier-incubateur-dentreprises-pour-la-jeunesse-et-la-diaspora#primaryimage"},"thumbnailUrl":"https:\/\/static.africa-press.net\/centrafricaine\/sites\/45\/2024\/11\/sm_1730543769.090573.jpg","datePublished":"2024-11-02T13:10:05+00:00","dateModified":"2024-11-02T14:07:17+00:00","author":{"@id":"https:\/\/www.africa-press.net\/centrafricaine\/#\/schema\/person\/2b1cf3cd81a31e3cd26889ca66d677f1"},"description":"afin de soutenir et de promouvoir l\u2019entreprenariat et l\u2019innovation en Centrafrique, la Fondation Bangui HUB sur financem ...","breadcrumb":{"@id":"https:\/\/www.africa-press.net\/centrafricaine\/politique\/le-president-touadera-lance-le-premier-incubateur-dentreprises-pour-la-jeunesse-et-la-diaspora#breadcrumb"},"inLanguage":"fr-FR","potentialAction":[{"@type":"ReadAction","target":["https:\/\/www.africa-press.net\/centrafricaine\/politique\/le-president-touadera-lance-le-premier-incubateur-dentreprises-pour-la-jeunesse-et-la-diaspora"]}]},{"@type":"ImageObject","inLanguage":"fr-FR","@id":"https:\/\/www.africa-press.net\/centrafricaine\/politique\/le-president-touadera-lance-le-premier-incubateur-dentreprises-pour-la-jeunesse-et-la-diaspora#primaryimage","url":"https:\/\/static.africa-press.net\/centrafricaine\/sites\/45\/2024\/11\/sm_1730543769.090573.jpg","contentUrl":"https:\/\/static.africa-press.net\/centrafricaine\/sites\/45\/2024\/11\/sm_1730543769.090573.jpg","width":1280,"height":720,"caption":"le pr\u00e9sident Touadera lance le premier incubateur d\u2019entreprises pour la jeunesse et la diaspora"},{"@type":"BreadcrumbList","@id":"https:\/\/www.africa-press.net\/centrafricaine\/politique\/le-president-touadera-lance-le-premier-incubateur-dentreprises-pour-la-jeunesse-et-la-diaspora#breadcrumb","itemListElement":[{"@type":"ListItem","position":1,"name":"Accueil","item":"https:\/\/www.africa-press.net\/centrafricaine\/"},{"@type":"ListItem","position":2,"name":"le pr\u00e9sident Touadera lance le premier incubateur d\u2019entreprises pour la jeunesse et la diaspora"}]},{"@type":"WebSite","@id":"https:\/\/www.africa-press.net\/centrafricaine\/#website","url":"https:\/\/www.africa-press.net\/centrafricaine\/","name":"centrafricaine","description":"Just another Africa News Agency Sites site","potentialAction":[{"@type":"SearchAction","target":{"@type":"EntryPoint","urlTemplate":"https:\/\/www.africa-press.net\/centrafricaine\/?s={search_term_string}"},"query-input":{"@type":"PropertyValueSpecification","valueRequired":true,"valueName":"search_term_string"}}],"inLanguage":"fr-FR"},{"@type":"Person","@id":"https:\/\/www.africa-press.net\/centrafricaine\/#\/schema\/person\/2b1cf3cd81a31e3cd26889ca66d677f1","name":"cfeditorfr"}]}},"_links":{"self":[{"href":"https:\/\/www.africa-press.net\/centrafricaine\/wp-json\/wp\/v2\/posts\/64046","targetHints":{"allow":["GET"]}}],"collection":[{"href":"https:\/\/www.africa-press.net\/centrafricaine\/wp-json\/wp\/v2\/posts"}],"about":[{"href":"https:\/\/www.africa-press.net\/centrafricaine\/wp-json\/wp\/v2\/types\/post"}],"author":[{"embeddable":true,"href":"https:\/\/www.africa-press.net\/centrafricaine\/wp-json\/wp\/v2\/users\/82"}],"replies":[{"embeddable":true,"href":"https:\/\/www.africa-press.net\/centrafricaine\/wp-json\/wp\/v2\/comments?post=64046"}],"version-history":[{"count":0,"href":"https:\/\/www.africa-press.net\/centrafricaine\/wp-json\/wp\/v2\/posts\/64046\/revisions"}],"wp:featuredmedia":[{"embeddable":true,"href":"https:\/\/www.africa-press.net\/centrafricaine\/wp-json\/wp\/v2\/media\/64045"}],"wp:attachment":[{"href":"https:\/\/www.africa-press.net\/centrafricaine\/wp-json\/wp\/v2\/media?parent=64046"}],"wp:term":[{"taxonomy":"category","embeddable":true,"href":"https:\/\/www.africa-press.net\/centrafricaine\/wp-json\/wp\/v2\/categories?post=64046"},{"taxonomy":"post_tag","embeddable":true,"href":"https:\/\/www.africa-press.net\/centrafricaine\/wp-json\/wp\/v2\/tags?post=64046"}],"curies":[{"name":"wp","href":"https:\/\/api.w.org\/{rel}","templated":true}]}}